 {"id":29714,"date":"2026-03-05T14:21:13","date_gmt":"2026-03-05T17:21:13","guid":{"rendered":"https:\/\/www.feyalegria.org\/brasil\/?p=29714"},"modified":"2026-03-05T14:21:13","modified_gmt":"2026-03-05T17:21:13","slug":"formacao-lei-lucas-cuiaba","status":"publish","type":"post","link":"https:\/\/www.feyalegria.org\/brasil\/formacao-lei-lucas-cuiaba\/","title":{"rendered":"Forma\u00e7\u00e3o sobre Lei Lucas re\u00fane profissionais de educa\u00e7\u00e3o em Cuiab\u00e1 para refor\u00e7ar seguran\u00e7a escolar"},"content":{"rendered":"<div class=\"wpb-content-wrapper\"><p>[vc_row][vc_column][vc_column_text css=&#8221;&#8221;]<\/p>\n<p><span data-contrast=\"auto\">As equipes dos Centros de Educa\u00e7\u00e3o Infantil de\u00a0F\u00e9 e Alegria em Cuiab\u00e1\u00a0(MT)\u00a0participaram, no dia 31 de janeiro, de uma forma\u00e7\u00e3o voltada \u00e0 seguran\u00e7a escolar e primeiros socorros. O treinamento teve como foco principal as diretrizes da Lei Lucas (Lei n\u00ba 13.722\/2018), que torna obrigat\u00f3ria a capacita\u00e7\u00e3o de professores e funcion\u00e1rios de escolas em procedimentos de emerg\u00eancia.<\/span><span data-ccp-props=\"{&quot;335551550&quot;:6,&quot;335551620&quot;:6}\">\u00a0<\/span><\/p>\n<div id=\"attachment_29717\" style=\"width: 500px\" class=\"wp-caption aligncenter\"><img loading=\"lazy\" decoding=\"async\" aria-describedby=\"caption-attachment-29717\" class=\" wp-image-29717\" src=\"https:\/\/d3pugrm67vf9n7.cloudfront.net\/wp-content\/uploads\/sites\/23\/2026\/03\/05141636\/WhatsApp-Image-2026-02-04-at-20.49.06.jpeg\" alt=\"Bombeiros ministrando treinamento de primeiros socorros da Lei Lucas para educadores em Cuiab\u00e1.\" width=\"490\" height=\"368\" srcset=\"https:\/\/d3pugrm67vf9n7.cloudfront.net\/wp-content\/uploads\/sites\/23\/2026\/03\/05141636\/WhatsApp-Image-2026-02-04-at-20.49.06.jpeg 1600w, https:\/\/d3pugrm67vf9n7.cloudfront.net\/wp-content\/uploads\/sites\/23\/2026\/03\/05141636\/WhatsApp-Image-2026-02-04-at-20.49.06-300x225.jpeg 300w, https:\/\/d3pugrm67vf9n7.cloudfront.net\/wp-content\/uploads\/sites\/23\/2026\/03\/05141636\/WhatsApp-Image-2026-02-04-at-20.49.06-1024x768.jpeg 1024w, https:\/\/d3pugrm67vf9n7.cloudfront.net\/wp-content\/uploads\/sites\/23\/2026\/03\/05141636\/WhatsApp-Image-2026-02-04-at-20.49.06-768x576.jpeg 768w, https:\/\/d3pugrm67vf9n7.cloudfront.net\/wp-content\/uploads\/sites\/23\/2026\/03\/05141636\/WhatsApp-Image-2026-02-04-at-20.49.06-1536x1152.jpeg 1536w\" sizes=\"auto, (max-width: 490px) 100vw, 490px\" \/><p id=\"caption-attachment-29717\" class=\"wp-caption-text\">Forma\u00e7\u00e3o pr\u00e1tica sobre a Lei Lucas realizada em parceria com o Corpo de Bombeiros em Mato Grosso.<\/p><\/div>\n<p><span data-contrast=\"auto\">A atividade contou com a instru\u00e7\u00e3o do\u00a0Corpo de Bombeiros\u00a0e foi realizada em parceria com as equipes das Escolas Esp\u00edritas Yvonne Amaral Pereira e Irm\u00e3o Praieiro. O objetivo da uni\u00e3o entre as institui\u00e7\u00f5es foi promover um ambiente mais seguro e preparado para o atendimento das crian\u00e7as em casos de necessidade, refor\u00e7ando o cuidado preventivo logo no in\u00edcio do ano letivo.<\/span><span data-ccp-props=\"{&quot;335551550&quot;:6,&quot;335551620&quot;:6}\">\u00a0<\/span><\/p>\n<p>&nbsp;<\/p>\n<p><span data-contrast=\"auto\">Durante a forma\u00e7\u00e3o, os profissionais aprenderam t\u00e9cnicas b\u00e1sicas de atendimento imediato,\u00a0com o\u00a0intuito\u00a0de\u00a0garantir que as unidades de ensino ofere\u00e7am n\u00e3o apenas educa\u00e7\u00e3o, mas tamb\u00e9m um espa\u00e7o acolhedor e protegido para todos os alunos.<\/span><span data-ccp-props=\"{&quot;335551550&quot;:6,&quot;335551620&quot;:6}\">\u00a0<\/span>[\/vc_column_text][\/vc_column][\/vc_row]<\/p>\n<\/div>","protected":false},"excerpt":{"rendered":"<p>[vc_row][vc_column][vc_column_text css=&#8221;&#8221;] As equipes dos Centros de Educa\u00e7\u00e3o Infantil de\u00a0F\u00e9 e Alegria em Cuiab\u00e1\u00a0(MT)\u00a0participaram, no dia 31 de janeiro, de uma forma\u00e7\u00e3o voltada \u00e0 seguran\u00e7a escolar e primeiros socorros. O treinamento teve como foco principal as diretrizes da Lei Lucas (Lei n\u00ba 13.722\/2018), que torna obrigat\u00f3ria a capacita\u00e7\u00e3o de professores e funcion\u00e1rios de escolas em<\/p>\n","protected":false},"author":68,"featured_media":29716,"comment_status":"open","ping_status":"open","sticky":false,"template":"","format":"standard","meta":{"_acf_changed":false,"footnotes":""},"categories":[25,387,183,384],"tags":[653,1458,1122,1460],"post_folder":[],"class_list":["post-29714","post","type-post","status-publish","format-standard","has-post-thumbnail","hentry","category-comunicado","category-educacion-pt","category-noticias","category-uncategorized-pt","tag-cuiaba","tag-lei-lucas","tag-primeiros-socorros","tag-seguranca-escolar"],"acf":[],"yoast_head":"<!-- This site is optimized with the Yoast SEO plugin v27.5 - https:\/\/yoast.com\/product\/yoast-seo-wordpress\/ -->\n<title>Forma\u00e7\u00e3o sobre Lei Lucas re\u00fane profissionais de educa\u00e7\u00e3o em Cuiab\u00e1 para refor\u00e7ar seguran\u00e7a escolar - #SomosF\u00e9eAlegria en Brasil<\/title>\n<meta name=\"description\" content=\"Profissionais dos Centros de Educa\u00e7\u00e3o Infantil de Cuiab\u00e1 participam de forma\u00e7\u00e3o sobre a Lei Lucas com o Corpo de Bombeiros. Saiba como a iniciativa refor\u00e7a a seguran\u00e7a escolar e os primeiros socorros nas unidades.\" \/>\n<meta name=\"robots\" content=\"index, follow, max-snippet:-1, max-image-preview:large, max-video-preview:-1\" \/>\n<link rel=\"canonical\" href=\"https:\/\/www.feyalegria.org\/brasil\/formacao-lei-lucas-cuiaba\/\" \/>\n<meta property=\"og:locale\" content=\"es_ES\" \/>\n<meta property=\"og:type\" content=\"article\" \/>\n<meta property=\"og:title\" content=\"Forma\u00e7\u00e3o sobre Lei Lucas re\u00fane profissionais de educa\u00e7\u00e3o em Cuiab\u00e1 para refor\u00e7ar seguran\u00e7a escolar - #SomosF\u00e9eAlegria en Brasil\" \/>\n<meta property=\"og:description\" content=\"Profissionais dos Centros de Educa\u00e7\u00e3o Infantil de Cuiab\u00e1 participam de forma\u00e7\u00e3o sobre a Lei Lucas com o Corpo de Bombeiros. Saiba como a iniciativa refor\u00e7a a seguran\u00e7a escolar e os primeiros socorros nas unidades.\" \/>\n<meta property=\"og:url\" content=\"https:\/\/www.feyalegria.org\/brasil\/formacao-lei-lucas-cuiaba\/\" \/>\n<meta property=\"og:site_name\" content=\"#SomosF\u00e9eAlegria en Brasil\" \/>\n<meta property=\"article:published_time\" content=\"2026-03-05T17:21:13+00:00\" \/>\n<meta property=\"og:image\" content=\"https:\/\/d3pugrm67vf9n7.cloudfront.net\/wp-content\/uploads\/sites\/23\/2026\/03\/05141355\/Foto-materia_Cuiaba.jpg\" \/>\n\t<meta property=\"og:image:width\" content=\"1000\" \/>\n\t<meta property=\"og:image:height\" content=\"500\" \/>\n\t<meta property=\"og:image:type\" content=\"image\/jpeg\" \/>\n<meta name=\"author\" content=\"Laura Meurer\" \/>\n<meta name=\"twitter:card\" content=\"summary_large_image\" \/>\n<meta name=\"twitter:label1\" content=\"Escrito por\" \/>\n\t<meta name=\"twitter:data1\" content=\"Laura Meurer\" \/>\n\t<meta name=\"twitter:label2\" content=\"Tiempo de lectura\" \/>\n\t<meta name=\"twitter:data2\" content=\"2 minutos\" \/>\n<script type=\"application\/ld+json\" class=\"yoast-schema-graph\">{\"@context\":\"https:\\\/\\\/schema.org\",\"@graph\":[{\"@type\":\"Article\",\"@id\":\"https:\\\/\\\/www.feyalegria.org\\\/brasil\\\/formacao-lei-lucas-cuiaba\\\/#article\",\"isPartOf\":{\"@id\":\"https:\\\/\\\/www.feyalegria.org\\\/brasil\\\/formacao-lei-lucas-cuiaba\\\/\"},\"author\":{\"name\":\"Laura Meurer\",\"@id\":\"https:\\\/\\\/www.feyalegria.org\\\/brasil\\\/#\\\/schema\\\/person\\\/f2c58927c54060575b9e7c44d31d16e9\"},\"headline\":\"Forma\u00e7\u00e3o sobre Lei Lucas re\u00fane profissionais de educa\u00e7\u00e3o em Cuiab\u00e1 para refor\u00e7ar seguran\u00e7a escolar\",\"datePublished\":\"2026-03-05T17:21:13+00:00\",\"mainEntityOfPage\":{\"@id\":\"https:\\\/\\\/www.feyalegria.org\\\/brasil\\\/formacao-lei-lucas-cuiaba\\\/\"},\"wordCount\":237,\"commentCount\":0,\"image\":{\"@id\":\"https:\\\/\\\/www.feyalegria.org\\\/brasil\\\/formacao-lei-lucas-cuiaba\\\/#primaryimage\"},\"thumbnailUrl\":\"https:\\\/\\\/d3pugrm67vf9n7.cloudfront.net\\\/wp-content\\\/uploads\\\/sites\\\/23\\\/2026\\\/03\\\/05141355\\\/Foto-materia_Cuiaba.jpg\",\"keywords\":[\"cuiab\u00e1\",\"Lei Lucas\",\"primeiros socorros\",\"Seguran\u00e7a Escolar\"],\"articleSection\":[\"Comunicado\",\"Educaci\u00f3n\",\"Noticias\",\"Uncategorized\"],\"inLanguage\":\"es-CO\",\"potentialAction\":[{\"@type\":\"CommentAction\",\"name\":\"Comment\",\"target\":[\"https:\\\/\\\/www.feyalegria.org\\\/brasil\\\/formacao-lei-lucas-cuiaba\\\/#respond\"]}]},{\"@type\":\"WebPage\",\"@id\":\"https:\\\/\\\/www.feyalegria.org\\\/brasil\\\/formacao-lei-lucas-cuiaba\\\/\",\"url\":\"https:\\\/\\\/www.feyalegria.org\\\/brasil\\\/formacao-lei-lucas-cuiaba\\\/\",\"name\":\"Forma\u00e7\u00e3o sobre Lei Lucas re\u00fane profissionais de educa\u00e7\u00e3o em Cuiab\u00e1 para refor\u00e7ar seguran\u00e7a escolar - #SomosF\u00e9eAlegria en Brasil\",\"isPartOf\":{\"@id\":\"https:\\\/\\\/www.feyalegria.org\\\/brasil\\\/#website\"},\"primaryImageOfPage\":{\"@id\":\"https:\\\/\\\/www.feyalegria.org\\\/brasil\\\/formacao-lei-lucas-cuiaba\\\/#primaryimage\"},\"image\":{\"@id\":\"https:\\\/\\\/www.feyalegria.org\\\/brasil\\\/formacao-lei-lucas-cuiaba\\\/#primaryimage\"},\"thumbnailUrl\":\"https:\\\/\\\/d3pugrm67vf9n7.cloudfront.net\\\/wp-content\\\/uploads\\\/sites\\\/23\\\/2026\\\/03\\\/05141355\\\/Foto-materia_Cuiaba.jpg\",\"datePublished\":\"2026-03-05T17:21:13+00:00\",\"author\":{\"@id\":\"https:\\\/\\\/www.feyalegria.org\\\/brasil\\\/#\\\/schema\\\/person\\\/f2c58927c54060575b9e7c44d31d16e9\"},\"description\":\"Profissionais dos Centros de Educa\u00e7\u00e3o Infantil de Cuiab\u00e1 participam de forma\u00e7\u00e3o sobre a Lei Lucas com o Corpo de Bombeiros. Saiba como a iniciativa refor\u00e7a a seguran\u00e7a escolar e os primeiros socorros nas unidades.\",\"inLanguage\":\"es-CO\",\"potentialAction\":[{\"@type\":\"ReadAction\",\"target\":[\"https:\\\/\\\/www.feyalegria.org\\\/brasil\\\/formacao-lei-lucas-cuiaba\\\/\"]}]},{\"@type\":\"ImageObject\",\"inLanguage\":\"es-CO\",\"@id\":\"https:\\\/\\\/www.feyalegria.org\\\/brasil\\\/formacao-lei-lucas-cuiaba\\\/#primaryimage\",\"url\":\"https:\\\/\\\/d3pugrm67vf9n7.cloudfront.net\\\/wp-content\\\/uploads\\\/sites\\\/23\\\/2026\\\/03\\\/05141355\\\/Foto-materia_Cuiaba.jpg\",\"contentUrl\":\"https:\\\/\\\/d3pugrm67vf9n7.cloudfront.net\\\/wp-content\\\/uploads\\\/sites\\\/23\\\/2026\\\/03\\\/05141355\\\/Foto-materia_Cuiaba.jpg\",\"width\":1000,\"height\":500,\"caption\":\"Forma\u00e7\u00e3o pr\u00e1tica sobre a Lei Lucas realizada em parceria com o Corpo de Bombeiros em Mato Grosso.\"},{\"@type\":\"WebSite\",\"@id\":\"https:\\\/\\\/www.feyalegria.org\\\/brasil\\\/#website\",\"url\":\"https:\\\/\\\/www.feyalegria.org\\\/brasil\\\/\",\"name\":\"#SomosF\u00e9eAlegria en Brasil\",\"description\":\"\",\"potentialAction\":[{\"@type\":\"SearchAction\",\"target\":{\"@type\":\"EntryPoint\",\"urlTemplate\":\"https:\\\/\\\/www.feyalegria.org\\\/brasil\\\/?s={search_term_string}\"},\"query-input\":{\"@type\":\"PropertyValueSpecification\",\"valueRequired\":true,\"valueName\":\"search_term_string\"}}],\"inLanguage\":\"es-CO\"},{\"@type\":\"Person\",\"@id\":\"https:\\\/\\\/www.feyalegria.org\\\/brasil\\\/#\\\/schema\\\/person\\\/f2c58927c54060575b9e7c44d31d16e9\",\"name\":\"Laura Meurer\",\"url\":\"https:\\\/\\\/www.feyalegria.org\\\/brasil\\\/author\\\/adminbr02\\\/\"}]}<\/script>\n<!-- \/ Yoast SEO plugin. -->","yoast_head_json":{"title":"Forma\u00e7\u00e3o sobre Lei Lucas re\u00fane profissionais de educa\u00e7\u00e3o em Cuiab\u00e1 para refor\u00e7ar seguran\u00e7a escolar - #SomosF\u00e9eAlegria en Brasil","description":"Profissionais dos Centros de Educa\u00e7\u00e3o Infantil de Cuiab\u00e1 participam de forma\u00e7\u00e3o sobre a Lei Lucas com o Corpo de Bombeiros. Saiba como a iniciativa refor\u00e7a a seguran\u00e7a escolar e os primeiros socorros nas unidades.","robots":{"index":"index","follow":"follow","max-snippet":"max-snippet:-1","max-image-preview":"max-image-preview:large","max-video-preview":"max-video-preview:-1"},"canonical":"https:\/\/www.feyalegria.org\/brasil\/formacao-lei-lucas-cuiaba\/","og_locale":"es_ES","og_type":"article","og_title":"Forma\u00e7\u00e3o sobre Lei Lucas re\u00fane profissionais de educa\u00e7\u00e3o em Cuiab\u00e1 para refor\u00e7ar seguran\u00e7a escolar - #SomosF\u00e9eAlegria en Brasil","og_description":"Profissionais dos Centros de Educa\u00e7\u00e3o Infantil de Cuiab\u00e1 participam de forma\u00e7\u00e3o sobre a Lei Lucas com o Corpo de Bombeiros. Saiba como a iniciativa refor\u00e7a a seguran\u00e7a escolar e os primeiros socorros nas unidades.","og_url":"https:\/\/www.feyalegria.org\/brasil\/formacao-lei-lucas-cuiaba\/","og_site_name":"#SomosF\u00e9eAlegria en Brasil","article_published_time":"2026-03-05T17:21:13+00:00","og_image":[{"width":1000,"height":500,"url":"https:\/\/d3pugrm67vf9n7.cloudfront.net\/wp-content\/uploads\/sites\/23\/2026\/03\/05141355\/Foto-materia_Cuiaba.jpg","type":"image\/jpeg"}],"author":"Laura Meurer","twitter_card":"summary_large_image","twitter_misc":{"Escrito por":"Laura Meurer","Tiempo de lectura":"2 minutos"},"schema":{"@context":"https:\/\/schema.org","@graph":[{"@type":"Article","@id":"https:\/\/www.feyalegria.org\/brasil\/formacao-lei-lucas-cuiaba\/#article","isPartOf":{"@id":"https:\/\/www.feyalegria.org\/brasil\/formacao-lei-lucas-cuiaba\/"},"author":{"name":"Laura Meurer","@id":"https:\/\/www.feyalegria.org\/brasil\/#\/schema\/person\/f2c58927c54060575b9e7c44d31d16e9"},"headline":"Forma\u00e7\u00e3o sobre Lei Lucas re\u00fane profissionais de educa\u00e7\u00e3o em Cuiab\u00e1 para refor\u00e7ar seguran\u00e7a escolar","datePublished":"2026-03-05T17:21:13+00:00","mainEntityOfPage":{"@id":"https:\/\/www.feyalegria.org\/brasil\/formacao-lei-lucas-cuiaba\/"},"wordCount":237,"commentCount":0,"image":{"@id":"https:\/\/www.feyalegria.org\/brasil\/formacao-lei-lucas-cuiaba\/#primaryimage"},"thumbnailUrl":"https:\/\/d3pugrm67vf9n7.cloudfront.net\/wp-content\/uploads\/sites\/23\/2026\/03\/05141355\/Foto-materia_Cuiaba.jpg","keywords":["cuiab\u00e1","Lei Lucas","primeiros socorros","Seguran\u00e7a Escolar"],"articleSection":["Comunicado","Educaci\u00f3n","Noticias","Uncategorized"],"inLanguage":"es-CO","potentialAction":[{"@type":"CommentAction","name":"Comment","target":["https:\/\/www.feyalegria.org\/brasil\/formacao-lei-lucas-cuiaba\/#respond"]}]},{"@type":"WebPage","@id":"https:\/\/www.feyalegria.org\/brasil\/formacao-lei-lucas-cuiaba\/","url":"https:\/\/www.feyalegria.org\/brasil\/formacao-lei-lucas-cuiaba\/","name":"Forma\u00e7\u00e3o sobre Lei Lucas re\u00fane profissionais de educa\u00e7\u00e3o em Cuiab\u00e1 para refor\u00e7ar seguran\u00e7a escolar - #SomosF\u00e9eAlegria en Brasil","isPartOf":{"@id":"https:\/\/www.feyalegria.org\/brasil\/#website"},"primaryImageOfPage":{"@id":"https:\/\/www.feyalegria.org\/brasil\/formacao-lei-lucas-cuiaba\/#primaryimage"},"image":{"@id":"https:\/\/www.feyalegria.org\/brasil\/formacao-lei-lucas-cuiaba\/#primaryimage"},"thumbnailUrl":"https:\/\/d3pugrm67vf9n7.cloudfront.net\/wp-content\/uploads\/sites\/23\/2026\/03\/05141355\/Foto-materia_Cuiaba.jpg","datePublished":"2026-03-05T17:21:13+00:00","author":{"@id":"https:\/\/www.feyalegria.org\/brasil\/#\/schema\/person\/f2c58927c54060575b9e7c44d31d16e9"},"description":"Profissionais dos Centros de Educa\u00e7\u00e3o Infantil de Cuiab\u00e1 participam de forma\u00e7\u00e3o sobre a Lei Lucas com o Corpo de Bombeiros. Saiba como a iniciativa refor\u00e7a a seguran\u00e7a escolar e os primeiros socorros nas unidades.","inLanguage":"es-CO","potentialAction":[{"@type":"ReadAction","target":["https:\/\/www.feyalegria.org\/brasil\/formacao-lei-lucas-cuiaba\/"]}]},{"@type":"ImageObject","inLanguage":"es-CO","@id":"https:\/\/www.feyalegria.org\/brasil\/formacao-lei-lucas-cuiaba\/#primaryimage","url":"https:\/\/d3pugrm67vf9n7.cloudfront.net\/wp-content\/uploads\/sites\/23\/2026\/03\/05141355\/Foto-materia_Cuiaba.jpg","contentUrl":"https:\/\/d3pugrm67vf9n7.cloudfront.net\/wp-content\/uploads\/sites\/23\/2026\/03\/05141355\/Foto-materia_Cuiaba.jpg","width":1000,"height":500,"caption":"Forma\u00e7\u00e3o pr\u00e1tica sobre a Lei Lucas realizada em parceria com o Corpo de Bombeiros em Mato Grosso."},{"@type":"WebSite","@id":"https:\/\/www.feyalegria.org\/brasil\/#website","url":"https:\/\/www.feyalegria.org\/brasil\/","name":"#SomosF\u00e9eAlegria en Brasil","description":"","potentialAction":[{"@type":"SearchAction","target":{"@type":"EntryPoint","urlTemplate":"https:\/\/www.feyalegria.org\/brasil\/?s={search_term_string}"},"query-input":{"@type":"PropertyValueSpecification","valueRequired":true,"valueName":"search_term_string"}}],"inLanguage":"es-CO"},{"@type":"Person","@id":"https:\/\/www.feyalegria.org\/brasil\/#\/schema\/person\/f2c58927c54060575b9e7c44d31d16e9","name":"Laura Meurer","url":"https:\/\/www.feyalegria.org\/brasil\/author\/adminbr02\/"}]}},"_links":{"self":[{"href":"https:\/\/www.feyalegria.org\/brasil\/wp-json\/wp\/v2\/posts\/29714","targetHints":{"allow":["GET"]}}],"collection":[{"href":"https:\/\/www.feyalegria.org\/brasil\/wp-json\/wp\/v2\/posts"}],"about":[{"href":"https:\/\/www.feyalegria.org\/brasil\/wp-json\/wp\/v2\/types\/post"}],"author":[{"embeddable":true,"href":"https:\/\/www.feyalegria.org\/brasil\/wp-json\/wp\/v2\/users\/68"}],"replies":[{"embeddable":true,"href":"https:\/\/www.feyalegria.org\/brasil\/wp-json\/wp\/v2\/comments?post=29714"}],"version-history":[{"count":3,"href":"https:\/\/www.feyalegria.org\/brasil\/wp-json\/wp\/v2\/posts\/29714\/revisions"}],"predecessor-version":[{"id":29719,"href":"https:\/\/www.feyalegria.org\/brasil\/wp-json\/wp\/v2\/posts\/29714\/revisions\/29719"}],"wp:featuredmedia":[{"embeddable":true,"href":"https:\/\/www.feyalegria.org\/brasil\/wp-json\/wp\/v2\/media\/29716"}],"wp:attachment":[{"href":"https:\/\/www.feyalegria.org\/brasil\/wp-json\/wp\/v2\/media?parent=29714"}],"wp:term":[{"taxonomy":"category","embeddable":true,"href":"https:\/\/www.feyalegria.org\/brasil\/wp-json\/wp\/v2\/categories?post=29714"},{"taxonomy":"post_tag","embeddable":true,"href":"https:\/\/www.feyalegria.org\/brasil\/wp-json\/wp\/v2\/tags?post=29714"},{"taxonomy":"post_folder","embeddable":true,"href":"https:\/\/www.feyalegria.org\/brasil\/wp-json\/wp\/v2\/post_folder?post=29714"}],"curies":[{"name":"wp","href":"https:\/\/api.w.org\/{rel}","templated":true}]}}