 {"id":29728,"date":"2026-03-05T16:27:58","date_gmt":"2026-03-05T19:27:58","guid":{"rendered":"https:\/\/www.feyalegria.org\/brasil\/?p=29728"},"modified":"2026-03-05T16:33:25","modified_gmt":"2026-03-05T19:33:25","slug":"direito-a-moradia-debate-colegio-anchieta-porto-alegre","status":"publish","type":"post","link":"https:\/\/www.feyalegria.org\/brasil\/direito-a-moradia-debate-colegio-anchieta-porto-alegre\/","title":{"rendered":"Col\u00e9gio Anchieta e F\u00e9 e Alegria debatem direito \u00e0 moradia em Porto Alegre"},"content":{"rendered":"<div class=\"wpb-content-wrapper\"><p>[vc_row][vc_column][vc_column_text css=&#8221;&#8221;]<i><span data-contrast=\"auto\">Em encontro durante a Jornada Pedag\u00f3gica, educadores e pessoas atendidas por servi\u00e7os sociais discutiram como a escola pode ajudar a combater a desigualdade e a falta de teto na capital.<\/span><\/i><span data-ccp-props=\"{&quot;335551550&quot;:6,&quot;335551620&quot;:6}\">\u00a0<\/span><\/p>\n<p><span data-contrast=\"auto\"><img loading=\"lazy\" decoding=\"async\" class=\"aligncenter wp-image-29732\" src=\"https:\/\/d3pugrm67vf9n7.cloudfront.net\/wp-content\/uploads\/sites\/23\/2026\/03\/05162448\/FOTO2.jpg\" alt=\"\" width=\"479\" height=\"269\" srcset=\"https:\/\/d3pugrm67vf9n7.cloudfront.net\/wp-content\/uploads\/sites\/23\/2026\/03\/05162448\/FOTO2.jpg 1599w, https:\/\/d3pugrm67vf9n7.cloudfront.net\/wp-content\/uploads\/sites\/23\/2026\/03\/05162448\/FOTO2-300x169.jpg 300w, https:\/\/d3pugrm67vf9n7.cloudfront.net\/wp-content\/uploads\/sites\/23\/2026\/03\/05162448\/FOTO2-1024x576.jpg 1024w, https:\/\/d3pugrm67vf9n7.cloudfront.net\/wp-content\/uploads\/sites\/23\/2026\/03\/05162448\/FOTO2-768x432.jpg 768w, https:\/\/d3pugrm67vf9n7.cloudfront.net\/wp-content\/uploads\/sites\/23\/2026\/03\/05162448\/FOTO2-1536x864.jpg 1536w\" sizes=\"auto, (max-width: 479px) 100vw, 479px\" \/><\/span><\/p>\n<p>&nbsp;<\/p>\n<p><span data-contrast=\"auto\">Nos dias 11 e 12 de fevereiro, o audit\u00f3rio do Col\u00e9gio Anchieta, em Porto Alegre\u00a0(RS), foi palco de uma conversa necess\u00e1ria: o direito fundamental de todo ser humano a um lugar digno para morar. O evento abriu a Jornada Pedag\u00f3gica de 2026 e contou com a parceria do\u00a0Servi\u00e7o Especializado de Abordagem Social (Seas)\u00a0deF\u00e9\u00a0e Alegria.<\/span><span data-ccp-props=\"{&quot;335551550&quot;:6,&quot;335551620&quot;:6}\">\u00a0<\/span><\/p>\n<p>&nbsp;<\/p>\n<p><span data-contrast=\"auto\">O debate faz parte da Campanha da Fraternidade deste ano, que coloca o tema da moradia no centro das aten\u00e7\u00f5es. Mais do que uma discuss\u00e3o te\u00f3rica, a atividade trouxe a realidade\u00a0para dentro da escola. No palco, a coordenadora Michele Nunes D\u2019\u00c1vila e o educador Alexandre\u00a0Kunsler\u00a0dividiram espa\u00e7o com Elias Machado, que \u00e9 atendido pelo servi\u00e7o social.<\/span><span data-ccp-props=\"{&quot;335551550&quot;:6,&quot;335551620&quot;:6}\">\u00a0<\/span><\/p>\n<p>&nbsp;<\/p>\n<p><span data-contrast=\"auto\">A fala de Elias foi o momento mais marcante, transformando n\u00fameros e conceitos em uma hist\u00f3ria de vida real. Para os professores e\u00a0colaboradores\u00a0do col\u00e9gio, a experi\u00eancia serviu para mostrar que a educa\u00e7\u00e3o n\u00e3o acontece s\u00f3 nos livros, mas tamb\u00e9m na escuta e na solidariedade com quem mais precisa. O objetivo \u00e9 que, a partir desse encontro, a comunidade escolar saia mais consciente e engajada na luta por uma cidade mais justa para todos.<\/span><span data-ccp-props=\"{&quot;335551550&quot;:6,&quot;335551620&quot;:6}\">\u00a0<\/span>[\/vc_column_text][\/vc_column][\/vc_row]<\/p>\n<\/div>","protected":false},"excerpt":{"rendered":"<p>[vc_row][vc_column][vc_column_text css=&#8221;&#8221;]Em encontro durante a Jornada Pedag\u00f3gica, educadores e pessoas atendidas por servi\u00e7os sociais discutiram como a escola pode ajudar a combater a desigualdade e a falta de teto na capital.\u00a0 &nbsp; Nos dias 11 e 12 de fevereiro, o audit\u00f3rio do Col\u00e9gio Anchieta, em Porto Alegre\u00a0(RS), foi palco de uma conversa necess\u00e1ria: o direito<\/p>\n","protected":false},"author":68,"featured_media":29735,"comment_status":"open","ping_status":"open","sticky":false,"template":"","format":"standard","meta":{"_acf_changed":false,"footnotes":""},"categories":[37,25,387,183,432,384],"tags":[1466,1464,932,533],"post_folder":[],"class_list":["post-29728","post","type-post","status-publish","format-standard","has-post-thumbnail","hentry","category-campana","category-comunicado","category-educacion-pt","category-noticias","category-noticias-pt","category-uncategorized-pt","tag-colegio-anchieta","tag-direito-a-moradia","tag-justica-social","tag-porto-alegre"],"acf":[],"yoast_head":"<!-- This site is optimized with the Yoast SEO plugin v27.5 - https:\/\/yoast.com\/product\/yoast-seo-wordpress\/ -->\n<title>Col\u00e9gio Anchieta e F\u00e9 e Alegria debatem direito \u00e0 moradia em Porto Alegre - #SomosF\u00e9eAlegria en Brasil<\/title>\n<meta name=\"description\" content=\"Educadores do Col\u00e9gio Anchieta e F\u00e9 e Alegria debatem o direito \u00e0 moradia em Porto Alegre. Veja como a Jornada Pedag\u00f3gica 2026 uniu educa\u00e7\u00e3o e realidade social na capital.\" \/>\n<meta name=\"robots\" content=\"index, follow, max-snippet:-1, max-image-preview:large, max-video-preview:-1\" \/>\n<link rel=\"canonical\" href=\"https:\/\/www.feyalegria.org\/brasil\/direito-a-moradia-debate-colegio-anchieta-porto-alegre\/\" \/>\n<meta property=\"og:locale\" content=\"es_ES\" \/>\n<meta property=\"og:type\" content=\"article\" \/>\n<meta property=\"og:title\" content=\"Col\u00e9gio Anchieta e F\u00e9 e Alegria debatem direito \u00e0 moradia em Porto Alegre - #SomosF\u00e9eAlegria en Brasil\" \/>\n<meta property=\"og:description\" content=\"Educadores do Col\u00e9gio Anchieta e F\u00e9 e Alegria debatem o direito \u00e0 moradia em Porto Alegre. Veja como a Jornada Pedag\u00f3gica 2026 uniu educa\u00e7\u00e3o e realidade social na capital.\" \/>\n<meta property=\"og:url\" content=\"https:\/\/www.feyalegria.org\/brasil\/direito-a-moradia-debate-colegio-anchieta-porto-alegre\/\" \/>\n<meta property=\"og:site_name\" content=\"#SomosF\u00e9eAlegria en Brasil\" \/>\n<meta property=\"article:published_time\" content=\"2026-03-05T19:27:58+00:00\" \/>\n<meta property=\"article:modified_time\" content=\"2026-03-05T19:33:25+00:00\" \/>\n<meta property=\"og:image\" content=\"https:\/\/d3pugrm67vf9n7.cloudfront.net\/wp-content\/uploads\/sites\/23\/2026\/03\/05163217\/2.jpg\" \/>\n\t<meta property=\"og:image:width\" content=\"1000\" \/>\n\t<meta property=\"og:image:height\" content=\"500\" \/>\n\t<meta property=\"og:image:type\" content=\"image\/jpeg\" \/>\n<meta name=\"author\" content=\"Laura Meurer\" \/>\n<meta name=\"twitter:card\" content=\"summary_large_image\" \/>\n<meta name=\"twitter:label1\" content=\"Escrito por\" \/>\n\t<meta name=\"twitter:data1\" content=\"Laura Meurer\" \/>\n\t<meta name=\"twitter:label2\" content=\"Tiempo de lectura\" \/>\n\t<meta name=\"twitter:data2\" content=\"2 minutos\" \/>\n<script type=\"application\/ld+json\" class=\"yoast-schema-graph\">{\"@context\":\"https:\\\/\\\/schema.org\",\"@graph\":[{\"@type\":\"Article\",\"@id\":\"https:\\\/\\\/www.feyalegria.org\\\/brasil\\\/direito-a-moradia-debate-colegio-anchieta-porto-alegre\\\/#article\",\"isPartOf\":{\"@id\":\"https:\\\/\\\/www.feyalegria.org\\\/brasil\\\/direito-a-moradia-debate-colegio-anchieta-porto-alegre\\\/\"},\"author\":{\"name\":\"Laura Meurer\",\"@id\":\"https:\\\/\\\/www.feyalegria.org\\\/brasil\\\/#\\\/schema\\\/person\\\/f2c58927c54060575b9e7c44d31d16e9\"},\"headline\":\"Col\u00e9gio Anchieta e F\u00e9 e Alegria debatem direito \u00e0 moradia em Porto Alegre\",\"datePublished\":\"2026-03-05T19:27:58+00:00\",\"dateModified\":\"2026-03-05T19:33:25+00:00\",\"mainEntityOfPage\":{\"@id\":\"https:\\\/\\\/www.feyalegria.org\\\/brasil\\\/direito-a-moradia-debate-colegio-anchieta-porto-alegre\\\/\"},\"wordCount\":267,\"commentCount\":0,\"image\":{\"@id\":\"https:\\\/\\\/www.feyalegria.org\\\/brasil\\\/direito-a-moradia-debate-colegio-anchieta-porto-alegre\\\/#primaryimage\"},\"thumbnailUrl\":\"https:\\\/\\\/d3pugrm67vf9n7.cloudfront.net\\\/wp-content\\\/uploads\\\/sites\\\/23\\\/2026\\\/03\\\/05163217\\\/2.jpg\",\"keywords\":[\"Col\u00e9gio Anchieta\",\"Direito \u00e0 Moradia\",\"Justi\u00e7a Social\",\"Porto Alegre\"],\"articleSection\":[\"Campa\u00f1a\",\"Comunicado\",\"Educaci\u00f3n\",\"Noticias\",\"Noticias\",\"Uncategorized\"],\"inLanguage\":\"es-CO\",\"potentialAction\":[{\"@type\":\"CommentAction\",\"name\":\"Comment\",\"target\":[\"https:\\\/\\\/www.feyalegria.org\\\/brasil\\\/direito-a-moradia-debate-colegio-anchieta-porto-alegre\\\/#respond\"]}]},{\"@type\":\"WebPage\",\"@id\":\"https:\\\/\\\/www.feyalegria.org\\\/brasil\\\/direito-a-moradia-debate-colegio-anchieta-porto-alegre\\\/\",\"url\":\"https:\\\/\\\/www.feyalegria.org\\\/brasil\\\/direito-a-moradia-debate-colegio-anchieta-porto-alegre\\\/\",\"name\":\"Col\u00e9gio Anchieta e F\u00e9 e Alegria debatem direito \u00e0 moradia em Porto Alegre - #SomosF\u00e9eAlegria en Brasil\",\"isPartOf\":{\"@id\":\"https:\\\/\\\/www.feyalegria.org\\\/brasil\\\/#website\"},\"primaryImageOfPage\":{\"@id\":\"https:\\\/\\\/www.feyalegria.org\\\/brasil\\\/direito-a-moradia-debate-colegio-anchieta-porto-alegre\\\/#primaryimage\"},\"image\":{\"@id\":\"https:\\\/\\\/www.feyalegria.org\\\/brasil\\\/direito-a-moradia-debate-colegio-anchieta-porto-alegre\\\/#primaryimage\"},\"thumbnailUrl\":\"https:\\\/\\\/d3pugrm67vf9n7.cloudfront.net\\\/wp-content\\\/uploads\\\/sites\\\/23\\\/2026\\\/03\\\/05163217\\\/2.jpg\",\"datePublished\":\"2026-03-05T19:27:58+00:00\",\"dateModified\":\"2026-03-05T19:33:25+00:00\",\"author\":{\"@id\":\"https:\\\/\\\/www.feyalegria.org\\\/brasil\\\/#\\\/schema\\\/person\\\/f2c58927c54060575b9e7c44d31d16e9\"},\"description\":\"Educadores do Col\u00e9gio Anchieta e F\u00e9 e Alegria debatem o direito \u00e0 moradia em Porto Alegre. Veja como a Jornada Pedag\u00f3gica 2026 uniu educa\u00e7\u00e3o e realidade social na capital.\",\"inLanguage\":\"es-CO\",\"potentialAction\":[{\"@type\":\"ReadAction\",\"target\":[\"https:\\\/\\\/www.feyalegria.org\\\/brasil\\\/direito-a-moradia-debate-colegio-anchieta-porto-alegre\\\/\"]}]},{\"@type\":\"ImageObject\",\"inLanguage\":\"es-CO\",\"@id\":\"https:\\\/\\\/www.feyalegria.org\\\/brasil\\\/direito-a-moradia-debate-colegio-anchieta-porto-alegre\\\/#primaryimage\",\"url\":\"https:\\\/\\\/d3pugrm67vf9n7.cloudfront.net\\\/wp-content\\\/uploads\\\/sites\\\/23\\\/2026\\\/03\\\/05163217\\\/2.jpg\",\"contentUrl\":\"https:\\\/\\\/d3pugrm67vf9n7.cloudfront.net\\\/wp-content\\\/uploads\\\/sites\\\/23\\\/2026\\\/03\\\/05163217\\\/2.jpg\",\"width\":1000,\"height\":500,\"caption\":\"Encontro na Jornada Pedag\u00f3gica de 2026 uniu educadores e assistidos por servi\u00e7os sociais em Porto Alegre.\"},{\"@type\":\"WebSite\",\"@id\":\"https:\\\/\\\/www.feyalegria.org\\\/brasil\\\/#website\",\"url\":\"https:\\\/\\\/www.feyalegria.org\\\/brasil\\\/\",\"name\":\"#SomosF\u00e9eAlegria en Brasil\",\"description\":\"\",\"potentialAction\":[{\"@type\":\"SearchAction\",\"target\":{\"@type\":\"EntryPoint\",\"urlTemplate\":\"https:\\\/\\\/www.feyalegria.org\\\/brasil\\\/?s={search_term_string}\"},\"query-input\":{\"@type\":\"PropertyValueSpecification\",\"valueRequired\":true,\"valueName\":\"search_term_string\"}}],\"inLanguage\":\"es-CO\"},{\"@type\":\"Person\",\"@id\":\"https:\\\/\\\/www.feyalegria.org\\\/brasil\\\/#\\\/schema\\\/person\\\/f2c58927c54060575b9e7c44d31d16e9\",\"name\":\"Laura Meurer\",\"url\":\"https:\\\/\\\/www.feyalegria.org\\\/brasil\\\/author\\\/adminbr02\\\/\"}]}<\/script>\n<!-- \/ Yoast SEO plugin. -->","yoast_head_json":{"title":"Col\u00e9gio Anchieta e F\u00e9 e Alegria debatem direito \u00e0 moradia em Porto Alegre - #SomosF\u00e9eAlegria en Brasil","description":"Educadores do Col\u00e9gio Anchieta e F\u00e9 e Alegria debatem o direito \u00e0 moradia em Porto Alegre. Veja como a Jornada Pedag\u00f3gica 2026 uniu educa\u00e7\u00e3o e realidade social na capital.","robots":{"index":"index","follow":"follow","max-snippet":"max-snippet:-1","max-image-preview":"max-image-preview:large","max-video-preview":"max-video-preview:-1"},"canonical":"https:\/\/www.feyalegria.org\/brasil\/direito-a-moradia-debate-colegio-anchieta-porto-alegre\/","og_locale":"es_ES","og_type":"article","og_title":"Col\u00e9gio Anchieta e F\u00e9 e Alegria debatem direito \u00e0 moradia em Porto Alegre - #SomosF\u00e9eAlegria en Brasil","og_description":"Educadores do Col\u00e9gio Anchieta e F\u00e9 e Alegria debatem o direito \u00e0 moradia em Porto Alegre. Veja como a Jornada Pedag\u00f3gica 2026 uniu educa\u00e7\u00e3o e realidade social na capital.","og_url":"https:\/\/www.feyalegria.org\/brasil\/direito-a-moradia-debate-colegio-anchieta-porto-alegre\/","og_site_name":"#SomosF\u00e9eAlegria en Brasil","article_published_time":"2026-03-05T19:27:58+00:00","article_modified_time":"2026-03-05T19:33:25+00:00","og_image":[{"width":1000,"height":500,"url":"https:\/\/d3pugrm67vf9n7.cloudfront.net\/wp-content\/uploads\/sites\/23\/2026\/03\/05163217\/2.jpg","type":"image\/jpeg"}],"author":"Laura Meurer","twitter_card":"summary_large_image","twitter_misc":{"Escrito por":"Laura Meurer","Tiempo de lectura":"2 minutos"},"schema":{"@context":"https:\/\/schema.org","@graph":[{"@type":"Article","@id":"https:\/\/www.feyalegria.org\/brasil\/direito-a-moradia-debate-colegio-anchieta-porto-alegre\/#article","isPartOf":{"@id":"https:\/\/www.feyalegria.org\/brasil\/direito-a-moradia-debate-colegio-anchieta-porto-alegre\/"},"author":{"name":"Laura Meurer","@id":"https:\/\/www.feyalegria.org\/brasil\/#\/schema\/person\/f2c58927c54060575b9e7c44d31d16e9"},"headline":"Col\u00e9gio Anchieta e F\u00e9 e Alegria debatem direito \u00e0 moradia em Porto Alegre","datePublished":"2026-03-05T19:27:58+00:00","dateModified":"2026-03-05T19:33:25+00:00","mainEntityOfPage":{"@id":"https:\/\/www.feyalegria.org\/brasil\/direito-a-moradia-debate-colegio-anchieta-porto-alegre\/"},"wordCount":267,"commentCount":0,"image":{"@id":"https:\/\/www.feyalegria.org\/brasil\/direito-a-moradia-debate-colegio-anchieta-porto-alegre\/#primaryimage"},"thumbnailUrl":"https:\/\/d3pugrm67vf9n7.cloudfront.net\/wp-content\/uploads\/sites\/23\/2026\/03\/05163217\/2.jpg","keywords":["Col\u00e9gio Anchieta","Direito \u00e0 Moradia","Justi\u00e7a Social","Porto Alegre"],"articleSection":["Campa\u00f1a","Comunicado","Educaci\u00f3n","Noticias","Noticias","Uncategorized"],"inLanguage":"es-CO","potentialAction":[{"@type":"CommentAction","name":"Comment","target":["https:\/\/www.feyalegria.org\/brasil\/direito-a-moradia-debate-colegio-anchieta-porto-alegre\/#respond"]}]},{"@type":"WebPage","@id":"https:\/\/www.feyalegria.org\/brasil\/direito-a-moradia-debate-colegio-anchieta-porto-alegre\/","url":"https:\/\/www.feyalegria.org\/brasil\/direito-a-moradia-debate-colegio-anchieta-porto-alegre\/","name":"Col\u00e9gio Anchieta e F\u00e9 e Alegria debatem direito \u00e0 moradia em Porto Alegre - #SomosF\u00e9eAlegria en Brasil","isPartOf":{"@id":"https:\/\/www.feyalegria.org\/brasil\/#website"},"primaryImageOfPage":{"@id":"https:\/\/www.feyalegria.org\/brasil\/direito-a-moradia-debate-colegio-anchieta-porto-alegre\/#primaryimage"},"image":{"@id":"https:\/\/www.feyalegria.org\/brasil\/direito-a-moradia-debate-colegio-anchieta-porto-alegre\/#primaryimage"},"thumbnailUrl":"https:\/\/d3pugrm67vf9n7.cloudfront.net\/wp-content\/uploads\/sites\/23\/2026\/03\/05163217\/2.jpg","datePublished":"2026-03-05T19:27:58+00:00","dateModified":"2026-03-05T19:33:25+00:00","author":{"@id":"https:\/\/www.feyalegria.org\/brasil\/#\/schema\/person\/f2c58927c54060575b9e7c44d31d16e9"},"description":"Educadores do Col\u00e9gio Anchieta e F\u00e9 e Alegria debatem o direito \u00e0 moradia em Porto Alegre. Veja como a Jornada Pedag\u00f3gica 2026 uniu educa\u00e7\u00e3o e realidade social na capital.","inLanguage":"es-CO","potentialAction":[{"@type":"ReadAction","target":["https:\/\/www.feyalegria.org\/brasil\/direito-a-moradia-debate-colegio-anchieta-porto-alegre\/"]}]},{"@type":"ImageObject","inLanguage":"es-CO","@id":"https:\/\/www.feyalegria.org\/brasil\/direito-a-moradia-debate-colegio-anchieta-porto-alegre\/#primaryimage","url":"https:\/\/d3pugrm67vf9n7.cloudfront.net\/wp-content\/uploads\/sites\/23\/2026\/03\/05163217\/2.jpg","contentUrl":"https:\/\/d3pugrm67vf9n7.cloudfront.net\/wp-content\/uploads\/sites\/23\/2026\/03\/05163217\/2.jpg","width":1000,"height":500,"caption":"Encontro na Jornada Pedag\u00f3gica de 2026 uniu educadores e assistidos por servi\u00e7os sociais em Porto Alegre."},{"@type":"WebSite","@id":"https:\/\/www.feyalegria.org\/brasil\/#website","url":"https:\/\/www.feyalegria.org\/brasil\/","name":"#SomosF\u00e9eAlegria en Brasil","description":"","potentialAction":[{"@type":"SearchAction","target":{"@type":"EntryPoint","urlTemplate":"https:\/\/www.feyalegria.org\/brasil\/?s={search_term_string}"},"query-input":{"@type":"PropertyValueSpecification","valueRequired":true,"valueName":"search_term_string"}}],"inLanguage":"es-CO"},{"@type":"Person","@id":"https:\/\/www.feyalegria.org\/brasil\/#\/schema\/person\/f2c58927c54060575b9e7c44d31d16e9","name":"Laura Meurer","url":"https:\/\/www.feyalegria.org\/brasil\/author\/adminbr02\/"}]}},"_links":{"self":[{"href":"https:\/\/www.feyalegria.org\/brasil\/wp-json\/wp\/v2\/posts\/29728","targetHints":{"allow":["GET"]}}],"collection":[{"href":"https:\/\/www.feyalegria.org\/brasil\/wp-json\/wp\/v2\/posts"}],"about":[{"href":"https:\/\/www.feyalegria.org\/brasil\/wp-json\/wp\/v2\/types\/post"}],"author":[{"embeddable":true,"href":"https:\/\/www.feyalegria.org\/brasil\/wp-json\/wp\/v2\/users\/68"}],"replies":[{"embeddable":true,"href":"https:\/\/www.feyalegria.org\/brasil\/wp-json\/wp\/v2\/comments?post=29728"}],"version-history":[{"count":4,"href":"https:\/\/www.feyalegria.org\/brasil\/wp-json\/wp\/v2\/posts\/29728\/revisions"}],"predecessor-version":[{"id":29736,"href":"https:\/\/www.feyalegria.org\/brasil\/wp-json\/wp\/v2\/posts\/29728\/revisions\/29736"}],"wp:featuredmedia":[{"embeddable":true,"href":"https:\/\/www.feyalegria.org\/brasil\/wp-json\/wp\/v2\/media\/29735"}],"wp:attachment":[{"href":"https:\/\/www.feyalegria.org\/brasil\/wp-json\/wp\/v2\/media?parent=29728"}],"wp:term":[{"taxonomy":"category","embeddable":true,"href":"https:\/\/www.feyalegria.org\/brasil\/wp-json\/wp\/v2\/categories?post=29728"},{"taxonomy":"post_tag","embeddable":true,"href":"https:\/\/www.feyalegria.org\/brasil\/wp-json\/wp\/v2\/tags?post=29728"},{"taxonomy":"post_folder","embeddable":true,"href":"https:\/\/www.feyalegria.org\/brasil\/wp-json\/wp\/v2\/post_folder?post=29728"}],"curies":[{"name":"wp","href":"https:\/\/api.w.org\/{rel}","templated":true}]}}