 {"id":29754,"date":"2026-03-06T12:06:07","date_gmt":"2026-03-06T15:06:07","guid":{"rendered":"https:\/\/www.feyalegria.org\/brasil\/?p=29754"},"modified":"2026-03-10T14:38:34","modified_gmt":"2026-03-10T17:38:34","slug":"retomada-atividades-acolhimento-educacao-infantil-202","status":"publish","type":"post","link":"https:\/\/www.feyalegria.org\/brasil\/retomada-atividades-acolhimento-educacao-infantil-202\/","title":{"rendered":"Centros de F\u00e9 e Alegria em todo o Brasil retomam atividades com muito acolhimento e afeto"},"content":{"rendered":"<div class=\"wpb-content-wrapper\"><p>[vc_row][vc_column][vc_column_text css=&#8221;&#8221;]<span data-contrast=\"auto\">Por todo o pa\u00eds,\u00a0a retomada das atividades nos centros\u00a0de F\u00e9 e Alegria\u00a0neste in\u00edcio de ano\u00a0foi marcada por gestos de cuidado e carinho por cada\u00a0educando. Em muitos casos, como nos Centros de Educa\u00e7\u00e3o Infantil,\u00a0as\u00a0primeiras semanas\u00a0s\u00e3o\u00a0de adapta\u00e7\u00e3o, e\u00a0foram\u00a0\u00a0marcadas\u00a0por muito acolhimento, presen\u00e7a e paci\u00eancia, garantindo que os pequenos se sintam seguros e amados em seus novos ambientes.<\/span><span data-ccp-props=\"{&quot;335551550&quot;:6,&quot;335551620&quot;:6}\">\u00a0<\/span><\/p>\n<p>&nbsp;<\/p>\n<p><span data-contrast=\"auto\">Como educadores,\u00a0acreditamos\u00a0que acolher\u00a0\u00e9 saber ouvir o tempo de cada crian\u00e7a e o de suas fam\u00edlias. Por isso, desde o colo para acalmar um choro at\u00e9 a conquista de um sorriso, tudo \u00e9 visto como um passo importante para criar la\u00e7os de amizade e confian\u00e7a que v\u00e3o durar o ano inteiro.<\/span><span data-ccp-props=\"{&quot;335551550&quot;:6,&quot;335551620&quot;:6}\">\u00a0<\/span><\/p>\n<p>&nbsp;<\/p>\n<p><span data-contrast=\"auto\">De m\u00e3os dadas com as comunidades, os centros de F\u00e9 e Alegria seguem firmes na miss\u00e3o de transformar vidas por meio de uma educa\u00e7\u00e3o feita com o cora\u00e7\u00e3o.<\/span><span data-ccp-props=\"{&quot;335551550&quot;:6,&quot;335551620&quot;:6}\">\u00a0<\/span>[\/vc_column_text][vc_images_carousel images=&#8221;29787,29788,29786,29758,29759,29760,29782,29783,29784,29785&#8243; img_size=&#8221;500&#215;300&#8243; css=&#8221;&#8221;][\/vc_column][\/vc_row]<\/p>\n<\/div>","protected":false},"excerpt":{"rendered":"<p>[vc_row][vc_column][vc_column_text css=&#8221;&#8221;]Por todo o pa\u00eds,\u00a0a retomada das atividades nos centros\u00a0de F\u00e9 e Alegria\u00a0neste in\u00edcio de ano\u00a0foi marcada por gestos de cuidado e carinho por cada\u00a0educando. Em muitos casos, como nos Centros de Educa\u00e7\u00e3o Infantil,\u00a0as\u00a0primeiras semanas\u00a0s\u00e3o\u00a0de adapta\u00e7\u00e3o, e\u00a0foram\u00a0\u00a0marcadas\u00a0por muito acolhimento, presen\u00e7a e paci\u00eancia, garantindo que os pequenos se sintam seguros e amados em seus novos ambientes.\u00a0<\/p>\n","protected":false},"author":68,"featured_media":29790,"comment_status":"open","ping_status":"open","sticky":false,"template":"","format":"standard","meta":{"_acf_changed":false,"footnotes":""},"categories":[391,387,141,432,183,384],"tags":[1470,986,906,1468],"post_folder":[],"class_list":["post-29754","post","type-post","status-publish","format-standard","has-post-thumbnail","hentry","category-comunicado-pt","category-educacion-pt","category-educacion","category-noticias-pt","category-noticias","category-uncategorized-pt","tag-acolhimento-escolar","tag-educacao-infantil","tag-fe-e-alegria-brasil","tag-volta-as-aulas-2026"],"acf":[],"yoast_head":"<!-- This site is optimized with the Yoast SEO plugin v27.4 - https:\/\/yoast.com\/product\/yoast-seo-wordpress\/ -->\n<title>Centros de F\u00e9 e Alegria em todo o Brasil retomam atividades com muito acolhimento e afeto - #SomosF\u00e9eAlegria en Brasil<\/title>\n<meta name=\"description\" content=\"Saiba como os centros de F\u00e9 e Alegria em todo o Brasil iniciaram o ano letivo de 2026. Um olhar sobre a import\u00e2ncia do afeto e da adapta\u00e7\u00e3o na educa\u00e7\u00e3o infantil.\" \/>\n<meta name=\"robots\" content=\"index, follow, max-snippet:-1, max-image-preview:large, max-video-preview:-1\" \/>\n<link rel=\"canonical\" href=\"https:\/\/www.feyalegria.org\/brasil\/retomada-atividades-acolhimento-educacao-infantil-202\/\" \/>\n<meta property=\"og:locale\" content=\"es_ES\" \/>\n<meta property=\"og:type\" content=\"article\" \/>\n<meta property=\"og:title\" content=\"Centros de F\u00e9 e Alegria em todo o Brasil retomam atividades com muito acolhimento e afeto - #SomosF\u00e9eAlegria en Brasil\" \/>\n<meta property=\"og:description\" content=\"Saiba como os centros de F\u00e9 e Alegria em todo o Brasil iniciaram o ano letivo de 2026. Um olhar sobre a import\u00e2ncia do afeto e da adapta\u00e7\u00e3o na educa\u00e7\u00e3o infantil.\" \/>\n<meta property=\"og:url\" content=\"https:\/\/www.feyalegria.org\/brasil\/retomada-atividades-acolhimento-educacao-infantil-202\/\" \/>\n<meta property=\"og:site_name\" content=\"#SomosF\u00e9eAlegria en Brasil\" \/>\n<meta property=\"article:published_time\" content=\"2026-03-06T15:06:07+00:00\" \/>\n<meta property=\"article:modified_time\" content=\"2026-03-10T17:38:34+00:00\" \/>\n<meta property=\"og:image\" content=\"https:\/\/d3pugrm67vf9n7.cloudfront.net\/wp-content\/uploads\/sites\/23\/2026\/03\/10140809\/Foto_Capa.jpg\" \/>\n\t<meta property=\"og:image:width\" content=\"1000\" \/>\n\t<meta property=\"og:image:height\" content=\"500\" \/>\n\t<meta property=\"og:image:type\" content=\"image\/jpeg\" \/>\n<meta name=\"author\" content=\"Laura Meurer\" \/>\n<meta name=\"twitter:card\" content=\"summary_large_image\" \/>\n<meta name=\"twitter:label1\" content=\"Escrito por\" \/>\n\t<meta name=\"twitter:data1\" content=\"Laura Meurer\" \/>\n\t<meta name=\"twitter:label2\" content=\"Tiempo de lectura\" \/>\n\t<meta name=\"twitter:data2\" content=\"1 minuto\" \/>\n<script type=\"application\/ld+json\" class=\"yoast-schema-graph\">{\"@context\":\"https:\\\/\\\/schema.org\",\"@graph\":[{\"@type\":\"Article\",\"@id\":\"https:\\\/\\\/www.feyalegria.org\\\/brasil\\\/retomada-atividades-acolhimento-educacao-infantil-202\\\/#article\",\"isPartOf\":{\"@id\":\"https:\\\/\\\/www.feyalegria.org\\\/brasil\\\/retomada-atividades-acolhimento-educacao-infantil-202\\\/\"},\"author\":{\"name\":\"Laura Meurer\",\"@id\":\"https:\\\/\\\/www.feyalegria.org\\\/brasil\\\/#\\\/schema\\\/person\\\/f2c58927c54060575b9e7c44d31d16e9\"},\"headline\":\"Centros de F\u00e9 e Alegria em todo o Brasil retomam atividades com muito acolhimento e afeto\",\"datePublished\":\"2026-03-06T15:06:07+00:00\",\"dateModified\":\"2026-03-10T17:38:34+00:00\",\"mainEntityOfPage\":{\"@id\":\"https:\\\/\\\/www.feyalegria.org\\\/brasil\\\/retomada-atividades-acolhimento-educacao-infantil-202\\\/\"},\"wordCount\":202,\"commentCount\":0,\"image\":{\"@id\":\"https:\\\/\\\/www.feyalegria.org\\\/brasil\\\/retomada-atividades-acolhimento-educacao-infantil-202\\\/#primaryimage\"},\"thumbnailUrl\":\"https:\\\/\\\/d3pugrm67vf9n7.cloudfront.net\\\/wp-content\\\/uploads\\\/sites\\\/23\\\/2026\\\/03\\\/10140809\\\/Foto_Capa.jpg\",\"keywords\":[\"Acolhimento Escolar\",\"Educa\u00e7\u00e3o Infantil\",\"F\u00e9 e Alegria Brasil\",\"Volta \u00e0s Aulas 2026\"],\"articleSection\":[\"Comunicado\",\"Educaci\u00f3n\",\"Educaci\u00f3n\",\"Noticias\",\"Noticias\",\"Uncategorized\"],\"inLanguage\":\"es-CO\",\"potentialAction\":[{\"@type\":\"CommentAction\",\"name\":\"Comment\",\"target\":[\"https:\\\/\\\/www.feyalegria.org\\\/brasil\\\/retomada-atividades-acolhimento-educacao-infantil-202\\\/#respond\"]}]},{\"@type\":\"WebPage\",\"@id\":\"https:\\\/\\\/www.feyalegria.org\\\/brasil\\\/retomada-atividades-acolhimento-educacao-infantil-202\\\/\",\"url\":\"https:\\\/\\\/www.feyalegria.org\\\/brasil\\\/retomada-atividades-acolhimento-educacao-infantil-202\\\/\",\"name\":\"Centros de F\u00e9 e Alegria em todo o Brasil retomam atividades com muito acolhimento e afeto - #SomosF\u00e9eAlegria en Brasil\",\"isPartOf\":{\"@id\":\"https:\\\/\\\/www.feyalegria.org\\\/brasil\\\/#website\"},\"primaryImageOfPage\":{\"@id\":\"https:\\\/\\\/www.feyalegria.org\\\/brasil\\\/retomada-atividades-acolhimento-educacao-infantil-202\\\/#primaryimage\"},\"image\":{\"@id\":\"https:\\\/\\\/www.feyalegria.org\\\/brasil\\\/retomada-atividades-acolhimento-educacao-infantil-202\\\/#primaryimage\"},\"thumbnailUrl\":\"https:\\\/\\\/d3pugrm67vf9n7.cloudfront.net\\\/wp-content\\\/uploads\\\/sites\\\/23\\\/2026\\\/03\\\/10140809\\\/Foto_Capa.jpg\",\"datePublished\":\"2026-03-06T15:06:07+00:00\",\"dateModified\":\"2026-03-10T17:38:34+00:00\",\"author\":{\"@id\":\"https:\\\/\\\/www.feyalegria.org\\\/brasil\\\/#\\\/schema\\\/person\\\/f2c58927c54060575b9e7c44d31d16e9\"},\"description\":\"Saiba como os centros de F\u00e9 e Alegria em todo o Brasil iniciaram o ano letivo de 2026. Um olhar sobre a import\u00e2ncia do afeto e da adapta\u00e7\u00e3o na educa\u00e7\u00e3o infantil.\",\"inLanguage\":\"es-CO\",\"potentialAction\":[{\"@type\":\"ReadAction\",\"target\":[\"https:\\\/\\\/www.feyalegria.org\\\/brasil\\\/retomada-atividades-acolhimento-educacao-infantil-202\\\/\"]}]},{\"@type\":\"ImageObject\",\"inLanguage\":\"es-CO\",\"@id\":\"https:\\\/\\\/www.feyalegria.org\\\/brasil\\\/retomada-atividades-acolhimento-educacao-infantil-202\\\/#primaryimage\",\"url\":\"https:\\\/\\\/d3pugrm67vf9n7.cloudfront.net\\\/wp-content\\\/uploads\\\/sites\\\/23\\\/2026\\\/03\\\/10140809\\\/Foto_Capa.jpg\",\"contentUrl\":\"https:\\\/\\\/d3pugrm67vf9n7.cloudfront.net\\\/wp-content\\\/uploads\\\/sites\\\/23\\\/2026\\\/03\\\/10140809\\\/Foto_Capa.jpg\",\"width\":1000,\"height\":500},{\"@type\":\"WebSite\",\"@id\":\"https:\\\/\\\/www.feyalegria.org\\\/brasil\\\/#website\",\"url\":\"https:\\\/\\\/www.feyalegria.org\\\/brasil\\\/\",\"name\":\"#SomosF\u00e9eAlegria en Brasil\",\"description\":\"\",\"potentialAction\":[{\"@type\":\"SearchAction\",\"target\":{\"@type\":\"EntryPoint\",\"urlTemplate\":\"https:\\\/\\\/www.feyalegria.org\\\/brasil\\\/?s={search_term_string}\"},\"query-input\":{\"@type\":\"PropertyValueSpecification\",\"valueRequired\":true,\"valueName\":\"search_term_string\"}}],\"inLanguage\":\"es-CO\"},{\"@type\":\"Person\",\"@id\":\"https:\\\/\\\/www.feyalegria.org\\\/brasil\\\/#\\\/schema\\\/person\\\/f2c58927c54060575b9e7c44d31d16e9\",\"name\":\"Laura Meurer\",\"url\":\"https:\\\/\\\/www.feyalegria.org\\\/brasil\\\/author\\\/adminbr02\\\/\"}]}<\/script>\n<!-- \/ Yoast SEO plugin. -->","yoast_head_json":{"title":"Centros de F\u00e9 e Alegria em todo o Brasil retomam atividades com muito acolhimento e afeto - #SomosF\u00e9eAlegria en Brasil","description":"Saiba como os centros de F\u00e9 e Alegria em todo o Brasil iniciaram o ano letivo de 2026. Um olhar sobre a import\u00e2ncia do afeto e da adapta\u00e7\u00e3o na educa\u00e7\u00e3o infantil.","robots":{"index":"index","follow":"follow","max-snippet":"max-snippet:-1","max-image-preview":"max-image-preview:large","max-video-preview":"max-video-preview:-1"},"canonical":"https:\/\/www.feyalegria.org\/brasil\/retomada-atividades-acolhimento-educacao-infantil-202\/","og_locale":"es_ES","og_type":"article","og_title":"Centros de F\u00e9 e Alegria em todo o Brasil retomam atividades com muito acolhimento e afeto - #SomosF\u00e9eAlegria en Brasil","og_description":"Saiba como os centros de F\u00e9 e Alegria em todo o Brasil iniciaram o ano letivo de 2026. Um olhar sobre a import\u00e2ncia do afeto e da adapta\u00e7\u00e3o na educa\u00e7\u00e3o infantil.","og_url":"https:\/\/www.feyalegria.org\/brasil\/retomada-atividades-acolhimento-educacao-infantil-202\/","og_site_name":"#SomosF\u00e9eAlegria en Brasil","article_published_time":"2026-03-06T15:06:07+00:00","article_modified_time":"2026-03-10T17:38:34+00:00","og_image":[{"width":1000,"height":500,"url":"https:\/\/d3pugrm67vf9n7.cloudfront.net\/wp-content\/uploads\/sites\/23\/2026\/03\/10140809\/Foto_Capa.jpg","type":"image\/jpeg"}],"author":"Laura Meurer","twitter_card":"summary_large_image","twitter_misc":{"Escrito por":"Laura Meurer","Tiempo de lectura":"1 minuto"},"schema":{"@context":"https:\/\/schema.org","@graph":[{"@type":"Article","@id":"https:\/\/www.feyalegria.org\/brasil\/retomada-atividades-acolhimento-educacao-infantil-202\/#article","isPartOf":{"@id":"https:\/\/www.feyalegria.org\/brasil\/retomada-atividades-acolhimento-educacao-infantil-202\/"},"author":{"name":"Laura Meurer","@id":"https:\/\/www.feyalegria.org\/brasil\/#\/schema\/person\/f2c58927c54060575b9e7c44d31d16e9"},"headline":"Centros de F\u00e9 e Alegria em todo o Brasil retomam atividades com muito acolhimento e afeto","datePublished":"2026-03-06T15:06:07+00:00","dateModified":"2026-03-10T17:38:34+00:00","mainEntityOfPage":{"@id":"https:\/\/www.feyalegria.org\/brasil\/retomada-atividades-acolhimento-educacao-infantil-202\/"},"wordCount":202,"commentCount":0,"image":{"@id":"https:\/\/www.feyalegria.org\/brasil\/retomada-atividades-acolhimento-educacao-infantil-202\/#primaryimage"},"thumbnailUrl":"https:\/\/d3pugrm67vf9n7.cloudfront.net\/wp-content\/uploads\/sites\/23\/2026\/03\/10140809\/Foto_Capa.jpg","keywords":["Acolhimento Escolar","Educa\u00e7\u00e3o Infantil","F\u00e9 e Alegria Brasil","Volta \u00e0s Aulas 2026"],"articleSection":["Comunicado","Educaci\u00f3n","Educaci\u00f3n","Noticias","Noticias","Uncategorized"],"inLanguage":"es-CO","potentialAction":[{"@type":"CommentAction","name":"Comment","target":["https:\/\/www.feyalegria.org\/brasil\/retomada-atividades-acolhimento-educacao-infantil-202\/#respond"]}]},{"@type":"WebPage","@id":"https:\/\/www.feyalegria.org\/brasil\/retomada-atividades-acolhimento-educacao-infantil-202\/","url":"https:\/\/www.feyalegria.org\/brasil\/retomada-atividades-acolhimento-educacao-infantil-202\/","name":"Centros de F\u00e9 e Alegria em todo o Brasil retomam atividades com muito acolhimento e afeto - #SomosF\u00e9eAlegria en Brasil","isPartOf":{"@id":"https:\/\/www.feyalegria.org\/brasil\/#website"},"primaryImageOfPage":{"@id":"https:\/\/www.feyalegria.org\/brasil\/retomada-atividades-acolhimento-educacao-infantil-202\/#primaryimage"},"image":{"@id":"https:\/\/www.feyalegria.org\/brasil\/retomada-atividades-acolhimento-educacao-infantil-202\/#primaryimage"},"thumbnailUrl":"https:\/\/d3pugrm67vf9n7.cloudfront.net\/wp-content\/uploads\/sites\/23\/2026\/03\/10140809\/Foto_Capa.jpg","datePublished":"2026-03-06T15:06:07+00:00","dateModified":"2026-03-10T17:38:34+00:00","author":{"@id":"https:\/\/www.feyalegria.org\/brasil\/#\/schema\/person\/f2c58927c54060575b9e7c44d31d16e9"},"description":"Saiba como os centros de F\u00e9 e Alegria em todo o Brasil iniciaram o ano letivo de 2026. Um olhar sobre a import\u00e2ncia do afeto e da adapta\u00e7\u00e3o na educa\u00e7\u00e3o infantil.","inLanguage":"es-CO","potentialAction":[{"@type":"ReadAction","target":["https:\/\/www.feyalegria.org\/brasil\/retomada-atividades-acolhimento-educacao-infantil-202\/"]}]},{"@type":"ImageObject","inLanguage":"es-CO","@id":"https:\/\/www.feyalegria.org\/brasil\/retomada-atividades-acolhimento-educacao-infantil-202\/#primaryimage","url":"https:\/\/d3pugrm67vf9n7.cloudfront.net\/wp-content\/uploads\/sites\/23\/2026\/03\/10140809\/Foto_Capa.jpg","contentUrl":"https:\/\/d3pugrm67vf9n7.cloudfront.net\/wp-content\/uploads\/sites\/23\/2026\/03\/10140809\/Foto_Capa.jpg","width":1000,"height":500},{"@type":"WebSite","@id":"https:\/\/www.feyalegria.org\/brasil\/#website","url":"https:\/\/www.feyalegria.org\/brasil\/","name":"#SomosF\u00e9eAlegria en Brasil","description":"","potentialAction":[{"@type":"SearchAction","target":{"@type":"EntryPoint","urlTemplate":"https:\/\/www.feyalegria.org\/brasil\/?s={search_term_string}"},"query-input":{"@type":"PropertyValueSpecification","valueRequired":true,"valueName":"search_term_string"}}],"inLanguage":"es-CO"},{"@type":"Person","@id":"https:\/\/www.feyalegria.org\/brasil\/#\/schema\/person\/f2c58927c54060575b9e7c44d31d16e9","name":"Laura Meurer","url":"https:\/\/www.feyalegria.org\/brasil\/author\/adminbr02\/"}]}},"_links":{"self":[{"href":"https:\/\/www.feyalegria.org\/brasil\/wp-json\/wp\/v2\/posts\/29754","targetHints":{"allow":["GET"]}}],"collection":[{"href":"https:\/\/www.feyalegria.org\/brasil\/wp-json\/wp\/v2\/posts"}],"about":[{"href":"https:\/\/www.feyalegria.org\/brasil\/wp-json\/wp\/v2\/types\/post"}],"author":[{"embeddable":true,"href":"https:\/\/www.feyalegria.org\/brasil\/wp-json\/wp\/v2\/users\/68"}],"replies":[{"embeddable":true,"href":"https:\/\/www.feyalegria.org\/brasil\/wp-json\/wp\/v2\/comments?post=29754"}],"version-history":[{"count":6,"href":"https:\/\/www.feyalegria.org\/brasil\/wp-json\/wp\/v2\/posts\/29754\/revisions"}],"predecessor-version":[{"id":29792,"href":"https:\/\/www.feyalegria.org\/brasil\/wp-json\/wp\/v2\/posts\/29754\/revisions\/29792"}],"wp:featuredmedia":[{"embeddable":true,"href":"https:\/\/www.feyalegria.org\/brasil\/wp-json\/wp\/v2\/media\/29790"}],"wp:attachment":[{"href":"https:\/\/www.feyalegria.org\/brasil\/wp-json\/wp\/v2\/media?parent=29754"}],"wp:term":[{"taxonomy":"category","embeddable":true,"href":"https:\/\/www.feyalegria.org\/brasil\/wp-json\/wp\/v2\/categories?post=29754"},{"taxonomy":"post_tag","embeddable":true,"href":"https:\/\/www.feyalegria.org\/brasil\/wp-json\/wp\/v2\/tags?post=29754"},{"taxonomy":"post_folder","embeddable":true,"href":"https:\/\/www.feyalegria.org\/brasil\/wp-json\/wp\/v2\/post_folder?post=29754"}],"curies":[{"name":"wp","href":"https:\/\/api.w.org\/{rel}","templated":true}]}}