 {"id":29776,"date":"2026-03-10T10:55:16","date_gmt":"2026-03-10T13:55:16","guid":{"rendered":"https:\/\/www.feyalegria.org\/brasil\/?p=29776"},"modified":"2026-03-10T14:39:52","modified_gmt":"2026-03-10T17:39:52","slug":"diretor-de-fe-e-alegria-brasil-participa-de-podcast-da-federacao-internacional","status":"publish","type":"post","link":"https:\/\/www.feyalegria.org\/brasil\/diretor-de-fe-e-alegria-brasil-participa-de-podcast-da-federacao-internacional\/","title":{"rendered":"Diretor de F\u00e9 e Alegria Brasil participa de podcast da Federa\u00e7\u00e3o Internacional"},"content":{"rendered":"<div class=\"wpb-content-wrapper\"><p>[vc_row][vc_column][vc_column_text css=&#8221;&#8221;]<img loading=\"lazy\" decoding=\"async\" class=\" wp-image-29778 alignright\" src=\"https:\/\/d3pugrm67vf9n7.cloudfront.net\/wp-content\/uploads\/sites\/23\/2026\/03\/10105351\/post-dialogos.png\" alt=\"\" width=\"381\" height=\"381\" srcset=\"https:\/\/d3pugrm67vf9n7.cloudfront.net\/wp-content\/uploads\/sites\/23\/2026\/03\/10105351\/post-dialogos.png 567w, https:\/\/d3pugrm67vf9n7.cloudfront.net\/wp-content\/uploads\/sites\/23\/2026\/03\/10105351\/post-dialogos-300x300.png 300w, https:\/\/d3pugrm67vf9n7.cloudfront.net\/wp-content\/uploads\/sites\/23\/2026\/03\/10105351\/post-dialogos-150x150.png 150w\" sizes=\"auto, (max-width: 381px) 100vw, 381px\" \/><\/p>\n<p><em>Em epis\u00f3dio do podcast Di\u00e1logos Educativos, Pe. Alexandre Raimundo de Souza, SJ, detalha como a pedagogia e a Ecologia Integral levam a miss\u00e3o de transformar vidas<\/em><\/p>\n<p>&nbsp;<\/p>\n<p>A \u00faltima edi\u00e7\u00e3o do podcast Di\u00e1logos Educativos, da Federa\u00e7\u00e3o Internacional de F\u00e9 e Alegria, conta com entrevista com o diretor-presidente de F\u00e9 e Alegria Brasil, Pe. Alexandre Raimundo de Souza, SJ. O epis\u00f3dio traz reflex\u00f5es sobre os desafios de atuar em um pa\u00eds marcado por profundas desigualdades. Durante a conversa, o jesu\u00edta destacou que os 70 anos de F\u00e9 e Alegria Internacional, comemorados no \u00faltimo ano, celebram uma experi\u00eancia que marca gera\u00e7\u00f5es e mobiliza comunidades onde a presen\u00e7a do Estado muitas vezes \u00e9 limitada, reafirmando o compromisso com processos educativos que transformam vidas.<\/p>\n<p>&nbsp;<\/p>\n<p>Para o diretor, a verdadeira educa\u00e7\u00e3o ultrapassa as paredes da sala de aula. &#8220;Tantas coisas bonitas n\u00e3o se ensinam somente na escola, mas na experi\u00eancia que se gera&#8221;, afirmou. Pe Alexandre defende que o desafio principal do Movimento, que baseia sua atua\u00e7\u00e3o na Educa\u00e7\u00e3o Popular e na Ecologia Integral, \u00e9 se colocar diretamente na realidade das popula\u00e7\u00f5es mais vulner\u00e1veis. &#8220;\u00c9 se por ali onde est\u00e3o as pessoas, onde termina o asfalto e a cidade muda o seu nome. A\u00ed est\u00e1 a dificuldade, com todos os problemas que temos hoje&#8221;, pontuou.<\/p>\n<p>&nbsp;<\/p>\n<p>Ao refletir, o diretor-presidente destacou que a miss\u00e3o de F\u00e9 e Alegria no Brasil \u00e9 pautada por uma vasta diversidade geogr\u00e1fica e humana. Ele refor\u00e7ou que a rede chega ao campo e \u00e0s \u00e1reas mais remotas, trabalhando com ecologia integral, jovens, ind\u00edgenas, mulheres e migrantes. Esse trabalho, segundo o diretor, \u00e9 uma express\u00e3o de comunh\u00e3o: &#8220;Trata-se de caminhar junto com tantas pessoas que compartilham conhecimento e experi\u00eancia de vida, tudo o que temos, para fazer que F\u00e9 e Alegria seja de verdade&#8221;.<\/p>\n<p>&nbsp;<\/p>\n<p>O diretor ressaltou ainda que a entrega do movimento \u00e9 pautada pela excel\u00eancia na simplicidade e pela capacidade de gerar oportunidades com o que se tem em m\u00e3os. &#8220;Educa\u00e7\u00e3o \u00e9 oferecer o melhor e oferecer algo simples que transforma a vida das pessoas. E isso \u00e9 F\u00e9 e Alegria&#8221;, explicou. Em tom realista, ele refor\u00e7ou que o impacto supera as limita\u00e7\u00f5es financeiras: &#8220;N\u00f3s n\u00e3o temos dinheiro, mas temos a capacidade de gerar oportunidade entre n\u00f3s, na comunidade. F\u00e9 e Alegria se faz muito com pouco&#8221;.<\/p>\n<p>&nbsp;<\/p>\n<p>Ainda para o jesu\u00edta, F\u00e9 e Alegria aposta em uma educa\u00e7\u00e3o que transforma vidas e isso \u00e9 o que o motiva a continuar mudando comunidades, gerando esperan\u00e7a e f\u00e9 em pessoas em situa\u00e7\u00e3o de vulnerabilidade.<\/p>\n<p>&nbsp;<\/p>\n<p>Ou\u00e7a a entrevista na \u00edntegra:<\/p>\n<p><strong><a href=\"https:\/\/open.spotify.com\/episode\/1d3MzjwCmHLEua2OKZCAgr?si=xItq6__bTgKoB6ZcGTiMJg\" target=\"_blank\" rel=\"noopener\">https:\/\/open.spotify.com\/episode\/1d3MzjwCmHLEua2OKZCAgr?si=xItq6__bTgKoB6ZcGTiMJg<\/a><\/strong>[\/vc_column_text][\/vc_column][\/vc_row]<\/p>\n<\/div>","protected":false},"excerpt":{"rendered":"<p>[vc_row][vc_column][vc_column_text css=&#8221;&#8221;] Em epis\u00f3dio do podcast Di\u00e1logos Educativos, Pe. Alexandre Raimundo de Souza, SJ, detalha como a pedagogia e a Ecologia Integral levam a miss\u00e3o de transformar vidas &nbsp; A \u00faltima edi\u00e7\u00e3o do podcast Di\u00e1logos Educativos, da Federa\u00e7\u00e3o Internacional de F\u00e9 e Alegria, conta com entrevista com o diretor-presidente de F\u00e9 e Alegria Brasil, Pe.<\/p>\n","protected":false},"author":68,"featured_media":29777,"comment_status":"open","ping_status":"open","sticky":false,"template":"","format":"standard","meta":{"_acf_changed":false,"footnotes":""},"categories":[183,432],"tags":[758,906,980,1472],"post_folder":[],"class_list":["post-29776","post","type-post","status-publish","format-standard","has-post-thumbnail","hentry","category-noticias","category-noticias-pt","tag-entrevista","tag-fe-e-alegria-brasil","tag-fe-e-alegria-internacional","tag-podcast"],"acf":[],"yoast_head":"<!-- This site is optimized with the Yoast SEO plugin v27.4 - https:\/\/yoast.com\/product\/yoast-seo-wordpress\/ -->\n<title>Diretor de F\u00e9 e Alegria Brasil participa de podcast da Federa\u00e7\u00e3o Internacional - #SomosF\u00e9eAlegria en Brasil<\/title>\n<meta name=\"robots\" content=\"index, follow, max-snippet:-1, max-image-preview:large, max-video-preview:-1\" \/>\n<link rel=\"canonical\" href=\"https:\/\/www.feyalegria.org\/brasil\/diretor-de-fe-e-alegria-brasil-participa-de-podcast-da-federacao-internacional\/\" \/>\n<meta property=\"og:locale\" content=\"es_ES\" \/>\n<meta property=\"og:type\" content=\"article\" \/>\n<meta property=\"og:title\" content=\"Diretor de F\u00e9 e Alegria Brasil participa de podcast da Federa\u00e7\u00e3o Internacional - #SomosF\u00e9eAlegria en Brasil\" \/>\n<meta property=\"og:description\" content=\"[vc_row][vc_column][vc_column_text css=&#8221;&#8221;] Em epis\u00f3dio do podcast Di\u00e1logos Educativos, Pe. Alexandre Raimundo de Souza, SJ, detalha como a pedagogia e a Ecologia Integral levam a miss\u00e3o de transformar vidas &nbsp; A \u00faltima edi\u00e7\u00e3o do podcast Di\u00e1logos Educativos, da Federa\u00e7\u00e3o Internacional de F\u00e9 e Alegria, conta com entrevista com o diretor-presidente de F\u00e9 e Alegria Brasil, Pe.\" \/>\n<meta property=\"og:url\" content=\"https:\/\/www.feyalegria.org\/brasil\/diretor-de-fe-e-alegria-brasil-participa-de-podcast-da-federacao-internacional\/\" \/>\n<meta property=\"og:site_name\" content=\"#SomosF\u00e9eAlegria en Brasil\" \/>\n<meta property=\"article:published_time\" content=\"2026-03-10T13:55:16+00:00\" \/>\n<meta property=\"article:modified_time\" content=\"2026-03-10T17:39:52+00:00\" \/>\n<meta property=\"og:image\" content=\"https:\/\/d3pugrm67vf9n7.cloudfront.net\/wp-content\/uploads\/sites\/23\/2026\/03\/10105349\/banner-dialogos.png\" \/>\n\t<meta property=\"og:image:width\" content=\"1000\" \/>\n\t<meta property=\"og:image:height\" content=\"500\" \/>\n\t<meta property=\"og:image:type\" content=\"image\/png\" \/>\n<meta name=\"author\" content=\"Laura Meurer\" \/>\n<meta name=\"twitter:card\" content=\"summary_large_image\" \/>\n<meta name=\"twitter:label1\" content=\"Escrito por\" \/>\n\t<meta name=\"twitter:data1\" content=\"Laura Meurer\" \/>\n\t<meta name=\"twitter:label2\" content=\"Tiempo de lectura\" \/>\n\t<meta name=\"twitter:data2\" content=\"3 minutos\" \/>\n<script type=\"application\/ld+json\" class=\"yoast-schema-graph\">{\"@context\":\"https:\\\/\\\/schema.org\",\"@graph\":[{\"@type\":\"Article\",\"@id\":\"https:\\\/\\\/www.feyalegria.org\\\/brasil\\\/diretor-de-fe-e-alegria-brasil-participa-de-podcast-da-federacao-internacional\\\/#article\",\"isPartOf\":{\"@id\":\"https:\\\/\\\/www.feyalegria.org\\\/brasil\\\/diretor-de-fe-e-alegria-brasil-participa-de-podcast-da-federacao-internacional\\\/\"},\"author\":{\"name\":\"Laura Meurer\",\"@id\":\"https:\\\/\\\/www.feyalegria.org\\\/brasil\\\/#\\\/schema\\\/person\\\/f2c58927c54060575b9e7c44d31d16e9\"},\"headline\":\"Diretor de F\u00e9 e Alegria Brasil participa de podcast da Federa\u00e7\u00e3o Internacional\",\"datePublished\":\"2026-03-10T13:55:16+00:00\",\"dateModified\":\"2026-03-10T17:39:52+00:00\",\"mainEntityOfPage\":{\"@id\":\"https:\\\/\\\/www.feyalegria.org\\\/brasil\\\/diretor-de-fe-e-alegria-brasil-participa-de-podcast-da-federacao-internacional\\\/\"},\"wordCount\":493,\"commentCount\":0,\"image\":{\"@id\":\"https:\\\/\\\/www.feyalegria.org\\\/brasil\\\/diretor-de-fe-e-alegria-brasil-participa-de-podcast-da-federacao-internacional\\\/#primaryimage\"},\"thumbnailUrl\":\"https:\\\/\\\/d3pugrm67vf9n7.cloudfront.net\\\/wp-content\\\/uploads\\\/sites\\\/23\\\/2026\\\/03\\\/10105349\\\/banner-dialogos.png\",\"keywords\":[\"entrevista\",\"F\u00e9 e Alegria Brasil\",\"F\u00e9 e Alegria Internacional\",\"Podcast\"],\"articleSection\":[\"Noticias\",\"Noticias\"],\"inLanguage\":\"es-CO\",\"potentialAction\":[{\"@type\":\"CommentAction\",\"name\":\"Comment\",\"target\":[\"https:\\\/\\\/www.feyalegria.org\\\/brasil\\\/diretor-de-fe-e-alegria-brasil-participa-de-podcast-da-federacao-internacional\\\/#respond\"]}]},{\"@type\":\"WebPage\",\"@id\":\"https:\\\/\\\/www.feyalegria.org\\\/brasil\\\/diretor-de-fe-e-alegria-brasil-participa-de-podcast-da-federacao-internacional\\\/\",\"url\":\"https:\\\/\\\/www.feyalegria.org\\\/brasil\\\/diretor-de-fe-e-alegria-brasil-participa-de-podcast-da-federacao-internacional\\\/\",\"name\":\"Diretor de F\u00e9 e Alegria Brasil participa de podcast da Federa\u00e7\u00e3o Internacional - #SomosF\u00e9eAlegria en Brasil\",\"isPartOf\":{\"@id\":\"https:\\\/\\\/www.feyalegria.org\\\/brasil\\\/#website\"},\"primaryImageOfPage\":{\"@id\":\"https:\\\/\\\/www.feyalegria.org\\\/brasil\\\/diretor-de-fe-e-alegria-brasil-participa-de-podcast-da-federacao-internacional\\\/#primaryimage\"},\"image\":{\"@id\":\"https:\\\/\\\/www.feyalegria.org\\\/brasil\\\/diretor-de-fe-e-alegria-brasil-participa-de-podcast-da-federacao-internacional\\\/#primaryimage\"},\"thumbnailUrl\":\"https:\\\/\\\/d3pugrm67vf9n7.cloudfront.net\\\/wp-content\\\/uploads\\\/sites\\\/23\\\/2026\\\/03\\\/10105349\\\/banner-dialogos.png\",\"datePublished\":\"2026-03-10T13:55:16+00:00\",\"dateModified\":\"2026-03-10T17:39:52+00:00\",\"author\":{\"@id\":\"https:\\\/\\\/www.feyalegria.org\\\/brasil\\\/#\\\/schema\\\/person\\\/f2c58927c54060575b9e7c44d31d16e9\"},\"inLanguage\":\"es-CO\",\"potentialAction\":[{\"@type\":\"ReadAction\",\"target\":[\"https:\\\/\\\/www.feyalegria.org\\\/brasil\\\/diretor-de-fe-e-alegria-brasil-participa-de-podcast-da-federacao-internacional\\\/\"]}]},{\"@type\":\"ImageObject\",\"inLanguage\":\"es-CO\",\"@id\":\"https:\\\/\\\/www.feyalegria.org\\\/brasil\\\/diretor-de-fe-e-alegria-brasil-participa-de-podcast-da-federacao-internacional\\\/#primaryimage\",\"url\":\"https:\\\/\\\/d3pugrm67vf9n7.cloudfront.net\\\/wp-content\\\/uploads\\\/sites\\\/23\\\/2026\\\/03\\\/10105349\\\/banner-dialogos.png\",\"contentUrl\":\"https:\\\/\\\/d3pugrm67vf9n7.cloudfront.net\\\/wp-content\\\/uploads\\\/sites\\\/23\\\/2026\\\/03\\\/10105349\\\/banner-dialogos.png\",\"width\":1000,\"height\":500},{\"@type\":\"WebSite\",\"@id\":\"https:\\\/\\\/www.feyalegria.org\\\/brasil\\\/#website\",\"url\":\"https:\\\/\\\/www.feyalegria.org\\\/brasil\\\/\",\"name\":\"#SomosF\u00e9eAlegria en Brasil\",\"description\":\"\",\"potentialAction\":[{\"@type\":\"SearchAction\",\"target\":{\"@type\":\"EntryPoint\",\"urlTemplate\":\"https:\\\/\\\/www.feyalegria.org\\\/brasil\\\/?s={search_term_string}\"},\"query-input\":{\"@type\":\"PropertyValueSpecification\",\"valueRequired\":true,\"valueName\":\"search_term_string\"}}],\"inLanguage\":\"es-CO\"},{\"@type\":\"Person\",\"@id\":\"https:\\\/\\\/www.feyalegria.org\\\/brasil\\\/#\\\/schema\\\/person\\\/f2c58927c54060575b9e7c44d31d16e9\",\"name\":\"Laura Meurer\",\"url\":\"https:\\\/\\\/www.feyalegria.org\\\/brasil\\\/author\\\/adminbr02\\\/\"}]}<\/script>\n<!-- \/ Yoast SEO plugin. -->","yoast_head_json":{"title":"Diretor de F\u00e9 e Alegria Brasil participa de podcast da Federa\u00e7\u00e3o Internacional - #SomosF\u00e9eAlegria en Brasil","robots":{"index":"index","follow":"follow","max-snippet":"max-snippet:-1","max-image-preview":"max-image-preview:large","max-video-preview":"max-video-preview:-1"},"canonical":"https:\/\/www.feyalegria.org\/brasil\/diretor-de-fe-e-alegria-brasil-participa-de-podcast-da-federacao-internacional\/","og_locale":"es_ES","og_type":"article","og_title":"Diretor de F\u00e9 e Alegria Brasil participa de podcast da Federa\u00e7\u00e3o Internacional - #SomosF\u00e9eAlegria en Brasil","og_description":"[vc_row][vc_column][vc_column_text css=&#8221;&#8221;] Em epis\u00f3dio do podcast Di\u00e1logos Educativos, Pe. Alexandre Raimundo de Souza, SJ, detalha como a pedagogia e a Ecologia Integral levam a miss\u00e3o de transformar vidas &nbsp; A \u00faltima edi\u00e7\u00e3o do podcast Di\u00e1logos Educativos, da Federa\u00e7\u00e3o Internacional de F\u00e9 e Alegria, conta com entrevista com o diretor-presidente de F\u00e9 e Alegria Brasil, Pe.","og_url":"https:\/\/www.feyalegria.org\/brasil\/diretor-de-fe-e-alegria-brasil-participa-de-podcast-da-federacao-internacional\/","og_site_name":"#SomosF\u00e9eAlegria en Brasil","article_published_time":"2026-03-10T13:55:16+00:00","article_modified_time":"2026-03-10T17:39:52+00:00","og_image":[{"width":1000,"height":500,"url":"https:\/\/d3pugrm67vf9n7.cloudfront.net\/wp-content\/uploads\/sites\/23\/2026\/03\/10105349\/banner-dialogos.png","type":"image\/png"}],"author":"Laura Meurer","twitter_card":"summary_large_image","twitter_misc":{"Escrito por":"Laura Meurer","Tiempo de lectura":"3 minutos"},"schema":{"@context":"https:\/\/schema.org","@graph":[{"@type":"Article","@id":"https:\/\/www.feyalegria.org\/brasil\/diretor-de-fe-e-alegria-brasil-participa-de-podcast-da-federacao-internacional\/#article","isPartOf":{"@id":"https:\/\/www.feyalegria.org\/brasil\/diretor-de-fe-e-alegria-brasil-participa-de-podcast-da-federacao-internacional\/"},"author":{"name":"Laura Meurer","@id":"https:\/\/www.feyalegria.org\/brasil\/#\/schema\/person\/f2c58927c54060575b9e7c44d31d16e9"},"headline":"Diretor de F\u00e9 e Alegria Brasil participa de podcast da Federa\u00e7\u00e3o Internacional","datePublished":"2026-03-10T13:55:16+00:00","dateModified":"2026-03-10T17:39:52+00:00","mainEntityOfPage":{"@id":"https:\/\/www.feyalegria.org\/brasil\/diretor-de-fe-e-alegria-brasil-participa-de-podcast-da-federacao-internacional\/"},"wordCount":493,"commentCount":0,"image":{"@id":"https:\/\/www.feyalegria.org\/brasil\/diretor-de-fe-e-alegria-brasil-participa-de-podcast-da-federacao-internacional\/#primaryimage"},"thumbnailUrl":"https:\/\/d3pugrm67vf9n7.cloudfront.net\/wp-content\/uploads\/sites\/23\/2026\/03\/10105349\/banner-dialogos.png","keywords":["entrevista","F\u00e9 e Alegria Brasil","F\u00e9 e Alegria Internacional","Podcast"],"articleSection":["Noticias","Noticias"],"inLanguage":"es-CO","potentialAction":[{"@type":"CommentAction","name":"Comment","target":["https:\/\/www.feyalegria.org\/brasil\/diretor-de-fe-e-alegria-brasil-participa-de-podcast-da-federacao-internacional\/#respond"]}]},{"@type":"WebPage","@id":"https:\/\/www.feyalegria.org\/brasil\/diretor-de-fe-e-alegria-brasil-participa-de-podcast-da-federacao-internacional\/","url":"https:\/\/www.feyalegria.org\/brasil\/diretor-de-fe-e-alegria-brasil-participa-de-podcast-da-federacao-internacional\/","name":"Diretor de F\u00e9 e Alegria Brasil participa de podcast da Federa\u00e7\u00e3o Internacional - #SomosF\u00e9eAlegria en Brasil","isPartOf":{"@id":"https:\/\/www.feyalegria.org\/brasil\/#website"},"primaryImageOfPage":{"@id":"https:\/\/www.feyalegria.org\/brasil\/diretor-de-fe-e-alegria-brasil-participa-de-podcast-da-federacao-internacional\/#primaryimage"},"image":{"@id":"https:\/\/www.feyalegria.org\/brasil\/diretor-de-fe-e-alegria-brasil-participa-de-podcast-da-federacao-internacional\/#primaryimage"},"thumbnailUrl":"https:\/\/d3pugrm67vf9n7.cloudfront.net\/wp-content\/uploads\/sites\/23\/2026\/03\/10105349\/banner-dialogos.png","datePublished":"2026-03-10T13:55:16+00:00","dateModified":"2026-03-10T17:39:52+00:00","author":{"@id":"https:\/\/www.feyalegria.org\/brasil\/#\/schema\/person\/f2c58927c54060575b9e7c44d31d16e9"},"inLanguage":"es-CO","potentialAction":[{"@type":"ReadAction","target":["https:\/\/www.feyalegria.org\/brasil\/diretor-de-fe-e-alegria-brasil-participa-de-podcast-da-federacao-internacional\/"]}]},{"@type":"ImageObject","inLanguage":"es-CO","@id":"https:\/\/www.feyalegria.org\/brasil\/diretor-de-fe-e-alegria-brasil-participa-de-podcast-da-federacao-internacional\/#primaryimage","url":"https:\/\/d3pugrm67vf9n7.cloudfront.net\/wp-content\/uploads\/sites\/23\/2026\/03\/10105349\/banner-dialogos.png","contentUrl":"https:\/\/d3pugrm67vf9n7.cloudfront.net\/wp-content\/uploads\/sites\/23\/2026\/03\/10105349\/banner-dialogos.png","width":1000,"height":500},{"@type":"WebSite","@id":"https:\/\/www.feyalegria.org\/brasil\/#website","url":"https:\/\/www.feyalegria.org\/brasil\/","name":"#SomosF\u00e9eAlegria en Brasil","description":"","potentialAction":[{"@type":"SearchAction","target":{"@type":"EntryPoint","urlTemplate":"https:\/\/www.feyalegria.org\/brasil\/?s={search_term_string}"},"query-input":{"@type":"PropertyValueSpecification","valueRequired":true,"valueName":"search_term_string"}}],"inLanguage":"es-CO"},{"@type":"Person","@id":"https:\/\/www.feyalegria.org\/brasil\/#\/schema\/person\/f2c58927c54060575b9e7c44d31d16e9","name":"Laura Meurer","url":"https:\/\/www.feyalegria.org\/brasil\/author\/adminbr02\/"}]}},"_links":{"self":[{"href":"https:\/\/www.feyalegria.org\/brasil\/wp-json\/wp\/v2\/posts\/29776","targetHints":{"allow":["GET"]}}],"collection":[{"href":"https:\/\/www.feyalegria.org\/brasil\/wp-json\/wp\/v2\/posts"}],"about":[{"href":"https:\/\/www.feyalegria.org\/brasil\/wp-json\/wp\/v2\/types\/post"}],"author":[{"embeddable":true,"href":"https:\/\/www.feyalegria.org\/brasil\/wp-json\/wp\/v2\/users\/68"}],"replies":[{"embeddable":true,"href":"https:\/\/www.feyalegria.org\/brasil\/wp-json\/wp\/v2\/comments?post=29776"}],"version-history":[{"count":2,"href":"https:\/\/www.feyalegria.org\/brasil\/wp-json\/wp\/v2\/posts\/29776\/revisions"}],"predecessor-version":[{"id":29793,"href":"https:\/\/www.feyalegria.org\/brasil\/wp-json\/wp\/v2\/posts\/29776\/revisions\/29793"}],"wp:featuredmedia":[{"embeddable":true,"href":"https:\/\/www.feyalegria.org\/brasil\/wp-json\/wp\/v2\/media\/29777"}],"wp:attachment":[{"href":"https:\/\/www.feyalegria.org\/brasil\/wp-json\/wp\/v2\/media?parent=29776"}],"wp:term":[{"taxonomy":"category","embeddable":true,"href":"https:\/\/www.feyalegria.org\/brasil\/wp-json\/wp\/v2\/categories?post=29776"},{"taxonomy":"post_tag","embeddable":true,"href":"https:\/\/www.feyalegria.org\/brasil\/wp-json\/wp\/v2\/tags?post=29776"},{"taxonomy":"post_folder","embeddable":true,"href":"https:\/\/www.feyalegria.org\/brasil\/wp-json\/wp\/v2\/post_folder?post=29776"}],"curies":[{"name":"wp","href":"https:\/\/api.w.org\/{rel}","templated":true}]}}