 {"id":29810,"date":"2026-03-11T10:14:15","date_gmt":"2026-03-11T13:14:15","guid":{"rendered":"https:\/\/www.feyalegria.org\/brasil\/?p=29810"},"modified":"2026-03-11T10:14:15","modified_gmt":"2026-03-11T13:14:15","slug":"fe-e-alegria-montes-claros-formacao-direitos-eca","status":"publish","type":"post","link":"https:\/\/www.feyalegria.org\/brasil\/fe-e-alegria-montes-claros-formacao-direitos-eca\/","title":{"rendered":"Equipe de F\u00e9 e Alegria em Montes Claros passa por forma\u00e7\u00e3o sobre direitos e conviv\u00eancia social"},"content":{"rendered":"<div class=\"wpb-content-wrapper\"><p>[vc_row][vc_column][vc_column_text css=&#8221;&#8221;]<em>Com foco no ECA e no fortalecimento de v\u00ednculos, atividade reuniu educadores para alinhar pr\u00e1ticas e garantir atendimento de qualidade \u00e0s fam\u00edlias.<\/em><\/p>\n<p>&nbsp;<\/p>\n<p>Em dezembro de 2025, os colaboradores de F\u00e9 e Alegria em Montes Claros (MG) iniciaram uma jornada de forma\u00e7\u00e3o intensiva. O encontro, que uniu as \u00e1reas pedag\u00f3gica, social e administrativa, teve como objetivo principal atualizar a equipe e alinhar as formas de atendimento para garantir que o cuidado com as crian\u00e7as e adolescentes da regi\u00e3o seja cada vez mais eficiente e humanizado.<\/p>\n<p>&nbsp;<\/p>\n<p><img loading=\"lazy\" decoding=\"async\" class=\"wp-image-29813 alignright\" src=\"https:\/\/d3pugrm67vf9n7.cloudfront.net\/wp-content\/uploads\/sites\/23\/2026\/03\/11101209\/Registro-Fotografico-Semana-Formativa-2-1.jpg\" alt=\"\" width=\"505\" height=\"379\" srcset=\"https:\/\/d3pugrm67vf9n7.cloudfront.net\/wp-content\/uploads\/sites\/23\/2026\/03\/11101209\/Registro-Fotografico-Semana-Formativa-2-1.jpg 1600w, https:\/\/d3pugrm67vf9n7.cloudfront.net\/wp-content\/uploads\/sites\/23\/2026\/03\/11101209\/Registro-Fotografico-Semana-Formativa-2-1-300x225.jpg 300w, https:\/\/d3pugrm67vf9n7.cloudfront.net\/wp-content\/uploads\/sites\/23\/2026\/03\/11101209\/Registro-Fotografico-Semana-Formativa-2-1-1024x768.jpg 1024w, https:\/\/d3pugrm67vf9n7.cloudfront.net\/wp-content\/uploads\/sites\/23\/2026\/03\/11101209\/Registro-Fotografico-Semana-Formativa-2-1-768x576.jpg 768w, https:\/\/d3pugrm67vf9n7.cloudfront.net\/wp-content\/uploads\/sites\/23\/2026\/03\/11101209\/Registro-Fotografico-Semana-Formativa-2-1-1536x1152.jpg 1536w\" sizes=\"auto, (max-width: 505px) 100vw, 505px\" \/><\/p>\n<p>A programa\u00e7\u00e3o come\u00e7ou pela manh\u00e3 com um debate sobre o Servi\u00e7o de Conviv\u00eancia e Fortalecimento de V\u00ednculos (SCFV). A conversa foi conduzida por Maria Em\u00edlia, t\u00e9cnica da prefeitura, Erika Veloso e Cl\u00e9ia Marcia da \u00e1rea de educa\u00e7\u00e3o permanente, que abordaram os fundamentos, objetivos e estrat\u00e9gias do servi\u00e7o, destacando a import\u00e2ncia da articula\u00e7\u00e3o intersetorial e do fortalecimento dos v\u00ednculos familiares e comunit\u00e1rios.<\/p>\n<p>&nbsp;<\/p>\n<p>Na parte da tarde, o foco se voltou para o Estatuto da Crian\u00e7a e do Adolescente (ECA). Em uma oficina pr\u00e1tica ministrada pela professora Leni Silva, os educadores e colaboradores discutiram o papel de cada um na garantia dos direitos das crian\u00e7as e dos adolescentes. O momento serviu para refor\u00e7ar que o trabalho social vai muito al\u00e9m da sala de aula: exige \u00e9tica e um compromisso real com a prote\u00e7\u00e3o integral de cada aluno.<\/p>\n<p>&nbsp;<\/p>\n<p>O dia de estudos encerrou a semana formativa consolidando o compromisso do movimento com a excel\u00eancia nos servi\u00e7os prestados \u00e0 comunidade de Montes Claros, preparando o time para os desafios do pr\u00f3ximo ano.[\/vc_column_text][\/vc_column][\/vc_row]<\/p>\n<\/div>","protected":false},"excerpt":{"rendered":"<p>[vc_row][vc_column][vc_column_text css=&#8221;&#8221;]Com foco no ECA e no fortalecimento de v\u00ednculos, atividade reuniu educadores para alinhar pr\u00e1ticas e garantir atendimento de qualidade \u00e0s fam\u00edlias. &nbsp; Em dezembro de 2025, os colaboradores de F\u00e9 e Alegria em Montes Claros (MG) iniciaram uma jornada de forma\u00e7\u00e3o intensiva. O encontro, que uniu as \u00e1reas pedag\u00f3gica, social e administrativa, teve<\/p>\n","protected":false},"author":68,"featured_media":29812,"comment_status":"open","ping_status":"open","sticky":false,"template":"","format":"standard","meta":{"_acf_changed":false,"footnotes":""},"categories":[391,25,387,183,432,384],"tags":[],"post_folder":[],"class_list":["post-29810","post","type-post","status-publish","format-standard","has-post-thumbnail","hentry","category-comunicado-pt","category-comunicado","category-educacion-pt","category-noticias","category-noticias-pt","category-uncategorized-pt"],"acf":[],"yoast_head":"<!-- This site is optimized with the Yoast SEO plugin v27.5 - https:\/\/yoast.com\/product\/yoast-seo-wordpress\/ -->\n<title>Equipe de F\u00e9 e Alegria em Montes Claros passa por forma\u00e7\u00e3o sobre direitos e conviv\u00eancia social - #SomosF\u00e9eAlegria en Brasil Forma\u00e7\u00e3o em Montes Claros: Direitos e Conviv\u00eancia Social | F\u00e9 e Alegria<\/title>\n<meta name=\"description\" content=\"Equipe de F\u00e9 e Alegria em Montes Claros (MG) realiza forma\u00e7\u00e3o intensiva sobre o ECA e o fortalecimento de v\u00ednculos para qualificar o atendimento \u00e0s fam\u00edlias. Confira!\" \/>\n<meta name=\"robots\" content=\"index, follow, max-snippet:-1, max-image-preview:large, max-video-preview:-1\" \/>\n<link rel=\"canonical\" href=\"https:\/\/www.feyalegria.org\/brasil\/fe-e-alegria-montes-claros-formacao-direitos-eca\/\" \/>\n<meta property=\"og:locale\" content=\"es_ES\" \/>\n<meta property=\"og:type\" content=\"article\" \/>\n<meta property=\"og:title\" content=\"Equipe de F\u00e9 e Alegria em Montes Claros passa por forma\u00e7\u00e3o sobre direitos e conviv\u00eancia social - #SomosF\u00e9eAlegria en Brasil Forma\u00e7\u00e3o em Montes Claros: Direitos e Conviv\u00eancia Social | F\u00e9 e Alegria\" \/>\n<meta property=\"og:description\" content=\"Equipe de F\u00e9 e Alegria em Montes Claros (MG) realiza forma\u00e7\u00e3o intensiva sobre o ECA e o fortalecimento de v\u00ednculos para qualificar o atendimento \u00e0s fam\u00edlias. Confira!\" \/>\n<meta property=\"og:url\" content=\"https:\/\/www.feyalegria.org\/brasil\/fe-e-alegria-montes-claros-formacao-direitos-eca\/\" \/>\n<meta property=\"og:site_name\" content=\"#SomosF\u00e9eAlegria en Brasil\" \/>\n<meta property=\"article:published_time\" content=\"2026-03-11T13:14:15+00:00\" \/>\n<meta property=\"og:image\" content=\"https:\/\/d3pugrm67vf9n7.cloudfront.net\/wp-content\/uploads\/sites\/23\/2026\/03\/11101020\/Banner_Semana-formativa.jpg\" \/>\n\t<meta property=\"og:image:width\" content=\"1000\" \/>\n\t<meta property=\"og:image:height\" content=\"500\" \/>\n\t<meta property=\"og:image:type\" content=\"image\/jpeg\" \/>\n<meta name=\"author\" content=\"Laura Meurer\" \/>\n<meta name=\"twitter:card\" content=\"summary_large_image\" \/>\n<meta name=\"twitter:label1\" content=\"Escrito por\" \/>\n\t<meta name=\"twitter:data1\" content=\"Laura Meurer\" \/>\n\t<meta name=\"twitter:label2\" content=\"Tiempo de lectura\" \/>\n\t<meta name=\"twitter:data2\" content=\"2 minutos\" \/>\n<script type=\"application\/ld+json\" class=\"yoast-schema-graph\">{\"@context\":\"https:\\\/\\\/schema.org\",\"@graph\":[{\"@type\":\"Article\",\"@id\":\"https:\\\/\\\/www.feyalegria.org\\\/brasil\\\/fe-e-alegria-montes-claros-formacao-direitos-eca\\\/#article\",\"isPartOf\":{\"@id\":\"https:\\\/\\\/www.feyalegria.org\\\/brasil\\\/fe-e-alegria-montes-claros-formacao-direitos-eca\\\/\"},\"author\":{\"name\":\"Laura Meurer\",\"@id\":\"https:\\\/\\\/www.feyalegria.org\\\/brasil\\\/#\\\/schema\\\/person\\\/f2c58927c54060575b9e7c44d31d16e9\"},\"headline\":\"Equipe de F\u00e9 e Alegria em Montes Claros passa por forma\u00e7\u00e3o sobre direitos e conviv\u00eancia social\",\"datePublished\":\"2026-03-11T13:14:15+00:00\",\"mainEntityOfPage\":{\"@id\":\"https:\\\/\\\/www.feyalegria.org\\\/brasil\\\/fe-e-alegria-montes-claros-formacao-direitos-eca\\\/\"},\"wordCount\":318,\"commentCount\":0,\"image\":{\"@id\":\"https:\\\/\\\/www.feyalegria.org\\\/brasil\\\/fe-e-alegria-montes-claros-formacao-direitos-eca\\\/#primaryimage\"},\"thumbnailUrl\":\"https:\\\/\\\/d3pugrm67vf9n7.cloudfront.net\\\/wp-content\\\/uploads\\\/sites\\\/23\\\/2026\\\/03\\\/11101020\\\/Banner_Semana-formativa.jpg\",\"articleSection\":[\"Comunicado\",\"Comunicado\",\"Educaci\u00f3n\",\"Noticias\",\"Noticias\",\"Uncategorized\"],\"inLanguage\":\"es-CO\",\"potentialAction\":[{\"@type\":\"CommentAction\",\"name\":\"Comment\",\"target\":[\"https:\\\/\\\/www.feyalegria.org\\\/brasil\\\/fe-e-alegria-montes-claros-formacao-direitos-eca\\\/#respond\"]}]},{\"@type\":\"WebPage\",\"@id\":\"https:\\\/\\\/www.feyalegria.org\\\/brasil\\\/fe-e-alegria-montes-claros-formacao-direitos-eca\\\/\",\"url\":\"https:\\\/\\\/www.feyalegria.org\\\/brasil\\\/fe-e-alegria-montes-claros-formacao-direitos-eca\\\/\",\"name\":\"Equipe de F\u00e9 e Alegria em Montes Claros passa por forma\u00e7\u00e3o sobre direitos e conviv\u00eancia social - #SomosF\u00e9eAlegria en Brasil Forma\u00e7\u00e3o em Montes Claros: Direitos e Conviv\u00eancia Social | F\u00e9 e Alegria\",\"isPartOf\":{\"@id\":\"https:\\\/\\\/www.feyalegria.org\\\/brasil\\\/#website\"},\"primaryImageOfPage\":{\"@id\":\"https:\\\/\\\/www.feyalegria.org\\\/brasil\\\/fe-e-alegria-montes-claros-formacao-direitos-eca\\\/#primaryimage\"},\"image\":{\"@id\":\"https:\\\/\\\/www.feyalegria.org\\\/brasil\\\/fe-e-alegria-montes-claros-formacao-direitos-eca\\\/#primaryimage\"},\"thumbnailUrl\":\"https:\\\/\\\/d3pugrm67vf9n7.cloudfront.net\\\/wp-content\\\/uploads\\\/sites\\\/23\\\/2026\\\/03\\\/11101020\\\/Banner_Semana-formativa.jpg\",\"datePublished\":\"2026-03-11T13:14:15+00:00\",\"author\":{\"@id\":\"https:\\\/\\\/www.feyalegria.org\\\/brasil\\\/#\\\/schema\\\/person\\\/f2c58927c54060575b9e7c44d31d16e9\"},\"description\":\"Equipe de F\u00e9 e Alegria em Montes Claros (MG) realiza forma\u00e7\u00e3o intensiva sobre o ECA e o fortalecimento de v\u00ednculos para qualificar o atendimento \u00e0s fam\u00edlias. Confira!\",\"inLanguage\":\"es-CO\",\"potentialAction\":[{\"@type\":\"ReadAction\",\"target\":[\"https:\\\/\\\/www.feyalegria.org\\\/brasil\\\/fe-e-alegria-montes-claros-formacao-direitos-eca\\\/\"]}]},{\"@type\":\"ImageObject\",\"inLanguage\":\"es-CO\",\"@id\":\"https:\\\/\\\/www.feyalegria.org\\\/brasil\\\/fe-e-alegria-montes-claros-formacao-direitos-eca\\\/#primaryimage\",\"url\":\"https:\\\/\\\/d3pugrm67vf9n7.cloudfront.net\\\/wp-content\\\/uploads\\\/sites\\\/23\\\/2026\\\/03\\\/11101020\\\/Banner_Semana-formativa.jpg\",\"contentUrl\":\"https:\\\/\\\/d3pugrm67vf9n7.cloudfront.net\\\/wp-content\\\/uploads\\\/sites\\\/23\\\/2026\\\/03\\\/11101020\\\/Banner_Semana-formativa.jpg\",\"width\":1000,\"height\":500,\"caption\":\"Equipe multidisciplinar de Montes Claros durante atividade de alinhamento pedag\u00f3gico e social.\"},{\"@type\":\"WebSite\",\"@id\":\"https:\\\/\\\/www.feyalegria.org\\\/brasil\\\/#website\",\"url\":\"https:\\\/\\\/www.feyalegria.org\\\/brasil\\\/\",\"name\":\"#SomosF\u00e9eAlegria en Brasil\",\"description\":\"\",\"potentialAction\":[{\"@type\":\"SearchAction\",\"target\":{\"@type\":\"EntryPoint\",\"urlTemplate\":\"https:\\\/\\\/www.feyalegria.org\\\/brasil\\\/?s={search_term_string}\"},\"query-input\":{\"@type\":\"PropertyValueSpecification\",\"valueRequired\":true,\"valueName\":\"search_term_string\"}}],\"inLanguage\":\"es-CO\"},{\"@type\":\"Person\",\"@id\":\"https:\\\/\\\/www.feyalegria.org\\\/brasil\\\/#\\\/schema\\\/person\\\/f2c58927c54060575b9e7c44d31d16e9\",\"name\":\"Laura Meurer\",\"url\":\"https:\\\/\\\/www.feyalegria.org\\\/brasil\\\/author\\\/adminbr02\\\/\"}]}<\/script>\n<!-- \/ Yoast SEO plugin. -->","yoast_head_json":{"title":"Equipe de F\u00e9 e Alegria em Montes Claros passa por forma\u00e7\u00e3o sobre direitos e conviv\u00eancia social - #SomosF\u00e9eAlegria en Brasil Forma\u00e7\u00e3o em Montes Claros: Direitos e Conviv\u00eancia Social | F\u00e9 e Alegria","description":"Equipe de F\u00e9 e Alegria em Montes Claros (MG) realiza forma\u00e7\u00e3o intensiva sobre o ECA e o fortalecimento de v\u00ednculos para qualificar o atendimento \u00e0s fam\u00edlias. Confira!","robots":{"index":"index","follow":"follow","max-snippet":"max-snippet:-1","max-image-preview":"max-image-preview:large","max-video-preview":"max-video-preview:-1"},"canonical":"https:\/\/www.feyalegria.org\/brasil\/fe-e-alegria-montes-claros-formacao-direitos-eca\/","og_locale":"es_ES","og_type":"article","og_title":"Equipe de F\u00e9 e Alegria em Montes Claros passa por forma\u00e7\u00e3o sobre direitos e conviv\u00eancia social - #SomosF\u00e9eAlegria en Brasil Forma\u00e7\u00e3o em Montes Claros: Direitos e Conviv\u00eancia Social | F\u00e9 e Alegria","og_description":"Equipe de F\u00e9 e Alegria em Montes Claros (MG) realiza forma\u00e7\u00e3o intensiva sobre o ECA e o fortalecimento de v\u00ednculos para qualificar o atendimento \u00e0s fam\u00edlias. Confira!","og_url":"https:\/\/www.feyalegria.org\/brasil\/fe-e-alegria-montes-claros-formacao-direitos-eca\/","og_site_name":"#SomosF\u00e9eAlegria en Brasil","article_published_time":"2026-03-11T13:14:15+00:00","og_image":[{"width":1000,"height":500,"url":"https:\/\/d3pugrm67vf9n7.cloudfront.net\/wp-content\/uploads\/sites\/23\/2026\/03\/11101020\/Banner_Semana-formativa.jpg","type":"image\/jpeg"}],"author":"Laura Meurer","twitter_card":"summary_large_image","twitter_misc":{"Escrito por":"Laura Meurer","Tiempo de lectura":"2 minutos"},"schema":{"@context":"https:\/\/schema.org","@graph":[{"@type":"Article","@id":"https:\/\/www.feyalegria.org\/brasil\/fe-e-alegria-montes-claros-formacao-direitos-eca\/#article","isPartOf":{"@id":"https:\/\/www.feyalegria.org\/brasil\/fe-e-alegria-montes-claros-formacao-direitos-eca\/"},"author":{"name":"Laura Meurer","@id":"https:\/\/www.feyalegria.org\/brasil\/#\/schema\/person\/f2c58927c54060575b9e7c44d31d16e9"},"headline":"Equipe de F\u00e9 e Alegria em Montes Claros passa por forma\u00e7\u00e3o sobre direitos e conviv\u00eancia social","datePublished":"2026-03-11T13:14:15+00:00","mainEntityOfPage":{"@id":"https:\/\/www.feyalegria.org\/brasil\/fe-e-alegria-montes-claros-formacao-direitos-eca\/"},"wordCount":318,"commentCount":0,"image":{"@id":"https:\/\/www.feyalegria.org\/brasil\/fe-e-alegria-montes-claros-formacao-direitos-eca\/#primaryimage"},"thumbnailUrl":"https:\/\/d3pugrm67vf9n7.cloudfront.net\/wp-content\/uploads\/sites\/23\/2026\/03\/11101020\/Banner_Semana-formativa.jpg","articleSection":["Comunicado","Comunicado","Educaci\u00f3n","Noticias","Noticias","Uncategorized"],"inLanguage":"es-CO","potentialAction":[{"@type":"CommentAction","name":"Comment","target":["https:\/\/www.feyalegria.org\/brasil\/fe-e-alegria-montes-claros-formacao-direitos-eca\/#respond"]}]},{"@type":"WebPage","@id":"https:\/\/www.feyalegria.org\/brasil\/fe-e-alegria-montes-claros-formacao-direitos-eca\/","url":"https:\/\/www.feyalegria.org\/brasil\/fe-e-alegria-montes-claros-formacao-direitos-eca\/","name":"Equipe de F\u00e9 e Alegria em Montes Claros passa por forma\u00e7\u00e3o sobre direitos e conviv\u00eancia social - #SomosF\u00e9eAlegria en Brasil Forma\u00e7\u00e3o em Montes Claros: Direitos e Conviv\u00eancia Social | F\u00e9 e Alegria","isPartOf":{"@id":"https:\/\/www.feyalegria.org\/brasil\/#website"},"primaryImageOfPage":{"@id":"https:\/\/www.feyalegria.org\/brasil\/fe-e-alegria-montes-claros-formacao-direitos-eca\/#primaryimage"},"image":{"@id":"https:\/\/www.feyalegria.org\/brasil\/fe-e-alegria-montes-claros-formacao-direitos-eca\/#primaryimage"},"thumbnailUrl":"https:\/\/d3pugrm67vf9n7.cloudfront.net\/wp-content\/uploads\/sites\/23\/2026\/03\/11101020\/Banner_Semana-formativa.jpg","datePublished":"2026-03-11T13:14:15+00:00","author":{"@id":"https:\/\/www.feyalegria.org\/brasil\/#\/schema\/person\/f2c58927c54060575b9e7c44d31d16e9"},"description":"Equipe de F\u00e9 e Alegria em Montes Claros (MG) realiza forma\u00e7\u00e3o intensiva sobre o ECA e o fortalecimento de v\u00ednculos para qualificar o atendimento \u00e0s fam\u00edlias. Confira!","inLanguage":"es-CO","potentialAction":[{"@type":"ReadAction","target":["https:\/\/www.feyalegria.org\/brasil\/fe-e-alegria-montes-claros-formacao-direitos-eca\/"]}]},{"@type":"ImageObject","inLanguage":"es-CO","@id":"https:\/\/www.feyalegria.org\/brasil\/fe-e-alegria-montes-claros-formacao-direitos-eca\/#primaryimage","url":"https:\/\/d3pugrm67vf9n7.cloudfront.net\/wp-content\/uploads\/sites\/23\/2026\/03\/11101020\/Banner_Semana-formativa.jpg","contentUrl":"https:\/\/d3pugrm67vf9n7.cloudfront.net\/wp-content\/uploads\/sites\/23\/2026\/03\/11101020\/Banner_Semana-formativa.jpg","width":1000,"height":500,"caption":"Equipe multidisciplinar de Montes Claros durante atividade de alinhamento pedag\u00f3gico e social."},{"@type":"WebSite","@id":"https:\/\/www.feyalegria.org\/brasil\/#website","url":"https:\/\/www.feyalegria.org\/brasil\/","name":"#SomosF\u00e9eAlegria en Brasil","description":"","potentialAction":[{"@type":"SearchAction","target":{"@type":"EntryPoint","urlTemplate":"https:\/\/www.feyalegria.org\/brasil\/?s={search_term_string}"},"query-input":{"@type":"PropertyValueSpecification","valueRequired":true,"valueName":"search_term_string"}}],"inLanguage":"es-CO"},{"@type":"Person","@id":"https:\/\/www.feyalegria.org\/brasil\/#\/schema\/person\/f2c58927c54060575b9e7c44d31d16e9","name":"Laura Meurer","url":"https:\/\/www.feyalegria.org\/brasil\/author\/adminbr02\/"}]}},"_links":{"self":[{"href":"https:\/\/www.feyalegria.org\/brasil\/wp-json\/wp\/v2\/posts\/29810","targetHints":{"allow":["GET"]}}],"collection":[{"href":"https:\/\/www.feyalegria.org\/brasil\/wp-json\/wp\/v2\/posts"}],"about":[{"href":"https:\/\/www.feyalegria.org\/brasil\/wp-json\/wp\/v2\/types\/post"}],"author":[{"embeddable":true,"href":"https:\/\/www.feyalegria.org\/brasil\/wp-json\/wp\/v2\/users\/68"}],"replies":[{"embeddable":true,"href":"https:\/\/www.feyalegria.org\/brasil\/wp-json\/wp\/v2\/comments?post=29810"}],"version-history":[{"count":3,"href":"https:\/\/www.feyalegria.org\/brasil\/wp-json\/wp\/v2\/posts\/29810\/revisions"}],"predecessor-version":[{"id":29815,"href":"https:\/\/www.feyalegria.org\/brasil\/wp-json\/wp\/v2\/posts\/29810\/revisions\/29815"}],"wp:featuredmedia":[{"embeddable":true,"href":"https:\/\/www.feyalegria.org\/brasil\/wp-json\/wp\/v2\/media\/29812"}],"wp:attachment":[{"href":"https:\/\/www.feyalegria.org\/brasil\/wp-json\/wp\/v2\/media?parent=29810"}],"wp:term":[{"taxonomy":"category","embeddable":true,"href":"https:\/\/www.feyalegria.org\/brasil\/wp-json\/wp\/v2\/categories?post=29810"},{"taxonomy":"post_tag","embeddable":true,"href":"https:\/\/www.feyalegria.org\/brasil\/wp-json\/wp\/v2\/tags?post=29810"},{"taxonomy":"post_folder","embeddable":true,"href":"https:\/\/www.feyalegria.org\/brasil\/wp-json\/wp\/v2\/post_folder?post=29810"}],"curies":[{"name":"wp","href":"https:\/\/api.w.org\/{rel}","templated":true}]}}