 {"id":29818,"date":"2026-03-11T10:51:23","date_gmt":"2026-03-11T13:51:23","guid":{"rendered":"https:\/\/www.feyalegria.org\/brasil\/?p=29818"},"modified":"2026-03-11T10:51:23","modified_gmt":"2026-03-11T13:51:23","slug":"cei-palmital-santa-luzia-adaptacao-escolar-primeira-separacao","status":"publish","type":"post","link":"https:\/\/www.feyalegria.org\/brasil\/cei-palmital-santa-luzia-adaptacao-escolar-primeira-separacao\/","title":{"rendered":"CEI Palmital orienta fam\u00edlias sobre a primeira separa\u00e7\u00e3o no ingresso das crian\u00e7as"},"content":{"rendered":"<div class=\"wpb-content-wrapper\"><p>[vc_row][vc_column][vc_column_text css=&#8221;&#8221;]<\/p>\n<p style=\"text-align: left;\"><em>Com foco no acolhimento e na seguran\u00e7a emocional, o CEI de Santa Luzia (MG) realiza reuni\u00f5es para transformar a ansiedade do in\u00edcio das aulas em la\u00e7os de confian\u00e7a.<\/em><\/p>\n<p>&nbsp;<\/p>\n<p>O in\u00edcio da vida escolar marca um dos momentos mais importantes no desenvolvimento infantil: a primeira separa\u00e7\u00e3o entre a crian\u00e7a e sua fam\u00edlia. Para tornar esse processo mais leve, o Centro de Educa\u00e7\u00e3o Infantil Palmital, de F\u00e9 e Alegria em Santa Luzia (MG), promoveu uma reuni\u00e3o de orienta\u00e7\u00e3o com pais e respons\u00e1veis, a fim de orientar e esclarecer d\u00favidas sobre esse momento t\u00e3o significativo na vida das crian\u00e7as, al\u00e9m de trazer tranquilidade aos adultos.<\/p>\n<p>&nbsp;<\/p>\n<p>Comum para ambos os lados, a ansiedade pode ser superada com uma rotina bem estabelecida e o que se pode chamar de &#8220;firmeza amorosa&#8221;. O per\u00edodo de adapta\u00e7\u00e3o \u00e9 gradual e varia conforme o tempo de cada crian\u00e7a, podendo levar de alguns dias at\u00e9 um m\u00eas.<\/p>\n<p>&nbsp;<\/p>\n<p><img loading=\"lazy\" decoding=\"async\" class=\"wp-image-29821 alignright\" src=\"https:\/\/d3pugrm67vf9n7.cloudfront.net\/wp-content\/uploads\/sites\/23\/2026\/03\/11104738\/Montes-Claros_site.png\" alt=\"\" width=\"349\" height=\"466\" srcset=\"https:\/\/d3pugrm67vf9n7.cloudfront.net\/wp-content\/uploads\/sites\/23\/2026\/03\/11104738\/Montes-Claros_site.png 558w, https:\/\/d3pugrm67vf9n7.cloudfront.net\/wp-content\/uploads\/sites\/23\/2026\/03\/11104738\/Montes-Claros_site-225x300.png 225w\" sizes=\"auto, (max-width: 349px) 100vw, 349px\" \/>Durante o encontro, as fam\u00edlias receberam orienta\u00e7\u00f5es pr\u00e1ticas, como evitar despedidas muito longas, que podem aumentar a inseguran\u00e7a da crian\u00e7a, e a import\u00e2ncia de manter um di\u00e1logo aberto com a escola. Outro ponto essencial abordado foi a compreens\u00e3o do choro: longe de ser um problema, ele \u00e9 visto como uma forma de comunica\u00e7\u00e3o da crian\u00e7a para expressar seus sentimentos nessa nova transi\u00e7\u00e3o.<\/p>\n<p>&nbsp;<\/p>\n<p>O objetivo da a\u00e7\u00e3o \u00e9 garantir que o CEI seja visto n\u00e3o apenas como um lugar de ensino, mas como um espa\u00e7o de prote\u00e7\u00e3o e amparo. Ao fortalecer a parceria entre casa e escola, a institui\u00e7\u00e3o reafirma seu compromisso de acolher o tempo de cada um, construindo um ambiente onde a crian\u00e7a se sinta segura para dar seus primeiros passos no mundo social.<\/p>\n<p>[\/vc_column_text][\/vc_column][\/vc_row]<\/p>\n<\/div>","protected":false},"excerpt":{"rendered":"<p>[vc_row][vc_column][vc_column_text css=&#8221;&#8221;] Com foco no acolhimento e na seguran\u00e7a emocional, o CEI de Santa Luzia (MG) realiza reuni\u00f5es para transformar a ansiedade do in\u00edcio das aulas em la\u00e7os de confian\u00e7a. &nbsp; O in\u00edcio da vida escolar marca um dos momentos mais importantes no desenvolvimento infantil: a primeira separa\u00e7\u00e3o entre a crian\u00e7a e sua fam\u00edlia. Para<\/p>\n","protected":false},"author":68,"featured_media":29820,"comment_status":"open","ping_status":"open","sticky":false,"template":"","format":"standard","meta":{"_acf_changed":false,"footnotes":""},"categories":[391,387,141,183,432,384],"tags":[],"post_folder":[],"class_list":["post-29818","post","type-post","status-publish","format-standard","has-post-thumbnail","hentry","category-comunicado-pt","category-educacion-pt","category-educacion","category-noticias","category-noticias-pt","category-uncategorized-pt"],"acf":[],"yoast_head":"<!-- This site is optimized with the Yoast SEO plugin v27.5 - https:\/\/yoast.com\/product\/yoast-seo-wordpress\/ -->\n<title>CEI Palmital orienta fam\u00edlias sobre a primeira separa\u00e7\u00e3o no ingresso das crian\u00e7as - #SomosF\u00e9eAlegria en Brasil CEI Palmital orienta fam\u00edlias sobre a primeira separa\u00e7\u00e3o no ingresso escolar<\/title>\n<meta name=\"description\" content=\"O CEI Palmital, em Santa Luzia (MG), realiza reuni\u00f5es de acolhimento para orientar fam\u00edlias sobre a primeira separa\u00e7\u00e3o e o in\u00edcio da vida escolar das crian\u00e7as. Saiba mais!\" \/>\n<meta name=\"robots\" content=\"index, follow, max-snippet:-1, max-image-preview:large, max-video-preview:-1\" \/>\n<link rel=\"canonical\" href=\"https:\/\/www.feyalegria.org\/brasil\/cei-palmital-santa-luzia-adaptacao-escolar-primeira-separacao\/\" \/>\n<meta property=\"og:locale\" content=\"es_ES\" \/>\n<meta property=\"og:type\" content=\"article\" \/>\n<meta property=\"og:title\" content=\"CEI Palmital orienta fam\u00edlias sobre a primeira separa\u00e7\u00e3o no ingresso das crian\u00e7as - #SomosF\u00e9eAlegria en Brasil CEI Palmital orienta fam\u00edlias sobre a primeira separa\u00e7\u00e3o no ingresso escolar\" \/>\n<meta property=\"og:description\" content=\"O CEI Palmital, em Santa Luzia (MG), realiza reuni\u00f5es de acolhimento para orientar fam\u00edlias sobre a primeira separa\u00e7\u00e3o e o in\u00edcio da vida escolar das crian\u00e7as. Saiba mais!\" \/>\n<meta property=\"og:url\" content=\"https:\/\/www.feyalegria.org\/brasil\/cei-palmital-santa-luzia-adaptacao-escolar-primeira-separacao\/\" \/>\n<meta property=\"og:site_name\" content=\"#SomosF\u00e9eAlegria en Brasil\" \/>\n<meta property=\"article:published_time\" content=\"2026-03-11T13:51:23+00:00\" \/>\n<meta property=\"og:image\" content=\"https:\/\/d3pugrm67vf9n7.cloudfront.net\/wp-content\/uploads\/sites\/23\/2026\/03\/11104153\/Separacao-escolar_Banner.jpg\" \/>\n\t<meta property=\"og:image:width\" content=\"1000\" \/>\n\t<meta property=\"og:image:height\" content=\"500\" \/>\n\t<meta property=\"og:image:type\" content=\"image\/jpeg\" \/>\n<meta name=\"author\" content=\"Laura Meurer\" \/>\n<meta name=\"twitter:card\" content=\"summary_large_image\" \/>\n<meta name=\"twitter:label1\" content=\"Escrito por\" \/>\n\t<meta name=\"twitter:data1\" content=\"Laura Meurer\" \/>\n\t<meta name=\"twitter:label2\" content=\"Tiempo de lectura\" \/>\n\t<meta name=\"twitter:data2\" content=\"2 minutos\" \/>\n<script type=\"application\/ld+json\" class=\"yoast-schema-graph\">{\"@context\":\"https:\\\/\\\/schema.org\",\"@graph\":[{\"@type\":\"Article\",\"@id\":\"https:\\\/\\\/www.feyalegria.org\\\/brasil\\\/cei-palmital-santa-luzia-adaptacao-escolar-primeira-separacao\\\/#article\",\"isPartOf\":{\"@id\":\"https:\\\/\\\/www.feyalegria.org\\\/brasil\\\/cei-palmital-santa-luzia-adaptacao-escolar-primeira-separacao\\\/\"},\"author\":{\"name\":\"Laura Meurer\",\"@id\":\"https:\\\/\\\/www.feyalegria.org\\\/brasil\\\/#\\\/schema\\\/person\\\/f2c58927c54060575b9e7c44d31d16e9\"},\"headline\":\"CEI Palmital orienta fam\u00edlias sobre a primeira separa\u00e7\u00e3o no ingresso das crian\u00e7as\",\"datePublished\":\"2026-03-11T13:51:23+00:00\",\"mainEntityOfPage\":{\"@id\":\"https:\\\/\\\/www.feyalegria.org\\\/brasil\\\/cei-palmital-santa-luzia-adaptacao-escolar-primeira-separacao\\\/\"},\"wordCount\":342,\"commentCount\":0,\"image\":{\"@id\":\"https:\\\/\\\/www.feyalegria.org\\\/brasil\\\/cei-palmital-santa-luzia-adaptacao-escolar-primeira-separacao\\\/#primaryimage\"},\"thumbnailUrl\":\"https:\\\/\\\/d3pugrm67vf9n7.cloudfront.net\\\/wp-content\\\/uploads\\\/sites\\\/23\\\/2026\\\/03\\\/11104153\\\/Separacao-escolar_Banner.jpg\",\"articleSection\":[\"Comunicado\",\"Educaci\u00f3n\",\"Educaci\u00f3n\",\"Noticias\",\"Noticias\",\"Uncategorized\"],\"inLanguage\":\"es-CO\",\"potentialAction\":[{\"@type\":\"CommentAction\",\"name\":\"Comment\",\"target\":[\"https:\\\/\\\/www.feyalegria.org\\\/brasil\\\/cei-palmital-santa-luzia-adaptacao-escolar-primeira-separacao\\\/#respond\"]}]},{\"@type\":\"WebPage\",\"@id\":\"https:\\\/\\\/www.feyalegria.org\\\/brasil\\\/cei-palmital-santa-luzia-adaptacao-escolar-primeira-separacao\\\/\",\"url\":\"https:\\\/\\\/www.feyalegria.org\\\/brasil\\\/cei-palmital-santa-luzia-adaptacao-escolar-primeira-separacao\\\/\",\"name\":\"CEI Palmital orienta fam\u00edlias sobre a primeira separa\u00e7\u00e3o no ingresso das crian\u00e7as - #SomosF\u00e9eAlegria en Brasil CEI Palmital orienta fam\u00edlias sobre a primeira separa\u00e7\u00e3o no ingresso escolar\",\"isPartOf\":{\"@id\":\"https:\\\/\\\/www.feyalegria.org\\\/brasil\\\/#website\"},\"primaryImageOfPage\":{\"@id\":\"https:\\\/\\\/www.feyalegria.org\\\/brasil\\\/cei-palmital-santa-luzia-adaptacao-escolar-primeira-separacao\\\/#primaryimage\"},\"image\":{\"@id\":\"https:\\\/\\\/www.feyalegria.org\\\/brasil\\\/cei-palmital-santa-luzia-adaptacao-escolar-primeira-separacao\\\/#primaryimage\"},\"thumbnailUrl\":\"https:\\\/\\\/d3pugrm67vf9n7.cloudfront.net\\\/wp-content\\\/uploads\\\/sites\\\/23\\\/2026\\\/03\\\/11104153\\\/Separacao-escolar_Banner.jpg\",\"datePublished\":\"2026-03-11T13:51:23+00:00\",\"author\":{\"@id\":\"https:\\\/\\\/www.feyalegria.org\\\/brasil\\\/#\\\/schema\\\/person\\\/f2c58927c54060575b9e7c44d31d16e9\"},\"description\":\"O CEI Palmital, em Santa Luzia (MG), realiza reuni\u00f5es de acolhimento para orientar fam\u00edlias sobre a primeira separa\u00e7\u00e3o e o in\u00edcio da vida escolar das crian\u00e7as. Saiba mais!\",\"inLanguage\":\"es-CO\",\"potentialAction\":[{\"@type\":\"ReadAction\",\"target\":[\"https:\\\/\\\/www.feyalegria.org\\\/brasil\\\/cei-palmital-santa-luzia-adaptacao-escolar-primeira-separacao\\\/\"]}]},{\"@type\":\"ImageObject\",\"inLanguage\":\"es-CO\",\"@id\":\"https:\\\/\\\/www.feyalegria.org\\\/brasil\\\/cei-palmital-santa-luzia-adaptacao-escolar-primeira-separacao\\\/#primaryimage\",\"url\":\"https:\\\/\\\/d3pugrm67vf9n7.cloudfront.net\\\/wp-content\\\/uploads\\\/sites\\\/23\\\/2026\\\/03\\\/11104153\\\/Separacao-escolar_Banner.jpg\",\"contentUrl\":\"https:\\\/\\\/d3pugrm67vf9n7.cloudfront.net\\\/wp-content\\\/uploads\\\/sites\\\/23\\\/2026\\\/03\\\/11104153\\\/Separacao-escolar_Banner.jpg\",\"width\":1000,\"height\":500,\"caption\":\"Fam\u00edlias recebem orienta\u00e7\u00f5es sobre o processo de separa\u00e7\u00e3o e ingresso escolar no CEI Palmital.\"},{\"@type\":\"WebSite\",\"@id\":\"https:\\\/\\\/www.feyalegria.org\\\/brasil\\\/#website\",\"url\":\"https:\\\/\\\/www.feyalegria.org\\\/brasil\\\/\",\"name\":\"#SomosF\u00e9eAlegria en Brasil\",\"description\":\"\",\"potentialAction\":[{\"@type\":\"SearchAction\",\"target\":{\"@type\":\"EntryPoint\",\"urlTemplate\":\"https:\\\/\\\/www.feyalegria.org\\\/brasil\\\/?s={search_term_string}\"},\"query-input\":{\"@type\":\"PropertyValueSpecification\",\"valueRequired\":true,\"valueName\":\"search_term_string\"}}],\"inLanguage\":\"es-CO\"},{\"@type\":\"Person\",\"@id\":\"https:\\\/\\\/www.feyalegria.org\\\/brasil\\\/#\\\/schema\\\/person\\\/f2c58927c54060575b9e7c44d31d16e9\",\"name\":\"Laura Meurer\",\"url\":\"https:\\\/\\\/www.feyalegria.org\\\/brasil\\\/author\\\/adminbr02\\\/\"}]}<\/script>\n<!-- \/ Yoast SEO plugin. -->","yoast_head_json":{"title":"CEI Palmital orienta fam\u00edlias sobre a primeira separa\u00e7\u00e3o no ingresso das crian\u00e7as - #SomosF\u00e9eAlegria en Brasil CEI Palmital orienta fam\u00edlias sobre a primeira separa\u00e7\u00e3o no ingresso escolar","description":"O CEI Palmital, em Santa Luzia (MG), realiza reuni\u00f5es de acolhimento para orientar fam\u00edlias sobre a primeira separa\u00e7\u00e3o e o in\u00edcio da vida escolar das crian\u00e7as. Saiba mais!","robots":{"index":"index","follow":"follow","max-snippet":"max-snippet:-1","max-image-preview":"max-image-preview:large","max-video-preview":"max-video-preview:-1"},"canonical":"https:\/\/www.feyalegria.org\/brasil\/cei-palmital-santa-luzia-adaptacao-escolar-primeira-separacao\/","og_locale":"es_ES","og_type":"article","og_title":"CEI Palmital orienta fam\u00edlias sobre a primeira separa\u00e7\u00e3o no ingresso das crian\u00e7as - #SomosF\u00e9eAlegria en Brasil CEI Palmital orienta fam\u00edlias sobre a primeira separa\u00e7\u00e3o no ingresso escolar","og_description":"O CEI Palmital, em Santa Luzia (MG), realiza reuni\u00f5es de acolhimento para orientar fam\u00edlias sobre a primeira separa\u00e7\u00e3o e o in\u00edcio da vida escolar das crian\u00e7as. Saiba mais!","og_url":"https:\/\/www.feyalegria.org\/brasil\/cei-palmital-santa-luzia-adaptacao-escolar-primeira-separacao\/","og_site_name":"#SomosF\u00e9eAlegria en Brasil","article_published_time":"2026-03-11T13:51:23+00:00","og_image":[{"width":1000,"height":500,"url":"https:\/\/d3pugrm67vf9n7.cloudfront.net\/wp-content\/uploads\/sites\/23\/2026\/03\/11104153\/Separacao-escolar_Banner.jpg","type":"image\/jpeg"}],"author":"Laura Meurer","twitter_card":"summary_large_image","twitter_misc":{"Escrito por":"Laura Meurer","Tiempo de lectura":"2 minutos"},"schema":{"@context":"https:\/\/schema.org","@graph":[{"@type":"Article","@id":"https:\/\/www.feyalegria.org\/brasil\/cei-palmital-santa-luzia-adaptacao-escolar-primeira-separacao\/#article","isPartOf":{"@id":"https:\/\/www.feyalegria.org\/brasil\/cei-palmital-santa-luzia-adaptacao-escolar-primeira-separacao\/"},"author":{"name":"Laura Meurer","@id":"https:\/\/www.feyalegria.org\/brasil\/#\/schema\/person\/f2c58927c54060575b9e7c44d31d16e9"},"headline":"CEI Palmital orienta fam\u00edlias sobre a primeira separa\u00e7\u00e3o no ingresso das crian\u00e7as","datePublished":"2026-03-11T13:51:23+00:00","mainEntityOfPage":{"@id":"https:\/\/www.feyalegria.org\/brasil\/cei-palmital-santa-luzia-adaptacao-escolar-primeira-separacao\/"},"wordCount":342,"commentCount":0,"image":{"@id":"https:\/\/www.feyalegria.org\/brasil\/cei-palmital-santa-luzia-adaptacao-escolar-primeira-separacao\/#primaryimage"},"thumbnailUrl":"https:\/\/d3pugrm67vf9n7.cloudfront.net\/wp-content\/uploads\/sites\/23\/2026\/03\/11104153\/Separacao-escolar_Banner.jpg","articleSection":["Comunicado","Educaci\u00f3n","Educaci\u00f3n","Noticias","Noticias","Uncategorized"],"inLanguage":"es-CO","potentialAction":[{"@type":"CommentAction","name":"Comment","target":["https:\/\/www.feyalegria.org\/brasil\/cei-palmital-santa-luzia-adaptacao-escolar-primeira-separacao\/#respond"]}]},{"@type":"WebPage","@id":"https:\/\/www.feyalegria.org\/brasil\/cei-palmital-santa-luzia-adaptacao-escolar-primeira-separacao\/","url":"https:\/\/www.feyalegria.org\/brasil\/cei-palmital-santa-luzia-adaptacao-escolar-primeira-separacao\/","name":"CEI Palmital orienta fam\u00edlias sobre a primeira separa\u00e7\u00e3o no ingresso das crian\u00e7as - #SomosF\u00e9eAlegria en Brasil CEI Palmital orienta fam\u00edlias sobre a primeira separa\u00e7\u00e3o no ingresso escolar","isPartOf":{"@id":"https:\/\/www.feyalegria.org\/brasil\/#website"},"primaryImageOfPage":{"@id":"https:\/\/www.feyalegria.org\/brasil\/cei-palmital-santa-luzia-adaptacao-escolar-primeira-separacao\/#primaryimage"},"image":{"@id":"https:\/\/www.feyalegria.org\/brasil\/cei-palmital-santa-luzia-adaptacao-escolar-primeira-separacao\/#primaryimage"},"thumbnailUrl":"https:\/\/d3pugrm67vf9n7.cloudfront.net\/wp-content\/uploads\/sites\/23\/2026\/03\/11104153\/Separacao-escolar_Banner.jpg","datePublished":"2026-03-11T13:51:23+00:00","author":{"@id":"https:\/\/www.feyalegria.org\/brasil\/#\/schema\/person\/f2c58927c54060575b9e7c44d31d16e9"},"description":"O CEI Palmital, em Santa Luzia (MG), realiza reuni\u00f5es de acolhimento para orientar fam\u00edlias sobre a primeira separa\u00e7\u00e3o e o in\u00edcio da vida escolar das crian\u00e7as. Saiba mais!","inLanguage":"es-CO","potentialAction":[{"@type":"ReadAction","target":["https:\/\/www.feyalegria.org\/brasil\/cei-palmital-santa-luzia-adaptacao-escolar-primeira-separacao\/"]}]},{"@type":"ImageObject","inLanguage":"es-CO","@id":"https:\/\/www.feyalegria.org\/brasil\/cei-palmital-santa-luzia-adaptacao-escolar-primeira-separacao\/#primaryimage","url":"https:\/\/d3pugrm67vf9n7.cloudfront.net\/wp-content\/uploads\/sites\/23\/2026\/03\/11104153\/Separacao-escolar_Banner.jpg","contentUrl":"https:\/\/d3pugrm67vf9n7.cloudfront.net\/wp-content\/uploads\/sites\/23\/2026\/03\/11104153\/Separacao-escolar_Banner.jpg","width":1000,"height":500,"caption":"Fam\u00edlias recebem orienta\u00e7\u00f5es sobre o processo de separa\u00e7\u00e3o e ingresso escolar no CEI Palmital."},{"@type":"WebSite","@id":"https:\/\/www.feyalegria.org\/brasil\/#website","url":"https:\/\/www.feyalegria.org\/brasil\/","name":"#SomosF\u00e9eAlegria en Brasil","description":"","potentialAction":[{"@type":"SearchAction","target":{"@type":"EntryPoint","urlTemplate":"https:\/\/www.feyalegria.org\/brasil\/?s={search_term_string}"},"query-input":{"@type":"PropertyValueSpecification","valueRequired":true,"valueName":"search_term_string"}}],"inLanguage":"es-CO"},{"@type":"Person","@id":"https:\/\/www.feyalegria.org\/brasil\/#\/schema\/person\/f2c58927c54060575b9e7c44d31d16e9","name":"Laura Meurer","url":"https:\/\/www.feyalegria.org\/brasil\/author\/adminbr02\/"}]}},"_links":{"self":[{"href":"https:\/\/www.feyalegria.org\/brasil\/wp-json\/wp\/v2\/posts\/29818","targetHints":{"allow":["GET"]}}],"collection":[{"href":"https:\/\/www.feyalegria.org\/brasil\/wp-json\/wp\/v2\/posts"}],"about":[{"href":"https:\/\/www.feyalegria.org\/brasil\/wp-json\/wp\/v2\/types\/post"}],"author":[{"embeddable":true,"href":"https:\/\/www.feyalegria.org\/brasil\/wp-json\/wp\/v2\/users\/68"}],"replies":[{"embeddable":true,"href":"https:\/\/www.feyalegria.org\/brasil\/wp-json\/wp\/v2\/comments?post=29818"}],"version-history":[{"count":5,"href":"https:\/\/www.feyalegria.org\/brasil\/wp-json\/wp\/v2\/posts\/29818\/revisions"}],"predecessor-version":[{"id":29825,"href":"https:\/\/www.feyalegria.org\/brasil\/wp-json\/wp\/v2\/posts\/29818\/revisions\/29825"}],"wp:featuredmedia":[{"embeddable":true,"href":"https:\/\/www.feyalegria.org\/brasil\/wp-json\/wp\/v2\/media\/29820"}],"wp:attachment":[{"href":"https:\/\/www.feyalegria.org\/brasil\/wp-json\/wp\/v2\/media?parent=29818"}],"wp:term":[{"taxonomy":"category","embeddable":true,"href":"https:\/\/www.feyalegria.org\/brasil\/wp-json\/wp\/v2\/categories?post=29818"},{"taxonomy":"post_tag","embeddable":true,"href":"https:\/\/www.feyalegria.org\/brasil\/wp-json\/wp\/v2\/tags?post=29818"},{"taxonomy":"post_folder","embeddable":true,"href":"https:\/\/www.feyalegria.org\/brasil\/wp-json\/wp\/v2\/post_folder?post=29818"}],"curies":[{"name":"wp","href":"https:\/\/api.w.org\/{rel}","templated":true}]}}