 {"id":30030,"date":"2026-04-28T09:54:12","date_gmt":"2026-04-28T12:54:12","guid":{"rendered":"https:\/\/www.feyalegria.org\/brasil\/?p=30030"},"modified":"2026-04-28T09:58:24","modified_gmt":"2026-04-28T12:58:24","slug":"acao-dia-da-menina-manaus","status":"publish","type":"post","link":"https:\/\/www.feyalegria.org\/brasil\/acao-dia-da-menina-manaus\/","title":{"rendered":"II A\u00e7\u00e3o Dia da Menina promove bem-estar e valoriza\u00e7\u00e3o da autoestima em Manaus"},"content":{"rendered":"<div class=\"wpb-content-wrapper\"><p>[vc_row][vc_column][vc_column_text css=&#8221;&#8221;]<\/p>\n<p>&nbsp;<\/p>\n<p><span class=\"TextRun SCXW261153162 BCX8\" lang=\"PT-BR\" xml:lang=\"PT-BR\" data-contrast=\"auto\"><span class=\"NormalTextRun SCXW261153162 BCX8\">Encontro reuniu 24 participantes em atividades de cuidado pessoal e rodas de conversa voltadas ao empoderamento feminino<\/span><\/span><span class=\"EOP Selected SCXW261153162 BCX8\" data-ccp-props=\"{&quot;335551550&quot;:6,&quot;335551620&quot;:6}\">\u00a0<\/span>[\/vc_column_text][vc_column_text css=&#8221;&#8221;]<span data-contrast=\"auto\">Um grupo de 24 meninas participou da segunda edi\u00e7\u00e3o da A\u00e7\u00e3o Dia da Menina no dia 19 de mar\u00e7o,\u00a0no centro de F\u00e9 alegria Manaus (AM).\u00a0A iniciativa integra o projeto Educa\u00e7\u00e3o para o Cuidado, que promove a educa\u00e7\u00e3o integral com foco na preven\u00e7\u00e3o de viol\u00eancias e no desenvolvimento socioemocional de crian\u00e7as e adolescentes.<\/span><\/p>\n<p><span data-ccp-props=\"{&quot;335551550&quot;:6,&quot;335551620&quot;:6}\">\u00a0<\/span><\/p>\n<p><span data-contrast=\"auto\">O encontro aconteceu em um ambiente\u00a0pensado para ser um espa\u00e7o\u00a0onde as jovens pudessem se expressar e se reconhecer. Durante a programa\u00e7\u00e3o, foram realizados di\u00e1logos sobre o significado do cuidado e o que representa ser menina em diferentes contextos, incentivando a reflex\u00e3o sobre identidade e hist\u00f3ria pessoal.<\/span><span data-ccp-props=\"{&quot;335551550&quot;:6,&quot;335551620&quot;:6}\">\u00a0<\/span><\/p>\n<p>&nbsp;<\/p>\n<p><span data-contrast=\"auto\">Para tornar o dia mais leve e promover a conviv\u00eancia, a equipe organizou atividades pr\u00e1ticas como maquiagem, esmalta\u00e7\u00e3o de unhas, penteados e massagens, al\u00e9m de momentos de m\u00fasica e karaok\u00ea. O objetivo foi estimular o protagonismo das participantes e construir uma cultura de cuidado coletivo, respeito e ajuda m\u00fatua no cotidiano.<\/span><span data-ccp-props=\"{&quot;335551550&quot;:6,&quot;335551620&quot;:6}\">\u00a0<\/span><\/p>\n<p>&nbsp;<\/p>\n<p><span data-contrast=\"auto\">A aluna Geovana Figueiredo destacou que o momento foi\u00a0muito\u00a0prazeroso:\u00a0&#8220;foi bem relaxante, fiz maquiagem, limpeza de pele e pintei as\u00a0unhas. Eu gostei bastante, foi muito legal&#8221;. A estudante Rebeca Fran\u00e7a compartilhou a mesma satisfa\u00e7\u00e3o ao comentar:\u00a0&#8220;eu\u00a0me senti bonita\u00a0e amei a tran\u00e7a que fizeram em mim&#8221;.<\/span><span data-ccp-props=\"{&quot;335551550&quot;:6,&quot;335551620&quot;:6}\">\u00a0<\/span><\/p>\n<p>&nbsp;<\/p>\n<p><span data-contrast=\"auto\">A educadora Beatriz de S\u00e1\u00a0falou sobre\u00a0os benef\u00edcios\u00a0da\u00a0atividade. Segundo ela, &#8220;foi um momento\u00a0de\u00a0valoriza\u00e7\u00e3o\u00a0\u00a0das\u00a0meninas,\u00a0que\u00a0as ajudou\u00a0a\u00a0compreender\u00a0a import\u00e2ncia do autocuidado. Ap\u00f3s a atividade, na roda de conversa, percebemos que elas se aproximaram mais, passaram a se ouvir e a trocar entre si. <\/span><\/p>\n<p>&nbsp;<\/p>\n<p><span data-contrast=\"auto\">Muitas vezes, elas s\u00f3 precisam de um espa\u00e7o de escuta e\u00a0de\u00a0cuidado. Tamb\u00e9m dialogamos sobre empoderamento feminino e a import\u00e2ncia de se valorizarem. Foi um momento muito positivo, com participa\u00e7\u00e3o ativa, colabora\u00e7\u00e3o entre elas e muita alegria&#8221;.<\/span><span data-ccp-props=\"{&quot;335551550&quot;:6,&quot;335551620&quot;:6}\">\u00a0<\/span>[\/vc_column_text][\/vc_column][\/vc_row][vc_row][vc_column][vc_single_image image=&#8221;30034&#8243; img_size=&#8221;500&#215;300&#8243; css=&#8221;&#8221;][\/vc_column][\/vc_row]<\/p>\n<\/div>","protected":false},"excerpt":{"rendered":"<p>[vc_row][vc_column][vc_column_text css=&#8221;&#8221;] &nbsp; Encontro reuniu 24 participantes em atividades de cuidado pessoal e rodas de conversa voltadas ao empoderamento feminino\u00a0[\/vc_column_text][vc_column_text css=&#8221;&#8221;]Um grupo de 24 meninas participou da segunda edi\u00e7\u00e3o da A\u00e7\u00e3o Dia da Menina no dia 19 de mar\u00e7o,\u00a0no centro de F\u00e9 alegria Manaus (AM).\u00a0A iniciativa integra o projeto Educa\u00e7\u00e3o para o Cuidado, que promove<\/p>\n","protected":false},"author":68,"featured_media":30032,"comment_status":"open","ping_status":"open","sticky":false,"template":"","format":"standard","meta":{"_acf_changed":false,"footnotes":""},"categories":[391,387,183,432,384],"tags":[1444,1502,408,428],"post_folder":[],"class_list":["post-30030","post","type-post","status-publish","format-standard","has-post-thumbnail","hentry","category-comunicado-pt","category-educacion-pt","category-noticias","category-noticias-pt","category-uncategorized-pt","tag-acao-social","tag-empoderamento-feminino","tag-fe-e-alegria","tag-manaus"],"acf":[],"yoast_head":"<!-- This site is optimized with the Yoast SEO plugin v27.5 - https:\/\/yoast.com\/product\/yoast-seo-wordpress\/ -->\n<title>II A\u00e7\u00e3o Dia da Menina promove bem-estar e valoriza\u00e7\u00e3o da autoestima em Manaus - #SomosF\u00e9eAlegria en Brasil II A\u00e7\u00e3o Dia da Menina em Manaus: Empoderamento e Autocuidado<\/title>\n<meta name=\"description\" content=\"A II A\u00e7\u00e3o Dia da Menina em Manaus promoveu bem-estar e autoestima para 24 jovens. Conhe\u00e7a a iniciativa de empoderamento do projeto Educa\u00e7\u00e3o para o Cuidado.\" \/>\n<meta name=\"robots\" content=\"index, follow, max-snippet:-1, max-image-preview:large, max-video-preview:-1\" \/>\n<link rel=\"canonical\" href=\"https:\/\/www.feyalegria.org\/brasil\/acao-dia-da-menina-manaus\/\" \/>\n<meta property=\"og:locale\" content=\"es_ES\" \/>\n<meta property=\"og:type\" content=\"article\" \/>\n<meta property=\"og:title\" content=\"II A\u00e7\u00e3o Dia da Menina promove bem-estar e valoriza\u00e7\u00e3o da autoestima em Manaus - #SomosF\u00e9eAlegria en Brasil II A\u00e7\u00e3o Dia da Menina em Manaus: Empoderamento e Autocuidado\" \/>\n<meta property=\"og:description\" content=\"A II A\u00e7\u00e3o Dia da Menina em Manaus promoveu bem-estar e autoestima para 24 jovens. Conhe\u00e7a a iniciativa de empoderamento do projeto Educa\u00e7\u00e3o para o Cuidado.\" \/>\n<meta property=\"og:url\" content=\"https:\/\/www.feyalegria.org\/brasil\/acao-dia-da-menina-manaus\/\" \/>\n<meta property=\"og:site_name\" content=\"#SomosF\u00e9eAlegria en Brasil\" \/>\n<meta property=\"article:published_time\" content=\"2026-04-28T12:54:12+00:00\" \/>\n<meta property=\"article:modified_time\" content=\"2026-04-28T12:58:24+00:00\" \/>\n<meta property=\"og:image\" content=\"https:\/\/d3pugrm67vf9n7.cloudfront.net\/wp-content\/uploads\/sites\/23\/2026\/04\/28095155\/Dia-da-menina.jpg\" \/>\n\t<meta property=\"og:image:width\" content=\"1000\" \/>\n\t<meta property=\"og:image:height\" content=\"500\" \/>\n\t<meta property=\"og:image:type\" content=\"image\/jpeg\" \/>\n<meta name=\"author\" content=\"Laura Meurer\" \/>\n<meta name=\"twitter:card\" content=\"summary_large_image\" \/>\n<meta name=\"twitter:label1\" content=\"Escrito por\" \/>\n\t<meta name=\"twitter:data1\" content=\"Laura Meurer\" \/>\n\t<meta name=\"twitter:label2\" content=\"Tiempo de lectura\" \/>\n\t<meta name=\"twitter:data2\" content=\"2 minutos\" \/>\n<script type=\"application\/ld+json\" class=\"yoast-schema-graph\">{\"@context\":\"https:\\\/\\\/schema.org\",\"@graph\":[{\"@type\":\"Article\",\"@id\":\"https:\\\/\\\/www.feyalegria.org\\\/brasil\\\/acao-dia-da-menina-manaus\\\/#article\",\"isPartOf\":{\"@id\":\"https:\\\/\\\/www.feyalegria.org\\\/brasil\\\/acao-dia-da-menina-manaus\\\/\"},\"author\":{\"name\":\"Laura Meurer\",\"@id\":\"https:\\\/\\\/www.feyalegria.org\\\/brasil\\\/#\\\/schema\\\/person\\\/f2c58927c54060575b9e7c44d31d16e9\"},\"headline\":\"II A\u00e7\u00e3o Dia da Menina promove bem-estar e valoriza\u00e7\u00e3o da autoestima em Manaus\",\"datePublished\":\"2026-04-28T12:54:12+00:00\",\"dateModified\":\"2026-04-28T12:58:24+00:00\",\"mainEntityOfPage\":{\"@id\":\"https:\\\/\\\/www.feyalegria.org\\\/brasil\\\/acao-dia-da-menina-manaus\\\/\"},\"wordCount\":396,\"commentCount\":0,\"image\":{\"@id\":\"https:\\\/\\\/www.feyalegria.org\\\/brasil\\\/acao-dia-da-menina-manaus\\\/#primaryimage\"},\"thumbnailUrl\":\"https:\\\/\\\/d3pugrm67vf9n7.cloudfront.net\\\/wp-content\\\/uploads\\\/sites\\\/23\\\/2026\\\/04\\\/28095155\\\/Dia-da-menina.jpg\",\"keywords\":[\"A\u00e7\u00e3o Social\",\"Empoderamento Feminino\",\"F\u00e9 e Alegria\",\"Manaus\"],\"articleSection\":[\"Comunicado\",\"Educaci\u00f3n\",\"Noticias\",\"Noticias\",\"Uncategorized\"],\"inLanguage\":\"es-CO\",\"potentialAction\":[{\"@type\":\"CommentAction\",\"name\":\"Comment\",\"target\":[\"https:\\\/\\\/www.feyalegria.org\\\/brasil\\\/acao-dia-da-menina-manaus\\\/#respond\"]}]},{\"@type\":\"WebPage\",\"@id\":\"https:\\\/\\\/www.feyalegria.org\\\/brasil\\\/acao-dia-da-menina-manaus\\\/\",\"url\":\"https:\\\/\\\/www.feyalegria.org\\\/brasil\\\/acao-dia-da-menina-manaus\\\/\",\"name\":\"II A\u00e7\u00e3o Dia da Menina promove bem-estar e valoriza\u00e7\u00e3o da autoestima em Manaus - #SomosF\u00e9eAlegria en Brasil II A\u00e7\u00e3o Dia da Menina em Manaus: Empoderamento e Autocuidado\",\"isPartOf\":{\"@id\":\"https:\\\/\\\/www.feyalegria.org\\\/brasil\\\/#website\"},\"primaryImageOfPage\":{\"@id\":\"https:\\\/\\\/www.feyalegria.org\\\/brasil\\\/acao-dia-da-menina-manaus\\\/#primaryimage\"},\"image\":{\"@id\":\"https:\\\/\\\/www.feyalegria.org\\\/brasil\\\/acao-dia-da-menina-manaus\\\/#primaryimage\"},\"thumbnailUrl\":\"https:\\\/\\\/d3pugrm67vf9n7.cloudfront.net\\\/wp-content\\\/uploads\\\/sites\\\/23\\\/2026\\\/04\\\/28095155\\\/Dia-da-menina.jpg\",\"datePublished\":\"2026-04-28T12:54:12+00:00\",\"dateModified\":\"2026-04-28T12:58:24+00:00\",\"author\":{\"@id\":\"https:\\\/\\\/www.feyalegria.org\\\/brasil\\\/#\\\/schema\\\/person\\\/f2c58927c54060575b9e7c44d31d16e9\"},\"description\":\"A II A\u00e7\u00e3o Dia da Menina em Manaus promoveu bem-estar e autoestima para 24 jovens. Conhe\u00e7a a iniciativa de empoderamento do projeto Educa\u00e7\u00e3o para o Cuidado.\",\"inLanguage\":\"es-CO\",\"potentialAction\":[{\"@type\":\"ReadAction\",\"target\":[\"https:\\\/\\\/www.feyalegria.org\\\/brasil\\\/acao-dia-da-menina-manaus\\\/\"]}]},{\"@type\":\"ImageObject\",\"inLanguage\":\"es-CO\",\"@id\":\"https:\\\/\\\/www.feyalegria.org\\\/brasil\\\/acao-dia-da-menina-manaus\\\/#primaryimage\",\"url\":\"https:\\\/\\\/d3pugrm67vf9n7.cloudfront.net\\\/wp-content\\\/uploads\\\/sites\\\/23\\\/2026\\\/04\\\/28095155\\\/Dia-da-menina.jpg\",\"contentUrl\":\"https:\\\/\\\/d3pugrm67vf9n7.cloudfront.net\\\/wp-content\\\/uploads\\\/sites\\\/23\\\/2026\\\/04\\\/28095155\\\/Dia-da-menina.jpg\",\"width\":1000,\"height\":500,\"caption\":\"Meninas participando de oficina de autocuidado na A\u00e7\u00e3o Dia da Menina em Manaus.\"},{\"@type\":\"WebSite\",\"@id\":\"https:\\\/\\\/www.feyalegria.org\\\/brasil\\\/#website\",\"url\":\"https:\\\/\\\/www.feyalegria.org\\\/brasil\\\/\",\"name\":\"#SomosF\u00e9eAlegria en Brasil\",\"description\":\"\",\"potentialAction\":[{\"@type\":\"SearchAction\",\"target\":{\"@type\":\"EntryPoint\",\"urlTemplate\":\"https:\\\/\\\/www.feyalegria.org\\\/brasil\\\/?s={search_term_string}\"},\"query-input\":{\"@type\":\"PropertyValueSpecification\",\"valueRequired\":true,\"valueName\":\"search_term_string\"}}],\"inLanguage\":\"es-CO\"},{\"@type\":\"Person\",\"@id\":\"https:\\\/\\\/www.feyalegria.org\\\/brasil\\\/#\\\/schema\\\/person\\\/f2c58927c54060575b9e7c44d31d16e9\",\"name\":\"Laura Meurer\",\"url\":\"https:\\\/\\\/www.feyalegria.org\\\/brasil\\\/author\\\/adminbr02\\\/\"}]}<\/script>\n<!-- \/ Yoast SEO plugin. -->","yoast_head_json":{"title":"II A\u00e7\u00e3o Dia da Menina promove bem-estar e valoriza\u00e7\u00e3o da autoestima em Manaus - #SomosF\u00e9eAlegria en Brasil II A\u00e7\u00e3o Dia da Menina em Manaus: Empoderamento e Autocuidado","description":"A II A\u00e7\u00e3o Dia da Menina em Manaus promoveu bem-estar e autoestima para 24 jovens. Conhe\u00e7a a iniciativa de empoderamento do projeto Educa\u00e7\u00e3o para o Cuidado.","robots":{"index":"index","follow":"follow","max-snippet":"max-snippet:-1","max-image-preview":"max-image-preview:large","max-video-preview":"max-video-preview:-1"},"canonical":"https:\/\/www.feyalegria.org\/brasil\/acao-dia-da-menina-manaus\/","og_locale":"es_ES","og_type":"article","og_title":"II A\u00e7\u00e3o Dia da Menina promove bem-estar e valoriza\u00e7\u00e3o da autoestima em Manaus - #SomosF\u00e9eAlegria en Brasil II A\u00e7\u00e3o Dia da Menina em Manaus: Empoderamento e Autocuidado","og_description":"A II A\u00e7\u00e3o Dia da Menina em Manaus promoveu bem-estar e autoestima para 24 jovens. Conhe\u00e7a a iniciativa de empoderamento do projeto Educa\u00e7\u00e3o para o Cuidado.","og_url":"https:\/\/www.feyalegria.org\/brasil\/acao-dia-da-menina-manaus\/","og_site_name":"#SomosF\u00e9eAlegria en Brasil","article_published_time":"2026-04-28T12:54:12+00:00","article_modified_time":"2026-04-28T12:58:24+00:00","og_image":[{"width":1000,"height":500,"url":"https:\/\/d3pugrm67vf9n7.cloudfront.net\/wp-content\/uploads\/sites\/23\/2026\/04\/28095155\/Dia-da-menina.jpg","type":"image\/jpeg"}],"author":"Laura Meurer","twitter_card":"summary_large_image","twitter_misc":{"Escrito por":"Laura Meurer","Tiempo de lectura":"2 minutos"},"schema":{"@context":"https:\/\/schema.org","@graph":[{"@type":"Article","@id":"https:\/\/www.feyalegria.org\/brasil\/acao-dia-da-menina-manaus\/#article","isPartOf":{"@id":"https:\/\/www.feyalegria.org\/brasil\/acao-dia-da-menina-manaus\/"},"author":{"name":"Laura Meurer","@id":"https:\/\/www.feyalegria.org\/brasil\/#\/schema\/person\/f2c58927c54060575b9e7c44d31d16e9"},"headline":"II A\u00e7\u00e3o Dia da Menina promove bem-estar e valoriza\u00e7\u00e3o da autoestima em Manaus","datePublished":"2026-04-28T12:54:12+00:00","dateModified":"2026-04-28T12:58:24+00:00","mainEntityOfPage":{"@id":"https:\/\/www.feyalegria.org\/brasil\/acao-dia-da-menina-manaus\/"},"wordCount":396,"commentCount":0,"image":{"@id":"https:\/\/www.feyalegria.org\/brasil\/acao-dia-da-menina-manaus\/#primaryimage"},"thumbnailUrl":"https:\/\/d3pugrm67vf9n7.cloudfront.net\/wp-content\/uploads\/sites\/23\/2026\/04\/28095155\/Dia-da-menina.jpg","keywords":["A\u00e7\u00e3o Social","Empoderamento Feminino","F\u00e9 e Alegria","Manaus"],"articleSection":["Comunicado","Educaci\u00f3n","Noticias","Noticias","Uncategorized"],"inLanguage":"es-CO","potentialAction":[{"@type":"CommentAction","name":"Comment","target":["https:\/\/www.feyalegria.org\/brasil\/acao-dia-da-menina-manaus\/#respond"]}]},{"@type":"WebPage","@id":"https:\/\/www.feyalegria.org\/brasil\/acao-dia-da-menina-manaus\/","url":"https:\/\/www.feyalegria.org\/brasil\/acao-dia-da-menina-manaus\/","name":"II A\u00e7\u00e3o Dia da Menina promove bem-estar e valoriza\u00e7\u00e3o da autoestima em Manaus - #SomosF\u00e9eAlegria en Brasil II A\u00e7\u00e3o Dia da Menina em Manaus: Empoderamento e Autocuidado","isPartOf":{"@id":"https:\/\/www.feyalegria.org\/brasil\/#website"},"primaryImageOfPage":{"@id":"https:\/\/www.feyalegria.org\/brasil\/acao-dia-da-menina-manaus\/#primaryimage"},"image":{"@id":"https:\/\/www.feyalegria.org\/brasil\/acao-dia-da-menina-manaus\/#primaryimage"},"thumbnailUrl":"https:\/\/d3pugrm67vf9n7.cloudfront.net\/wp-content\/uploads\/sites\/23\/2026\/04\/28095155\/Dia-da-menina.jpg","datePublished":"2026-04-28T12:54:12+00:00","dateModified":"2026-04-28T12:58:24+00:00","author":{"@id":"https:\/\/www.feyalegria.org\/brasil\/#\/schema\/person\/f2c58927c54060575b9e7c44d31d16e9"},"description":"A II A\u00e7\u00e3o Dia da Menina em Manaus promoveu bem-estar e autoestima para 24 jovens. Conhe\u00e7a a iniciativa de empoderamento do projeto Educa\u00e7\u00e3o para o Cuidado.","inLanguage":"es-CO","potentialAction":[{"@type":"ReadAction","target":["https:\/\/www.feyalegria.org\/brasil\/acao-dia-da-menina-manaus\/"]}]},{"@type":"ImageObject","inLanguage":"es-CO","@id":"https:\/\/www.feyalegria.org\/brasil\/acao-dia-da-menina-manaus\/#primaryimage","url":"https:\/\/d3pugrm67vf9n7.cloudfront.net\/wp-content\/uploads\/sites\/23\/2026\/04\/28095155\/Dia-da-menina.jpg","contentUrl":"https:\/\/d3pugrm67vf9n7.cloudfront.net\/wp-content\/uploads\/sites\/23\/2026\/04\/28095155\/Dia-da-menina.jpg","width":1000,"height":500,"caption":"Meninas participando de oficina de autocuidado na A\u00e7\u00e3o Dia da Menina em Manaus."},{"@type":"WebSite","@id":"https:\/\/www.feyalegria.org\/brasil\/#website","url":"https:\/\/www.feyalegria.org\/brasil\/","name":"#SomosF\u00e9eAlegria en Brasil","description":"","potentialAction":[{"@type":"SearchAction","target":{"@type":"EntryPoint","urlTemplate":"https:\/\/www.feyalegria.org\/brasil\/?s={search_term_string}"},"query-input":{"@type":"PropertyValueSpecification","valueRequired":true,"valueName":"search_term_string"}}],"inLanguage":"es-CO"},{"@type":"Person","@id":"https:\/\/www.feyalegria.org\/brasil\/#\/schema\/person\/f2c58927c54060575b9e7c44d31d16e9","name":"Laura Meurer","url":"https:\/\/www.feyalegria.org\/brasil\/author\/adminbr02\/"}]}},"_links":{"self":[{"href":"https:\/\/www.feyalegria.org\/brasil\/wp-json\/wp\/v2\/posts\/30030","targetHints":{"allow":["GET"]}}],"collection":[{"href":"https:\/\/www.feyalegria.org\/brasil\/wp-json\/wp\/v2\/posts"}],"about":[{"href":"https:\/\/www.feyalegria.org\/brasil\/wp-json\/wp\/v2\/types\/post"}],"author":[{"embeddable":true,"href":"https:\/\/www.feyalegria.org\/brasil\/wp-json\/wp\/v2\/users\/68"}],"replies":[{"embeddable":true,"href":"https:\/\/www.feyalegria.org\/brasil\/wp-json\/wp\/v2\/comments?post=30030"}],"version-history":[{"count":6,"href":"https:\/\/www.feyalegria.org\/brasil\/wp-json\/wp\/v2\/posts\/30030\/revisions"}],"predecessor-version":[{"id":30038,"href":"https:\/\/www.feyalegria.org\/brasil\/wp-json\/wp\/v2\/posts\/30030\/revisions\/30038"}],"wp:featuredmedia":[{"embeddable":true,"href":"https:\/\/www.feyalegria.org\/brasil\/wp-json\/wp\/v2\/media\/30032"}],"wp:attachment":[{"href":"https:\/\/www.feyalegria.org\/brasil\/wp-json\/wp\/v2\/media?parent=30030"}],"wp:term":[{"taxonomy":"category","embeddable":true,"href":"https:\/\/www.feyalegria.org\/brasil\/wp-json\/wp\/v2\/categories?post=30030"},{"taxonomy":"post_tag","embeddable":true,"href":"https:\/\/www.feyalegria.org\/brasil\/wp-json\/wp\/v2\/tags?post=30030"},{"taxonomy":"post_folder","embeddable":true,"href":"https:\/\/www.feyalegria.org\/brasil\/wp-json\/wp\/v2\/post_folder?post=30030"}],"curies":[{"name":"wp","href":"https:\/\/api.w.org\/{rel}","templated":true}]}}