 {"id":30039,"date":"2026-04-28T11:06:06","date_gmt":"2026-04-28T14:06:06","guid":{"rendered":"https:\/\/www.feyalegria.org\/brasil\/?p=30039"},"modified":"2026-04-28T11:06:06","modified_gmt":"2026-04-28T14:06:06","slug":"atividades-protagonismo-feminino-joao-pessoa","status":"publish","type":"post","link":"https:\/\/www.feyalegria.org\/brasil\/atividades-protagonismo-feminino-joao-pessoa\/","title":{"rendered":"Atividades sobre protagonismo feminino e bem-estar marcam o m\u00eas de mar\u00e7o em Jo\u00e3o Pessoa"},"content":{"rendered":"<div class=\"wpb-content-wrapper\"><p>[vc_row][vc_column][vc_column_text css=&#8221;&#8221;]<\/p>\n<p>&nbsp;<\/p>\n<p><span class=\"TextRun SCXW51632048 BCX8\" lang=\"PT-BR\" xml:lang=\"PT-BR\" data-contrast=\"auto\"><span class=\"NormalTextRun SCXW51632048 BCX8\">Programa\u00e7\u00e3o incluiu debates com educandos, momentos de relaxamento para colaboradoras e forma\u00e7\u00e3o profissional voltada ao Terceiro Setor<\/span><\/span><span class=\"TextRun SCXW51632048 BCX8\" lang=\"PT-BR\" xml:lang=\"PT-BR\" data-contrast=\"auto\"><span class=\"NormalTextRun SCXW51632048 BCX8\">.<\/span><\/span><span class=\"EOP Selected SCXW51632048 BCX8\" data-ccp-props=\"{&quot;335551550&quot;:6,&quot;335551620&quot;:6}\">\u00a0<\/span>[\/vc_column_text][vc_column_text css=&#8221;&#8221;]<span data-contrast=\"auto\"> No dia 16 de mar\u00e7o,\u00a0o centro de\u00a0F\u00e9 e Alegria\u00a0em Jo\u00e3o Pessoa (PB)\u00a0realizou\u00a0atividades educativas dedicadas ao tema das mulheres com os educandos de seus projetos.\u00a0A programa\u00e7\u00e3o\u00a0contou com debates, leituras tem\u00e1ticas e a produ\u00e7\u00e3o de frases e v\u00eddeos elaborados pelos pr\u00f3prios participantes para sintetizar os aprendizados do per\u00edodo. A iniciativa buscou promover a reflex\u00e3o e o protagonismo dos jove<img loading=\"lazy\" decoding=\"async\" class=\"wp-image-30044 alignleft\" src=\"https:\/\/d3pugrm67vf9n7.cloudfront.net\/wp-content\/uploads\/sites\/23\/2026\/04\/28110259\/WhatsApp-Image-2026-04-01-at-15.50.34.jpeg\" alt=\"\" width=\"209\" height=\"278\" srcset=\"https:\/\/d3pugrm67vf9n7.cloudfront.net\/wp-content\/uploads\/sites\/23\/2026\/04\/28110259\/WhatsApp-Image-2026-04-01-at-15.50.34.jpeg 1200w, https:\/\/d3pugrm67vf9n7.cloudfront.net\/wp-content\/uploads\/sites\/23\/2026\/04\/28110259\/WhatsApp-Image-2026-04-01-at-15.50.34-225x300.jpeg 225w, https:\/\/d3pugrm67vf9n7.cloudfront.net\/wp-content\/uploads\/sites\/23\/2026\/04\/28110259\/WhatsApp-Image-2026-04-01-at-15.50.34-768x1024.jpeg 768w, https:\/\/d3pugrm67vf9n7.cloudfront.net\/wp-content\/uploads\/sites\/23\/2026\/04\/28110259\/WhatsApp-Image-2026-04-01-at-15.50.34-1152x1536.jpeg 1152w\" sizes=\"auto, (max-width: 209px) 100vw, 209px\" \/>ns atendidos pelo movimento<\/span> <span data-ccp-props=\"{&quot;335551550&quot;:6,&quot;335551620&quot;:6}\">\u00a0<\/span><\/p>\n<p>&nbsp;<\/p>\n<p><span data-contrast=\"auto\">Al\u00e9m das a\u00e7\u00f5es com os alunos, a organiza\u00e7\u00e3o dedicou uma agenda especial ao p\u00fablico interno no dia 13 de mar\u00e7o. Logo no in\u00edcio da manh\u00e3, a equipe diretiva promoveu o momento &#8220;Cuidar de quem cuida&#8221;, voltado \u00e0s colaboradoras.<\/span><\/p>\n<p>&nbsp;<\/p>\n<p><span data-contrast=\"auto\"> A atividade ofereceu um espa\u00e7o de reflex\u00e3o e relaxamento, incluindo a pr\u00e1tica de escalda-p\u00e9s para revigorar as energias e aliviar o cansa\u00e7o da rotina de trabalho. No mesmo dia, entre 9h30 e 12h30, toda a equipe participou de uma forma\u00e7\u00e3o ministrada pela S.J. Assessoria,\u00a0sobre como manter times motivados e organiza\u00e7\u00f5es fortes no Terceiro Setor, um encontro focado no fortalecimento de v\u00ednculos.<\/span><span data-ccp-props=\"{&quot;335551550&quot;:6,&quot;335551620&quot;:6}\">\u00a0<\/span>[\/vc_column_text][\/vc_column][\/vc_row]<\/p>\n<\/div>","protected":false},"excerpt":{"rendered":"<p>[vc_row][vc_column][vc_column_text css=&#8221;&#8221;] &nbsp; Programa\u00e7\u00e3o incluiu debates com educandos, momentos de relaxamento para colaboradoras e forma\u00e7\u00e3o profissional voltada ao Terceiro Setor.\u00a0[\/vc_column_text][vc_column_text css=&#8221;&#8221;] No dia 16 de mar\u00e7o,\u00a0o centro de\u00a0F\u00e9 e Alegria\u00a0em Jo\u00e3o Pessoa (PB)\u00a0realizou\u00a0atividades educativas dedicadas ao tema das mulheres com os educandos de seus projetos.\u00a0A programa\u00e7\u00e3o\u00a0contou com debates, leituras tem\u00e1ticas e a produ\u00e7\u00e3o de frases<\/p>\n","protected":false},"author":68,"featured_media":30040,"comment_status":"open","ping_status":"open","sticky":false,"template":"","format":"standard","meta":{"_acf_changed":false,"footnotes":""},"categories":[391,25,141,432,183,384],"tags":[],"post_folder":[],"class_list":["post-30039","post","type-post","status-publish","format-standard","has-post-thumbnail","hentry","category-comunicado-pt","category-comunicado","category-educacion","category-noticias-pt","category-noticias","category-uncategorized-pt"],"acf":[],"yoast_head":"<!-- This site is optimized with the Yoast SEO plugin v27.5 - https:\/\/yoast.com\/product\/yoast-seo-wordpress\/ -->\n<title>Atividades sobre protagonismo feminino e bem-estar marcam o m\u00eas de mar\u00e7o em Jo\u00e3o Pessoa - #SomosF\u00e9eAlegria en Brasil Atividades de protagonismo feminino e bem-estar em Jo\u00e3o Pessoa<\/title>\n<meta name=\"description\" content=\"O centro de F\u00e9 e Alegria em Jo\u00e3o Pessoa promoveu a\u00e7\u00f5es de protagonismo feminino e bem-estar. Confira os destaques com educandos e a forma\u00e7\u00e3o da equipe\" \/>\n<meta name=\"robots\" content=\"index, follow, max-snippet:-1, max-image-preview:large, max-video-preview:-1\" \/>\n<link rel=\"canonical\" href=\"https:\/\/www.feyalegria.org\/brasil\/atividades-protagonismo-feminino-joao-pessoa\/\" \/>\n<meta property=\"og:locale\" content=\"es_ES\" \/>\n<meta property=\"og:type\" content=\"article\" \/>\n<meta property=\"og:title\" content=\"Atividades sobre protagonismo feminino e bem-estar marcam o m\u00eas de mar\u00e7o em Jo\u00e3o Pessoa - #SomosF\u00e9eAlegria en Brasil Atividades de protagonismo feminino e bem-estar em Jo\u00e3o Pessoa\" \/>\n<meta property=\"og:description\" content=\"O centro de F\u00e9 e Alegria em Jo\u00e3o Pessoa promoveu a\u00e7\u00f5es de protagonismo feminino e bem-estar. Confira os destaques com educandos e a forma\u00e7\u00e3o da equipe\" \/>\n<meta property=\"og:url\" content=\"https:\/\/www.feyalegria.org\/brasil\/atividades-protagonismo-feminino-joao-pessoa\/\" \/>\n<meta property=\"og:site_name\" content=\"#SomosF\u00e9eAlegria en Brasil\" \/>\n<meta property=\"article:published_time\" content=\"2026-04-28T14:06:06+00:00\" \/>\n<meta property=\"og:image\" content=\"https:\/\/d3pugrm67vf9n7.cloudfront.net\/wp-content\/uploads\/sites\/23\/2026\/04\/28104330\/Encontro-da-mulher.jpg\" \/>\n\t<meta property=\"og:image:width\" content=\"1000\" \/>\n\t<meta property=\"og:image:height\" content=\"500\" \/>\n\t<meta property=\"og:image:type\" content=\"image\/jpeg\" \/>\n<meta name=\"author\" content=\"Laura Meurer\" \/>\n<meta name=\"twitter:card\" content=\"summary_large_image\" \/>\n<meta name=\"twitter:label1\" content=\"Escrito por\" \/>\n\t<meta name=\"twitter:data1\" content=\"Laura Meurer\" \/>\n\t<meta name=\"twitter:label2\" content=\"Tiempo de lectura\" \/>\n\t<meta name=\"twitter:data2\" content=\"2 minutos\" \/>\n<script type=\"application\/ld+json\" class=\"yoast-schema-graph\">{\"@context\":\"https:\\\/\\\/schema.org\",\"@graph\":[{\"@type\":\"Article\",\"@id\":\"https:\\\/\\\/www.feyalegria.org\\\/brasil\\\/atividades-protagonismo-feminino-joao-pessoa\\\/#article\",\"isPartOf\":{\"@id\":\"https:\\\/\\\/www.feyalegria.org\\\/brasil\\\/atividades-protagonismo-feminino-joao-pessoa\\\/\"},\"author\":{\"name\":\"Laura Meurer\",\"@id\":\"https:\\\/\\\/www.feyalegria.org\\\/brasil\\\/#\\\/schema\\\/person\\\/f2c58927c54060575b9e7c44d31d16e9\"},\"headline\":\"Atividades sobre protagonismo feminino e bem-estar marcam o m\u00eas de mar\u00e7o em Jo\u00e3o Pessoa\",\"datePublished\":\"2026-04-28T14:06:06+00:00\",\"mainEntityOfPage\":{\"@id\":\"https:\\\/\\\/www.feyalegria.org\\\/brasil\\\/atividades-protagonismo-feminino-joao-pessoa\\\/\"},\"wordCount\":250,\"commentCount\":0,\"image\":{\"@id\":\"https:\\\/\\\/www.feyalegria.org\\\/brasil\\\/atividades-protagonismo-feminino-joao-pessoa\\\/#primaryimage\"},\"thumbnailUrl\":\"https:\\\/\\\/d3pugrm67vf9n7.cloudfront.net\\\/wp-content\\\/uploads\\\/sites\\\/23\\\/2026\\\/04\\\/28104330\\\/Encontro-da-mulher.jpg\",\"articleSection\":[\"Comunicado\",\"Comunicado\",\"Educaci\u00f3n\",\"Noticias\",\"Noticias\",\"Uncategorized\"],\"inLanguage\":\"es-CO\",\"potentialAction\":[{\"@type\":\"CommentAction\",\"name\":\"Comment\",\"target\":[\"https:\\\/\\\/www.feyalegria.org\\\/brasil\\\/atividades-protagonismo-feminino-joao-pessoa\\\/#respond\"]}]},{\"@type\":\"WebPage\",\"@id\":\"https:\\\/\\\/www.feyalegria.org\\\/brasil\\\/atividades-protagonismo-feminino-joao-pessoa\\\/\",\"url\":\"https:\\\/\\\/www.feyalegria.org\\\/brasil\\\/atividades-protagonismo-feminino-joao-pessoa\\\/\",\"name\":\"Atividades sobre protagonismo feminino e bem-estar marcam o m\u00eas de mar\u00e7o em Jo\u00e3o Pessoa - #SomosF\u00e9eAlegria en Brasil Atividades de protagonismo feminino e bem-estar em Jo\u00e3o Pessoa\",\"isPartOf\":{\"@id\":\"https:\\\/\\\/www.feyalegria.org\\\/brasil\\\/#website\"},\"primaryImageOfPage\":{\"@id\":\"https:\\\/\\\/www.feyalegria.org\\\/brasil\\\/atividades-protagonismo-feminino-joao-pessoa\\\/#primaryimage\"},\"image\":{\"@id\":\"https:\\\/\\\/www.feyalegria.org\\\/brasil\\\/atividades-protagonismo-feminino-joao-pessoa\\\/#primaryimage\"},\"thumbnailUrl\":\"https:\\\/\\\/d3pugrm67vf9n7.cloudfront.net\\\/wp-content\\\/uploads\\\/sites\\\/23\\\/2026\\\/04\\\/28104330\\\/Encontro-da-mulher.jpg\",\"datePublished\":\"2026-04-28T14:06:06+00:00\",\"author\":{\"@id\":\"https:\\\/\\\/www.feyalegria.org\\\/brasil\\\/#\\\/schema\\\/person\\\/f2c58927c54060575b9e7c44d31d16e9\"},\"description\":\"O centro de F\u00e9 e Alegria em Jo\u00e3o Pessoa promoveu a\u00e7\u00f5es de protagonismo feminino e bem-estar. Confira os destaques com educandos e a forma\u00e7\u00e3o da equipe\",\"inLanguage\":\"es-CO\",\"potentialAction\":[{\"@type\":\"ReadAction\",\"target\":[\"https:\\\/\\\/www.feyalegria.org\\\/brasil\\\/atividades-protagonismo-feminino-joao-pessoa\\\/\"]}]},{\"@type\":\"ImageObject\",\"inLanguage\":\"es-CO\",\"@id\":\"https:\\\/\\\/www.feyalegria.org\\\/brasil\\\/atividades-protagonismo-feminino-joao-pessoa\\\/#primaryimage\",\"url\":\"https:\\\/\\\/d3pugrm67vf9n7.cloudfront.net\\\/wp-content\\\/uploads\\\/sites\\\/23\\\/2026\\\/04\\\/28104330\\\/Encontro-da-mulher.jpg\",\"contentUrl\":\"https:\\\/\\\/d3pugrm67vf9n7.cloudfront.net\\\/wp-content\\\/uploads\\\/sites\\\/23\\\/2026\\\/04\\\/28104330\\\/Encontro-da-mulher.jpg\",\"width\":1000,\"height\":500,\"caption\":\"rotagonismo feminino Jo\u00e3o Pessoa\"},{\"@type\":\"WebSite\",\"@id\":\"https:\\\/\\\/www.feyalegria.org\\\/brasil\\\/#website\",\"url\":\"https:\\\/\\\/www.feyalegria.org\\\/brasil\\\/\",\"name\":\"#SomosF\u00e9eAlegria en Brasil\",\"description\":\"\",\"potentialAction\":[{\"@type\":\"SearchAction\",\"target\":{\"@type\":\"EntryPoint\",\"urlTemplate\":\"https:\\\/\\\/www.feyalegria.org\\\/brasil\\\/?s={search_term_string}\"},\"query-input\":{\"@type\":\"PropertyValueSpecification\",\"valueRequired\":true,\"valueName\":\"search_term_string\"}}],\"inLanguage\":\"es-CO\"},{\"@type\":\"Person\",\"@id\":\"https:\\\/\\\/www.feyalegria.org\\\/brasil\\\/#\\\/schema\\\/person\\\/f2c58927c54060575b9e7c44d31d16e9\",\"name\":\"Laura Meurer\",\"url\":\"https:\\\/\\\/www.feyalegria.org\\\/brasil\\\/author\\\/adminbr02\\\/\"}]}<\/script>\n<!-- \/ Yoast SEO plugin. -->","yoast_head_json":{"title":"Atividades sobre protagonismo feminino e bem-estar marcam o m\u00eas de mar\u00e7o em Jo\u00e3o Pessoa - #SomosF\u00e9eAlegria en Brasil Atividades de protagonismo feminino e bem-estar em Jo\u00e3o Pessoa","description":"O centro de F\u00e9 e Alegria em Jo\u00e3o Pessoa promoveu a\u00e7\u00f5es de protagonismo feminino e bem-estar. Confira os destaques com educandos e a forma\u00e7\u00e3o da equipe","robots":{"index":"index","follow":"follow","max-snippet":"max-snippet:-1","max-image-preview":"max-image-preview:large","max-video-preview":"max-video-preview:-1"},"canonical":"https:\/\/www.feyalegria.org\/brasil\/atividades-protagonismo-feminino-joao-pessoa\/","og_locale":"es_ES","og_type":"article","og_title":"Atividades sobre protagonismo feminino e bem-estar marcam o m\u00eas de mar\u00e7o em Jo\u00e3o Pessoa - #SomosF\u00e9eAlegria en Brasil Atividades de protagonismo feminino e bem-estar em Jo\u00e3o Pessoa","og_description":"O centro de F\u00e9 e Alegria em Jo\u00e3o Pessoa promoveu a\u00e7\u00f5es de protagonismo feminino e bem-estar. Confira os destaques com educandos e a forma\u00e7\u00e3o da equipe","og_url":"https:\/\/www.feyalegria.org\/brasil\/atividades-protagonismo-feminino-joao-pessoa\/","og_site_name":"#SomosF\u00e9eAlegria en Brasil","article_published_time":"2026-04-28T14:06:06+00:00","og_image":[{"width":1000,"height":500,"url":"https:\/\/d3pugrm67vf9n7.cloudfront.net\/wp-content\/uploads\/sites\/23\/2026\/04\/28104330\/Encontro-da-mulher.jpg","type":"image\/jpeg"}],"author":"Laura Meurer","twitter_card":"summary_large_image","twitter_misc":{"Escrito por":"Laura Meurer","Tiempo de lectura":"2 minutos"},"schema":{"@context":"https:\/\/schema.org","@graph":[{"@type":"Article","@id":"https:\/\/www.feyalegria.org\/brasil\/atividades-protagonismo-feminino-joao-pessoa\/#article","isPartOf":{"@id":"https:\/\/www.feyalegria.org\/brasil\/atividades-protagonismo-feminino-joao-pessoa\/"},"author":{"name":"Laura Meurer","@id":"https:\/\/www.feyalegria.org\/brasil\/#\/schema\/person\/f2c58927c54060575b9e7c44d31d16e9"},"headline":"Atividades sobre protagonismo feminino e bem-estar marcam o m\u00eas de mar\u00e7o em Jo\u00e3o Pessoa","datePublished":"2026-04-28T14:06:06+00:00","mainEntityOfPage":{"@id":"https:\/\/www.feyalegria.org\/brasil\/atividades-protagonismo-feminino-joao-pessoa\/"},"wordCount":250,"commentCount":0,"image":{"@id":"https:\/\/www.feyalegria.org\/brasil\/atividades-protagonismo-feminino-joao-pessoa\/#primaryimage"},"thumbnailUrl":"https:\/\/d3pugrm67vf9n7.cloudfront.net\/wp-content\/uploads\/sites\/23\/2026\/04\/28104330\/Encontro-da-mulher.jpg","articleSection":["Comunicado","Comunicado","Educaci\u00f3n","Noticias","Noticias","Uncategorized"],"inLanguage":"es-CO","potentialAction":[{"@type":"CommentAction","name":"Comment","target":["https:\/\/www.feyalegria.org\/brasil\/atividades-protagonismo-feminino-joao-pessoa\/#respond"]}]},{"@type":"WebPage","@id":"https:\/\/www.feyalegria.org\/brasil\/atividades-protagonismo-feminino-joao-pessoa\/","url":"https:\/\/www.feyalegria.org\/brasil\/atividades-protagonismo-feminino-joao-pessoa\/","name":"Atividades sobre protagonismo feminino e bem-estar marcam o m\u00eas de mar\u00e7o em Jo\u00e3o Pessoa - #SomosF\u00e9eAlegria en Brasil Atividades de protagonismo feminino e bem-estar em Jo\u00e3o Pessoa","isPartOf":{"@id":"https:\/\/www.feyalegria.org\/brasil\/#website"},"primaryImageOfPage":{"@id":"https:\/\/www.feyalegria.org\/brasil\/atividades-protagonismo-feminino-joao-pessoa\/#primaryimage"},"image":{"@id":"https:\/\/www.feyalegria.org\/brasil\/atividades-protagonismo-feminino-joao-pessoa\/#primaryimage"},"thumbnailUrl":"https:\/\/d3pugrm67vf9n7.cloudfront.net\/wp-content\/uploads\/sites\/23\/2026\/04\/28104330\/Encontro-da-mulher.jpg","datePublished":"2026-04-28T14:06:06+00:00","author":{"@id":"https:\/\/www.feyalegria.org\/brasil\/#\/schema\/person\/f2c58927c54060575b9e7c44d31d16e9"},"description":"O centro de F\u00e9 e Alegria em Jo\u00e3o Pessoa promoveu a\u00e7\u00f5es de protagonismo feminino e bem-estar. Confira os destaques com educandos e a forma\u00e7\u00e3o da equipe","inLanguage":"es-CO","potentialAction":[{"@type":"ReadAction","target":["https:\/\/www.feyalegria.org\/brasil\/atividades-protagonismo-feminino-joao-pessoa\/"]}]},{"@type":"ImageObject","inLanguage":"es-CO","@id":"https:\/\/www.feyalegria.org\/brasil\/atividades-protagonismo-feminino-joao-pessoa\/#primaryimage","url":"https:\/\/d3pugrm67vf9n7.cloudfront.net\/wp-content\/uploads\/sites\/23\/2026\/04\/28104330\/Encontro-da-mulher.jpg","contentUrl":"https:\/\/d3pugrm67vf9n7.cloudfront.net\/wp-content\/uploads\/sites\/23\/2026\/04\/28104330\/Encontro-da-mulher.jpg","width":1000,"height":500,"caption":"rotagonismo feminino Jo\u00e3o Pessoa"},{"@type":"WebSite","@id":"https:\/\/www.feyalegria.org\/brasil\/#website","url":"https:\/\/www.feyalegria.org\/brasil\/","name":"#SomosF\u00e9eAlegria en Brasil","description":"","potentialAction":[{"@type":"SearchAction","target":{"@type":"EntryPoint","urlTemplate":"https:\/\/www.feyalegria.org\/brasil\/?s={search_term_string}"},"query-input":{"@type":"PropertyValueSpecification","valueRequired":true,"valueName":"search_term_string"}}],"inLanguage":"es-CO"},{"@type":"Person","@id":"https:\/\/www.feyalegria.org\/brasil\/#\/schema\/person\/f2c58927c54060575b9e7c44d31d16e9","name":"Laura Meurer","url":"https:\/\/www.feyalegria.org\/brasil\/author\/adminbr02\/"}]}},"_links":{"self":[{"href":"https:\/\/www.feyalegria.org\/brasil\/wp-json\/wp\/v2\/posts\/30039","targetHints":{"allow":["GET"]}}],"collection":[{"href":"https:\/\/www.feyalegria.org\/brasil\/wp-json\/wp\/v2\/posts"}],"about":[{"href":"https:\/\/www.feyalegria.org\/brasil\/wp-json\/wp\/v2\/types\/post"}],"author":[{"embeddable":true,"href":"https:\/\/www.feyalegria.org\/brasil\/wp-json\/wp\/v2\/users\/68"}],"replies":[{"embeddable":true,"href":"https:\/\/www.feyalegria.org\/brasil\/wp-json\/wp\/v2\/comments?post=30039"}],"version-history":[{"count":3,"href":"https:\/\/www.feyalegria.org\/brasil\/wp-json\/wp\/v2\/posts\/30039\/revisions"}],"predecessor-version":[{"id":30046,"href":"https:\/\/www.feyalegria.org\/brasil\/wp-json\/wp\/v2\/posts\/30039\/revisions\/30046"}],"wp:featuredmedia":[{"embeddable":true,"href":"https:\/\/www.feyalegria.org\/brasil\/wp-json\/wp\/v2\/media\/30040"}],"wp:attachment":[{"href":"https:\/\/www.feyalegria.org\/brasil\/wp-json\/wp\/v2\/media?parent=30039"}],"wp:term":[{"taxonomy":"category","embeddable":true,"href":"https:\/\/www.feyalegria.org\/brasil\/wp-json\/wp\/v2\/categories?post=30039"},{"taxonomy":"post_tag","embeddable":true,"href":"https:\/\/www.feyalegria.org\/brasil\/wp-json\/wp\/v2\/tags?post=30039"},{"taxonomy":"post_folder","embeddable":true,"href":"https:\/\/www.feyalegria.org\/brasil\/wp-json\/wp\/v2\/post_folder?post=30039"}],"curies":[{"name":"wp","href":"https:\/\/api.w.org\/{rel}","templated":true}]}}