 {"id":30049,"date":"2026-04-28T15:41:00","date_gmt":"2026-04-28T18:41:00","guid":{"rendered":"https:\/\/www.feyalegria.org\/brasil\/?p=30049"},"modified":"2026-04-28T15:41:00","modified_gmt":"2026-04-28T18:41:00","slug":"acao-social-porto-alegre-praca","status":"publish","type":"post","link":"https:\/\/www.feyalegria.org\/brasil\/acao-social-porto-alegre-praca\/","title":{"rendered":"A\u00e7\u00e3o social ocupa pra\u00e7a em Porto Alegre com m\u00fasica e atividades l\u00fadicas"},"content":{"rendered":"<div class=\"wpb-content-wrapper\"><p>[vc_row][vc_column][vc_column_text css=&#8221;&#8221;]<\/p>\n<p>&nbsp;<\/p>\n<p><span class=\"TextRun SCXW124910574 BCX8\" lang=\"PT-BR\" xml:lang=\"PT-BR\" data-contrast=\"auto\"><span class=\"NormalTextRun SCXW124910574 BCX8\">Iniciativa no bairro S\u00e3o Geraldo utiliza a arte para fortalecer v\u00ednculos e promover cidadania entre pessoas atendidas pelo servi\u00e7o e a comunidade local<\/span><\/span><span class=\"EOP Selected SCXW124910574 BCX8\" data-ccp-props=\"{&quot;335551550&quot;:6,&quot;335551620&quot;:6}\">\u00a0<\/span>[\/vc_column_text][vc_column_text css=&#8221;&#8221;]<span data-contrast=\"auto\"><img loading=\"lazy\" decoding=\"async\" class=\"wp-image-30052 alignright\" src=\"https:\/\/d3pugrm67vf9n7.cloudfront.net\/wp-content\/uploads\/sites\/23\/2026\/04\/28153931\/WhatsApp-Image-2026-04-08-at-10.36.19-1.jpeg\" alt=\"\" width=\"334\" height=\"445\" srcset=\"https:\/\/d3pugrm67vf9n7.cloudfront.net\/wp-content\/uploads\/sites\/23\/2026\/04\/28153931\/WhatsApp-Image-2026-04-08-at-10.36.19-1.jpeg 960w, https:\/\/d3pugrm67vf9n7.cloudfront.net\/wp-content\/uploads\/sites\/23\/2026\/04\/28153931\/WhatsApp-Image-2026-04-08-at-10.36.19-1-225x300.jpeg 225w, https:\/\/d3pugrm67vf9n7.cloudfront.net\/wp-content\/uploads\/sites\/23\/2026\/04\/28153931\/WhatsApp-Image-2026-04-08-at-10.36.19-1-768x1024.jpeg 768w\" sizes=\"auto, (max-width: 334px) 100vw, 334px\" \/>O Servi\u00e7o Especializado de Abordagem Social F\u00e9 e Alegria realizou uma atividade na Pra\u00e7a\u00a0Julio\u00a0Andreatta, no bairro S\u00e3o Geraldo, em Porto Alegre\u00a0(RS),\u00a0no dia primeiro de abril. A iniciativa transformou o espa\u00e7o p\u00fablico em um ponto de encontro com m\u00fasica,\u00a0reunindo pessoas atendidas pelo servi\u00e7o e moradores da regi\u00e3o. O objetivo principal foi utilizar a express\u00e3o cultural\u00a0para aproximar a equipe da popula\u00e7\u00e3o, facilitando a escuta qualificada e a cria\u00e7\u00e3o de la\u00e7os de confian\u00e7a.<\/span><span data-ccp-props=\"{&quot;335551550&quot;:6,&quot;335551620&quot;:6}\">\u00a0<\/span><\/p>\n<p>&nbsp;<\/p>\n<p><span data-contrast=\"auto\">A proposta\u00a0parte do princ\u00edpio de que a garantia de direitos e o cuidado social tamb\u00e9m dependem de momentos de conviv\u00eancia e do sentimento de pertencer ao territ\u00f3rio. Ao levar atividades recreativas para a rua, o servi\u00e7o refor\u00e7a que o espa\u00e7o p\u00fablico \u00e9 um local leg\u00edtimo para o di\u00e1logo e para a\u00e7\u00f5es que promovam a cidadania. Durante o evento, a equipe organizou um ambiente acolhedor que favoreceu a participa\u00e7\u00e3o espont\u00e2nea de quem passava pelo local, ajudando a fortalecer as rela\u00e7\u00f5es comunit\u00e1rias.<\/span><span data-ccp-props=\"{&quot;335551550&quot;:6,&quot;335551620&quot;:6}\">\u00a0<\/span><\/p>\n<p>&nbsp;<\/p>\n<p><span data-contrast=\"auto\">Essas interven\u00e7\u00f5es baseadas na educa\u00e7\u00e3o popular passar\u00e3o a ocorrer mensalmente em diferentes pontos da capital ga\u00facha. A ideia \u00e9 que a presen\u00e7a constante do servi\u00e7o nos espa\u00e7os abertos ajude na constru\u00e7\u00e3o coletiva de conhecimentos e ofere\u00e7a novas formas de acolhimento. Com esse calend\u00e1rio fixo, o projeto pretende consolidar a rua como um cen\u00e1rio de transforma\u00e7\u00e3o social e de fortalecimento\u00a0de\u00a0v\u00ednculos.<\/span><span data-ccp-props=\"{&quot;335551550&quot;:6,&quot;335551620&quot;:6}\">\u00a0<\/span><\/p>\n<p>[\/vc_column_text][\/vc_column][\/vc_row]<\/p>\n<\/div>","protected":false},"excerpt":{"rendered":"<p>[vc_row][vc_column][vc_column_text css=&#8221;&#8221;] &nbsp; Iniciativa no bairro S\u00e3o Geraldo utiliza a arte para fortalecer v\u00ednculos e promover cidadania entre pessoas atendidas pelo servi\u00e7o e a comunidade local\u00a0[\/vc_column_text][vc_column_text css=&#8221;&#8221;]O Servi\u00e7o Especializado de Abordagem Social F\u00e9 e Alegria realizou uma atividade na Pra\u00e7a\u00a0Julio\u00a0Andreatta, no bairro S\u00e3o Geraldo, em Porto Alegre\u00a0(RS),\u00a0no dia primeiro de abril. A iniciativa transformou o<\/p>\n","protected":false},"author":68,"featured_media":30051,"comment_status":"open","ping_status":"open","sticky":false,"template":"","format":"standard","meta":{"_acf_changed":false,"footnotes":""},"categories":[391,387,141,432,183,384],"tags":[],"post_folder":[],"class_list":["post-30049","post","type-post","status-publish","format-standard","has-post-thumbnail","hentry","category-comunicado-pt","category-educacion-pt","category-educacion","category-noticias-pt","category-noticias","category-uncategorized-pt"],"acf":[],"yoast_head":"<!-- This site is optimized with the Yoast SEO plugin v27.5 - https:\/\/yoast.com\/product\/yoast-seo-wordpress\/ -->\n<title>A\u00e7\u00e3o social ocupa pra\u00e7a em Porto Alegre com m\u00fasica e atividades l\u00fadicas - #SomosF\u00e9eAlegria en Brasil A\u00e7\u00e3o social em Porto Alegre: m\u00fasica e cidadania na Pra\u00e7a Julio Andreatta<\/title>\n<meta name=\"description\" content=\"O Servi\u00e7o de Abordagem Social F\u00e9 e Alegria promoveu a\u00e7\u00e3o de m\u00fasica e conviv\u00eancia na Pra\u00e7a Julio Andreatta, em Porto Alegre. Veja como a iniciativa fortalece a cidadania.\" \/>\n<meta name=\"robots\" content=\"index, follow, max-snippet:-1, max-image-preview:large, max-video-preview:-1\" \/>\n<link rel=\"canonical\" href=\"https:\/\/www.feyalegria.org\/brasil\/acao-social-porto-alegre-praca\/\" \/>\n<meta property=\"og:locale\" content=\"es_ES\" \/>\n<meta property=\"og:type\" content=\"article\" \/>\n<meta property=\"og:title\" content=\"A\u00e7\u00e3o social ocupa pra\u00e7a em Porto Alegre com m\u00fasica e atividades l\u00fadicas - #SomosF\u00e9eAlegria en Brasil A\u00e7\u00e3o social em Porto Alegre: m\u00fasica e cidadania na Pra\u00e7a Julio Andreatta\" \/>\n<meta property=\"og:description\" content=\"O Servi\u00e7o de Abordagem Social F\u00e9 e Alegria promoveu a\u00e7\u00e3o de m\u00fasica e conviv\u00eancia na Pra\u00e7a Julio Andreatta, em Porto Alegre. Veja como a iniciativa fortalece a cidadania.\" \/>\n<meta property=\"og:url\" content=\"https:\/\/www.feyalegria.org\/brasil\/acao-social-porto-alegre-praca\/\" \/>\n<meta property=\"og:site_name\" content=\"#SomosF\u00e9eAlegria en Brasil\" \/>\n<meta property=\"article:published_time\" content=\"2026-04-28T18:41:00+00:00\" \/>\n<meta property=\"og:image\" content=\"https:\/\/d3pugrm67vf9n7.cloudfront.net\/wp-content\/uploads\/sites\/23\/2026\/04\/28153723\/acao-social-porto-alegre.jpg\" \/>\n\t<meta property=\"og:image:width\" content=\"1000\" \/>\n\t<meta property=\"og:image:height\" content=\"500\" \/>\n\t<meta property=\"og:image:type\" content=\"image\/jpeg\" \/>\n<meta name=\"author\" content=\"Laura Meurer\" \/>\n<meta name=\"twitter:card\" content=\"summary_large_image\" \/>\n<meta name=\"twitter:label1\" content=\"Escrito por\" \/>\n\t<meta name=\"twitter:data1\" content=\"Laura Meurer\" \/>\n\t<meta name=\"twitter:label2\" content=\"Tiempo de lectura\" \/>\n\t<meta name=\"twitter:data2\" content=\"2 minutos\" \/>\n<script type=\"application\/ld+json\" class=\"yoast-schema-graph\">{\"@context\":\"https:\\\/\\\/schema.org\",\"@graph\":[{\"@type\":\"Article\",\"@id\":\"https:\\\/\\\/www.feyalegria.org\\\/brasil\\\/acao-social-porto-alegre-praca\\\/#article\",\"isPartOf\":{\"@id\":\"https:\\\/\\\/www.feyalegria.org\\\/brasil\\\/acao-social-porto-alegre-praca\\\/\"},\"author\":{\"name\":\"Laura Meurer\",\"@id\":\"https:\\\/\\\/www.feyalegria.org\\\/brasil\\\/#\\\/schema\\\/person\\\/f2c58927c54060575b9e7c44d31d16e9\"},\"headline\":\"A\u00e7\u00e3o social ocupa pra\u00e7a em Porto Alegre com m\u00fasica e atividades l\u00fadicas\",\"datePublished\":\"2026-04-28T18:41:00+00:00\",\"mainEntityOfPage\":{\"@id\":\"https:\\\/\\\/www.feyalegria.org\\\/brasil\\\/acao-social-porto-alegre-praca\\\/\"},\"wordCount\":324,\"commentCount\":0,\"image\":{\"@id\":\"https:\\\/\\\/www.feyalegria.org\\\/brasil\\\/acao-social-porto-alegre-praca\\\/#primaryimage\"},\"thumbnailUrl\":\"https:\\\/\\\/d3pugrm67vf9n7.cloudfront.net\\\/wp-content\\\/uploads\\\/sites\\\/23\\\/2026\\\/04\\\/28153723\\\/acao-social-porto-alegre.jpg\",\"articleSection\":[\"Comunicado\",\"Educaci\u00f3n\",\"Educaci\u00f3n\",\"Noticias\",\"Noticias\",\"Uncategorized\"],\"inLanguage\":\"es-CO\",\"potentialAction\":[{\"@type\":\"CommentAction\",\"name\":\"Comment\",\"target\":[\"https:\\\/\\\/www.feyalegria.org\\\/brasil\\\/acao-social-porto-alegre-praca\\\/#respond\"]}]},{\"@type\":\"WebPage\",\"@id\":\"https:\\\/\\\/www.feyalegria.org\\\/brasil\\\/acao-social-porto-alegre-praca\\\/\",\"url\":\"https:\\\/\\\/www.feyalegria.org\\\/brasil\\\/acao-social-porto-alegre-praca\\\/\",\"name\":\"A\u00e7\u00e3o social ocupa pra\u00e7a em Porto Alegre com m\u00fasica e atividades l\u00fadicas - #SomosF\u00e9eAlegria en Brasil A\u00e7\u00e3o social em Porto Alegre: m\u00fasica e cidadania na Pra\u00e7a Julio Andreatta\",\"isPartOf\":{\"@id\":\"https:\\\/\\\/www.feyalegria.org\\\/brasil\\\/#website\"},\"primaryImageOfPage\":{\"@id\":\"https:\\\/\\\/www.feyalegria.org\\\/brasil\\\/acao-social-porto-alegre-praca\\\/#primaryimage\"},\"image\":{\"@id\":\"https:\\\/\\\/www.feyalegria.org\\\/brasil\\\/acao-social-porto-alegre-praca\\\/#primaryimage\"},\"thumbnailUrl\":\"https:\\\/\\\/d3pugrm67vf9n7.cloudfront.net\\\/wp-content\\\/uploads\\\/sites\\\/23\\\/2026\\\/04\\\/28153723\\\/acao-social-porto-alegre.jpg\",\"datePublished\":\"2026-04-28T18:41:00+00:00\",\"author\":{\"@id\":\"https:\\\/\\\/www.feyalegria.org\\\/brasil\\\/#\\\/schema\\\/person\\\/f2c58927c54060575b9e7c44d31d16e9\"},\"description\":\"O Servi\u00e7o de Abordagem Social F\u00e9 e Alegria promoveu a\u00e7\u00e3o de m\u00fasica e conviv\u00eancia na Pra\u00e7a Julio Andreatta, em Porto Alegre. Veja como a iniciativa fortalece a cidadania.\",\"inLanguage\":\"es-CO\",\"potentialAction\":[{\"@type\":\"ReadAction\",\"target\":[\"https:\\\/\\\/www.feyalegria.org\\\/brasil\\\/acao-social-porto-alegre-praca\\\/\"]}]},{\"@type\":\"ImageObject\",\"inLanguage\":\"es-CO\",\"@id\":\"https:\\\/\\\/www.feyalegria.org\\\/brasil\\\/acao-social-porto-alegre-praca\\\/#primaryimage\",\"url\":\"https:\\\/\\\/d3pugrm67vf9n7.cloudfront.net\\\/wp-content\\\/uploads\\\/sites\\\/23\\\/2026\\\/04\\\/28153723\\\/acao-social-porto-alegre.jpg\",\"contentUrl\":\"https:\\\/\\\/d3pugrm67vf9n7.cloudfront.net\\\/wp-content\\\/uploads\\\/sites\\\/23\\\/2026\\\/04\\\/28153723\\\/acao-social-porto-alegre.jpg\",\"width\":1000,\"height\":500},{\"@type\":\"WebSite\",\"@id\":\"https:\\\/\\\/www.feyalegria.org\\\/brasil\\\/#website\",\"url\":\"https:\\\/\\\/www.feyalegria.org\\\/brasil\\\/\",\"name\":\"#SomosF\u00e9eAlegria en Brasil\",\"description\":\"\",\"potentialAction\":[{\"@type\":\"SearchAction\",\"target\":{\"@type\":\"EntryPoint\",\"urlTemplate\":\"https:\\\/\\\/www.feyalegria.org\\\/brasil\\\/?s={search_term_string}\"},\"query-input\":{\"@type\":\"PropertyValueSpecification\",\"valueRequired\":true,\"valueName\":\"search_term_string\"}}],\"inLanguage\":\"es-CO\"},{\"@type\":\"Person\",\"@id\":\"https:\\\/\\\/www.feyalegria.org\\\/brasil\\\/#\\\/schema\\\/person\\\/f2c58927c54060575b9e7c44d31d16e9\",\"name\":\"Laura Meurer\",\"url\":\"https:\\\/\\\/www.feyalegria.org\\\/brasil\\\/author\\\/adminbr02\\\/\"}]}<\/script>\n<!-- \/ Yoast SEO plugin. -->","yoast_head_json":{"title":"A\u00e7\u00e3o social ocupa pra\u00e7a em Porto Alegre com m\u00fasica e atividades l\u00fadicas - #SomosF\u00e9eAlegria en Brasil A\u00e7\u00e3o social em Porto Alegre: m\u00fasica e cidadania na Pra\u00e7a Julio Andreatta","description":"O Servi\u00e7o de Abordagem Social F\u00e9 e Alegria promoveu a\u00e7\u00e3o de m\u00fasica e conviv\u00eancia na Pra\u00e7a Julio Andreatta, em Porto Alegre. Veja como a iniciativa fortalece a cidadania.","robots":{"index":"index","follow":"follow","max-snippet":"max-snippet:-1","max-image-preview":"max-image-preview:large","max-video-preview":"max-video-preview:-1"},"canonical":"https:\/\/www.feyalegria.org\/brasil\/acao-social-porto-alegre-praca\/","og_locale":"es_ES","og_type":"article","og_title":"A\u00e7\u00e3o social ocupa pra\u00e7a em Porto Alegre com m\u00fasica e atividades l\u00fadicas - #SomosF\u00e9eAlegria en Brasil A\u00e7\u00e3o social em Porto Alegre: m\u00fasica e cidadania na Pra\u00e7a Julio Andreatta","og_description":"O Servi\u00e7o de Abordagem Social F\u00e9 e Alegria promoveu a\u00e7\u00e3o de m\u00fasica e conviv\u00eancia na Pra\u00e7a Julio Andreatta, em Porto Alegre. Veja como a iniciativa fortalece a cidadania.","og_url":"https:\/\/www.feyalegria.org\/brasil\/acao-social-porto-alegre-praca\/","og_site_name":"#SomosF\u00e9eAlegria en Brasil","article_published_time":"2026-04-28T18:41:00+00:00","og_image":[{"width":1000,"height":500,"url":"https:\/\/d3pugrm67vf9n7.cloudfront.net\/wp-content\/uploads\/sites\/23\/2026\/04\/28153723\/acao-social-porto-alegre.jpg","type":"image\/jpeg"}],"author":"Laura Meurer","twitter_card":"summary_large_image","twitter_misc":{"Escrito por":"Laura Meurer","Tiempo de lectura":"2 minutos"},"schema":{"@context":"https:\/\/schema.org","@graph":[{"@type":"Article","@id":"https:\/\/www.feyalegria.org\/brasil\/acao-social-porto-alegre-praca\/#article","isPartOf":{"@id":"https:\/\/www.feyalegria.org\/brasil\/acao-social-porto-alegre-praca\/"},"author":{"name":"Laura Meurer","@id":"https:\/\/www.feyalegria.org\/brasil\/#\/schema\/person\/f2c58927c54060575b9e7c44d31d16e9"},"headline":"A\u00e7\u00e3o social ocupa pra\u00e7a em Porto Alegre com m\u00fasica e atividades l\u00fadicas","datePublished":"2026-04-28T18:41:00+00:00","mainEntityOfPage":{"@id":"https:\/\/www.feyalegria.org\/brasil\/acao-social-porto-alegre-praca\/"},"wordCount":324,"commentCount":0,"image":{"@id":"https:\/\/www.feyalegria.org\/brasil\/acao-social-porto-alegre-praca\/#primaryimage"},"thumbnailUrl":"https:\/\/d3pugrm67vf9n7.cloudfront.net\/wp-content\/uploads\/sites\/23\/2026\/04\/28153723\/acao-social-porto-alegre.jpg","articleSection":["Comunicado","Educaci\u00f3n","Educaci\u00f3n","Noticias","Noticias","Uncategorized"],"inLanguage":"es-CO","potentialAction":[{"@type":"CommentAction","name":"Comment","target":["https:\/\/www.feyalegria.org\/brasil\/acao-social-porto-alegre-praca\/#respond"]}]},{"@type":"WebPage","@id":"https:\/\/www.feyalegria.org\/brasil\/acao-social-porto-alegre-praca\/","url":"https:\/\/www.feyalegria.org\/brasil\/acao-social-porto-alegre-praca\/","name":"A\u00e7\u00e3o social ocupa pra\u00e7a em Porto Alegre com m\u00fasica e atividades l\u00fadicas - #SomosF\u00e9eAlegria en Brasil A\u00e7\u00e3o social em Porto Alegre: m\u00fasica e cidadania na Pra\u00e7a Julio Andreatta","isPartOf":{"@id":"https:\/\/www.feyalegria.org\/brasil\/#website"},"primaryImageOfPage":{"@id":"https:\/\/www.feyalegria.org\/brasil\/acao-social-porto-alegre-praca\/#primaryimage"},"image":{"@id":"https:\/\/www.feyalegria.org\/brasil\/acao-social-porto-alegre-praca\/#primaryimage"},"thumbnailUrl":"https:\/\/d3pugrm67vf9n7.cloudfront.net\/wp-content\/uploads\/sites\/23\/2026\/04\/28153723\/acao-social-porto-alegre.jpg","datePublished":"2026-04-28T18:41:00+00:00","author":{"@id":"https:\/\/www.feyalegria.org\/brasil\/#\/schema\/person\/f2c58927c54060575b9e7c44d31d16e9"},"description":"O Servi\u00e7o de Abordagem Social F\u00e9 e Alegria promoveu a\u00e7\u00e3o de m\u00fasica e conviv\u00eancia na Pra\u00e7a Julio Andreatta, em Porto Alegre. Veja como a iniciativa fortalece a cidadania.","inLanguage":"es-CO","potentialAction":[{"@type":"ReadAction","target":["https:\/\/www.feyalegria.org\/brasil\/acao-social-porto-alegre-praca\/"]}]},{"@type":"ImageObject","inLanguage":"es-CO","@id":"https:\/\/www.feyalegria.org\/brasil\/acao-social-porto-alegre-praca\/#primaryimage","url":"https:\/\/d3pugrm67vf9n7.cloudfront.net\/wp-content\/uploads\/sites\/23\/2026\/04\/28153723\/acao-social-porto-alegre.jpg","contentUrl":"https:\/\/d3pugrm67vf9n7.cloudfront.net\/wp-content\/uploads\/sites\/23\/2026\/04\/28153723\/acao-social-porto-alegre.jpg","width":1000,"height":500},{"@type":"WebSite","@id":"https:\/\/www.feyalegria.org\/brasil\/#website","url":"https:\/\/www.feyalegria.org\/brasil\/","name":"#SomosF\u00e9eAlegria en Brasil","description":"","potentialAction":[{"@type":"SearchAction","target":{"@type":"EntryPoint","urlTemplate":"https:\/\/www.feyalegria.org\/brasil\/?s={search_term_string}"},"query-input":{"@type":"PropertyValueSpecification","valueRequired":true,"valueName":"search_term_string"}}],"inLanguage":"es-CO"},{"@type":"Person","@id":"https:\/\/www.feyalegria.org\/brasil\/#\/schema\/person\/f2c58927c54060575b9e7c44d31d16e9","name":"Laura Meurer","url":"https:\/\/www.feyalegria.org\/brasil\/author\/adminbr02\/"}]}},"_links":{"self":[{"href":"https:\/\/www.feyalegria.org\/brasil\/wp-json\/wp\/v2\/posts\/30049","targetHints":{"allow":["GET"]}}],"collection":[{"href":"https:\/\/www.feyalegria.org\/brasil\/wp-json\/wp\/v2\/posts"}],"about":[{"href":"https:\/\/www.feyalegria.org\/brasil\/wp-json\/wp\/v2\/types\/post"}],"author":[{"embeddable":true,"href":"https:\/\/www.feyalegria.org\/brasil\/wp-json\/wp\/v2\/users\/68"}],"replies":[{"embeddable":true,"href":"https:\/\/www.feyalegria.org\/brasil\/wp-json\/wp\/v2\/comments?post=30049"}],"version-history":[{"count":3,"href":"https:\/\/www.feyalegria.org\/brasil\/wp-json\/wp\/v2\/posts\/30049\/revisions"}],"predecessor-version":[{"id":30054,"href":"https:\/\/www.feyalegria.org\/brasil\/wp-json\/wp\/v2\/posts\/30049\/revisions\/30054"}],"wp:featuredmedia":[{"embeddable":true,"href":"https:\/\/www.feyalegria.org\/brasil\/wp-json\/wp\/v2\/media\/30051"}],"wp:attachment":[{"href":"https:\/\/www.feyalegria.org\/brasil\/wp-json\/wp\/v2\/media?parent=30049"}],"wp:term":[{"taxonomy":"category","embeddable":true,"href":"https:\/\/www.feyalegria.org\/brasil\/wp-json\/wp\/v2\/categories?post=30049"},{"taxonomy":"post_tag","embeddable":true,"href":"https:\/\/www.feyalegria.org\/brasil\/wp-json\/wp\/v2\/tags?post=30049"},{"taxonomy":"post_folder","embeddable":true,"href":"https:\/\/www.feyalegria.org\/brasil\/wp-json\/wp\/v2\/post_folder?post=30049"}],"curies":[{"name":"wp","href":"https:\/\/api.w.org\/{rel}","templated":true}]}}