 {"id":30056,"date":"2026-04-28T16:27:07","date_gmt":"2026-04-28T19:27:07","guid":{"rendered":"https:\/\/www.feyalegria.org\/brasil\/?p=30056"},"modified":"2026-04-28T16:27:07","modified_gmt":"2026-04-28T19:27:07","slug":"projeto-entre-nos-educacao-antirracista-mato-grosso","status":"publish","type":"post","link":"https:\/\/www.feyalegria.org\/brasil\/projeto-entre-nos-educacao-antirracista-mato-grosso\/","title":{"rendered":"Projeto \u201cEntre N\u00f3s\u201d amplia a\u00e7\u00f5es de educa\u00e7\u00e3o antirracista em Mato Grosso"},"content":{"rendered":"<div class=\"wpb-content-wrapper\"><p>[vc_row][vc_column][vc_column_text css=&#8221;&#8221;]<span class=\"TextRun SCXW135936199 BCX8\" lang=\"PT-BR\" xml:lang=\"PT-BR\" data-contrast=\"auto\"><span class=\"NormalTextRun SCXW135936199 BCX8\">Iniciativa promove oficinas em comunidade quilombola e forma\u00e7\u00e3o para universit\u00e1rios com foco em pr\u00e1ticas pedag\u00f3gicas transformadoras e repara\u00e7\u00e3o hist\u00f3rica.<\/span><\/span><span class=\"EOP Selected SCXW135936199 BCX8\" data-ccp-props=\"{&quot;201341983&quot;:0,&quot;335551550&quot;:6,&quot;335551620&quot;:6,&quot;335559740&quot;:276}\">\u00a0<\/span>[\/vc_column_text][vc_column_text css=&#8221;&#8221;]<span data-contrast=\"auto\">O projeto de Educa\u00e7\u00e3o para as Rela\u00e7\u00f5es \u00c9tnico-Raciais \u201cEntre N\u00f3s\u201d intensificou suas atividades em Cuiab\u00e1 (MT) durante o m\u00eas de abril, com a\u00e7\u00f5es voltadas \u00e0 promo\u00e7\u00e3o de pr\u00e1ticas pedag\u00f3gicas antirracistas e libertadoras. A iniciativa realizou oficinas na Escola Estadual Quilombola Tereza Arruda, em Nossa Senhora do Livramento\u00a0(MT), e promoveu forma\u00e7\u00f5es para estudantes de Pedagogia na Universidade Federal de Mato Grosso (UFMT), em Cuiab\u00e1. As atividades buscaram fortalecer a identidade, a resist\u00eancia e o compartilhamento de saberes no ambiente escolar.<\/span><span data-ccp-props=\"{&quot;201341983&quot;:0,&quot;335551550&quot;:6,&quot;335551620&quot;:6,&quot;335559740&quot;:276}\">\u00a0<\/span><\/p>\n<p>&nbsp;<\/p>\n<p><span data-contrast=\"auto\">No dia 7 de abril, o Encontro de Educa\u00e7\u00e3o Escolar Quilombola reuniu a comunidade sob o tema \u201cA educa\u00e7\u00e3o como pr\u00e1tica libertadora\u201d. Na ocasi\u00e3o, as coordenadoras pedag\u00f3gicas\u00a0Ayla\u00a0Rangel e Daiene Cavalcanti conduziram a oficina \u201cEntre N\u00f3s: do cotidiano \u00e0s pr\u00e1ticas pedag\u00f3gicas transformadoras\u201d. A atividade ofereceu ferramentas para que educadores e moradores locais desenvolvam metodologias de combate ao racismo, transformando a escola em um territ\u00f3rio educativo que valoriza o conhecimento tradicional e a cultura quilombola.<\/span><span data-ccp-props=\"{&quot;201341983&quot;:0,&quot;335551550&quot;:6,&quot;335551620&quot;:6,&quot;335559740&quot;:276}\">\u00a0<\/span>[\/vc_column_text][vc_column_text css=&#8221;&#8221;]<\/p>\n<h3><span class=\"TextRun SCXW85519918 BCX8\" lang=\"PT-BR\" xml:lang=\"PT-BR\" data-contrast=\"auto\"><span class=\"NormalTextRun SCXW85519918 BCX8\">Forma\u00e7\u00e3o acad\u00eamica e literatura infantil<\/span><\/span><span class=\"EOP Selected SCXW85519918 BCX8\" data-ccp-props=\"{&quot;201341983&quot;:0,&quot;335551550&quot;:6,&quot;335551620&quot;:6,&quot;335559740&quot;:276}\">\u00a0<\/span><\/h3>\n<p>[\/vc_column_text][vc_column_text css=&#8221;&#8221;]<span data-contrast=\"auto\">A agenda de expans\u00e3o do projeto tamb\u00e9m alcan\u00e7ou o ensino superior no\u00a0dia 19 de abril. A convite da professora\u00a0Elni\u00a0Willms, a equipe\u00a0apresentou as metodologias aplicadas pela\u00a0Funda\u00e7\u00e3o\u00a0F\u00e9 e Alegria do Brasil para alunos do 4\u00ba semestre de Pedagogia da UFMT. O foco da forma\u00e7\u00e3o foi a implementa\u00e7\u00e3o de estrat\u00e9gias antirracistas desde a primeira inf\u00e2ncia, refor\u00e7ando a ideia de que a transforma\u00e7\u00e3o social depende das escolhas pedag\u00f3gicas di\u00e1rias.<\/span><span data-ccp-props=\"{&quot;201341983&quot;:0,&quot;335551550&quot;:6,&quot;335551620&quot;:6,&quot;335559740&quot;:276}\">\u00a0<\/span><\/p>\n<p>&nbsp;<\/p>\n<p><span data-contrast=\"auto\">Durante o evento em Cuiab\u00e1, houve a distribui\u00e7\u00e3o gratuita do livro infantil \u201cEntre curvas e n\u00f3s: o sonho de\u00a0Neydjina\u00a0e\u00a0Davu\u201d. A obra \u00e9 utilizada como ferramenta did\u00e1tica para auxiliar fam\u00edlias e educadores na abordagem de temas \u00e9tnico-raciais. O encontro foi encerrado com um debate sobre a import\u00e2ncia de um ensino que acolha a diversidade e atue ativamente na repara\u00e7\u00e3o hist\u00f3rica por meio da educa\u00e7\u00e3o.<\/span><span data-ccp-props=\"{&quot;201341983&quot;:0,&quot;335551550&quot;:6,&quot;335551620&quot;:6,&quot;335559740&quot;:276}\">\u00a0<\/span>[\/vc_column_text][vc_single_image image=&#8221;30059&#8243; img_size=&#8221;500&#215;300&#8243;][\/vc_column][\/vc_row][vc_row][vc_column][\/vc_column][\/vc_row]<\/p>\n<\/div>","protected":false},"excerpt":{"rendered":"<p>[vc_row][vc_column][vc_column_text css=&#8221;&#8221;]Iniciativa promove oficinas em comunidade quilombola e forma\u00e7\u00e3o para universit\u00e1rios com foco em pr\u00e1ticas pedag\u00f3gicas transformadoras e repara\u00e7\u00e3o hist\u00f3rica.\u00a0[\/vc_column_text][vc_column_text css=&#8221;&#8221;]O projeto de Educa\u00e7\u00e3o para as Rela\u00e7\u00f5es \u00c9tnico-Raciais \u201cEntre N\u00f3s\u201d intensificou suas atividades em Cuiab\u00e1 (MT) durante o m\u00eas de abril, com a\u00e7\u00f5es voltadas \u00e0 promo\u00e7\u00e3o de pr\u00e1ticas pedag\u00f3gicas antirracistas e libertadoras. A iniciativa realizou<\/p>\n","protected":false},"author":68,"featured_media":30058,"comment_status":"open","ping_status":"open","sticky":false,"template":"","format":"standard","meta":{"_acf_changed":false,"footnotes":""},"categories":[25,387,183,432],"tags":[],"post_folder":[],"class_list":["post-30056","post","type-post","status-publish","format-standard","has-post-thumbnail","hentry","category-comunicado","category-educacion-pt","category-noticias","category-noticias-pt"],"acf":[],"yoast_head":"<!-- This site is optimized with the Yoast SEO plugin v27.5 - https:\/\/yoast.com\/product\/yoast-seo-wordpress\/ -->\n<title>Projeto \u201cEntre N\u00f3s\u201d amplia a\u00e7\u00f5es de educa\u00e7\u00e3o antirracista em Mato Grosso - #SomosF\u00e9eAlegria en Brasil Projeto Entre N\u00f3s: educa\u00e7\u00e3o antirracista em Mato Grosso e UFMT<\/title>\n<meta name=\"description\" content=\"O projeto Entre N\u00f3s promove oficinas de educa\u00e7\u00e3o antirracista em comunidades quilombolas e forma\u00e7\u00f5es na UFMT. Confira as a\u00e7\u00f5es em Mato Grosso.\" \/>\n<meta name=\"robots\" content=\"index, follow, max-snippet:-1, max-image-preview:large, max-video-preview:-1\" \/>\n<link rel=\"canonical\" href=\"https:\/\/www.feyalegria.org\/brasil\/projeto-entre-nos-educacao-antirracista-mato-grosso\/\" \/>\n<meta property=\"og:locale\" content=\"es_ES\" \/>\n<meta property=\"og:type\" content=\"article\" \/>\n<meta property=\"og:title\" content=\"Projeto \u201cEntre N\u00f3s\u201d amplia a\u00e7\u00f5es de educa\u00e7\u00e3o antirracista em Mato Grosso - #SomosF\u00e9eAlegria en Brasil Projeto Entre N\u00f3s: educa\u00e7\u00e3o antirracista em Mato Grosso e UFMT\" \/>\n<meta property=\"og:description\" content=\"O projeto Entre N\u00f3s promove oficinas de educa\u00e7\u00e3o antirracista em comunidades quilombolas e forma\u00e7\u00f5es na UFMT. Confira as a\u00e7\u00f5es em Mato Grosso.\" \/>\n<meta property=\"og:url\" content=\"https:\/\/www.feyalegria.org\/brasil\/projeto-entre-nos-educacao-antirracista-mato-grosso\/\" \/>\n<meta property=\"og:site_name\" content=\"#SomosF\u00e9eAlegria en Brasil\" \/>\n<meta property=\"article:published_time\" content=\"2026-04-28T19:27:07+00:00\" \/>\n<meta property=\"og:image\" content=\"https:\/\/d3pugrm67vf9n7.cloudfront.net\/wp-content\/uploads\/sites\/23\/2026\/04\/28162507\/Projeto-entre-nos.jpg\" \/>\n\t<meta property=\"og:image:width\" content=\"1000\" \/>\n\t<meta property=\"og:image:height\" content=\"500\" \/>\n\t<meta property=\"og:image:type\" content=\"image\/jpeg\" \/>\n<meta name=\"author\" content=\"Laura Meurer\" \/>\n<meta name=\"twitter:card\" content=\"summary_large_image\" \/>\n<meta name=\"twitter:label1\" content=\"Escrito por\" \/>\n\t<meta name=\"twitter:data1\" content=\"Laura Meurer\" \/>\n\t<meta name=\"twitter:label2\" content=\"Tiempo de lectura\" \/>\n\t<meta name=\"twitter:data2\" content=\"2 minutos\" \/>\n<script type=\"application\/ld+json\" class=\"yoast-schema-graph\">{\"@context\":\"https:\\\/\\\/schema.org\",\"@graph\":[{\"@type\":\"Article\",\"@id\":\"https:\\\/\\\/www.feyalegria.org\\\/brasil\\\/projeto-entre-nos-educacao-antirracista-mato-grosso\\\/#article\",\"isPartOf\":{\"@id\":\"https:\\\/\\\/www.feyalegria.org\\\/brasil\\\/projeto-entre-nos-educacao-antirracista-mato-grosso\\\/\"},\"author\":{\"name\":\"Laura Meurer\",\"@id\":\"https:\\\/\\\/www.feyalegria.org\\\/brasil\\\/#\\\/schema\\\/person\\\/f2c58927c54060575b9e7c44d31d16e9\"},\"headline\":\"Projeto \u201cEntre N\u00f3s\u201d amplia a\u00e7\u00f5es de educa\u00e7\u00e3o antirracista em Mato Grosso\",\"datePublished\":\"2026-04-28T19:27:07+00:00\",\"mainEntityOfPage\":{\"@id\":\"https:\\\/\\\/www.feyalegria.org\\\/brasil\\\/projeto-entre-nos-educacao-antirracista-mato-grosso\\\/\"},\"wordCount\":425,\"commentCount\":0,\"image\":{\"@id\":\"https:\\\/\\\/www.feyalegria.org\\\/brasil\\\/projeto-entre-nos-educacao-antirracista-mato-grosso\\\/#primaryimage\"},\"thumbnailUrl\":\"https:\\\/\\\/d3pugrm67vf9n7.cloudfront.net\\\/wp-content\\\/uploads\\\/sites\\\/23\\\/2026\\\/04\\\/28162507\\\/Projeto-entre-nos.jpg\",\"articleSection\":[\"Comunicado\",\"Educaci\u00f3n\",\"Noticias\",\"Noticias\"],\"inLanguage\":\"es-CO\",\"potentialAction\":[{\"@type\":\"CommentAction\",\"name\":\"Comment\",\"target\":[\"https:\\\/\\\/www.feyalegria.org\\\/brasil\\\/projeto-entre-nos-educacao-antirracista-mato-grosso\\\/#respond\"]}]},{\"@type\":\"WebPage\",\"@id\":\"https:\\\/\\\/www.feyalegria.org\\\/brasil\\\/projeto-entre-nos-educacao-antirracista-mato-grosso\\\/\",\"url\":\"https:\\\/\\\/www.feyalegria.org\\\/brasil\\\/projeto-entre-nos-educacao-antirracista-mato-grosso\\\/\",\"name\":\"Projeto \u201cEntre N\u00f3s\u201d amplia a\u00e7\u00f5es de educa\u00e7\u00e3o antirracista em Mato Grosso - #SomosF\u00e9eAlegria en Brasil Projeto Entre N\u00f3s: educa\u00e7\u00e3o antirracista em Mato Grosso e UFMT\",\"isPartOf\":{\"@id\":\"https:\\\/\\\/www.feyalegria.org\\\/brasil\\\/#website\"},\"primaryImageOfPage\":{\"@id\":\"https:\\\/\\\/www.feyalegria.org\\\/brasil\\\/projeto-entre-nos-educacao-antirracista-mato-grosso\\\/#primaryimage\"},\"image\":{\"@id\":\"https:\\\/\\\/www.feyalegria.org\\\/brasil\\\/projeto-entre-nos-educacao-antirracista-mato-grosso\\\/#primaryimage\"},\"thumbnailUrl\":\"https:\\\/\\\/d3pugrm67vf9n7.cloudfront.net\\\/wp-content\\\/uploads\\\/sites\\\/23\\\/2026\\\/04\\\/28162507\\\/Projeto-entre-nos.jpg\",\"datePublished\":\"2026-04-28T19:27:07+00:00\",\"author\":{\"@id\":\"https:\\\/\\\/www.feyalegria.org\\\/brasil\\\/#\\\/schema\\\/person\\\/f2c58927c54060575b9e7c44d31d16e9\"},\"description\":\"O projeto Entre N\u00f3s promove oficinas de educa\u00e7\u00e3o antirracista em comunidades quilombolas e forma\u00e7\u00f5es na UFMT. Confira as a\u00e7\u00f5es em Mato Grosso.\",\"inLanguage\":\"es-CO\",\"potentialAction\":[{\"@type\":\"ReadAction\",\"target\":[\"https:\\\/\\\/www.feyalegria.org\\\/brasil\\\/projeto-entre-nos-educacao-antirracista-mato-grosso\\\/\"]}]},{\"@type\":\"ImageObject\",\"inLanguage\":\"es-CO\",\"@id\":\"https:\\\/\\\/www.feyalegria.org\\\/brasil\\\/projeto-entre-nos-educacao-antirracista-mato-grosso\\\/#primaryimage\",\"url\":\"https:\\\/\\\/d3pugrm67vf9n7.cloudfront.net\\\/wp-content\\\/uploads\\\/sites\\\/23\\\/2026\\\/04\\\/28162507\\\/Projeto-entre-nos.jpg\",\"contentUrl\":\"https:\\\/\\\/d3pugrm67vf9n7.cloudfront.net\\\/wp-content\\\/uploads\\\/sites\\\/23\\\/2026\\\/04\\\/28162507\\\/Projeto-entre-nos.jpg\",\"width\":1000,\"height\":500},{\"@type\":\"WebSite\",\"@id\":\"https:\\\/\\\/www.feyalegria.org\\\/brasil\\\/#website\",\"url\":\"https:\\\/\\\/www.feyalegria.org\\\/brasil\\\/\",\"name\":\"#SomosF\u00e9eAlegria en Brasil\",\"description\":\"\",\"potentialAction\":[{\"@type\":\"SearchAction\",\"target\":{\"@type\":\"EntryPoint\",\"urlTemplate\":\"https:\\\/\\\/www.feyalegria.org\\\/brasil\\\/?s={search_term_string}\"},\"query-input\":{\"@type\":\"PropertyValueSpecification\",\"valueRequired\":true,\"valueName\":\"search_term_string\"}}],\"inLanguage\":\"es-CO\"},{\"@type\":\"Person\",\"@id\":\"https:\\\/\\\/www.feyalegria.org\\\/brasil\\\/#\\\/schema\\\/person\\\/f2c58927c54060575b9e7c44d31d16e9\",\"name\":\"Laura Meurer\",\"url\":\"https:\\\/\\\/www.feyalegria.org\\\/brasil\\\/author\\\/adminbr02\\\/\"}]}<\/script>\n<!-- \/ Yoast SEO plugin. -->","yoast_head_json":{"title":"Projeto \u201cEntre N\u00f3s\u201d amplia a\u00e7\u00f5es de educa\u00e7\u00e3o antirracista em Mato Grosso - #SomosF\u00e9eAlegria en Brasil Projeto Entre N\u00f3s: educa\u00e7\u00e3o antirracista em Mato Grosso e UFMT","description":"O projeto Entre N\u00f3s promove oficinas de educa\u00e7\u00e3o antirracista em comunidades quilombolas e forma\u00e7\u00f5es na UFMT. Confira as a\u00e7\u00f5es em Mato Grosso.","robots":{"index":"index","follow":"follow","max-snippet":"max-snippet:-1","max-image-preview":"max-image-preview:large","max-video-preview":"max-video-preview:-1"},"canonical":"https:\/\/www.feyalegria.org\/brasil\/projeto-entre-nos-educacao-antirracista-mato-grosso\/","og_locale":"es_ES","og_type":"article","og_title":"Projeto \u201cEntre N\u00f3s\u201d amplia a\u00e7\u00f5es de educa\u00e7\u00e3o antirracista em Mato Grosso - #SomosF\u00e9eAlegria en Brasil Projeto Entre N\u00f3s: educa\u00e7\u00e3o antirracista em Mato Grosso e UFMT","og_description":"O projeto Entre N\u00f3s promove oficinas de educa\u00e7\u00e3o antirracista em comunidades quilombolas e forma\u00e7\u00f5es na UFMT. Confira as a\u00e7\u00f5es em Mato Grosso.","og_url":"https:\/\/www.feyalegria.org\/brasil\/projeto-entre-nos-educacao-antirracista-mato-grosso\/","og_site_name":"#SomosF\u00e9eAlegria en Brasil","article_published_time":"2026-04-28T19:27:07+00:00","og_image":[{"width":1000,"height":500,"url":"https:\/\/d3pugrm67vf9n7.cloudfront.net\/wp-content\/uploads\/sites\/23\/2026\/04\/28162507\/Projeto-entre-nos.jpg","type":"image\/jpeg"}],"author":"Laura Meurer","twitter_card":"summary_large_image","twitter_misc":{"Escrito por":"Laura Meurer","Tiempo de lectura":"2 minutos"},"schema":{"@context":"https:\/\/schema.org","@graph":[{"@type":"Article","@id":"https:\/\/www.feyalegria.org\/brasil\/projeto-entre-nos-educacao-antirracista-mato-grosso\/#article","isPartOf":{"@id":"https:\/\/www.feyalegria.org\/brasil\/projeto-entre-nos-educacao-antirracista-mato-grosso\/"},"author":{"name":"Laura Meurer","@id":"https:\/\/www.feyalegria.org\/brasil\/#\/schema\/person\/f2c58927c54060575b9e7c44d31d16e9"},"headline":"Projeto \u201cEntre N\u00f3s\u201d amplia a\u00e7\u00f5es de educa\u00e7\u00e3o antirracista em Mato Grosso","datePublished":"2026-04-28T19:27:07+00:00","mainEntityOfPage":{"@id":"https:\/\/www.feyalegria.org\/brasil\/projeto-entre-nos-educacao-antirracista-mato-grosso\/"},"wordCount":425,"commentCount":0,"image":{"@id":"https:\/\/www.feyalegria.org\/brasil\/projeto-entre-nos-educacao-antirracista-mato-grosso\/#primaryimage"},"thumbnailUrl":"https:\/\/d3pugrm67vf9n7.cloudfront.net\/wp-content\/uploads\/sites\/23\/2026\/04\/28162507\/Projeto-entre-nos.jpg","articleSection":["Comunicado","Educaci\u00f3n","Noticias","Noticias"],"inLanguage":"es-CO","potentialAction":[{"@type":"CommentAction","name":"Comment","target":["https:\/\/www.feyalegria.org\/brasil\/projeto-entre-nos-educacao-antirracista-mato-grosso\/#respond"]}]},{"@type":"WebPage","@id":"https:\/\/www.feyalegria.org\/brasil\/projeto-entre-nos-educacao-antirracista-mato-grosso\/","url":"https:\/\/www.feyalegria.org\/brasil\/projeto-entre-nos-educacao-antirracista-mato-grosso\/","name":"Projeto \u201cEntre N\u00f3s\u201d amplia a\u00e7\u00f5es de educa\u00e7\u00e3o antirracista em Mato Grosso - #SomosF\u00e9eAlegria en Brasil Projeto Entre N\u00f3s: educa\u00e7\u00e3o antirracista em Mato Grosso e UFMT","isPartOf":{"@id":"https:\/\/www.feyalegria.org\/brasil\/#website"},"primaryImageOfPage":{"@id":"https:\/\/www.feyalegria.org\/brasil\/projeto-entre-nos-educacao-antirracista-mato-grosso\/#primaryimage"},"image":{"@id":"https:\/\/www.feyalegria.org\/brasil\/projeto-entre-nos-educacao-antirracista-mato-grosso\/#primaryimage"},"thumbnailUrl":"https:\/\/d3pugrm67vf9n7.cloudfront.net\/wp-content\/uploads\/sites\/23\/2026\/04\/28162507\/Projeto-entre-nos.jpg","datePublished":"2026-04-28T19:27:07+00:00","author":{"@id":"https:\/\/www.feyalegria.org\/brasil\/#\/schema\/person\/f2c58927c54060575b9e7c44d31d16e9"},"description":"O projeto Entre N\u00f3s promove oficinas de educa\u00e7\u00e3o antirracista em comunidades quilombolas e forma\u00e7\u00f5es na UFMT. Confira as a\u00e7\u00f5es em Mato Grosso.","inLanguage":"es-CO","potentialAction":[{"@type":"ReadAction","target":["https:\/\/www.feyalegria.org\/brasil\/projeto-entre-nos-educacao-antirracista-mato-grosso\/"]}]},{"@type":"ImageObject","inLanguage":"es-CO","@id":"https:\/\/www.feyalegria.org\/brasil\/projeto-entre-nos-educacao-antirracista-mato-grosso\/#primaryimage","url":"https:\/\/d3pugrm67vf9n7.cloudfront.net\/wp-content\/uploads\/sites\/23\/2026\/04\/28162507\/Projeto-entre-nos.jpg","contentUrl":"https:\/\/d3pugrm67vf9n7.cloudfront.net\/wp-content\/uploads\/sites\/23\/2026\/04\/28162507\/Projeto-entre-nos.jpg","width":1000,"height":500},{"@type":"WebSite","@id":"https:\/\/www.feyalegria.org\/brasil\/#website","url":"https:\/\/www.feyalegria.org\/brasil\/","name":"#SomosF\u00e9eAlegria en Brasil","description":"","potentialAction":[{"@type":"SearchAction","target":{"@type":"EntryPoint","urlTemplate":"https:\/\/www.feyalegria.org\/brasil\/?s={search_term_string}"},"query-input":{"@type":"PropertyValueSpecification","valueRequired":true,"valueName":"search_term_string"}}],"inLanguage":"es-CO"},{"@type":"Person","@id":"https:\/\/www.feyalegria.org\/brasil\/#\/schema\/person\/f2c58927c54060575b9e7c44d31d16e9","name":"Laura Meurer","url":"https:\/\/www.feyalegria.org\/brasil\/author\/adminbr02\/"}]}},"_links":{"self":[{"href":"https:\/\/www.feyalegria.org\/brasil\/wp-json\/wp\/v2\/posts\/30056","targetHints":{"allow":["GET"]}}],"collection":[{"href":"https:\/\/www.feyalegria.org\/brasil\/wp-json\/wp\/v2\/posts"}],"about":[{"href":"https:\/\/www.feyalegria.org\/brasil\/wp-json\/wp\/v2\/types\/post"}],"author":[{"embeddable":true,"href":"https:\/\/www.feyalegria.org\/brasil\/wp-json\/wp\/v2\/users\/68"}],"replies":[{"embeddable":true,"href":"https:\/\/www.feyalegria.org\/brasil\/wp-json\/wp\/v2\/comments?post=30056"}],"version-history":[{"count":3,"href":"https:\/\/www.feyalegria.org\/brasil\/wp-json\/wp\/v2\/posts\/30056\/revisions"}],"predecessor-version":[{"id":30061,"href":"https:\/\/www.feyalegria.org\/brasil\/wp-json\/wp\/v2\/posts\/30056\/revisions\/30061"}],"wp:featuredmedia":[{"embeddable":true,"href":"https:\/\/www.feyalegria.org\/brasil\/wp-json\/wp\/v2\/media\/30058"}],"wp:attachment":[{"href":"https:\/\/www.feyalegria.org\/brasil\/wp-json\/wp\/v2\/media?parent=30056"}],"wp:term":[{"taxonomy":"category","embeddable":true,"href":"https:\/\/www.feyalegria.org\/brasil\/wp-json\/wp\/v2\/categories?post=30056"},{"taxonomy":"post_tag","embeddable":true,"href":"https:\/\/www.feyalegria.org\/brasil\/wp-json\/wp\/v2\/tags?post=30056"},{"taxonomy":"post_folder","embeddable":true,"href":"https:\/\/www.feyalegria.org\/brasil\/wp-json\/wp\/v2\/post_folder?post=30056"}],"curies":[{"name":"wp","href":"https:\/\/api.w.org\/{rel}","templated":true}]}}