 {"id":30062,"date":"2026-04-29T11:41:11","date_gmt":"2026-04-29T14:41:11","guid":{"rendered":"https:\/\/www.feyalegria.org\/brasil\/?p=30062"},"modified":"2026-04-29T11:43:07","modified_gmt":"2026-04-29T14:43:07","slug":"rede-de-apoio-beneficia-mais-de-280-familias-venezuelanas-em-sao-paulo","status":"publish","type":"post","link":"https:\/\/www.feyalegria.org\/brasil\/rede-de-apoio-beneficia-mais-de-280-familias-venezuelanas-em-sao-paulo\/","title":{"rendered":""},"content":{"rendered":"<div class=\"wpb-content-wrapper\"><p>[vc_row][vc_column][vc_column_text]<\/p>\n<h1><span class=\"TextRun SCXW5854858 BCX8\" lang=\"PT-BR\" xml:lang=\"PT-BR\" data-contrast=\"auto\"><span class=\"NormalTextRun SCXW5854858 BCX8\">Rede de apoio beneficia mais de 280 fam\u00edlias venezuelanas em S\u00e3o Paulo<\/span><\/span><span class=\"EOP Selected SCXW5854858 BCX8\" data-ccp-props=\"{&quot;335551550&quot;:6,&quot;335551620&quot;:6}\">\u00a0<\/span><\/h1>\n<p>[\/vc_column_text][vc_column_text css=&#8221;&#8221;]<\/p>\n<p><span class=\"TextRun SCXW57019239 BCX8\" lang=\"PT-BR\" xml:lang=\"PT-BR\" data-contrast=\"auto\"><span class=\"NormalTextRun SCXW57019239 BCX8\">A\u00e7\u00e3o conjunta oferece desde alimentos at\u00e9 cursos de empreendedorismo para impulsionar a autonomia de migrantes na capital e regi\u00e3o metropolitana<\/span><\/span><span class=\"EOP Selected SCXW57019239 BCX8\" data-ccp-props=\"{&quot;335551550&quot;:6,&quot;335551620&quot;:6}\">\u00a0<\/span>[\/vc_column_text][vc_column_text css=&#8221;&#8221;]<span data-contrast=\"auto\">Uma rede de solidariedade formada pela Casa de Acolhida Dom Luciano Mendes de Almeida,\u00a0pelo\u00a0Fundo Social de S\u00e3o Paulo,\u00a0pelo Centro Oscar Romero e\u00a0pela Cruz Vermelha beneficiou diretamente 281 fam\u00edlias venezuelanas nos \u00faltimos tr\u00eas meses. O projeto atende pessoas que vivem em diversos bairros da capital paulista e em munic\u00edpios vizinhos, oferecendo um suporte que une a assist\u00eancia emergencial ao planejamento de um novo futuro no Brasil.<\/span><span data-ccp-props=\"{&quot;335551550&quot;:6,&quot;335551620&quot;:6}\">\u00a0<\/span><\/p>\n<p>&nbsp;<\/p>\n<p><span data-contrast=\"auto\">O trabalho come\u00e7ou com a entrega de itens essenciais para a dignidade b\u00e1sica, como cestas de alimentos e kits de higiene bucal, mas o foco principal da iniciativa \u00e9 a capacita\u00e7\u00e3o humana. O projeto deu aten\u00e7\u00e3o especial \u00e0s mulheres por meio de oficinas de empreendedorismo e produ\u00e7\u00e3o de chocolates,\u00a0buscando\u00a0a gera\u00e7\u00e3o de renda e a independ\u00eancia financeira.\u00a0<\/span><span data-ccp-props=\"{&quot;335551550&quot;:6,&quot;335551620&quot;:6}\">\u00a0<\/span><\/p>\n<p>&nbsp;<\/p>\n<p><span data-contrast=\"auto\">Al\u00e9m do aprendizado pr\u00e1tico, as participantes contaram com rodas de conversa mediadas por profissionais de\u00a0sa\u00fade para\u00a0fortalecer a autoestima e discutir a preven\u00e7\u00e3o da viol\u00eancia de g\u00eanero.<\/span><span data-ccp-props=\"{&quot;335551550&quot;:6,&quot;335551620&quot;:6}\">\u00a0<\/span><\/p>\n<p>&nbsp;<\/p>\n<p><span data-contrast=\"auto\">A\u00a0a\u00e7\u00e3o tamb\u00e9m garantiu que os migrantes tivessem acesso a informa\u00e7\u00f5es fundamentais para a reconstru\u00e7\u00e3o de suas vidas. As fam\u00edlias receberam orienta\u00e7\u00f5es detalhadas sobre como regularizar documentos, compreender os direitos trabalhistas brasileiros e acessar o sistema de educa\u00e7\u00e3o para jovens e adultos. Houve ainda uma integra\u00e7\u00e3o direta com a Unidade B\u00e1sica de Sa\u00fade para assegurar o acompanhamento m\u00e9dico adequado de todos os atendidos.<\/span><span data-ccp-props=\"{&quot;335551550&quot;:6,&quot;335551620&quot;:6}\">\u00a0<\/span><\/p>\n<p>&nbsp;<\/p>\n<p><span data-contrast=\"auto\">Para os\u00a0organizadores, oferecer conhecimento e apoio psicol\u00f3gico \u00e9 t\u00e3o importante quanto suprir as necessidades f\u00edsicas. Ao entenderem seus direitos e ganharem novas habilidades profissionais, essas fam\u00edlias deixam de depender apenas de doa\u00e7\u00f5es e passam a ser protagonistas de suas pr\u00f3prias hist\u00f3rias. A iniciativa refor\u00e7a que o cuidado integral \u00e9 o caminho mais eficiente para promover a inclus\u00e3o social e garantir que o recome\u00e7o em um novo pa\u00eds seja sustent\u00e1vel.<\/span><span data-ccp-props=\"{&quot;335551550&quot;:6,&quot;335551620&quot;:6}\">\u00a0<\/span>[\/vc_column_text][vc_single_image image=&#8221;30066&#8243; img_size=&#8221;500&#215;300&#8243;][\/vc_column][\/vc_row]<\/p>\n<\/div>","protected":false},"excerpt":{"rendered":"<p>[vc_row][vc_column][vc_column_text] Rede de apoio beneficia mais de 280 fam\u00edlias venezuelanas em S\u00e3o Paulo\u00a0 [\/vc_column_text][vc_column_text css=&#8221;&#8221;] A\u00e7\u00e3o conjunta oferece desde alimentos at\u00e9 cursos de empreendedorismo para impulsionar a autonomia de migrantes na capital e regi\u00e3o metropolitana\u00a0[\/vc_column_text][vc_column_text css=&#8221;&#8221;]Uma rede de solidariedade formada pela Casa de Acolhida Dom Luciano Mendes de Almeida,\u00a0pelo\u00a0Fundo Social de S\u00e3o Paulo,\u00a0pelo Centro Oscar<\/p>\n","protected":false},"author":68,"featured_media":30064,"comment_status":"open","ping_status":"open","sticky":false,"template":"","format":"standard","meta":{"_acf_changed":false,"footnotes":""},"categories":[25,391,387,432,183,384],"tags":[],"post_folder":[],"class_list":["post-30062","post","type-post","status-publish","format-standard","has-post-thumbnail","hentry","category-comunicado","category-comunicado-pt","category-educacion-pt","category-noticias-pt","category-noticias","category-uncategorized-pt"],"acf":[],"yoast_head":"<!-- This site is optimized with the Yoast SEO plugin v27.5 - https:\/\/yoast.com\/product\/yoast-seo-wordpress\/ -->\n<title>- #SomosF\u00e9eAlegria en Brasil<\/title>\n<meta name=\"robots\" content=\"index, follow, max-snippet:-1, max-image-preview:large, max-video-preview:-1\" \/>\n<link rel=\"canonical\" href=\"https:\/\/www.feyalegria.org\/brasil\/rede-de-apoio-beneficia-mais-de-280-familias-venezuelanas-em-sao-paulo\/\" \/>\n<meta property=\"og:locale\" content=\"es_ES\" \/>\n<meta property=\"og:type\" content=\"article\" \/>\n<meta property=\"og:title\" content=\"- #SomosF\u00e9eAlegria en Brasil\" \/>\n<meta property=\"og:description\" content=\"[vc_row][vc_column][vc_column_text] Rede de apoio beneficia mais de 280 fam\u00edlias venezuelanas em S\u00e3o Paulo\u00a0 [\/vc_column_text][vc_column_text css=&#8221;&#8221;] A\u00e7\u00e3o conjunta oferece desde alimentos at\u00e9 cursos de empreendedorismo para impulsionar a autonomia de migrantes na capital e regi\u00e3o metropolitana\u00a0[\/vc_column_text][vc_column_text css=&#8221;&#8221;]Uma rede de solidariedade formada pela Casa de Acolhida Dom Luciano Mendes de Almeida,\u00a0pelo\u00a0Fundo Social de S\u00e3o Paulo,\u00a0pelo Centro Oscar\" \/>\n<meta property=\"og:url\" content=\"https:\/\/www.feyalegria.org\/brasil\/rede-de-apoio-beneficia-mais-de-280-familias-venezuelanas-em-sao-paulo\/\" \/>\n<meta property=\"og:site_name\" content=\"#SomosF\u00e9eAlegria en Brasil\" \/>\n<meta property=\"article:published_time\" content=\"2026-04-29T14:41:11+00:00\" \/>\n<meta property=\"article:modified_time\" content=\"2026-04-29T14:43:07+00:00\" \/>\n<meta property=\"og:image\" content=\"https:\/\/d3pugrm67vf9n7.cloudfront.net\/wp-content\/uploads\/sites\/23\/2026\/04\/29113932\/Casa-Dom-Luciano.jpg\" \/>\n\t<meta property=\"og:image:width\" content=\"1000\" \/>\n\t<meta property=\"og:image:height\" content=\"500\" \/>\n\t<meta property=\"og:image:type\" content=\"image\/jpeg\" \/>\n<meta name=\"author\" content=\"Laura Meurer\" \/>\n<meta name=\"twitter:card\" content=\"summary_large_image\" \/>\n<meta name=\"twitter:label1\" content=\"Escrito por\" \/>\n\t<meta name=\"twitter:data1\" content=\"Laura Meurer\" \/>\n\t<meta name=\"twitter:label2\" content=\"Tiempo de lectura\" \/>\n\t<meta name=\"twitter:data2\" content=\"2 minutos\" \/>\n<script type=\"application\/ld+json\" class=\"yoast-schema-graph\">{\"@context\":\"https:\\\/\\\/schema.org\",\"@graph\":[{\"@type\":\"Article\",\"@id\":\"https:\\\/\\\/www.feyalegria.org\\\/brasil\\\/rede-de-apoio-beneficia-mais-de-280-familias-venezuelanas-em-sao-paulo\\\/#article\",\"isPartOf\":{\"@id\":\"https:\\\/\\\/www.feyalegria.org\\\/brasil\\\/rede-de-apoio-beneficia-mais-de-280-familias-venezuelanas-em-sao-paulo\\\/\"},\"author\":{\"name\":\"Laura Meurer\",\"@id\":\"https:\\\/\\\/www.feyalegria.org\\\/brasil\\\/#\\\/schema\\\/person\\\/f2c58927c54060575b9e7c44d31d16e9\"},\"headline\":\"Sin t\u00edtulo\",\"datePublished\":\"2026-04-29T14:41:11+00:00\",\"dateModified\":\"2026-04-29T14:43:07+00:00\",\"mainEntityOfPage\":{\"@id\":\"https:\\\/\\\/www.feyalegria.org\\\/brasil\\\/rede-de-apoio-beneficia-mais-de-280-familias-venezuelanas-em-sao-paulo\\\/\"},\"wordCount\":399,\"commentCount\":0,\"image\":{\"@id\":\"https:\\\/\\\/www.feyalegria.org\\\/brasil\\\/rede-de-apoio-beneficia-mais-de-280-familias-venezuelanas-em-sao-paulo\\\/#primaryimage\"},\"thumbnailUrl\":\"https:\\\/\\\/d3pugrm67vf9n7.cloudfront.net\\\/wp-content\\\/uploads\\\/sites\\\/23\\\/2026\\\/04\\\/29113932\\\/Casa-Dom-Luciano.jpg\",\"articleSection\":[\"Comunicado\",\"Comunicado\",\"Educaci\u00f3n\",\"Noticias\",\"Noticias\",\"Uncategorized\"],\"inLanguage\":\"es-CO\",\"potentialAction\":[{\"@type\":\"CommentAction\",\"name\":\"Comment\",\"target\":[\"https:\\\/\\\/www.feyalegria.org\\\/brasil\\\/rede-de-apoio-beneficia-mais-de-280-familias-venezuelanas-em-sao-paulo\\\/#respond\"]}]},{\"@type\":\"WebPage\",\"@id\":\"https:\\\/\\\/www.feyalegria.org\\\/brasil\\\/rede-de-apoio-beneficia-mais-de-280-familias-venezuelanas-em-sao-paulo\\\/\",\"url\":\"https:\\\/\\\/www.feyalegria.org\\\/brasil\\\/rede-de-apoio-beneficia-mais-de-280-familias-venezuelanas-em-sao-paulo\\\/\",\"name\":\"- #SomosF\u00e9eAlegria en Brasil\",\"isPartOf\":{\"@id\":\"https:\\\/\\\/www.feyalegria.org\\\/brasil\\\/#website\"},\"primaryImageOfPage\":{\"@id\":\"https:\\\/\\\/www.feyalegria.org\\\/brasil\\\/rede-de-apoio-beneficia-mais-de-280-familias-venezuelanas-em-sao-paulo\\\/#primaryimage\"},\"image\":{\"@id\":\"https:\\\/\\\/www.feyalegria.org\\\/brasil\\\/rede-de-apoio-beneficia-mais-de-280-familias-venezuelanas-em-sao-paulo\\\/#primaryimage\"},\"thumbnailUrl\":\"https:\\\/\\\/d3pugrm67vf9n7.cloudfront.net\\\/wp-content\\\/uploads\\\/sites\\\/23\\\/2026\\\/04\\\/29113932\\\/Casa-Dom-Luciano.jpg\",\"datePublished\":\"2026-04-29T14:41:11+00:00\",\"dateModified\":\"2026-04-29T14:43:07+00:00\",\"author\":{\"@id\":\"https:\\\/\\\/www.feyalegria.org\\\/brasil\\\/#\\\/schema\\\/person\\\/f2c58927c54060575b9e7c44d31d16e9\"},\"breadcrumb\":{\"@id\":\"https:\\\/\\\/www.feyalegria.org\\\/brasil\\\/rede-de-apoio-beneficia-mais-de-280-familias-venezuelanas-em-sao-paulo\\\/#breadcrumb\"},\"inLanguage\":\"es-CO\",\"potentialAction\":[{\"@type\":\"ReadAction\",\"target\":[\"https:\\\/\\\/www.feyalegria.org\\\/brasil\\\/rede-de-apoio-beneficia-mais-de-280-familias-venezuelanas-em-sao-paulo\\\/\"]}]},{\"@type\":\"ImageObject\",\"inLanguage\":\"es-CO\",\"@id\":\"https:\\\/\\\/www.feyalegria.org\\\/brasil\\\/rede-de-apoio-beneficia-mais-de-280-familias-venezuelanas-em-sao-paulo\\\/#primaryimage\",\"url\":\"https:\\\/\\\/d3pugrm67vf9n7.cloudfront.net\\\/wp-content\\\/uploads\\\/sites\\\/23\\\/2026\\\/04\\\/29113932\\\/Casa-Dom-Luciano.jpg\",\"contentUrl\":\"https:\\\/\\\/d3pugrm67vf9n7.cloudfront.net\\\/wp-content\\\/uploads\\\/sites\\\/23\\\/2026\\\/04\\\/29113932\\\/Casa-Dom-Luciano.jpg\",\"width\":1000,\"height\":500},{\"@type\":\"BreadcrumbList\",\"@id\":\"https:\\\/\\\/www.feyalegria.org\\\/brasil\\\/rede-de-apoio-beneficia-mais-de-280-familias-venezuelanas-em-sao-paulo\\\/#breadcrumb\",\"itemListElement\":[]},{\"@type\":\"WebSite\",\"@id\":\"https:\\\/\\\/www.feyalegria.org\\\/brasil\\\/#website\",\"url\":\"https:\\\/\\\/www.feyalegria.org\\\/brasil\\\/\",\"name\":\"#SomosF\u00e9eAlegria en Brasil\",\"description\":\"\",\"potentialAction\":[{\"@type\":\"SearchAction\",\"target\":{\"@type\":\"EntryPoint\",\"urlTemplate\":\"https:\\\/\\\/www.feyalegria.org\\\/brasil\\\/?s={search_term_string}\"},\"query-input\":{\"@type\":\"PropertyValueSpecification\",\"valueRequired\":true,\"valueName\":\"search_term_string\"}}],\"inLanguage\":\"es-CO\"},{\"@type\":\"Person\",\"@id\":\"https:\\\/\\\/www.feyalegria.org\\\/brasil\\\/#\\\/schema\\\/person\\\/f2c58927c54060575b9e7c44d31d16e9\",\"name\":\"Laura Meurer\",\"url\":\"https:\\\/\\\/www.feyalegria.org\\\/brasil\\\/author\\\/adminbr02\\\/\"}]}<\/script>\n<!-- \/ Yoast SEO plugin. -->","yoast_head_json":{"title":"- #SomosF\u00e9eAlegria en Brasil","robots":{"index":"index","follow":"follow","max-snippet":"max-snippet:-1","max-image-preview":"max-image-preview:large","max-video-preview":"max-video-preview:-1"},"canonical":"https:\/\/www.feyalegria.org\/brasil\/rede-de-apoio-beneficia-mais-de-280-familias-venezuelanas-em-sao-paulo\/","og_locale":"es_ES","og_type":"article","og_title":"- #SomosF\u00e9eAlegria en Brasil","og_description":"[vc_row][vc_column][vc_column_text] Rede de apoio beneficia mais de 280 fam\u00edlias venezuelanas em S\u00e3o Paulo\u00a0 [\/vc_column_text][vc_column_text css=&#8221;&#8221;] A\u00e7\u00e3o conjunta oferece desde alimentos at\u00e9 cursos de empreendedorismo para impulsionar a autonomia de migrantes na capital e regi\u00e3o metropolitana\u00a0[\/vc_column_text][vc_column_text css=&#8221;&#8221;]Uma rede de solidariedade formada pela Casa de Acolhida Dom Luciano Mendes de Almeida,\u00a0pelo\u00a0Fundo Social de S\u00e3o Paulo,\u00a0pelo Centro Oscar","og_url":"https:\/\/www.feyalegria.org\/brasil\/rede-de-apoio-beneficia-mais-de-280-familias-venezuelanas-em-sao-paulo\/","og_site_name":"#SomosF\u00e9eAlegria en Brasil","article_published_time":"2026-04-29T14:41:11+00:00","article_modified_time":"2026-04-29T14:43:07+00:00","og_image":[{"width":1000,"height":500,"url":"https:\/\/d3pugrm67vf9n7.cloudfront.net\/wp-content\/uploads\/sites\/23\/2026\/04\/29113932\/Casa-Dom-Luciano.jpg","type":"image\/jpeg"}],"author":"Laura Meurer","twitter_card":"summary_large_image","twitter_misc":{"Escrito por":"Laura Meurer","Tiempo de lectura":"2 minutos"},"schema":{"@context":"https:\/\/schema.org","@graph":[{"@type":"Article","@id":"https:\/\/www.feyalegria.org\/brasil\/rede-de-apoio-beneficia-mais-de-280-familias-venezuelanas-em-sao-paulo\/#article","isPartOf":{"@id":"https:\/\/www.feyalegria.org\/brasil\/rede-de-apoio-beneficia-mais-de-280-familias-venezuelanas-em-sao-paulo\/"},"author":{"name":"Laura Meurer","@id":"https:\/\/www.feyalegria.org\/brasil\/#\/schema\/person\/f2c58927c54060575b9e7c44d31d16e9"},"headline":"Sin t\u00edtulo","datePublished":"2026-04-29T14:41:11+00:00","dateModified":"2026-04-29T14:43:07+00:00","mainEntityOfPage":{"@id":"https:\/\/www.feyalegria.org\/brasil\/rede-de-apoio-beneficia-mais-de-280-familias-venezuelanas-em-sao-paulo\/"},"wordCount":399,"commentCount":0,"image":{"@id":"https:\/\/www.feyalegria.org\/brasil\/rede-de-apoio-beneficia-mais-de-280-familias-venezuelanas-em-sao-paulo\/#primaryimage"},"thumbnailUrl":"https:\/\/d3pugrm67vf9n7.cloudfront.net\/wp-content\/uploads\/sites\/23\/2026\/04\/29113932\/Casa-Dom-Luciano.jpg","articleSection":["Comunicado","Comunicado","Educaci\u00f3n","Noticias","Noticias","Uncategorized"],"inLanguage":"es-CO","potentialAction":[{"@type":"CommentAction","name":"Comment","target":["https:\/\/www.feyalegria.org\/brasil\/rede-de-apoio-beneficia-mais-de-280-familias-venezuelanas-em-sao-paulo\/#respond"]}]},{"@type":"WebPage","@id":"https:\/\/www.feyalegria.org\/brasil\/rede-de-apoio-beneficia-mais-de-280-familias-venezuelanas-em-sao-paulo\/","url":"https:\/\/www.feyalegria.org\/brasil\/rede-de-apoio-beneficia-mais-de-280-familias-venezuelanas-em-sao-paulo\/","name":"- #SomosF\u00e9eAlegria en Brasil","isPartOf":{"@id":"https:\/\/www.feyalegria.org\/brasil\/#website"},"primaryImageOfPage":{"@id":"https:\/\/www.feyalegria.org\/brasil\/rede-de-apoio-beneficia-mais-de-280-familias-venezuelanas-em-sao-paulo\/#primaryimage"},"image":{"@id":"https:\/\/www.feyalegria.org\/brasil\/rede-de-apoio-beneficia-mais-de-280-familias-venezuelanas-em-sao-paulo\/#primaryimage"},"thumbnailUrl":"https:\/\/d3pugrm67vf9n7.cloudfront.net\/wp-content\/uploads\/sites\/23\/2026\/04\/29113932\/Casa-Dom-Luciano.jpg","datePublished":"2026-04-29T14:41:11+00:00","dateModified":"2026-04-29T14:43:07+00:00","author":{"@id":"https:\/\/www.feyalegria.org\/brasil\/#\/schema\/person\/f2c58927c54060575b9e7c44d31d16e9"},"breadcrumb":{"@id":"https:\/\/www.feyalegria.org\/brasil\/rede-de-apoio-beneficia-mais-de-280-familias-venezuelanas-em-sao-paulo\/#breadcrumb"},"inLanguage":"es-CO","potentialAction":[{"@type":"ReadAction","target":["https:\/\/www.feyalegria.org\/brasil\/rede-de-apoio-beneficia-mais-de-280-familias-venezuelanas-em-sao-paulo\/"]}]},{"@type":"ImageObject","inLanguage":"es-CO","@id":"https:\/\/www.feyalegria.org\/brasil\/rede-de-apoio-beneficia-mais-de-280-familias-venezuelanas-em-sao-paulo\/#primaryimage","url":"https:\/\/d3pugrm67vf9n7.cloudfront.net\/wp-content\/uploads\/sites\/23\/2026\/04\/29113932\/Casa-Dom-Luciano.jpg","contentUrl":"https:\/\/d3pugrm67vf9n7.cloudfront.net\/wp-content\/uploads\/sites\/23\/2026\/04\/29113932\/Casa-Dom-Luciano.jpg","width":1000,"height":500},{"@type":"BreadcrumbList","@id":"https:\/\/www.feyalegria.org\/brasil\/rede-de-apoio-beneficia-mais-de-280-familias-venezuelanas-em-sao-paulo\/#breadcrumb","itemListElement":[]},{"@type":"WebSite","@id":"https:\/\/www.feyalegria.org\/brasil\/#website","url":"https:\/\/www.feyalegria.org\/brasil\/","name":"#SomosF\u00e9eAlegria en Brasil","description":"","potentialAction":[{"@type":"SearchAction","target":{"@type":"EntryPoint","urlTemplate":"https:\/\/www.feyalegria.org\/brasil\/?s={search_term_string}"},"query-input":{"@type":"PropertyValueSpecification","valueRequired":true,"valueName":"search_term_string"}}],"inLanguage":"es-CO"},{"@type":"Person","@id":"https:\/\/www.feyalegria.org\/brasil\/#\/schema\/person\/f2c58927c54060575b9e7c44d31d16e9","name":"Laura Meurer","url":"https:\/\/www.feyalegria.org\/brasil\/author\/adminbr02\/"}]}},"_links":{"self":[{"href":"https:\/\/www.feyalegria.org\/brasil\/wp-json\/wp\/v2\/posts\/30062","targetHints":{"allow":["GET"]}}],"collection":[{"href":"https:\/\/www.feyalegria.org\/brasil\/wp-json\/wp\/v2\/posts"}],"about":[{"href":"https:\/\/www.feyalegria.org\/brasil\/wp-json\/wp\/v2\/types\/post"}],"author":[{"embeddable":true,"href":"https:\/\/www.feyalegria.org\/brasil\/wp-json\/wp\/v2\/users\/68"}],"replies":[{"embeddable":true,"href":"https:\/\/www.feyalegria.org\/brasil\/wp-json\/wp\/v2\/comments?post=30062"}],"version-history":[{"count":4,"href":"https:\/\/www.feyalegria.org\/brasil\/wp-json\/wp\/v2\/posts\/30062\/revisions"}],"predecessor-version":[{"id":30068,"href":"https:\/\/www.feyalegria.org\/brasil\/wp-json\/wp\/v2\/posts\/30062\/revisions\/30068"}],"wp:featuredmedia":[{"embeddable":true,"href":"https:\/\/www.feyalegria.org\/brasil\/wp-json\/wp\/v2\/media\/30064"}],"wp:attachment":[{"href":"https:\/\/www.feyalegria.org\/brasil\/wp-json\/wp\/v2\/media?parent=30062"}],"wp:term":[{"taxonomy":"category","embeddable":true,"href":"https:\/\/www.feyalegria.org\/brasil\/wp-json\/wp\/v2\/categories?post=30062"},{"taxonomy":"post_tag","embeddable":true,"href":"https:\/\/www.feyalegria.org\/brasil\/wp-json\/wp\/v2\/tags?post=30062"},{"taxonomy":"post_folder","embeddable":true,"href":"https:\/\/www.feyalegria.org\/brasil\/wp-json\/wp\/v2\/post_folder?post=30062"}],"curies":[{"name":"wp","href":"https:\/\/api.w.org\/{rel}","templated":true}]}}