 {"id":30071,"date":"2026-04-29T12:12:46","date_gmt":"2026-04-29T15:12:46","guid":{"rendered":"https:\/\/www.feyalegria.org\/brasil\/?p=30071"},"modified":"2026-04-29T12:15:14","modified_gmt":"2026-04-29T15:15:14","slug":"centro-de-fe-alegria-palmital-promove-acoes-de-cidadania-e-integracao-com-a-comunidade","status":"publish","type":"post","link":"https:\/\/www.feyalegria.org\/brasil\/centro-de-fe-alegria-palmital-promove-acoes-de-cidadania-e-integracao-com-a-comunidade\/","title":{"rendered":"Centro de F\u00e9 Alegria Palmital promove a\u00e7\u00f5es de cidadania e integra\u00e7\u00e3o com a comunidade"},"content":{"rendered":"<div class=\"wpb-content-wrapper\"><p>[vc_row][vc_column][vc_column_text css=&#8221;&#8221;]<span class=\"TextRun SCXW212487137 BCX8\" lang=\"PT-BR\" xml:lang=\"PT-BR\" data-contrast=\"auto\"><span class=\"NormalTextRun SCXW212487137 BCX8\">Programa\u00e7\u00e3o incluiu conscientiza\u00e7\u00e3o sobre o autismo, interc\u00e2mbio entre estudantes e celebra\u00e7\u00e3o da P\u00e1scoa focada em valores humanos<\/span><\/span><span class=\"EOP Selected SCXW212487137 BCX8\" data-ccp-props=\"{&quot;335551550&quot;:6,&quot;335551620&quot;:6}\">\u00a0<\/span>[\/vc_column_text][vc_column_text css=&#8221;&#8221;]<span data-contrast=\"auto\">As crian\u00e7as do\u00a0<\/span><span data-contrast=\"auto\">centro<\/span><span data-contrast=\"auto\">\u00a0de educa\u00e7\u00e3o\u00a0infantil\u00a0(CEI) de\u00a0F\u00e9 Alegria Palmital, em Santa Luzia\u00a0(MG),\u00a0participaram recentemente de uma s\u00e9rie de iniciativas voltadas ao fortalecimento da cidadania e da conviv\u00eancia social no entorno da institui\u00e7\u00e3o. A agenda reuniu uma caminhada de conscientiza\u00e7\u00e3o sobre o autismo, um encontro de socializa\u00e7\u00e3o com alunos do Col\u00e9gio Loyola e uma partilha coletiva em celebra\u00e7\u00e3o \u00e0 P\u00e1scoa. As atividades buscaram integrar o aprendizado pedag\u00f3gico \u00e0 pr\u00e1tica do respeito, da empatia e do acolhimento.<\/span><span data-ccp-props=\"{&quot;335551550&quot;:6,&quot;335551620&quot;:6}\">\u00a0<\/span><\/p>\n<p>&nbsp;<\/p>\n<p><span data-contrast=\"auto\">Em alus\u00e3o ao Dia Mundial de Conscientiza\u00e7\u00e3o do Autismo, os alunos do\u00a0<\/span><span data-contrast=\"auto\">1\u00ba\u00a0per\u00edodo<\/span><span data-contrast=\"auto\">\u00a0percorreram as ruas da comunidade levando mensagens de inclus\u00e3o. Durante o percurso, as crian\u00e7as distribu\u00edram panfletos informativos e bal\u00f5es azuis para sensibilizar os moradores sobre o Transtorno do Espectro Autista (TEA). A a\u00e7\u00e3o teve como objetivo mostrar que cada pessoa \u00e9 \u00fanica, proporcionando aos pequenos uma viv\u00eancia real de cidadania e respeito ao pr\u00f3ximo desde a inf\u00e2ncia.<\/span><span data-ccp-props=\"{&quot;335551550&quot;:6,&quot;335551620&quot;:6}\">\u00a0<\/span><\/p>\n<p>&nbsp;<\/p>\n<p><span data-contrast=\"auto\">A integra\u00e7\u00e3o entre diferentes grupos tamb\u00e9m foi estimulada por meio de uma parceria com o Col\u00e9gio Loyola. Os estudantes do col\u00e9gio passaram a tarde na institui\u00e7\u00e3o, onde participaram da rotina, auxiliaram nas atividades e trocaram experi\u00eancias com as crian\u00e7as atendidas. Esse momento de intera\u00e7\u00e3o permitiu que os visitantes conhecessem de perto a realidade local, compreendendo desafios e potencialidades em um processo de aprendizado m\u00fatuo e fortalecimento de v\u00ednculos.<\/span><span data-ccp-props=\"{&quot;335551550&quot;:6,&quot;335551620&quot;:6}\">\u00a0<\/span><\/p>\n<p>&nbsp;<\/p>\n<p><span data-contrast=\"auto\">Para complementar a programa\u00e7\u00e3o, foi realizada uma partilha coletiva no p\u00e1tio para celebrar o sentido da P\u00e1scoa. O momento foi utilizado para refletir sobre s\u00edmbolos tradicionais e valores essenciais, como o cuidado com a &#8220;casa comum&#8221;, o respeito e a ressurrei\u00e7\u00e3o. A atividade refor\u00e7ou a import\u00e2ncia do bom conv\u00edvio di\u00e1rio e do desenvolvimento de valores humanos, unindo a reflex\u00e3o espiritual ao compromisso com a forma\u00e7\u00e3o social dos educandos.<\/span><span data-ccp-props=\"{&quot;335551550&quot;:6,&quot;335551620&quot;:6}\">\u00a0<\/span>[\/vc_column_text][vc_column_text css=&#8221;&#8221;]<img loading=\"lazy\" decoding=\"async\" class=\"wp-image-30076 aligncenter\" src=\"https:\/\/d3pugrm67vf9n7.cloudfront.net\/wp-content\/uploads\/sites\/23\/2026\/04\/29121113\/conscientizacao-autismo-10-1.jpg\" alt=\"\" width=\"293\" height=\"391\" srcset=\"https:\/\/d3pugrm67vf9n7.cloudfront.net\/wp-content\/uploads\/sites\/23\/2026\/04\/29121113\/conscientizacao-autismo-10-1.jpg 828w, https:\/\/d3pugrm67vf9n7.cloudfront.net\/wp-content\/uploads\/sites\/23\/2026\/04\/29121113\/conscientizacao-autismo-10-1-225x300.jpg 225w, https:\/\/d3pugrm67vf9n7.cloudfront.net\/wp-content\/uploads\/sites\/23\/2026\/04\/29121113\/conscientizacao-autismo-10-1-768x1024.jpg 768w\" sizes=\"auto, (max-width: 293px) 100vw, 293px\" \/>[\/vc_column_text][\/vc_column][\/vc_row]<\/p>\n<\/div>","protected":false},"excerpt":{"rendered":"<p>[vc_row][vc_column][vc_column_text css=&#8221;&#8221;]Programa\u00e7\u00e3o incluiu conscientiza\u00e7\u00e3o sobre o autismo, interc\u00e2mbio entre estudantes e celebra\u00e7\u00e3o da P\u00e1scoa focada em valores humanos\u00a0[\/vc_column_text][vc_column_text css=&#8221;&#8221;]As crian\u00e7as do\u00a0centro\u00a0de educa\u00e7\u00e3o\u00a0infantil\u00a0(CEI) de\u00a0F\u00e9 Alegria Palmital, em Santa Luzia\u00a0(MG),\u00a0participaram recentemente de uma s\u00e9rie de iniciativas voltadas ao fortalecimento da cidadania e da conviv\u00eancia social no entorno da institui\u00e7\u00e3o. A agenda reuniu uma caminhada de conscientiza\u00e7\u00e3o sobre<\/p>\n","protected":false},"author":68,"featured_media":30073,"comment_status":"open","ping_status":"open","sticky":false,"template":"","format":"standard","meta":{"_acf_changed":false,"footnotes":""},"categories":[391,25,141,387,183,432],"tags":[],"post_folder":[],"class_list":["post-30071","post","type-post","status-publish","format-standard","has-post-thumbnail","hentry","category-comunicado-pt","category-comunicado","category-educacion","category-educacion-pt","category-noticias","category-noticias-pt"],"acf":[],"yoast_head":"<!-- This site is optimized with the Yoast SEO plugin v27.5 - https:\/\/yoast.com\/product\/yoast-seo-wordpress\/ -->\n<title>Centro de F\u00e9 Alegria Palmital promove a\u00e7\u00f5es de cidadania e integra\u00e7\u00e3o com a comunidade - #SomosF\u00e9eAlegria en Brasil<\/title>\n<meta name=\"robots\" content=\"index, follow, max-snippet:-1, max-image-preview:large, max-video-preview:-1\" \/>\n<link rel=\"canonical\" href=\"https:\/\/www.feyalegria.org\/brasil\/centro-de-fe-alegria-palmital-promove-acoes-de-cidadania-e-integracao-com-a-comunidade\/\" \/>\n<meta property=\"og:locale\" content=\"es_ES\" \/>\n<meta property=\"og:type\" content=\"article\" \/>\n<meta property=\"og:title\" content=\"Centro de F\u00e9 Alegria Palmital promove a\u00e7\u00f5es de cidadania e integra\u00e7\u00e3o com a comunidade - #SomosF\u00e9eAlegria en Brasil\" \/>\n<meta property=\"og:description\" content=\"[vc_row][vc_column][vc_column_text css=&#8221;&#8221;]Programa\u00e7\u00e3o incluiu conscientiza\u00e7\u00e3o sobre o autismo, interc\u00e2mbio entre estudantes e celebra\u00e7\u00e3o da P\u00e1scoa focada em valores humanos\u00a0[\/vc_column_text][vc_column_text css=&#8221;&#8221;]As crian\u00e7as do\u00a0centro\u00a0de educa\u00e7\u00e3o\u00a0infantil\u00a0(CEI) de\u00a0F\u00e9 Alegria Palmital, em Santa Luzia\u00a0(MG),\u00a0participaram recentemente de uma s\u00e9rie de iniciativas voltadas ao fortalecimento da cidadania e da conviv\u00eancia social no entorno da institui\u00e7\u00e3o. A agenda reuniu uma caminhada de conscientiza\u00e7\u00e3o sobre\" \/>\n<meta property=\"og:url\" content=\"https:\/\/www.feyalegria.org\/brasil\/centro-de-fe-alegria-palmital-promove-acoes-de-cidadania-e-integracao-com-a-comunidade\/\" \/>\n<meta property=\"og:site_name\" content=\"#SomosF\u00e9eAlegria en Brasil\" \/>\n<meta property=\"article:published_time\" content=\"2026-04-29T15:12:46+00:00\" \/>\n<meta property=\"article:modified_time\" content=\"2026-04-29T15:15:14+00:00\" \/>\n<meta property=\"og:image\" content=\"https:\/\/d3pugrm67vf9n7.cloudfront.net\/wp-content\/uploads\/sites\/23\/2026\/04\/29120752\/Banner-_Palmital.jpg\" \/>\n\t<meta property=\"og:image:width\" content=\"1000\" \/>\n\t<meta property=\"og:image:height\" content=\"500\" \/>\n\t<meta property=\"og:image:type\" content=\"image\/jpeg\" \/>\n<meta name=\"author\" content=\"Laura Meurer\" \/>\n<meta name=\"twitter:card\" content=\"summary_large_image\" \/>\n<meta name=\"twitter:label1\" content=\"Escrito por\" \/>\n\t<meta name=\"twitter:data1\" content=\"Laura Meurer\" \/>\n\t<meta name=\"twitter:label2\" content=\"Tiempo de lectura\" \/>\n\t<meta name=\"twitter:data2\" content=\"2 minutos\" \/>\n<script type=\"application\/ld+json\" class=\"yoast-schema-graph\">{\"@context\":\"https:\\\/\\\/schema.org\",\"@graph\":[{\"@type\":\"Article\",\"@id\":\"https:\\\/\\\/www.feyalegria.org\\\/brasil\\\/centro-de-fe-alegria-palmital-promove-acoes-de-cidadania-e-integracao-com-a-comunidade\\\/#article\",\"isPartOf\":{\"@id\":\"https:\\\/\\\/www.feyalegria.org\\\/brasil\\\/centro-de-fe-alegria-palmital-promove-acoes-de-cidadania-e-integracao-com-a-comunidade\\\/\"},\"author\":{\"name\":\"Laura Meurer\",\"@id\":\"https:\\\/\\\/www.feyalegria.org\\\/brasil\\\/#\\\/schema\\\/person\\\/f2c58927c54060575b9e7c44d31d16e9\"},\"headline\":\"Centro de F\u00e9 Alegria Palmital promove a\u00e7\u00f5es de cidadania e integra\u00e7\u00e3o com a comunidade\",\"datePublished\":\"2026-04-29T15:12:46+00:00\",\"dateModified\":\"2026-04-29T15:15:14+00:00\",\"mainEntityOfPage\":{\"@id\":\"https:\\\/\\\/www.feyalegria.org\\\/brasil\\\/centro-de-fe-alegria-palmital-promove-acoes-de-cidadania-e-integracao-com-a-comunidade\\\/\"},\"wordCount\":396,\"commentCount\":0,\"image\":{\"@id\":\"https:\\\/\\\/www.feyalegria.org\\\/brasil\\\/centro-de-fe-alegria-palmital-promove-acoes-de-cidadania-e-integracao-com-a-comunidade\\\/#primaryimage\"},\"thumbnailUrl\":\"https:\\\/\\\/d3pugrm67vf9n7.cloudfront.net\\\/wp-content\\\/uploads\\\/sites\\\/23\\\/2026\\\/04\\\/29120752\\\/Banner-_Palmital.jpg\",\"articleSection\":[\"Comunicado\",\"Comunicado\",\"Educaci\u00f3n\",\"Educaci\u00f3n\",\"Noticias\",\"Noticias\"],\"inLanguage\":\"es-CO\",\"potentialAction\":[{\"@type\":\"CommentAction\",\"name\":\"Comment\",\"target\":[\"https:\\\/\\\/www.feyalegria.org\\\/brasil\\\/centro-de-fe-alegria-palmital-promove-acoes-de-cidadania-e-integracao-com-a-comunidade\\\/#respond\"]}]},{\"@type\":\"WebPage\",\"@id\":\"https:\\\/\\\/www.feyalegria.org\\\/brasil\\\/centro-de-fe-alegria-palmital-promove-acoes-de-cidadania-e-integracao-com-a-comunidade\\\/\",\"url\":\"https:\\\/\\\/www.feyalegria.org\\\/brasil\\\/centro-de-fe-alegria-palmital-promove-acoes-de-cidadania-e-integracao-com-a-comunidade\\\/\",\"name\":\"Centro de F\u00e9 Alegria Palmital promove a\u00e7\u00f5es de cidadania e integra\u00e7\u00e3o com a comunidade - #SomosF\u00e9eAlegria en Brasil\",\"isPartOf\":{\"@id\":\"https:\\\/\\\/www.feyalegria.org\\\/brasil\\\/#website\"},\"primaryImageOfPage\":{\"@id\":\"https:\\\/\\\/www.feyalegria.org\\\/brasil\\\/centro-de-fe-alegria-palmital-promove-acoes-de-cidadania-e-integracao-com-a-comunidade\\\/#primaryimage\"},\"image\":{\"@id\":\"https:\\\/\\\/www.feyalegria.org\\\/brasil\\\/centro-de-fe-alegria-palmital-promove-acoes-de-cidadania-e-integracao-com-a-comunidade\\\/#primaryimage\"},\"thumbnailUrl\":\"https:\\\/\\\/d3pugrm67vf9n7.cloudfront.net\\\/wp-content\\\/uploads\\\/sites\\\/23\\\/2026\\\/04\\\/29120752\\\/Banner-_Palmital.jpg\",\"datePublished\":\"2026-04-29T15:12:46+00:00\",\"dateModified\":\"2026-04-29T15:15:14+00:00\",\"author\":{\"@id\":\"https:\\\/\\\/www.feyalegria.org\\\/brasil\\\/#\\\/schema\\\/person\\\/f2c58927c54060575b9e7c44d31d16e9\"},\"inLanguage\":\"es-CO\",\"potentialAction\":[{\"@type\":\"ReadAction\",\"target\":[\"https:\\\/\\\/www.feyalegria.org\\\/brasil\\\/centro-de-fe-alegria-palmital-promove-acoes-de-cidadania-e-integracao-com-a-comunidade\\\/\"]}]},{\"@type\":\"ImageObject\",\"inLanguage\":\"es-CO\",\"@id\":\"https:\\\/\\\/www.feyalegria.org\\\/brasil\\\/centro-de-fe-alegria-palmital-promove-acoes-de-cidadania-e-integracao-com-a-comunidade\\\/#primaryimage\",\"url\":\"https:\\\/\\\/d3pugrm67vf9n7.cloudfront.net\\\/wp-content\\\/uploads\\\/sites\\\/23\\\/2026\\\/04\\\/29120752\\\/Banner-_Palmital.jpg\",\"contentUrl\":\"https:\\\/\\\/d3pugrm67vf9n7.cloudfront.net\\\/wp-content\\\/uploads\\\/sites\\\/23\\\/2026\\\/04\\\/29120752\\\/Banner-_Palmital.jpg\",\"width\":1000,\"height\":500},{\"@type\":\"WebSite\",\"@id\":\"https:\\\/\\\/www.feyalegria.org\\\/brasil\\\/#website\",\"url\":\"https:\\\/\\\/www.feyalegria.org\\\/brasil\\\/\",\"name\":\"#SomosF\u00e9eAlegria en Brasil\",\"description\":\"\",\"potentialAction\":[{\"@type\":\"SearchAction\",\"target\":{\"@type\":\"EntryPoint\",\"urlTemplate\":\"https:\\\/\\\/www.feyalegria.org\\\/brasil\\\/?s={search_term_string}\"},\"query-input\":{\"@type\":\"PropertyValueSpecification\",\"valueRequired\":true,\"valueName\":\"search_term_string\"}}],\"inLanguage\":\"es-CO\"},{\"@type\":\"Person\",\"@id\":\"https:\\\/\\\/www.feyalegria.org\\\/brasil\\\/#\\\/schema\\\/person\\\/f2c58927c54060575b9e7c44d31d16e9\",\"name\":\"Laura Meurer\",\"url\":\"https:\\\/\\\/www.feyalegria.org\\\/brasil\\\/author\\\/adminbr02\\\/\"}]}<\/script>\n<!-- \/ Yoast SEO plugin. -->","yoast_head_json":{"title":"Centro de F\u00e9 Alegria Palmital promove a\u00e7\u00f5es de cidadania e integra\u00e7\u00e3o com a comunidade - #SomosF\u00e9eAlegria en Brasil","robots":{"index":"index","follow":"follow","max-snippet":"max-snippet:-1","max-image-preview":"max-image-preview:large","max-video-preview":"max-video-preview:-1"},"canonical":"https:\/\/www.feyalegria.org\/brasil\/centro-de-fe-alegria-palmital-promove-acoes-de-cidadania-e-integracao-com-a-comunidade\/","og_locale":"es_ES","og_type":"article","og_title":"Centro de F\u00e9 Alegria Palmital promove a\u00e7\u00f5es de cidadania e integra\u00e7\u00e3o com a comunidade - #SomosF\u00e9eAlegria en Brasil","og_description":"[vc_row][vc_column][vc_column_text css=&#8221;&#8221;]Programa\u00e7\u00e3o incluiu conscientiza\u00e7\u00e3o sobre o autismo, interc\u00e2mbio entre estudantes e celebra\u00e7\u00e3o da P\u00e1scoa focada em valores humanos\u00a0[\/vc_column_text][vc_column_text css=&#8221;&#8221;]As crian\u00e7as do\u00a0centro\u00a0de educa\u00e7\u00e3o\u00a0infantil\u00a0(CEI) de\u00a0F\u00e9 Alegria Palmital, em Santa Luzia\u00a0(MG),\u00a0participaram recentemente de uma s\u00e9rie de iniciativas voltadas ao fortalecimento da cidadania e da conviv\u00eancia social no entorno da institui\u00e7\u00e3o. A agenda reuniu uma caminhada de conscientiza\u00e7\u00e3o sobre","og_url":"https:\/\/www.feyalegria.org\/brasil\/centro-de-fe-alegria-palmital-promove-acoes-de-cidadania-e-integracao-com-a-comunidade\/","og_site_name":"#SomosF\u00e9eAlegria en Brasil","article_published_time":"2026-04-29T15:12:46+00:00","article_modified_time":"2026-04-29T15:15:14+00:00","og_image":[{"width":1000,"height":500,"url":"https:\/\/d3pugrm67vf9n7.cloudfront.net\/wp-content\/uploads\/sites\/23\/2026\/04\/29120752\/Banner-_Palmital.jpg","type":"image\/jpeg"}],"author":"Laura Meurer","twitter_card":"summary_large_image","twitter_misc":{"Escrito por":"Laura Meurer","Tiempo de lectura":"2 minutos"},"schema":{"@context":"https:\/\/schema.org","@graph":[{"@type":"Article","@id":"https:\/\/www.feyalegria.org\/brasil\/centro-de-fe-alegria-palmital-promove-acoes-de-cidadania-e-integracao-com-a-comunidade\/#article","isPartOf":{"@id":"https:\/\/www.feyalegria.org\/brasil\/centro-de-fe-alegria-palmital-promove-acoes-de-cidadania-e-integracao-com-a-comunidade\/"},"author":{"name":"Laura Meurer","@id":"https:\/\/www.feyalegria.org\/brasil\/#\/schema\/person\/f2c58927c54060575b9e7c44d31d16e9"},"headline":"Centro de F\u00e9 Alegria Palmital promove a\u00e7\u00f5es de cidadania e integra\u00e7\u00e3o com a comunidade","datePublished":"2026-04-29T15:12:46+00:00","dateModified":"2026-04-29T15:15:14+00:00","mainEntityOfPage":{"@id":"https:\/\/www.feyalegria.org\/brasil\/centro-de-fe-alegria-palmital-promove-acoes-de-cidadania-e-integracao-com-a-comunidade\/"},"wordCount":396,"commentCount":0,"image":{"@id":"https:\/\/www.feyalegria.org\/brasil\/centro-de-fe-alegria-palmital-promove-acoes-de-cidadania-e-integracao-com-a-comunidade\/#primaryimage"},"thumbnailUrl":"https:\/\/d3pugrm67vf9n7.cloudfront.net\/wp-content\/uploads\/sites\/23\/2026\/04\/29120752\/Banner-_Palmital.jpg","articleSection":["Comunicado","Comunicado","Educaci\u00f3n","Educaci\u00f3n","Noticias","Noticias"],"inLanguage":"es-CO","potentialAction":[{"@type":"CommentAction","name":"Comment","target":["https:\/\/www.feyalegria.org\/brasil\/centro-de-fe-alegria-palmital-promove-acoes-de-cidadania-e-integracao-com-a-comunidade\/#respond"]}]},{"@type":"WebPage","@id":"https:\/\/www.feyalegria.org\/brasil\/centro-de-fe-alegria-palmital-promove-acoes-de-cidadania-e-integracao-com-a-comunidade\/","url":"https:\/\/www.feyalegria.org\/brasil\/centro-de-fe-alegria-palmital-promove-acoes-de-cidadania-e-integracao-com-a-comunidade\/","name":"Centro de F\u00e9 Alegria Palmital promove a\u00e7\u00f5es de cidadania e integra\u00e7\u00e3o com a comunidade - #SomosF\u00e9eAlegria en Brasil","isPartOf":{"@id":"https:\/\/www.feyalegria.org\/brasil\/#website"},"primaryImageOfPage":{"@id":"https:\/\/www.feyalegria.org\/brasil\/centro-de-fe-alegria-palmital-promove-acoes-de-cidadania-e-integracao-com-a-comunidade\/#primaryimage"},"image":{"@id":"https:\/\/www.feyalegria.org\/brasil\/centro-de-fe-alegria-palmital-promove-acoes-de-cidadania-e-integracao-com-a-comunidade\/#primaryimage"},"thumbnailUrl":"https:\/\/d3pugrm67vf9n7.cloudfront.net\/wp-content\/uploads\/sites\/23\/2026\/04\/29120752\/Banner-_Palmital.jpg","datePublished":"2026-04-29T15:12:46+00:00","dateModified":"2026-04-29T15:15:14+00:00","author":{"@id":"https:\/\/www.feyalegria.org\/brasil\/#\/schema\/person\/f2c58927c54060575b9e7c44d31d16e9"},"inLanguage":"es-CO","potentialAction":[{"@type":"ReadAction","target":["https:\/\/www.feyalegria.org\/brasil\/centro-de-fe-alegria-palmital-promove-acoes-de-cidadania-e-integracao-com-a-comunidade\/"]}]},{"@type":"ImageObject","inLanguage":"es-CO","@id":"https:\/\/www.feyalegria.org\/brasil\/centro-de-fe-alegria-palmital-promove-acoes-de-cidadania-e-integracao-com-a-comunidade\/#primaryimage","url":"https:\/\/d3pugrm67vf9n7.cloudfront.net\/wp-content\/uploads\/sites\/23\/2026\/04\/29120752\/Banner-_Palmital.jpg","contentUrl":"https:\/\/d3pugrm67vf9n7.cloudfront.net\/wp-content\/uploads\/sites\/23\/2026\/04\/29120752\/Banner-_Palmital.jpg","width":1000,"height":500},{"@type":"WebSite","@id":"https:\/\/www.feyalegria.org\/brasil\/#website","url":"https:\/\/www.feyalegria.org\/brasil\/","name":"#SomosF\u00e9eAlegria en Brasil","description":"","potentialAction":[{"@type":"SearchAction","target":{"@type":"EntryPoint","urlTemplate":"https:\/\/www.feyalegria.org\/brasil\/?s={search_term_string}"},"query-input":{"@type":"PropertyValueSpecification","valueRequired":true,"valueName":"search_term_string"}}],"inLanguage":"es-CO"},{"@type":"Person","@id":"https:\/\/www.feyalegria.org\/brasil\/#\/schema\/person\/f2c58927c54060575b9e7c44d31d16e9","name":"Laura Meurer","url":"https:\/\/www.feyalegria.org\/brasil\/author\/adminbr02\/"}]}},"_links":{"self":[{"href":"https:\/\/www.feyalegria.org\/brasil\/wp-json\/wp\/v2\/posts\/30071","targetHints":{"allow":["GET"]}}],"collection":[{"href":"https:\/\/www.feyalegria.org\/brasil\/wp-json\/wp\/v2\/posts"}],"about":[{"href":"https:\/\/www.feyalegria.org\/brasil\/wp-json\/wp\/v2\/types\/post"}],"author":[{"embeddable":true,"href":"https:\/\/www.feyalegria.org\/brasil\/wp-json\/wp\/v2\/users\/68"}],"replies":[{"embeddable":true,"href":"https:\/\/www.feyalegria.org\/brasil\/wp-json\/wp\/v2\/comments?post=30071"}],"version-history":[{"count":3,"href":"https:\/\/www.feyalegria.org\/brasil\/wp-json\/wp\/v2\/posts\/30071\/revisions"}],"predecessor-version":[{"id":30077,"href":"https:\/\/www.feyalegria.org\/brasil\/wp-json\/wp\/v2\/posts\/30071\/revisions\/30077"}],"wp:featuredmedia":[{"embeddable":true,"href":"https:\/\/www.feyalegria.org\/brasil\/wp-json\/wp\/v2\/media\/30073"}],"wp:attachment":[{"href":"https:\/\/www.feyalegria.org\/brasil\/wp-json\/wp\/v2\/media?parent=30071"}],"wp:term":[{"taxonomy":"category","embeddable":true,"href":"https:\/\/www.feyalegria.org\/brasil\/wp-json\/wp\/v2\/categories?post=30071"},{"taxonomy":"post_tag","embeddable":true,"href":"https:\/\/www.feyalegria.org\/brasil\/wp-json\/wp\/v2\/tags?post=30071"},{"taxonomy":"post_folder","embeddable":true,"href":"https:\/\/www.feyalegria.org\/brasil\/wp-json\/wp\/v2\/post_folder?post=30071"}],"curies":[{"name":"wp","href":"https:\/\/api.w.org\/{rel}","templated":true}]}}