 {"id":30078,"date":"2026-04-29T14:24:59","date_gmt":"2026-04-29T17:24:59","guid":{"rendered":"https:\/\/www.feyalegria.org\/brasil\/?p=30078"},"modified":"2026-04-29T14:24:59","modified_gmt":"2026-04-29T17:24:59","slug":"encontro-formativo-promove-vivencia-da-pausa-inaciana-para-colaboradores","status":"publish","type":"post","link":"https:\/\/www.feyalegria.org\/brasil\/encontro-formativo-promove-vivencia-da-pausa-inaciana-para-colaboradores\/","title":{"rendered":"Encontro formativo promove viv\u00eancia da Pausa Inaciana para colaboradores"},"content":{"rendered":"<div class=\"wpb-content-wrapper\"><p>[vc_row][vc_column][vc_column_text css=&#8221;&#8221;]<\/p>\n<p><span class=\"TextRun SCXW16206585 BCX8\" lang=\"PT-BR\" xml:lang=\"PT-BR\" data-contrast=\"auto\"><span class=\"NormalTextRun SCXW16206585 BCX8\">Atividade conduzida por Ozires Vieira de Sousa, SJ, buscou fortalecer a espiritualidade e o cuidado com a dimens\u00e3o humana no cotidiano educativo<\/span><\/span><span class=\"EOP Selected SCXW16206585 BCX8\" data-ccp-props=\"{}\">\u00a0<\/span>[\/vc_column_text][vc_column_text css=&#8221;&#8221;]<span data-contrast=\"auto\">Colaboradores da unidade\u00a0do centro de F\u00e9 alegria de Manaus (AM)\u00a0participaram no dia 13 de mar\u00e7o de um encontro formativo focado na Pausa Inaciana, que teve como objetivo refletir sobre a espiritualidade A iniciativa, conduzida por Ozires Vieira de Sousa, SJ, integra a proposta educativa da Educa\u00e7\u00e3o Popular de F\u00e9 e Alegria.<\/span><span data-ccp-props=\"{}\">\u00a0<\/span><\/p>\n<p>&nbsp;<\/p>\n<p><span data-contrast=\"auto\">A programa\u00e7\u00e3o iniciou com uma reflex\u00e3o sobre a necessidade de parar para se perceber, baseada no material do\u00a0Pe.\u00a0Hor\u00e1cio Freire, SJ. Na \u00e1rea externa, os participantes realizaram exerc\u00edcios pr\u00e1ticos de respira\u00e7\u00e3o, escuta e observa\u00e7\u00e3o, visando criar um momento de conex\u00e3o interior e coletiva. O encontro seguiu com a an\u00e1lise de materiais da Rede Servir e do Magis Brasil sobre a presen\u00e7a de Deus no cotidiano, al\u00e9m da leitura de trechos do Marco Referencial da Educa\u00e7\u00e3o Popular\u00a0de F\u00e9\u00a0e Alegria.\u00a0<\/span><span data-ccp-props=\"{}\">\u00a0<\/span><\/p>\n<p>&nbsp;<\/p>\n<p><span data-contrast=\"auto\">Ao final, a pr\u00e1tica do Yoga\u00a0do riso, seguida de\u00a0uma breve ora\u00e7\u00e3o de agradecimento, proporcionou\u00a0leveza\u00a0e\u00a0alegria,\u00a0encerrando o momento de forma significativa.\u202f\u00a0Como encaminhamento, foram apontados os pr\u00f3ximos passos para a constru\u00e7\u00e3o e fortalecimento de momentos de espiritualidade ao longo do ano, envolvendo\u202fcolaboradores e educandos.\u202f<\/span><span data-ccp-props=\"{}\">\u00a0<\/span><\/p>\n<p>&nbsp;<\/p>\n<p><span data-contrast=\"auto\">Deysiane\u00a0Santos, assessora pedag\u00f3gica,\u00a0destacou a relev\u00e2ncia da viv\u00eancia para a equipe. Segundo ela,\u00a0o encontro formativo conduzido por Ozires proporcionou \u00e0 equipe um espa\u00e7o significativo de reflex\u00e3o sobre a Pausa Inaciana, favorecendo a reconex\u00e3o consigo mesmo, com o outro e com a natureza, \u00e0 luz da Espiritualidade Inaciana.<\/span><span data-ccp-props=\"{}\">\u00a0<\/span><\/p>\n<p>&nbsp;<\/p>\n<p><span data-contrast=\"auto\">&#8220;Essa\u00a0viv\u00eancia possibilitou tamb\u00e9m a conscientiza\u00e7\u00e3o sobre a import\u00e2ncia de cultivar momentos de interioridade no cotidiano, fortalecendo um olhar mais sens\u00edvel, humano e alinhado aos valores de\u00a0F\u00e9 e Alegria e \u00e0 proposta educativa da Educa\u00e7\u00e3o Popular&#8221;.<\/span><span data-ccp-props=\"{}\">\u00a0<\/span><\/p>\n<p>&nbsp;<\/p>\n<p><span data-contrast=\"auto\">Deysiane\u00a0ainda ressaltou que\u00a0o momento foi de grande relev\u00e2ncia para a equipe: \u201co encontro\u00a0contribuiu para a reflex\u00e3o sobre nossas a\u00e7\u00f5es e sobre a interliga\u00e7\u00e3o existente entre as pessoas, a natureza e a f\u00e9. Dessa forma, a atividade possibilitou evidenciar pr\u00e1ticas que integram a dimens\u00e3o espiritual e valorizam n\u00e3o apenas o conhecimento cient\u00edfico, mas tamb\u00e9m a dimens\u00e3o humana&#8221;.<\/span><span data-ccp-props=\"{}\">\u00a0<\/span>[\/vc_column_text][vc_images_carousel images=&#8221;30081,30082,30083,30084&#8243; img_size=&#8221;500&#215;300&#8243;][\/vc_column][\/vc_row]<\/p>\n<\/div>","protected":false},"excerpt":{"rendered":"<p>[vc_row][vc_column][vc_column_text css=&#8221;&#8221;] Atividade conduzida por Ozires Vieira de Sousa, SJ, buscou fortalecer a espiritualidade e o cuidado com a dimens\u00e3o humana no cotidiano educativo\u00a0[\/vc_column_text][vc_column_text css=&#8221;&#8221;]Colaboradores da unidade\u00a0do centro de F\u00e9 alegria de Manaus (AM)\u00a0participaram no dia 13 de mar\u00e7o de um encontro formativo focado na Pausa Inaciana, que teve como objetivo refletir sobre a espiritualidade<\/p>\n","protected":false},"author":68,"featured_media":30080,"comment_status":"open","ping_status":"open","sticky":false,"template":"","format":"standard","meta":{"_acf_changed":false,"footnotes":""},"categories":[391,25,387,432,183,384],"tags":[],"post_folder":[],"class_list":["post-30078","post","type-post","status-publish","format-standard","has-post-thumbnail","hentry","category-comunicado-pt","category-comunicado","category-educacion-pt","category-noticias-pt","category-noticias","category-uncategorized-pt"],"acf":[],"yoast_head":"<!-- This site is optimized with the Yoast SEO plugin v27.5 - https:\/\/yoast.com\/product\/yoast-seo-wordpress\/ -->\n<title>Encontro formativo promove viv\u00eancia da Pausa Inaciana para colaboradores - #SomosF\u00e9eAlegria en Brasil<\/title>\n<meta name=\"robots\" content=\"index, follow, max-snippet:-1, max-image-preview:large, max-video-preview:-1\" \/>\n<link rel=\"canonical\" href=\"https:\/\/www.feyalegria.org\/brasil\/encontro-formativo-promove-vivencia-da-pausa-inaciana-para-colaboradores\/\" \/>\n<meta property=\"og:locale\" content=\"es_ES\" \/>\n<meta property=\"og:type\" content=\"article\" \/>\n<meta property=\"og:title\" content=\"Encontro formativo promove viv\u00eancia da Pausa Inaciana para colaboradores - #SomosF\u00e9eAlegria en Brasil\" \/>\n<meta property=\"og:description\" content=\"[vc_row][vc_column][vc_column_text css=&#8221;&#8221;] Atividade conduzida por Ozires Vieira de Sousa, SJ, buscou fortalecer a espiritualidade e o cuidado com a dimens\u00e3o humana no cotidiano educativo\u00a0[\/vc_column_text][vc_column_text css=&#8221;&#8221;]Colaboradores da unidade\u00a0do centro de F\u00e9 alegria de Manaus (AM)\u00a0participaram no dia 13 de mar\u00e7o de um encontro formativo focado na Pausa Inaciana, que teve como objetivo refletir sobre a espiritualidade\" \/>\n<meta property=\"og:url\" content=\"https:\/\/www.feyalegria.org\/brasil\/encontro-formativo-promove-vivencia-da-pausa-inaciana-para-colaboradores\/\" \/>\n<meta property=\"og:site_name\" content=\"#SomosF\u00e9eAlegria en Brasil\" \/>\n<meta property=\"article:published_time\" content=\"2026-04-29T17:24:59+00:00\" \/>\n<meta property=\"og:image\" content=\"https:\/\/d3pugrm67vf9n7.cloudfront.net\/wp-content\/uploads\/sites\/23\/2026\/04\/29142153\/Manaus_Site.jpg\" \/>\n\t<meta property=\"og:image:width\" content=\"1000\" \/>\n\t<meta property=\"og:image:height\" content=\"500\" \/>\n\t<meta property=\"og:image:type\" content=\"image\/jpeg\" \/>\n<meta name=\"author\" content=\"Laura Meurer\" \/>\n<meta name=\"twitter:card\" content=\"summary_large_image\" \/>\n<meta name=\"twitter:label1\" content=\"Escrito por\" \/>\n\t<meta name=\"twitter:data1\" content=\"Laura Meurer\" \/>\n\t<meta name=\"twitter:label2\" content=\"Tiempo de lectura\" \/>\n\t<meta name=\"twitter:data2\" content=\"2 minutos\" \/>\n<script type=\"application\/ld+json\" class=\"yoast-schema-graph\">{\"@context\":\"https:\\\/\\\/schema.org\",\"@graph\":[{\"@type\":\"Article\",\"@id\":\"https:\\\/\\\/www.feyalegria.org\\\/brasil\\\/encontro-formativo-promove-vivencia-da-pausa-inaciana-para-colaboradores\\\/#article\",\"isPartOf\":{\"@id\":\"https:\\\/\\\/www.feyalegria.org\\\/brasil\\\/encontro-formativo-promove-vivencia-da-pausa-inaciana-para-colaboradores\\\/\"},\"author\":{\"name\":\"Laura Meurer\",\"@id\":\"https:\\\/\\\/www.feyalegria.org\\\/brasil\\\/#\\\/schema\\\/person\\\/f2c58927c54060575b9e7c44d31d16e9\"},\"headline\":\"Encontro formativo promove viv\u00eancia da Pausa Inaciana para colaboradores\",\"datePublished\":\"2026-04-29T17:24:59+00:00\",\"mainEntityOfPage\":{\"@id\":\"https:\\\/\\\/www.feyalegria.org\\\/brasil\\\/encontro-formativo-promove-vivencia-da-pausa-inaciana-para-colaboradores\\\/\"},\"wordCount\":431,\"commentCount\":0,\"image\":{\"@id\":\"https:\\\/\\\/www.feyalegria.org\\\/brasil\\\/encontro-formativo-promove-vivencia-da-pausa-inaciana-para-colaboradores\\\/#primaryimage\"},\"thumbnailUrl\":\"https:\\\/\\\/d3pugrm67vf9n7.cloudfront.net\\\/wp-content\\\/uploads\\\/sites\\\/23\\\/2026\\\/04\\\/29142153\\\/Manaus_Site.jpg\",\"articleSection\":[\"Comunicado\",\"Comunicado\",\"Educaci\u00f3n\",\"Noticias\",\"Noticias\",\"Uncategorized\"],\"inLanguage\":\"es-CO\",\"potentialAction\":[{\"@type\":\"CommentAction\",\"name\":\"Comment\",\"target\":[\"https:\\\/\\\/www.feyalegria.org\\\/brasil\\\/encontro-formativo-promove-vivencia-da-pausa-inaciana-para-colaboradores\\\/#respond\"]}]},{\"@type\":\"WebPage\",\"@id\":\"https:\\\/\\\/www.feyalegria.org\\\/brasil\\\/encontro-formativo-promove-vivencia-da-pausa-inaciana-para-colaboradores\\\/\",\"url\":\"https:\\\/\\\/www.feyalegria.org\\\/brasil\\\/encontro-formativo-promove-vivencia-da-pausa-inaciana-para-colaboradores\\\/\",\"name\":\"Encontro formativo promove viv\u00eancia da Pausa Inaciana para colaboradores - #SomosF\u00e9eAlegria en Brasil\",\"isPartOf\":{\"@id\":\"https:\\\/\\\/www.feyalegria.org\\\/brasil\\\/#website\"},\"primaryImageOfPage\":{\"@id\":\"https:\\\/\\\/www.feyalegria.org\\\/brasil\\\/encontro-formativo-promove-vivencia-da-pausa-inaciana-para-colaboradores\\\/#primaryimage\"},\"image\":{\"@id\":\"https:\\\/\\\/www.feyalegria.org\\\/brasil\\\/encontro-formativo-promove-vivencia-da-pausa-inaciana-para-colaboradores\\\/#primaryimage\"},\"thumbnailUrl\":\"https:\\\/\\\/d3pugrm67vf9n7.cloudfront.net\\\/wp-content\\\/uploads\\\/sites\\\/23\\\/2026\\\/04\\\/29142153\\\/Manaus_Site.jpg\",\"datePublished\":\"2026-04-29T17:24:59+00:00\",\"author\":{\"@id\":\"https:\\\/\\\/www.feyalegria.org\\\/brasil\\\/#\\\/schema\\\/person\\\/f2c58927c54060575b9e7c44d31d16e9\"},\"inLanguage\":\"es-CO\",\"potentialAction\":[{\"@type\":\"ReadAction\",\"target\":[\"https:\\\/\\\/www.feyalegria.org\\\/brasil\\\/encontro-formativo-promove-vivencia-da-pausa-inaciana-para-colaboradores\\\/\"]}]},{\"@type\":\"ImageObject\",\"inLanguage\":\"es-CO\",\"@id\":\"https:\\\/\\\/www.feyalegria.org\\\/brasil\\\/encontro-formativo-promove-vivencia-da-pausa-inaciana-para-colaboradores\\\/#primaryimage\",\"url\":\"https:\\\/\\\/d3pugrm67vf9n7.cloudfront.net\\\/wp-content\\\/uploads\\\/sites\\\/23\\\/2026\\\/04\\\/29142153\\\/Manaus_Site.jpg\",\"contentUrl\":\"https:\\\/\\\/d3pugrm67vf9n7.cloudfront.net\\\/wp-content\\\/uploads\\\/sites\\\/23\\\/2026\\\/04\\\/29142153\\\/Manaus_Site.jpg\",\"width\":1000,\"height\":500},{\"@type\":\"WebSite\",\"@id\":\"https:\\\/\\\/www.feyalegria.org\\\/brasil\\\/#website\",\"url\":\"https:\\\/\\\/www.feyalegria.org\\\/brasil\\\/\",\"name\":\"#SomosF\u00e9eAlegria en Brasil\",\"description\":\"\",\"potentialAction\":[{\"@type\":\"SearchAction\",\"target\":{\"@type\":\"EntryPoint\",\"urlTemplate\":\"https:\\\/\\\/www.feyalegria.org\\\/brasil\\\/?s={search_term_string}\"},\"query-input\":{\"@type\":\"PropertyValueSpecification\",\"valueRequired\":true,\"valueName\":\"search_term_string\"}}],\"inLanguage\":\"es-CO\"},{\"@type\":\"Person\",\"@id\":\"https:\\\/\\\/www.feyalegria.org\\\/brasil\\\/#\\\/schema\\\/person\\\/f2c58927c54060575b9e7c44d31d16e9\",\"name\":\"Laura Meurer\",\"url\":\"https:\\\/\\\/www.feyalegria.org\\\/brasil\\\/author\\\/adminbr02\\\/\"}]}<\/script>\n<!-- \/ Yoast SEO plugin. -->","yoast_head_json":{"title":"Encontro formativo promove viv\u00eancia da Pausa Inaciana para colaboradores - #SomosF\u00e9eAlegria en Brasil","robots":{"index":"index","follow":"follow","max-snippet":"max-snippet:-1","max-image-preview":"max-image-preview:large","max-video-preview":"max-video-preview:-1"},"canonical":"https:\/\/www.feyalegria.org\/brasil\/encontro-formativo-promove-vivencia-da-pausa-inaciana-para-colaboradores\/","og_locale":"es_ES","og_type":"article","og_title":"Encontro formativo promove viv\u00eancia da Pausa Inaciana para colaboradores - #SomosF\u00e9eAlegria en Brasil","og_description":"[vc_row][vc_column][vc_column_text css=&#8221;&#8221;] Atividade conduzida por Ozires Vieira de Sousa, SJ, buscou fortalecer a espiritualidade e o cuidado com a dimens\u00e3o humana no cotidiano educativo\u00a0[\/vc_column_text][vc_column_text css=&#8221;&#8221;]Colaboradores da unidade\u00a0do centro de F\u00e9 alegria de Manaus (AM)\u00a0participaram no dia 13 de mar\u00e7o de um encontro formativo focado na Pausa Inaciana, que teve como objetivo refletir sobre a espiritualidade","og_url":"https:\/\/www.feyalegria.org\/brasil\/encontro-formativo-promove-vivencia-da-pausa-inaciana-para-colaboradores\/","og_site_name":"#SomosF\u00e9eAlegria en Brasil","article_published_time":"2026-04-29T17:24:59+00:00","og_image":[{"width":1000,"height":500,"url":"https:\/\/d3pugrm67vf9n7.cloudfront.net\/wp-content\/uploads\/sites\/23\/2026\/04\/29142153\/Manaus_Site.jpg","type":"image\/jpeg"}],"author":"Laura Meurer","twitter_card":"summary_large_image","twitter_misc":{"Escrito por":"Laura Meurer","Tiempo de lectura":"2 minutos"},"schema":{"@context":"https:\/\/schema.org","@graph":[{"@type":"Article","@id":"https:\/\/www.feyalegria.org\/brasil\/encontro-formativo-promove-vivencia-da-pausa-inaciana-para-colaboradores\/#article","isPartOf":{"@id":"https:\/\/www.feyalegria.org\/brasil\/encontro-formativo-promove-vivencia-da-pausa-inaciana-para-colaboradores\/"},"author":{"name":"Laura Meurer","@id":"https:\/\/www.feyalegria.org\/brasil\/#\/schema\/person\/f2c58927c54060575b9e7c44d31d16e9"},"headline":"Encontro formativo promove viv\u00eancia da Pausa Inaciana para colaboradores","datePublished":"2026-04-29T17:24:59+00:00","mainEntityOfPage":{"@id":"https:\/\/www.feyalegria.org\/brasil\/encontro-formativo-promove-vivencia-da-pausa-inaciana-para-colaboradores\/"},"wordCount":431,"commentCount":0,"image":{"@id":"https:\/\/www.feyalegria.org\/brasil\/encontro-formativo-promove-vivencia-da-pausa-inaciana-para-colaboradores\/#primaryimage"},"thumbnailUrl":"https:\/\/d3pugrm67vf9n7.cloudfront.net\/wp-content\/uploads\/sites\/23\/2026\/04\/29142153\/Manaus_Site.jpg","articleSection":["Comunicado","Comunicado","Educaci\u00f3n","Noticias","Noticias","Uncategorized"],"inLanguage":"es-CO","potentialAction":[{"@type":"CommentAction","name":"Comment","target":["https:\/\/www.feyalegria.org\/brasil\/encontro-formativo-promove-vivencia-da-pausa-inaciana-para-colaboradores\/#respond"]}]},{"@type":"WebPage","@id":"https:\/\/www.feyalegria.org\/brasil\/encontro-formativo-promove-vivencia-da-pausa-inaciana-para-colaboradores\/","url":"https:\/\/www.feyalegria.org\/brasil\/encontro-formativo-promove-vivencia-da-pausa-inaciana-para-colaboradores\/","name":"Encontro formativo promove viv\u00eancia da Pausa Inaciana para colaboradores - #SomosF\u00e9eAlegria en Brasil","isPartOf":{"@id":"https:\/\/www.feyalegria.org\/brasil\/#website"},"primaryImageOfPage":{"@id":"https:\/\/www.feyalegria.org\/brasil\/encontro-formativo-promove-vivencia-da-pausa-inaciana-para-colaboradores\/#primaryimage"},"image":{"@id":"https:\/\/www.feyalegria.org\/brasil\/encontro-formativo-promove-vivencia-da-pausa-inaciana-para-colaboradores\/#primaryimage"},"thumbnailUrl":"https:\/\/d3pugrm67vf9n7.cloudfront.net\/wp-content\/uploads\/sites\/23\/2026\/04\/29142153\/Manaus_Site.jpg","datePublished":"2026-04-29T17:24:59+00:00","author":{"@id":"https:\/\/www.feyalegria.org\/brasil\/#\/schema\/person\/f2c58927c54060575b9e7c44d31d16e9"},"inLanguage":"es-CO","potentialAction":[{"@type":"ReadAction","target":["https:\/\/www.feyalegria.org\/brasil\/encontro-formativo-promove-vivencia-da-pausa-inaciana-para-colaboradores\/"]}]},{"@type":"ImageObject","inLanguage":"es-CO","@id":"https:\/\/www.feyalegria.org\/brasil\/encontro-formativo-promove-vivencia-da-pausa-inaciana-para-colaboradores\/#primaryimage","url":"https:\/\/d3pugrm67vf9n7.cloudfront.net\/wp-content\/uploads\/sites\/23\/2026\/04\/29142153\/Manaus_Site.jpg","contentUrl":"https:\/\/d3pugrm67vf9n7.cloudfront.net\/wp-content\/uploads\/sites\/23\/2026\/04\/29142153\/Manaus_Site.jpg","width":1000,"height":500},{"@type":"WebSite","@id":"https:\/\/www.feyalegria.org\/brasil\/#website","url":"https:\/\/www.feyalegria.org\/brasil\/","name":"#SomosF\u00e9eAlegria en Brasil","description":"","potentialAction":[{"@type":"SearchAction","target":{"@type":"EntryPoint","urlTemplate":"https:\/\/www.feyalegria.org\/brasil\/?s={search_term_string}"},"query-input":{"@type":"PropertyValueSpecification","valueRequired":true,"valueName":"search_term_string"}}],"inLanguage":"es-CO"},{"@type":"Person","@id":"https:\/\/www.feyalegria.org\/brasil\/#\/schema\/person\/f2c58927c54060575b9e7c44d31d16e9","name":"Laura Meurer","url":"https:\/\/www.feyalegria.org\/brasil\/author\/adminbr02\/"}]}},"_links":{"self":[{"href":"https:\/\/www.feyalegria.org\/brasil\/wp-json\/wp\/v2\/posts\/30078","targetHints":{"allow":["GET"]}}],"collection":[{"href":"https:\/\/www.feyalegria.org\/brasil\/wp-json\/wp\/v2\/posts"}],"about":[{"href":"https:\/\/www.feyalegria.org\/brasil\/wp-json\/wp\/v2\/types\/post"}],"author":[{"embeddable":true,"href":"https:\/\/www.feyalegria.org\/brasil\/wp-json\/wp\/v2\/users\/68"}],"replies":[{"embeddable":true,"href":"https:\/\/www.feyalegria.org\/brasil\/wp-json\/wp\/v2\/comments?post=30078"}],"version-history":[{"count":3,"href":"https:\/\/www.feyalegria.org\/brasil\/wp-json\/wp\/v2\/posts\/30078\/revisions"}],"predecessor-version":[{"id":30086,"href":"https:\/\/www.feyalegria.org\/brasil\/wp-json\/wp\/v2\/posts\/30078\/revisions\/30086"}],"wp:featuredmedia":[{"embeddable":true,"href":"https:\/\/www.feyalegria.org\/brasil\/wp-json\/wp\/v2\/media\/30080"}],"wp:attachment":[{"href":"https:\/\/www.feyalegria.org\/brasil\/wp-json\/wp\/v2\/media?parent=30078"}],"wp:term":[{"taxonomy":"category","embeddable":true,"href":"https:\/\/www.feyalegria.org\/brasil\/wp-json\/wp\/v2\/categories?post=30078"},{"taxonomy":"post_tag","embeddable":true,"href":"https:\/\/www.feyalegria.org\/brasil\/wp-json\/wp\/v2\/tags?post=30078"},{"taxonomy":"post_folder","embeddable":true,"href":"https:\/\/www.feyalegria.org\/brasil\/wp-json\/wp\/v2\/post_folder?post=30078"}],"curies":[{"name":"wp","href":"https:\/\/api.w.org\/{rel}","templated":true}]}}