 {"id":30087,"date":"2026-04-29T15:12:21","date_gmt":"2026-04-29T18:12:21","guid":{"rendered":"https:\/\/www.feyalegria.org\/brasil\/?p=30087"},"modified":"2026-04-29T15:12:21","modified_gmt":"2026-04-29T18:12:21","slug":"entrevista-45-anos-de-educacao-popular-e-sinodalidade","status":"publish","type":"post","link":"https:\/\/www.feyalegria.org\/brasil\/entrevista-45-anos-de-educacao-popular-e-sinodalidade\/","title":{"rendered":"Entrevista: 45 anos de educa\u00e7\u00e3o popular e sinodalidade"},"content":{"rendered":"<div class=\"wpb-content-wrapper\"><p>[vc_row][vc_column][vc_column_text css=&#8221;&#8221;]<span class=\"TextRun SCXW152883952 BCX8\" lang=\"PT-BR\" xml:lang=\"PT-BR\" data-contrast=\"auto\"><span class=\"NormalTextRun SCXW152883952 BCX8\">Diretor-presidente e coordenador de F\u00e9 e Alegria falam ao programa Igreja Sinodal<\/span><span class=\"NormalTextRun SCXW152883952 BCX8\">\u00a0sobre a t<\/span><span class=\"NormalTextRun SCXW152883952 BCX8\">ra<\/span><span class=\"NormalTextRun SCXW152883952 BCX8\">je<\/span><span class=\"NormalTextRun SCXW152883952 BCX8\">t\u00f3ria e a miss\u00e3o do movimento.<\/span><\/span><span class=\"EOP Selected SCXW152883952 BCX8\" data-ccp-props=\"{&quot;335551550&quot;:6,&quot;335551620&quot;:6}\">\u00a0<\/span>[\/vc_column_text][vc_column_text css=&#8221;&#8221;]<span data-contrast=\"auto\">A Funda\u00e7\u00e3o F\u00e9 e Alegria completa 45 anos de atua\u00e7\u00e3o\u00a0no\u00a0Brasil\u00a0como um movimento de educa\u00e7\u00e3o popular que busca transformar realidades nas periferias sociais e geogr\u00e1ficas. Em entrevista ao programa Igreja Sinodal, idealizado pelo\u00a0Servi\u00e7o Teol\u00f3gico-Pastoral, o Diretor-Presidente da\u00a0institui\u00e7\u00e3o\u00a0no Brasil,\u00a0Pe\u00a0Alexandre Raimundo de Souza,\u00a0SJ\u00a0e o coordenador em Roraima, Jos\u00e9 Alberto Romero Blanco,\u00a0falaram sobre\u00a0como a institui\u00e7\u00e3o aplica o conceito de &#8220;caminhar junto&#8221; em seus 34 centros educativos distribu\u00eddos por 14 estados. A organiza\u00e7\u00e3o, parte da Rede Jesu\u00edta de Justi\u00e7a Socioambiental, reafirma sua identidade de estar presente nos locais mais vulner\u00e1veis, seguindo a m\u00e1xima de seu fundador,\u00a0Pe.\u00a0Jos\u00e9\u00a0Mar\u00eda\u00a0V\u00e9laz,\u00a0SJ,\u00a0de que\u00a0\u201cF\u00e9 e Alegria come\u00e7am\u00a0onde o asfalto termina e\u00a0onde a cidade muda de nome&#8221;, conforme relembrou\u00a0Jos\u00e9 Alberto durante a conversa.<\/span><span data-ccp-props=\"{&quot;335551550&quot;:6,&quot;335551620&quot;:6}\">\u00a0<\/span><\/p>\n<p>&nbsp;<\/p>\n<p><span data-contrast=\"auto\">Ao relembrar a\u00a0Educa\u00e7\u00e3o Popular como\u00a0base da atua\u00e7\u00e3o\u00a0de F\u00e9 e Alegria,\u00a0padre\u00a0Alexandre enfatizou que o modelo pedag\u00f3gico da\u00a0institui\u00e7\u00e3o\u00a0\u00e9 pautado no encontro e na constru\u00e7\u00e3o coletiva do conhecimento entre a escola e o territ\u00f3rio. &#8220;Acreditamos que ningu\u00e9m ensina sozinho. N\u00f3s aprendemos a ensinar com quem vem para o centro educativo, mas tamb\u00e9m com a participa\u00e7\u00e3o da fam\u00edlia e da comunidade&#8221;, afirmou o jesu\u00edta. Segundo ele, essa abordagem \u00e9 essencial para formar sujeitos protagonistas e n\u00e3o meros destinat\u00e1rios de assist\u00eancia, permitindo que os educandos aprendam a conviver com culturas e saberes diferentes enquanto constroem sua pr\u00f3pria autonomia.<\/span><span data-ccp-props=\"{&quot;335551550&quot;:6,&quot;335551620&quot;:6}\">\u00a0<\/span><\/p>\n<p>&nbsp;<\/p>\n<p><span data-contrast=\"auto\">No contexto atual, essa miss\u00e3o se traduz em projetos diversificados que respondem \u00e0s urg\u00eancias de cada regi\u00e3o, como o acolhimento migrat\u00f3rio na Amaz\u00f4nia e a sustentabilidade no semi\u00e1rido. Em Roraima, o trabalho em rede \u00e9 fundamental para lidar com a complexidade do fluxo migrat\u00f3rio, envolvendo a Igreja local, o poder p\u00fablico e as comunidades. Jos\u00e9 Alberto, que iniciou sua trajet\u00f3ria na funda\u00e7\u00e3o como benefici\u00e1rio antes de se tornar coordenador, destacou que o impacto do trabalho \u00e9 vis\u00edvel nos pequenos gestos cotidianos. &#8220;Sinais de esperan\u00e7a s\u00e3o as mulheres que querem progredir, as fam\u00edlias que querem avan\u00e7ar e se integrar, e pessoas que querem aprender e evoluir. Isso carrega nossas baterias&#8221;, relatou.<\/span><span data-ccp-props=\"{&quot;335551550&quot;:6,&quot;335551620&quot;:6}\">\u00a0<\/span><\/p>\n<p>&nbsp;<\/p>\n<p><span data-contrast=\"auto\">Ao concluir a reflex\u00e3o sobre o papel da sinodalidade na educa\u00e7\u00e3o, o Padre Alexandre refor\u00e7ou que a efic\u00e1cia da miss\u00e3o depende da capacidade de escuta e coopera\u00e7\u00e3o entre diferentes atores sociais. Ele destacou exemplos como a Escola Fam\u00edlia Agr\u00edcola\u00a0de Jaboticaba, em Quixabeira (BA), onde o di\u00e1logo com pequenos agricultores e o poder p\u00fablico promove a ecologia integral. Para o diretor, o segredo da longevidade e do impacto\u00a0de F\u00e9 e Alegria\u00a0reside na uni\u00e3o de esfor\u00e7os e na humildade de aprender com o outro. &#8220;A pista concreta para ser mais sinodal \u00e9 n\u00e3o caminhar sozinho. \u00c9\u00a0saber escutar atentamente e dar as m\u00e3os, para n\u00e3o caminhar depressa e sozinho, mas irmos todos juntos&#8221;, finalizou.\u00a0<\/span><span data-ccp-props=\"{&quot;335551550&quot;:6,&quot;335551620&quot;:6}\">\u00a0<\/span>[\/vc_column_text][vc_single_image image=&#8221;30091&#8243; img_size=&#8221;500&#215;300&#8243; css=&#8221;&#8221;][\/vc_column][\/vc_row]<\/p>\n<\/div>","protected":false},"excerpt":{"rendered":"<p>[vc_row][vc_column][vc_column_text css=&#8221;&#8221;]Diretor-presidente e coordenador de F\u00e9 e Alegria falam ao programa Igreja Sinodal\u00a0sobre a trajet\u00f3ria e a miss\u00e3o do movimento.\u00a0[\/vc_column_text][vc_column_text css=&#8221;&#8221;]A Funda\u00e7\u00e3o F\u00e9 e Alegria completa 45 anos de atua\u00e7\u00e3o\u00a0no\u00a0Brasil\u00a0como um movimento de educa\u00e7\u00e3o popular que busca transformar realidades nas periferias sociais e geogr\u00e1ficas. Em entrevista ao programa Igreja Sinodal, idealizado pelo\u00a0Servi\u00e7o Teol\u00f3gico-Pastoral, o Diretor-Presidente<\/p>\n","protected":false},"author":68,"featured_media":30090,"comment_status":"open","ping_status":"open","sticky":false,"template":"","format":"standard","meta":{"_acf_changed":false,"footnotes":""},"categories":[25,17,183,432,384],"tags":[],"post_folder":[],"class_list":["post-30087","post","type-post","status-publish","format-standard","has-post-thumbnail","hentry","category-comunicado","category-educacion-universitaria","category-noticias","category-noticias-pt","category-uncategorized-pt"],"acf":[],"yoast_head":"<!-- This site is optimized with the Yoast SEO plugin v27.5 - https:\/\/yoast.com\/product\/yoast-seo-wordpress\/ -->\n<title>Entrevista: 45 anos de educa\u00e7\u00e3o popular e sinodalidade - #SomosF\u00e9eAlegria en Brasil<\/title>\n<meta name=\"robots\" content=\"index, follow, max-snippet:-1, max-image-preview:large, max-video-preview:-1\" \/>\n<link rel=\"canonical\" href=\"https:\/\/www.feyalegria.org\/brasil\/entrevista-45-anos-de-educacao-popular-e-sinodalidade\/\" \/>\n<meta property=\"og:locale\" content=\"es_ES\" \/>\n<meta property=\"og:type\" content=\"article\" \/>\n<meta property=\"og:title\" content=\"Entrevista: 45 anos de educa\u00e7\u00e3o popular e sinodalidade - #SomosF\u00e9eAlegria en Brasil\" \/>\n<meta property=\"og:description\" content=\"[vc_row][vc_column][vc_column_text css=&#8221;&#8221;]Diretor-presidente e coordenador de F\u00e9 e Alegria falam ao programa Igreja Sinodal\u00a0sobre a trajet\u00f3ria e a miss\u00e3o do movimento.\u00a0[\/vc_column_text][vc_column_text css=&#8221;&#8221;]A Funda\u00e7\u00e3o F\u00e9 e Alegria completa 45 anos de atua\u00e7\u00e3o\u00a0no\u00a0Brasil\u00a0como um movimento de educa\u00e7\u00e3o popular que busca transformar realidades nas periferias sociais e geogr\u00e1ficas. Em entrevista ao programa Igreja Sinodal, idealizado pelo\u00a0Servi\u00e7o Teol\u00f3gico-Pastoral, o Diretor-Presidente\" \/>\n<meta property=\"og:url\" content=\"https:\/\/www.feyalegria.org\/brasil\/entrevista-45-anos-de-educacao-popular-e-sinodalidade\/\" \/>\n<meta property=\"og:site_name\" content=\"#SomosF\u00e9eAlegria en Brasil\" \/>\n<meta property=\"article:published_time\" content=\"2026-04-29T18:12:21+00:00\" \/>\n<meta property=\"og:image\" content=\"https:\/\/d3pugrm67vf9n7.cloudfront.net\/wp-content\/uploads\/sites\/23\/2026\/04\/29151002\/Pe-Alexandre.jpg\" \/>\n\t<meta property=\"og:image:width\" content=\"1000\" \/>\n\t<meta property=\"og:image:height\" content=\"500\" \/>\n\t<meta property=\"og:image:type\" content=\"image\/jpeg\" \/>\n<meta name=\"author\" content=\"Laura Meurer\" \/>\n<meta name=\"twitter:card\" content=\"summary_large_image\" \/>\n<meta name=\"twitter:label1\" content=\"Escrito por\" \/>\n\t<meta name=\"twitter:data1\" content=\"Laura Meurer\" \/>\n\t<meta name=\"twitter:label2\" content=\"Tiempo de lectura\" \/>\n\t<meta name=\"twitter:data2\" content=\"3 minutos\" \/>\n<script type=\"application\/ld+json\" class=\"yoast-schema-graph\">{\"@context\":\"https:\\\/\\\/schema.org\",\"@graph\":[{\"@type\":\"Article\",\"@id\":\"https:\\\/\\\/www.feyalegria.org\\\/brasil\\\/entrevista-45-anos-de-educacao-popular-e-sinodalidade\\\/#article\",\"isPartOf\":{\"@id\":\"https:\\\/\\\/www.feyalegria.org\\\/brasil\\\/entrevista-45-anos-de-educacao-popular-e-sinodalidade\\\/\"},\"author\":{\"name\":\"Laura Meurer\",\"@id\":\"https:\\\/\\\/www.feyalegria.org\\\/brasil\\\/#\\\/schema\\\/person\\\/f2c58927c54060575b9e7c44d31d16e9\"},\"headline\":\"Entrevista: 45 anos de educa\u00e7\u00e3o popular e sinodalidade\",\"datePublished\":\"2026-04-29T18:12:21+00:00\",\"mainEntityOfPage\":{\"@id\":\"https:\\\/\\\/www.feyalegria.org\\\/brasil\\\/entrevista-45-anos-de-educacao-popular-e-sinodalidade\\\/\"},\"wordCount\":578,\"commentCount\":0,\"image\":{\"@id\":\"https:\\\/\\\/www.feyalegria.org\\\/brasil\\\/entrevista-45-anos-de-educacao-popular-e-sinodalidade\\\/#primaryimage\"},\"thumbnailUrl\":\"https:\\\/\\\/d3pugrm67vf9n7.cloudfront.net\\\/wp-content\\\/uploads\\\/sites\\\/23\\\/2026\\\/04\\\/29151002\\\/Pe-Alexandre.jpg\",\"articleSection\":[\"Comunicado\",\"Educaci\u00f3n Universitaria\",\"Noticias\",\"Noticias\",\"Uncategorized\"],\"inLanguage\":\"es-CO\",\"potentialAction\":[{\"@type\":\"CommentAction\",\"name\":\"Comment\",\"target\":[\"https:\\\/\\\/www.feyalegria.org\\\/brasil\\\/entrevista-45-anos-de-educacao-popular-e-sinodalidade\\\/#respond\"]}]},{\"@type\":\"WebPage\",\"@id\":\"https:\\\/\\\/www.feyalegria.org\\\/brasil\\\/entrevista-45-anos-de-educacao-popular-e-sinodalidade\\\/\",\"url\":\"https:\\\/\\\/www.feyalegria.org\\\/brasil\\\/entrevista-45-anos-de-educacao-popular-e-sinodalidade\\\/\",\"name\":\"Entrevista: 45 anos de educa\u00e7\u00e3o popular e sinodalidade - #SomosF\u00e9eAlegria en Brasil\",\"isPartOf\":{\"@id\":\"https:\\\/\\\/www.feyalegria.org\\\/brasil\\\/#website\"},\"primaryImageOfPage\":{\"@id\":\"https:\\\/\\\/www.feyalegria.org\\\/brasil\\\/entrevista-45-anos-de-educacao-popular-e-sinodalidade\\\/#primaryimage\"},\"image\":{\"@id\":\"https:\\\/\\\/www.feyalegria.org\\\/brasil\\\/entrevista-45-anos-de-educacao-popular-e-sinodalidade\\\/#primaryimage\"},\"thumbnailUrl\":\"https:\\\/\\\/d3pugrm67vf9n7.cloudfront.net\\\/wp-content\\\/uploads\\\/sites\\\/23\\\/2026\\\/04\\\/29151002\\\/Pe-Alexandre.jpg\",\"datePublished\":\"2026-04-29T18:12:21+00:00\",\"author\":{\"@id\":\"https:\\\/\\\/www.feyalegria.org\\\/brasil\\\/#\\\/schema\\\/person\\\/f2c58927c54060575b9e7c44d31d16e9\"},\"inLanguage\":\"es-CO\",\"potentialAction\":[{\"@type\":\"ReadAction\",\"target\":[\"https:\\\/\\\/www.feyalegria.org\\\/brasil\\\/entrevista-45-anos-de-educacao-popular-e-sinodalidade\\\/\"]}]},{\"@type\":\"ImageObject\",\"inLanguage\":\"es-CO\",\"@id\":\"https:\\\/\\\/www.feyalegria.org\\\/brasil\\\/entrevista-45-anos-de-educacao-popular-e-sinodalidade\\\/#primaryimage\",\"url\":\"https:\\\/\\\/d3pugrm67vf9n7.cloudfront.net\\\/wp-content\\\/uploads\\\/sites\\\/23\\\/2026\\\/04\\\/29151002\\\/Pe-Alexandre.jpg\",\"contentUrl\":\"https:\\\/\\\/d3pugrm67vf9n7.cloudfront.net\\\/wp-content\\\/uploads\\\/sites\\\/23\\\/2026\\\/04\\\/29151002\\\/Pe-Alexandre.jpg\",\"width\":1000,\"height\":500},{\"@type\":\"WebSite\",\"@id\":\"https:\\\/\\\/www.feyalegria.org\\\/brasil\\\/#website\",\"url\":\"https:\\\/\\\/www.feyalegria.org\\\/brasil\\\/\",\"name\":\"#SomosF\u00e9eAlegria en Brasil\",\"description\":\"\",\"potentialAction\":[{\"@type\":\"SearchAction\",\"target\":{\"@type\":\"EntryPoint\",\"urlTemplate\":\"https:\\\/\\\/www.feyalegria.org\\\/brasil\\\/?s={search_term_string}\"},\"query-input\":{\"@type\":\"PropertyValueSpecification\",\"valueRequired\":true,\"valueName\":\"search_term_string\"}}],\"inLanguage\":\"es-CO\"},{\"@type\":\"Person\",\"@id\":\"https:\\\/\\\/www.feyalegria.org\\\/brasil\\\/#\\\/schema\\\/person\\\/f2c58927c54060575b9e7c44d31d16e9\",\"name\":\"Laura Meurer\",\"url\":\"https:\\\/\\\/www.feyalegria.org\\\/brasil\\\/author\\\/adminbr02\\\/\"}]}<\/script>\n<!-- \/ Yoast SEO plugin. -->","yoast_head_json":{"title":"Entrevista: 45 anos de educa\u00e7\u00e3o popular e sinodalidade - #SomosF\u00e9eAlegria en Brasil","robots":{"index":"index","follow":"follow","max-snippet":"max-snippet:-1","max-image-preview":"max-image-preview:large","max-video-preview":"max-video-preview:-1"},"canonical":"https:\/\/www.feyalegria.org\/brasil\/entrevista-45-anos-de-educacao-popular-e-sinodalidade\/","og_locale":"es_ES","og_type":"article","og_title":"Entrevista: 45 anos de educa\u00e7\u00e3o popular e sinodalidade - #SomosF\u00e9eAlegria en Brasil","og_description":"[vc_row][vc_column][vc_column_text css=&#8221;&#8221;]Diretor-presidente e coordenador de F\u00e9 e Alegria falam ao programa Igreja Sinodal\u00a0sobre a trajet\u00f3ria e a miss\u00e3o do movimento.\u00a0[\/vc_column_text][vc_column_text css=&#8221;&#8221;]A Funda\u00e7\u00e3o F\u00e9 e Alegria completa 45 anos de atua\u00e7\u00e3o\u00a0no\u00a0Brasil\u00a0como um movimento de educa\u00e7\u00e3o popular que busca transformar realidades nas periferias sociais e geogr\u00e1ficas. Em entrevista ao programa Igreja Sinodal, idealizado pelo\u00a0Servi\u00e7o Teol\u00f3gico-Pastoral, o Diretor-Presidente","og_url":"https:\/\/www.feyalegria.org\/brasil\/entrevista-45-anos-de-educacao-popular-e-sinodalidade\/","og_site_name":"#SomosF\u00e9eAlegria en Brasil","article_published_time":"2026-04-29T18:12:21+00:00","og_image":[{"width":1000,"height":500,"url":"https:\/\/d3pugrm67vf9n7.cloudfront.net\/wp-content\/uploads\/sites\/23\/2026\/04\/29151002\/Pe-Alexandre.jpg","type":"image\/jpeg"}],"author":"Laura Meurer","twitter_card":"summary_large_image","twitter_misc":{"Escrito por":"Laura Meurer","Tiempo de lectura":"3 minutos"},"schema":{"@context":"https:\/\/schema.org","@graph":[{"@type":"Article","@id":"https:\/\/www.feyalegria.org\/brasil\/entrevista-45-anos-de-educacao-popular-e-sinodalidade\/#article","isPartOf":{"@id":"https:\/\/www.feyalegria.org\/brasil\/entrevista-45-anos-de-educacao-popular-e-sinodalidade\/"},"author":{"name":"Laura Meurer","@id":"https:\/\/www.feyalegria.org\/brasil\/#\/schema\/person\/f2c58927c54060575b9e7c44d31d16e9"},"headline":"Entrevista: 45 anos de educa\u00e7\u00e3o popular e sinodalidade","datePublished":"2026-04-29T18:12:21+00:00","mainEntityOfPage":{"@id":"https:\/\/www.feyalegria.org\/brasil\/entrevista-45-anos-de-educacao-popular-e-sinodalidade\/"},"wordCount":578,"commentCount":0,"image":{"@id":"https:\/\/www.feyalegria.org\/brasil\/entrevista-45-anos-de-educacao-popular-e-sinodalidade\/#primaryimage"},"thumbnailUrl":"https:\/\/d3pugrm67vf9n7.cloudfront.net\/wp-content\/uploads\/sites\/23\/2026\/04\/29151002\/Pe-Alexandre.jpg","articleSection":["Comunicado","Educaci\u00f3n Universitaria","Noticias","Noticias","Uncategorized"],"inLanguage":"es-CO","potentialAction":[{"@type":"CommentAction","name":"Comment","target":["https:\/\/www.feyalegria.org\/brasil\/entrevista-45-anos-de-educacao-popular-e-sinodalidade\/#respond"]}]},{"@type":"WebPage","@id":"https:\/\/www.feyalegria.org\/brasil\/entrevista-45-anos-de-educacao-popular-e-sinodalidade\/","url":"https:\/\/www.feyalegria.org\/brasil\/entrevista-45-anos-de-educacao-popular-e-sinodalidade\/","name":"Entrevista: 45 anos de educa\u00e7\u00e3o popular e sinodalidade - #SomosF\u00e9eAlegria en Brasil","isPartOf":{"@id":"https:\/\/www.feyalegria.org\/brasil\/#website"},"primaryImageOfPage":{"@id":"https:\/\/www.feyalegria.org\/brasil\/entrevista-45-anos-de-educacao-popular-e-sinodalidade\/#primaryimage"},"image":{"@id":"https:\/\/www.feyalegria.org\/brasil\/entrevista-45-anos-de-educacao-popular-e-sinodalidade\/#primaryimage"},"thumbnailUrl":"https:\/\/d3pugrm67vf9n7.cloudfront.net\/wp-content\/uploads\/sites\/23\/2026\/04\/29151002\/Pe-Alexandre.jpg","datePublished":"2026-04-29T18:12:21+00:00","author":{"@id":"https:\/\/www.feyalegria.org\/brasil\/#\/schema\/person\/f2c58927c54060575b9e7c44d31d16e9"},"inLanguage":"es-CO","potentialAction":[{"@type":"ReadAction","target":["https:\/\/www.feyalegria.org\/brasil\/entrevista-45-anos-de-educacao-popular-e-sinodalidade\/"]}]},{"@type":"ImageObject","inLanguage":"es-CO","@id":"https:\/\/www.feyalegria.org\/brasil\/entrevista-45-anos-de-educacao-popular-e-sinodalidade\/#primaryimage","url":"https:\/\/d3pugrm67vf9n7.cloudfront.net\/wp-content\/uploads\/sites\/23\/2026\/04\/29151002\/Pe-Alexandre.jpg","contentUrl":"https:\/\/d3pugrm67vf9n7.cloudfront.net\/wp-content\/uploads\/sites\/23\/2026\/04\/29151002\/Pe-Alexandre.jpg","width":1000,"height":500},{"@type":"WebSite","@id":"https:\/\/www.feyalegria.org\/brasil\/#website","url":"https:\/\/www.feyalegria.org\/brasil\/","name":"#SomosF\u00e9eAlegria en Brasil","description":"","potentialAction":[{"@type":"SearchAction","target":{"@type":"EntryPoint","urlTemplate":"https:\/\/www.feyalegria.org\/brasil\/?s={search_term_string}"},"query-input":{"@type":"PropertyValueSpecification","valueRequired":true,"valueName":"search_term_string"}}],"inLanguage":"es-CO"},{"@type":"Person","@id":"https:\/\/www.feyalegria.org\/brasil\/#\/schema\/person\/f2c58927c54060575b9e7c44d31d16e9","name":"Laura Meurer","url":"https:\/\/www.feyalegria.org\/brasil\/author\/adminbr02\/"}]}},"_links":{"self":[{"href":"https:\/\/www.feyalegria.org\/brasil\/wp-json\/wp\/v2\/posts\/30087","targetHints":{"allow":["GET"]}}],"collection":[{"href":"https:\/\/www.feyalegria.org\/brasil\/wp-json\/wp\/v2\/posts"}],"about":[{"href":"https:\/\/www.feyalegria.org\/brasil\/wp-json\/wp\/v2\/types\/post"}],"author":[{"embeddable":true,"href":"https:\/\/www.feyalegria.org\/brasil\/wp-json\/wp\/v2\/users\/68"}],"replies":[{"embeddable":true,"href":"https:\/\/www.feyalegria.org\/brasil\/wp-json\/wp\/v2\/comments?post=30087"}],"version-history":[{"count":3,"href":"https:\/\/www.feyalegria.org\/brasil\/wp-json\/wp\/v2\/posts\/30087\/revisions"}],"predecessor-version":[{"id":30092,"href":"https:\/\/www.feyalegria.org\/brasil\/wp-json\/wp\/v2\/posts\/30087\/revisions\/30092"}],"wp:featuredmedia":[{"embeddable":true,"href":"https:\/\/www.feyalegria.org\/brasil\/wp-json\/wp\/v2\/media\/30090"}],"wp:attachment":[{"href":"https:\/\/www.feyalegria.org\/brasil\/wp-json\/wp\/v2\/media?parent=30087"}],"wp:term":[{"taxonomy":"category","embeddable":true,"href":"https:\/\/www.feyalegria.org\/brasil\/wp-json\/wp\/v2\/categories?post=30087"},{"taxonomy":"post_tag","embeddable":true,"href":"https:\/\/www.feyalegria.org\/brasil\/wp-json\/wp\/v2\/tags?post=30087"},{"taxonomy":"post_folder","embeddable":true,"href":"https:\/\/www.feyalegria.org\/brasil\/wp-json\/wp\/v2\/post_folder?post=30087"}],"curies":[{"name":"wp","href":"https:\/\/api.w.org\/{rel}","templated":true}]}}