{"id":30098,"date":"2026-04-30T11:26:23","date_gmt":"2026-04-30T14:26:23","guid":{"rendered":"https:\/\/www.feyalegria.org\/brasil\/?p=30098"},"modified":"2026-04-30T11:26:23","modified_gmt":"2026-04-30T14:26:23","slug":"fe-e-alegria-recebe-representante-internacional-em-visita-a-manaus-e-boa-vista","status":"publish","type":"post","link":"https:\/\/www.feyalegria.org\/brasil\/fe-e-alegria-recebe-representante-internacional-em-visita-a-manaus-e-boa-vista\/","title":{"rendered":"F\u00e9 e Alegria recebe representante internacional em visita a Manaus e Boa Vista"},"content":{"rendered":"<div class=\"wpb-content-wrapper\"><p>[vc_row][vc_column][vc_column_text css=&#8221;&#8221;]<\/p>\n<p>&nbsp;<\/p>\n<p><span class=\"TextRun SCXW125324185 BCX8\" lang=\"PT-BR\" xml:lang=\"PT-BR\" data-contrast=\"auto\"><span class=\"NormalTextRun SCXW125324185 BCX8\">Agenda<\/span><span class=\"NormalTextRun SCXW125324185 BCX8\">\u00a0destac<\/span><span class=\"NormalTextRun SCXW125324185 BCX8\">ou<\/span><span class=\"NormalTextRun SCXW125324185 BCX8\">\u00a0atua\u00e7\u00e3o em educa\u00e7\u00e3o popular, acolhida a migrantes e compromisso com popula\u00e7\u00f5es em situa\u00e7\u00e3o de vulnerabilidade<\/span><\/span><span class=\"EOP Selected SCXW125324185 BCX8\" data-ccp-props=\"{&quot;335551550&quot;:6,&quot;335551620&quot;:6}\">\u00a0<\/span>[\/vc_column_text][vc_column_text css=&#8221;&#8221;]<span data-contrast=\"auto\">De 13 a 18 de abril, uma equipe de F\u00e9 e Alegria\u00a0esteve em visita \u00e0s cidades de Manaus (AM) e Boa Vista (RR),\u00a0em um exerc\u00edcio de acompanhamento, escuta e fortalecimento dos centros mantidos pela institui\u00e7\u00e3o nesses territ\u00f3rios.\u00a0Em\u00a0viagem no pa\u00eds, a\u00a0coordenadora\u00a0de Novas Fronteiras da Federa\u00e7\u00e3o Internacional do Movimento,\u00a0Sabrina Burgos\u00a0Capera,\u00a0foi acompanhada pela coordenadora Pedag\u00f3gica Nacional,\u00a0Fernanda Ariele da Silva,\u00a0e a coordenadora de F\u00e9 e Alegria\u00a0Pernambuco, Catarina de Santana Silva,\u00a0que contaram ainda com o apoio do\u00a0Pe. Rog\u00e9rio Mosimann da Silva, Delegado para a Prefer\u00eancia Apost\u00f3lica Amaz\u00f4nia (Paam).<\/span><span data-ccp-props=\"{&quot;335551550&quot;:6,&quot;335551620&quot;:6}\">\u00a0<\/span><\/p>\n<p>&nbsp;<\/p>\n<p><span data-contrast=\"auto\">Na capital amazonense, foi realizada visita ao Centro Social de Educa\u00e7\u00e3o e Cultura Grande Vit\u00f3ria, onde s\u00e3o desenvolvidas atividades com crian\u00e7as e adolescentes em situa\u00e7\u00e3o de vulnerabilidade. A iniciativa est\u00e1 alinhada \u00e0 proposta educativa de F\u00e9 e Alegria, baseada na educa\u00e7\u00e3o popular e na pedagogia inaciana, que prioriza a forma\u00e7\u00e3o integral e o protagonismo dos sujeitos atendidos.\u00a0Como destacou Fernanda Ariele:\u00a0\u201c\u00c9 um trabalho que coloca o educando no centro do processo, promovendo n\u00e3o apenas o acesso ao conhecimento, mas tamb\u00e9m a forma\u00e7\u00e3o cr\u00edtica e o compromisso com a transforma\u00e7\u00e3o social\u201d.<\/span><span data-ccp-props=\"{&quot;335551550&quot;:6,&quot;335551620&quot;:6}\">\u00a0<\/span><\/p>\n<p>&nbsp;<\/p>\n<p><span data-contrast=\"auto\">J\u00e1 em Boa Vista,\u00a0onde o grupo contou tamb\u00e9m com o acompanhamento do diretor-presidente de F\u00e9 e Alegria Brasil, Pe. Alexandre Raimundo de Souza, SJ,\u00a0a agenda foi marcada pelo fortalecimento do trabalho em rede. Durante a visita,\u00a0o grupo\u00a0conheceu\u00a0as a\u00e7\u00f5es realizadas no Centro Social\u00a0S\u00e3o Francisco Xavier, na Casa de Passagem\u00a0Pe. Jos\u00e9 Mar\u00eda V\u00e9laz, SJ,\u00a0e no\u00a0Escrit\u00f3rio de Empreendedorismo, com foco no acolhimento e acompanhamento de migrantes e refugiados.<\/span><span data-ccp-props=\"{&quot;335551550&quot;:6,&quot;335551620&quot;:6}\">\u00a0<\/span><\/p>\n<p>&nbsp;<\/p>\n<p><span data-contrast=\"auto\">Segundo Catarina, as iniciativas evidenciam a presen\u00e7a concreta da proposta educativa do Movimento\u00a0em contextos diversos. \u201cReconhecemos os saberes dessas popula\u00e7\u00f5es, promovemos autonomia e buscamos fortalecer a dignidade das pessoas atendidas, especialmente em situa\u00e7\u00f5es de maior vulnerabilidade\u201d, afirmou.<\/span><span data-ccp-props=\"{&quot;335551550&quot;:6,&quot;335551620&quot;:6}\">\u00a0<\/span><\/p>\n<p>&nbsp;<\/p>\n<p><span data-contrast=\"auto\">Ao final da agenda, Fernanda Ariele ressaltou que as experi\u00eancias vivenciadas reafirmam o compromisso de\u00a0F\u00e9 e Alegria Brasil com uma educa\u00e7\u00e3o\u00a0transformadora. \u201cSa\u00edmos ainda mais mobilizadas pela miss\u00e3o, conscientes de que, por meio da educa\u00e7\u00e3o popular e da pedagogia inaciana, seguimos contribuindo para a constru\u00e7\u00e3o de uma sociedade mais justa e solid\u00e1ria\u201d,\u00a0disse.<\/span><span data-ccp-props=\"{&quot;335551550&quot;:6,&quot;335551620&quot;:6}\">\u00a0<\/span>[\/vc_column_text][vc_column_text css=&#8221;&#8221;]<\/p>\n<p><span class=\"TextRun SCXW95536332 BCX8\" lang=\"PT-BR\" xml:lang=\"PT-BR\" data-contrast=\"auto\"><span class=\"NormalTextRun SCXW95536332 BCX8\">Uma resposta integral para realidades complexas<\/span><\/span><span class=\"EOP Selected SCXW95536332 BCX8\" data-ccp-props=\"{&quot;335551550&quot;:6,&quot;335551620&quot;:6}\">\u00a0<\/span>[\/vc_column_text][vc_column_text css=&#8221;&#8221;]<span data-contrast=\"auto\">J\u00e1 para\u00a0Sabrina,\u00a0a visita foi uma oportunidade valiosa para reconhecer como a miss\u00e3o do Movimento se recria\u00a0justamente\u00a0onde a realidade se torna mais complexa.\u00a0\u201cNesses territ\u00f3rios, a educa\u00e7\u00e3o se tece como uma resposta integral,\u00a0que articula a educa\u00e7\u00e3o socioemocional, o empreendedorismo e o fortalecimento de capacidades para a vida, abrindo oportunidades concretas para reconstruir projetos de futuro em cen\u00e1rios atravessados pela incerteza, pelo desenraizamento e pela exclus\u00e3o.\u201d<\/span><span data-ccp-props=\"{&quot;335551550&quot;:6,&quot;335551620&quot;:6}\">\u00a0<\/span><\/p>\n<p>&nbsp;<\/p>\n<p><span data-contrast=\"auto\">A coordenadora de Novas Fronteiras da Federa\u00e7\u00e3o Internacional tamb\u00e9m ressalta\u00a0que a experi\u00eancia permitiu identificar\u00a0que as respostas socioeducativas n\u00e3o s\u00e3o est\u00e1ticas. \u201cElas evoluem com o territ\u00f3rio e com a complexidade das realidades que buscam acompanhar. Isso exige novos n\u00edveis de desenvolvimento institucional e pedag\u00f3gico, capazes de ampliar aprendizagens e experi\u00eancias anteriores para fronteiras cada vez mais desafiadoras, especialmente aquelas em que est\u00e3o em jogo a vida e o futuro de homens e mulheres jovens migrantes e ind\u00edgenas\u201d ressaltou.\u00a0<\/span><span data-ccp-props=\"{&quot;335551550&quot;:6,&quot;335551620&quot;:6}\">\u00a0<\/span><\/p>\n<p>&nbsp;<\/p>\n<p><span data-contrast=\"auto\">Sabrina ressaltou ainda a import\u00e2ncia do trabalho em rede na regi\u00e3o: entre equipes,\u00a0comunidades, congrega\u00e7\u00f5es religiosas e agentes do territ\u00f3rio. \u201cEm Manaus e Roraima, F\u00e9 e Alegria Brasil testemunha que a educa\u00e7\u00e3o popular continua sendo uma for\u00e7a capaz de acolher, integrar e abrir horizontes de esperan\u00e7a. Ali, na fronteira, a miss\u00e3o n\u00e3o apenas permanece: ela se renova e floresce a servi\u00e7o de quem mais precisa.\u201d<\/span><span data-ccp-props=\"{&quot;335551550&quot;:6,&quot;335551620&quot;:6}\">\u00a0<\/span>[\/vc_column_text][vc_images_carousel images=&#8221;30102,30103,30104,30105,30106,30107&#8243; img_size=&#8221;500&#215;300&#8243; css=&#8221;&#8221;][\/vc_column][\/vc_row]<\/p>\n<\/div>","protected":false},"excerpt":{"rendered":"<p>[vc_row][vc_column][vc_column_text css=&#8221;&#8221;] &nbsp; Agenda\u00a0destacou\u00a0atua\u00e7\u00e3o em educa\u00e7\u00e3o popular, acolhida a migrantes e compromisso com popula\u00e7\u00f5es em situa\u00e7\u00e3o de vulnerabilidade\u00a0[\/vc_column_text][vc_column_text css=&#8221;&#8221;]De 13 a 18 de abril, uma equipe de F\u00e9 e Alegria\u00a0esteve em visita \u00e0s cidades de Manaus (AM) e Boa Vista (RR),\u00a0em um exerc\u00edcio de acompanhamento, escuta e fortalecimento dos centros mantidos pela institui\u00e7\u00e3o nesses territ\u00f3rios.\u00a0Em\u00a0viagem<\/p>\n","protected":false},"author":68,"featured_media":30100,"comment_status":"open","ping_status":"open","sticky":false,"template":"","format":"standard","meta":{"_acf_changed":false,"footnotes":""},"categories":[391,387,432,183],"tags":[],"post_folder":[],"class_list":["post-30098","post","type-post","status-publish","format-standard","has-post-thumbnail","hentry","category-comunicado-pt","category-educacion-pt","category-noticias-pt","category-noticias"],"acf":[],"yoast_head":"<!-- This site is optimized with the Yoast SEO plugin v27.5 - https:\/\/yoast.com\/product\/yoast-seo-wordpress\/ -->\n<title>F\u00e9 e Alegria recebe representante internacional em visita a Manaus e Boa Vista - #SomosF\u00e9eAlegria en Brasil<\/title>\n<meta name=\"robots\" content=\"index, follow, max-snippet:-1, max-image-preview:large, max-video-preview:-1\" \/>\n<link rel=\"canonical\" href=\"https:\/\/www.feyalegria.org\/brasil\/fe-e-alegria-recebe-representante-internacional-em-visita-a-manaus-e-boa-vista\/\" \/>\n<meta property=\"og:locale\" content=\"es_ES\" \/>\n<meta property=\"og:type\" content=\"article\" \/>\n<meta property=\"og:title\" content=\"F\u00e9 e Alegria recebe representante internacional em visita a Manaus e Boa Vista - #SomosF\u00e9eAlegria en Brasil\" \/>\n<meta property=\"og:description\" content=\"[vc_row][vc_column][vc_column_text css=&#8221;&#8221;] &nbsp; Agenda\u00a0destacou\u00a0atua\u00e7\u00e3o em educa\u00e7\u00e3o popular, acolhida a migrantes e compromisso com popula\u00e7\u00f5es em situa\u00e7\u00e3o de vulnerabilidade\u00a0[\/vc_column_text][vc_column_text css=&#8221;&#8221;]De 13 a 18 de abril, uma equipe de F\u00e9 e Alegria\u00a0esteve em visita \u00e0s cidades de Manaus (AM) e Boa Vista (RR),\u00a0em um exerc\u00edcio de acompanhamento, escuta e fortalecimento dos centros mantidos pela institui\u00e7\u00e3o nesses territ\u00f3rios.\u00a0Em\u00a0viagem\" \/>\n<meta property=\"og:url\" content=\"https:\/\/www.feyalegria.org\/brasil\/fe-e-alegria-recebe-representante-internacional-em-visita-a-manaus-e-boa-vista\/\" \/>\n<meta property=\"og:site_name\" content=\"#SomosF\u00e9eAlegria en Brasil\" \/>\n<meta property=\"article:published_time\" content=\"2026-04-30T14:26:23+00:00\" \/>\n<meta property=\"og:image\" content=\"https:\/\/d3pugrm67vf9n7.cloudfront.net\/wp-content\/uploads\/sites\/23\/2026\/04\/30112026\/Foto_Visita_Site.jpg\" \/>\n\t<meta property=\"og:image:width\" content=\"1000\" \/>\n\t<meta property=\"og:image:height\" content=\"500\" \/>\n\t<meta property=\"og:image:type\" content=\"image\/jpeg\" \/>\n<meta name=\"author\" content=\"Laura Meurer\" \/>\n<meta name=\"twitter:card\" content=\"summary_large_image\" \/>\n<meta name=\"twitter:label1\" content=\"Escrito por\" \/>\n\t<meta name=\"twitter:data1\" content=\"Laura Meurer\" \/>\n\t<meta name=\"twitter:label2\" content=\"Tiempo de lectura\" \/>\n\t<meta name=\"twitter:data2\" content=\"3 minutos\" \/>\n<script type=\"application\/ld+json\" class=\"yoast-schema-graph\">{\"@context\":\"https:\\\/\\\/schema.org\",\"@graph\":[{\"@type\":\"Article\",\"@id\":\"https:\\\/\\\/www.feyalegria.org\\\/brasil\\\/fe-e-alegria-recebe-representante-internacional-em-visita-a-manaus-e-boa-vista\\\/#article\",\"isPartOf\":{\"@id\":\"https:\\\/\\\/www.feyalegria.org\\\/brasil\\\/fe-e-alegria-recebe-representante-internacional-em-visita-a-manaus-e-boa-vista\\\/\"},\"author\":{\"name\":\"Laura Meurer\",\"@id\":\"https:\\\/\\\/www.feyalegria.org\\\/brasil\\\/#\\\/schema\\\/person\\\/f2c58927c54060575b9e7c44d31d16e9\"},\"headline\":\"F\u00e9 e Alegria recebe representante internacional em visita a Manaus e Boa Vista\",\"datePublished\":\"2026-04-30T14:26:23+00:00\",\"mainEntityOfPage\":{\"@id\":\"https:\\\/\\\/www.feyalegria.org\\\/brasil\\\/fe-e-alegria-recebe-representante-internacional-em-visita-a-manaus-e-boa-vista\\\/\"},\"wordCount\":721,\"commentCount\":0,\"image\":{\"@id\":\"https:\\\/\\\/www.feyalegria.org\\\/brasil\\\/fe-e-alegria-recebe-representante-internacional-em-visita-a-manaus-e-boa-vista\\\/#primaryimage\"},\"thumbnailUrl\":\"https:\\\/\\\/d3pugrm67vf9n7.cloudfront.net\\\/wp-content\\\/uploads\\\/sites\\\/23\\\/2026\\\/04\\\/30112026\\\/Foto_Visita_Site.jpg\",\"articleSection\":[\"Comunicado\",\"Educaci\u00f3n\",\"Noticias\",\"Noticias\"],\"inLanguage\":\"es-CO\",\"potentialAction\":[{\"@type\":\"CommentAction\",\"name\":\"Comment\",\"target\":[\"https:\\\/\\\/www.feyalegria.org\\\/brasil\\\/fe-e-alegria-recebe-representante-internacional-em-visita-a-manaus-e-boa-vista\\\/#respond\"]}]},{\"@type\":\"WebPage\",\"@id\":\"https:\\\/\\\/www.feyalegria.org\\\/brasil\\\/fe-e-alegria-recebe-representante-internacional-em-visita-a-manaus-e-boa-vista\\\/\",\"url\":\"https:\\\/\\\/www.feyalegria.org\\\/brasil\\\/fe-e-alegria-recebe-representante-internacional-em-visita-a-manaus-e-boa-vista\\\/\",\"name\":\"F\u00e9 e Alegria recebe representante internacional em visita a Manaus e Boa Vista - #SomosF\u00e9eAlegria en Brasil\",\"isPartOf\":{\"@id\":\"https:\\\/\\\/www.feyalegria.org\\\/brasil\\\/#website\"},\"primaryImageOfPage\":{\"@id\":\"https:\\\/\\\/www.feyalegria.org\\\/brasil\\\/fe-e-alegria-recebe-representante-internacional-em-visita-a-manaus-e-boa-vista\\\/#primaryimage\"},\"image\":{\"@id\":\"https:\\\/\\\/www.feyalegria.org\\\/brasil\\\/fe-e-alegria-recebe-representante-internacional-em-visita-a-manaus-e-boa-vista\\\/#primaryimage\"},\"thumbnailUrl\":\"https:\\\/\\\/d3pugrm67vf9n7.cloudfront.net\\\/wp-content\\\/uploads\\\/sites\\\/23\\\/2026\\\/04\\\/30112026\\\/Foto_Visita_Site.jpg\",\"datePublished\":\"2026-04-30T14:26:23+00:00\",\"author\":{\"@id\":\"https:\\\/\\\/www.feyalegria.org\\\/brasil\\\/#\\\/schema\\\/person\\\/f2c58927c54060575b9e7c44d31d16e9\"},\"inLanguage\":\"es-CO\",\"potentialAction\":[{\"@type\":\"ReadAction\",\"target\":[\"https:\\\/\\\/www.feyalegria.org\\\/brasil\\\/fe-e-alegria-recebe-representante-internacional-em-visita-a-manaus-e-boa-vista\\\/\"]}]},{\"@type\":\"ImageObject\",\"inLanguage\":\"es-CO\",\"@id\":\"https:\\\/\\\/www.feyalegria.org\\\/brasil\\\/fe-e-alegria-recebe-representante-internacional-em-visita-a-manaus-e-boa-vista\\\/#primaryimage\",\"url\":\"https:\\\/\\\/d3pugrm67vf9n7.cloudfront.net\\\/wp-content\\\/uploads\\\/sites\\\/23\\\/2026\\\/04\\\/30112026\\\/Foto_Visita_Site.jpg\",\"contentUrl\":\"https:\\\/\\\/d3pugrm67vf9n7.cloudfront.net\\\/wp-content\\\/uploads\\\/sites\\\/23\\\/2026\\\/04\\\/30112026\\\/Foto_Visita_Site.jpg\",\"width\":1000,\"height\":500},{\"@type\":\"WebSite\",\"@id\":\"https:\\\/\\\/www.feyalegria.org\\\/brasil\\\/#website\",\"url\":\"https:\\\/\\\/www.feyalegria.org\\\/brasil\\\/\",\"name\":\"#SomosF\u00e9eAlegria en Brasil\",\"description\":\"\",\"potentialAction\":[{\"@type\":\"SearchAction\",\"target\":{\"@type\":\"EntryPoint\",\"urlTemplate\":\"https:\\\/\\\/www.feyalegria.org\\\/brasil\\\/?s={search_term_string}\"},\"query-input\":{\"@type\":\"PropertyValueSpecification\",\"valueRequired\":true,\"valueName\":\"search_term_string\"}}],\"inLanguage\":\"es-CO\"},{\"@type\":\"Person\",\"@id\":\"https:\\\/\\\/www.feyalegria.org\\\/brasil\\\/#\\\/schema\\\/person\\\/f2c58927c54060575b9e7c44d31d16e9\",\"name\":\"Laura Meurer\",\"url\":\"https:\\\/\\\/www.feyalegria.org\\\/brasil\\\/author\\\/adminbr02\\\/\"}]}<\/script>\n<!-- \/ Yoast SEO plugin. -->","yoast_head_json":{"title":"F\u00e9 e Alegria recebe representante internacional em visita a Manaus e Boa Vista - #SomosF\u00e9eAlegria en Brasil","robots":{"index":"index","follow":"follow","max-snippet":"max-snippet:-1","max-image-preview":"max-image-preview:large","max-video-preview":"max-video-preview:-1"},"canonical":"https:\/\/www.feyalegria.org\/brasil\/fe-e-alegria-recebe-representante-internacional-em-visita-a-manaus-e-boa-vista\/","og_locale":"es_ES","og_type":"article","og_title":"F\u00e9 e Alegria recebe representante internacional em visita a Manaus e Boa Vista - #SomosF\u00e9eAlegria en Brasil","og_description":"[vc_row][vc_column][vc_column_text css=&#8221;&#8221;] &nbsp; Agenda\u00a0destacou\u00a0atua\u00e7\u00e3o em educa\u00e7\u00e3o popular, acolhida a migrantes e compromisso com popula\u00e7\u00f5es em situa\u00e7\u00e3o de vulnerabilidade\u00a0[\/vc_column_text][vc_column_text css=&#8221;&#8221;]De 13 a 18 de abril, uma equipe de F\u00e9 e Alegria\u00a0esteve em visita \u00e0s cidades de Manaus (AM) e Boa Vista (RR),\u00a0em um exerc\u00edcio de acompanhamento, escuta e fortalecimento dos centros mantidos pela institui\u00e7\u00e3o nesses territ\u00f3rios.\u00a0Em\u00a0viagem","og_url":"https:\/\/www.feyalegria.org\/brasil\/fe-e-alegria-recebe-representante-internacional-em-visita-a-manaus-e-boa-vista\/","og_site_name":"#SomosF\u00e9eAlegria en Brasil","article_published_time":"2026-04-30T14:26:23+00:00","og_image":[{"width":1000,"height":500,"url":"https:\/\/d3pugrm67vf9n7.cloudfront.net\/wp-content\/uploads\/sites\/23\/2026\/04\/30112026\/Foto_Visita_Site.jpg","type":"image\/jpeg"}],"author":"Laura Meurer","twitter_card":"summary_large_image","twitter_misc":{"Escrito por":"Laura Meurer","Tiempo de lectura":"3 minutos"},"schema":{"@context":"https:\/\/schema.org","@graph":[{"@type":"Article","@id":"https:\/\/www.feyalegria.org\/brasil\/fe-e-alegria-recebe-representante-internacional-em-visita-a-manaus-e-boa-vista\/#article","isPartOf":{"@id":"https:\/\/www.feyalegria.org\/brasil\/fe-e-alegria-recebe-representante-internacional-em-visita-a-manaus-e-boa-vista\/"},"author":{"name":"Laura Meurer","@id":"https:\/\/www.feyalegria.org\/brasil\/#\/schema\/person\/f2c58927c54060575b9e7c44d31d16e9"},"headline":"F\u00e9 e Alegria recebe representante internacional em visita a Manaus e Boa Vista","datePublished":"2026-04-30T14:26:23+00:00","mainEntityOfPage":{"@id":"https:\/\/www.feyalegria.org\/brasil\/fe-e-alegria-recebe-representante-internacional-em-visita-a-manaus-e-boa-vista\/"},"wordCount":721,"commentCount":0,"image":{"@id":"https:\/\/www.feyalegria.org\/brasil\/fe-e-alegria-recebe-representante-internacional-em-visita-a-manaus-e-boa-vista\/#primaryimage"},"thumbnailUrl":"https:\/\/d3pugrm67vf9n7.cloudfront.net\/wp-content\/uploads\/sites\/23\/2026\/04\/30112026\/Foto_Visita_Site.jpg","articleSection":["Comunicado","Educaci\u00f3n","Noticias","Noticias"],"inLanguage":"es-CO","potentialAction":[{"@type":"CommentAction","name":"Comment","target":["https:\/\/www.feyalegria.org\/brasil\/fe-e-alegria-recebe-representante-internacional-em-visita-a-manaus-e-boa-vista\/#respond"]}]},{"@type":"WebPage","@id":"https:\/\/www.feyalegria.org\/brasil\/fe-e-alegria-recebe-representante-internacional-em-visita-a-manaus-e-boa-vista\/","url":"https:\/\/www.feyalegria.org\/brasil\/fe-e-alegria-recebe-representante-internacional-em-visita-a-manaus-e-boa-vista\/","name":"F\u00e9 e Alegria recebe representante internacional em visita a Manaus e Boa Vista - #SomosF\u00e9eAlegria en Brasil","isPartOf":{"@id":"https:\/\/www.feyalegria.org\/brasil\/#website"},"primaryImageOfPage":{"@id":"https:\/\/www.feyalegria.org\/brasil\/fe-e-alegria-recebe-representante-internacional-em-visita-a-manaus-e-boa-vista\/#primaryimage"},"image":{"@id":"https:\/\/www.feyalegria.org\/brasil\/fe-e-alegria-recebe-representante-internacional-em-visita-a-manaus-e-boa-vista\/#primaryimage"},"thumbnailUrl":"https:\/\/d3pugrm67vf9n7.cloudfront.net\/wp-content\/uploads\/sites\/23\/2026\/04\/30112026\/Foto_Visita_Site.jpg","datePublished":"2026-04-30T14:26:23+00:00","author":{"@id":"https:\/\/www.feyalegria.org\/brasil\/#\/schema\/person\/f2c58927c54060575b9e7c44d31d16e9"},"inLanguage":"es-CO","potentialAction":[{"@type":"ReadAction","target":["https:\/\/www.feyalegria.org\/brasil\/fe-e-alegria-recebe-representante-internacional-em-visita-a-manaus-e-boa-vista\/"]}]},{"@type":"ImageObject","inLanguage":"es-CO","@id":"https:\/\/www.feyalegria.org\/brasil\/fe-e-alegria-recebe-representante-internacional-em-visita-a-manaus-e-boa-vista\/#primaryimage","url":"https:\/\/d3pugrm67vf9n7.cloudfront.net\/wp-content\/uploads\/sites\/23\/2026\/04\/30112026\/Foto_Visita_Site.jpg","contentUrl":"https:\/\/d3pugrm67vf9n7.cloudfront.net\/wp-content\/uploads\/sites\/23\/2026\/04\/30112026\/Foto_Visita_Site.jpg","width":1000,"height":500},{"@type":"WebSite","@id":"https:\/\/www.feyalegria.org\/brasil\/#website","url":"https:\/\/www.feyalegria.org\/brasil\/","name":"#SomosF\u00e9eAlegria en Brasil","description":"","potentialAction":[{"@type":"SearchAction","target":{"@type":"EntryPoint","urlTemplate":"https:\/\/www.feyalegria.org\/brasil\/?s={search_term_string}"},"query-input":{"@type":"PropertyValueSpecification","valueRequired":true,"valueName":"search_term_string"}}],"inLanguage":"es-CO"},{"@type":"Person","@id":"https:\/\/www.feyalegria.org\/brasil\/#\/schema\/person\/f2c58927c54060575b9e7c44d31d16e9","name":"Laura Meurer","url":"https:\/\/www.feyalegria.org\/brasil\/author\/adminbr02\/"}]}},"_links":{"self":[{"href":"https:\/\/www.feyalegria.org\/brasil\/wp-json\/wp\/v2\/posts\/30098","targetHints":{"allow":["GET"]}}],"collection":[{"href":"https:\/\/www.feyalegria.org\/brasil\/wp-json\/wp\/v2\/posts"}],"about":[{"href":"https:\/\/www.feyalegria.org\/brasil\/wp-json\/wp\/v2\/types\/post"}],"author":[{"embeddable":true,"href":"https:\/\/www.feyalegria.org\/brasil\/wp-json\/wp\/v2\/users\/68"}],"replies":[{"embeddable":true,"href":"https:\/\/www.feyalegria.org\/brasil\/wp-json\/wp\/v2\/comments?post=30098"}],"version-history":[{"count":3,"href":"https:\/\/www.feyalegria.org\/brasil\/wp-json\/wp\/v2\/posts\/30098\/revisions"}],"predecessor-version":[{"id":30110,"href":"https:\/\/www.feyalegria.org\/brasil\/wp-json\/wp\/v2\/posts\/30098\/revisions\/30110"}],"wp:featuredmedia":[{"embeddable":true,"href":"https:\/\/www.feyalegria.org\/brasil\/wp-json\/wp\/v2\/media\/30100"}],"wp:attachment":[{"href":"https:\/\/www.feyalegria.org\/brasil\/wp-json\/wp\/v2\/media?parent=30098"}],"wp:term":[{"taxonomy":"category","embeddable":true,"href":"https:\/\/www.feyalegria.org\/brasil\/wp-json\/wp\/v2\/categories?post=30098"},{"taxonomy":"post_tag","embeddable":true,"href":"https:\/\/www.feyalegria.org\/brasil\/wp-json\/wp\/v2\/tags?post=30098"},{"taxonomy":"post_folder","embeddable":true,"href":"https:\/\/www.feyalegria.org\/brasil\/wp-json\/wp\/v2\/post_folder?post=30098"}],"curies":[{"name":"wp","href":"https:\/\/api.w.org\/{rel}","templated":true}]}}