 {"id":6334,"date":"2020-04-23T14:41:29","date_gmt":"2020-04-23T14:41:29","guid":{"rendered":"http:\/\/fealegria.org.br\/?p=6334"},"modified":"2021-04-26T15:36:56","modified_gmt":"2021-04-26T15:36:56","slug":"fundacao-fe-e-alegria-participa-do-encontro-de-comunicadores-da-preferencia-apostolica-amazonia-paam","status":"publish","type":"post","link":"https:\/\/www.feyalegria.org\/brasil\/fundacao-fe-e-alegria-participa-do-encontro-de-comunicadores-da-preferencia-apostolica-amazonia-paam\/","title":{"rendered":"Funda\u00e7\u00e3o F\u00e9 e Alegria participa do Encontro de Comunicadores da Prefer\u00eancia Apost\u00f3lica Amaz\u00f4nia (PAAM)"},"content":{"rendered":"<div class=\"wpb-content-wrapper\"><p>[vc_row][vc_column][vc_column_text]Em mar\u00e7o, a equipe da unidade de F\u00e9 e Alegria de Manaus participou da segunda edi\u00e7\u00e3o do Encontro de Comunicadores da Prefer\u00eancia Apost\u00f3lica Amaz\u00f4nica (PAAM), realizado na Casa de Retiros Ir. Vicente Ca\u00f1as, em Manaus (AM). Sob o tema \u201cA vida se faz hist\u00f3ria: por uma narrativa amaz\u00f4nica sonhamos e dizemos quem somos\u201d, inspirado na mensagem do Papa Francisco, o evento reuniu profissionais da Companhia de Jesus na Amaz\u00f4nia que atuam em educa\u00e7\u00e3o popular, socioambiental, espiritualidade, juventudes e par\u00f3quias.<\/p>\n<p><img loading=\"lazy\" decoding=\"async\" class=\"wp-image-24063 aligncenter\" src=\"https:\/\/d3pugrm67vf9n7.cloudfront.net\/wp-content\/uploads\/sites\/23\/2020\/04\/22235038\/Encontro-c-PAAM-foto-1-300x200.jpg\" alt=\"\" width=\"750\" height=\"500\" srcset=\"https:\/\/d3pugrm67vf9n7.cloudfront.net\/wp-content\/uploads\/sites\/23\/2020\/04\/22235038\/Encontro-c-PAAM-foto-1-300x200.jpg 300w, https:\/\/d3pugrm67vf9n7.cloudfront.net\/wp-content\/uploads\/sites\/23\/2020\/04\/22235038\/Encontro-c-PAAM-foto-1-768x512.jpg 768w, https:\/\/d3pugrm67vf9n7.cloudfront.net\/wp-content\/uploads\/sites\/23\/2020\/04\/22235038\/Encontro-c-PAAM-foto-1.jpg 900w\" sizes=\"auto, (max-width: 750px) 100vw, 750px\" \/><\/p>\n<p>&nbsp;<\/p>\n<p>A programa\u00e7\u00e3o envolveu debates e oficinas sobre uso das m\u00eddias e meios de comunica\u00e7\u00e3o, especialmente nas \u00e1reas de redes sociais, fotografia, produ\u00e7\u00e3o de textos e comunica\u00e7\u00e3o interna e externa. Al\u00e9m disso, houve rodas de conversa e reflex\u00f5es a respeito da m\u00edstica amaz\u00f4nica, espiritualidade inaciana e atividades criativas e art\u00edsticas.<\/p>\n<p>Representando a Funda\u00e7\u00e3o F\u00e9 e Alegria, estiveram presentes a assistente administrativa Iasmim Cristiane Carneiro, a educadora Beatriz de S\u00e1 e Silva e a volunt\u00e1ria Francielle de Souza Bel\u00e9m. Os especialistas que estiveram \u00e0 frente para ministrar o encontro foram: a mestra em Sociedade e Cultura na Amaz\u00f4nia pela Universidade Federal do Amazonas (UFAM), T\u00e1ssia Patr\u00edcia da Silva, o professor ind\u00edgena do Vale do Javari, Pixi Kata Matis, a doutora em Ci\u00eancias da Comunica\u00e7\u00e3o, Ir. Joana Puntel, e o articulador do Eixo Forma\u00e7\u00e3o e M\u00e9todos Pastorais da Rede Eclesial Panamaz\u00f4nica, Diego Aguiar.<\/p>\n<p>&nbsp;<\/p>\n<p><img loading=\"lazy\" decoding=\"async\" class=\"wp-image-24061 aligncenter\" src=\"https:\/\/d3pugrm67vf9n7.cloudfront.net\/wp-content\/uploads\/sites\/23\/2020\/04\/22234720\/Encontro-PAAM-foto-2-300x163.jpg\" alt=\"\" width=\"401\" height=\"218\" srcset=\"https:\/\/d3pugrm67vf9n7.cloudfront.net\/wp-content\/uploads\/sites\/23\/2020\/04\/22234720\/Encontro-PAAM-foto-2-300x163.jpg 300w, https:\/\/d3pugrm67vf9n7.cloudfront.net\/wp-content\/uploads\/sites\/23\/2020\/04\/22234720\/Encontro-PAAM-foto-2-1024x556.jpg 1024w, https:\/\/d3pugrm67vf9n7.cloudfront.net\/wp-content\/uploads\/sites\/23\/2020\/04\/22234720\/Encontro-PAAM-foto-2-768x417.jpg 768w, https:\/\/d3pugrm67vf9n7.cloudfront.net\/wp-content\/uploads\/sites\/23\/2020\/04\/22234720\/Encontro-PAAM-foto-2.jpg 1089w\" sizes=\"auto, (max-width: 401px) 100vw, 401px\" \/><\/p>\n<p>&nbsp;<\/p>\n<p>No final do Encontro, o delegado para a Prefer\u00eancia Apost\u00f3lica Amaz\u00f4nia \u2013 PAAM da Companhia de Jesus, padre jesu\u00edta David Romero, destacou a import\u00e2ncia do encontro anual de comunicadores das obras e dos servi\u00e7os dos jesu\u00edtas como um meio e compromisso de proteger e defender a Casa Comum, sobretudo a Amaz\u00f4nia.[\/vc_column_text][\/vc_column][\/vc_row]<\/p>\n<\/div>","protected":false},"excerpt":{"rendered":"<p>[vc_row][vc_column][vc_column_text]Em mar\u00e7o, a equipe da unidade de F\u00e9 e Alegria de Manaus participou da segunda edi\u00e7\u00e3o do Encontro de Comunicadores da Prefer\u00eancia Apost\u00f3lica Amaz\u00f4nica (PAAM), realizado na Casa de Retiros Ir. Vicente Ca\u00f1as, em Manaus (AM). Sob o tema \u201cA vida se faz hist\u00f3ria: por uma narrativa amaz\u00f4nica sonhamos e dizemos quem somos\u201d, inspirado na<\/p>\n","protected":false},"author":2,"featured_media":24063,"comment_status":"closed","ping_status":"closed","sticky":false,"template":"","format":"standard","meta":{"_acf_changed":false,"footnotes":""},"categories":[432],"tags":[434,436,438],"post_folder":[],"class_list":["post-6334","post","type-post","status-publish","format-standard","has-post-thumbnail","hentry","category-noticias-pt","tag-amazonia-pt","tag-manaus-pt","tag-paam-pt"],"acf":[],"yoast_head":"<!-- This site is optimized with the Yoast SEO plugin v27.5 - https:\/\/yoast.com\/product\/yoast-seo-wordpress\/ -->\n<title>Funda\u00e7\u00e3o F\u00e9 e Alegria participa do Encontro de Comunicadores da Prefer\u00eancia Apost\u00f3lica Amaz\u00f4nia (PAAM) - #SomosF\u00e9eAlegria en Brasil<\/title>\n<meta name=\"robots\" content=\"index, follow, max-snippet:-1, max-image-preview:large, max-video-preview:-1\" \/>\n<link rel=\"canonical\" href=\"https:\/\/www.feyalegria.org\/brasil\/fundacao-fe-e-alegria-participa-do-encontro-de-comunicadores-da-preferencia-apostolica-amazonia-paam\/\" \/>\n<meta property=\"og:locale\" content=\"es_ES\" \/>\n<meta property=\"og:type\" content=\"article\" \/>\n<meta property=\"og:title\" content=\"Funda\u00e7\u00e3o F\u00e9 e Alegria participa do Encontro de Comunicadores da Prefer\u00eancia Apost\u00f3lica Amaz\u00f4nia (PAAM) - #SomosF\u00e9eAlegria en Brasil\" \/>\n<meta property=\"og:description\" content=\"[vc_row][vc_column][vc_column_text]Em mar\u00e7o, a equipe da unidade de F\u00e9 e Alegria de Manaus participou da segunda edi\u00e7\u00e3o do Encontro de Comunicadores da Prefer\u00eancia Apost\u00f3lica Amaz\u00f4nica (PAAM), realizado na Casa de Retiros Ir. Vicente Ca\u00f1as, em Manaus (AM). Sob o tema \u201cA vida se faz hist\u00f3ria: por uma narrativa amaz\u00f4nica sonhamos e dizemos quem somos\u201d, inspirado na\" \/>\n<meta property=\"og:url\" content=\"https:\/\/www.feyalegria.org\/brasil\/fundacao-fe-e-alegria-participa-do-encontro-de-comunicadores-da-preferencia-apostolica-amazonia-paam\/\" \/>\n<meta property=\"og:site_name\" content=\"#SomosF\u00e9eAlegria en Brasil\" \/>\n<meta property=\"article:published_time\" content=\"2020-04-23T14:41:29+00:00\" \/>\n<meta property=\"article:modified_time\" content=\"2021-04-26T15:36:56+00:00\" \/>\n<meta property=\"og:image\" content=\"https:\/\/d3pugrm67vf9n7.cloudfront.net\/wp-content\/uploads\/sites\/23\/2020\/04\/22235038\/Encontro-c-PAAM-foto-1.jpg\" \/>\n\t<meta property=\"og:image:width\" content=\"900\" \/>\n\t<meta property=\"og:image:height\" content=\"600\" \/>\n\t<meta property=\"og:image:type\" content=\"image\/jpeg\" \/>\n<meta name=\"author\" content=\"adminfya\" \/>\n<meta name=\"twitter:card\" content=\"summary_large_image\" \/>\n<meta name=\"twitter:label1\" content=\"Escrito por\" \/>\n\t<meta name=\"twitter:data1\" content=\"adminfya\" \/>\n\t<meta name=\"twitter:label2\" content=\"Tiempo de lectura\" \/>\n\t<meta name=\"twitter:data2\" content=\"2 minutos\" \/>\n<script type=\"application\/ld+json\" class=\"yoast-schema-graph\">{\"@context\":\"https:\\\/\\\/schema.org\",\"@graph\":[{\"@type\":\"Article\",\"@id\":\"https:\\\/\\\/www.feyalegria.org\\\/brasil\\\/fundacao-fe-e-alegria-participa-do-encontro-de-comunicadores-da-preferencia-apostolica-amazonia-paam\\\/#article\",\"isPartOf\":{\"@id\":\"https:\\\/\\\/www.feyalegria.org\\\/brasil\\\/fundacao-fe-e-alegria-participa-do-encontro-de-comunicadores-da-preferencia-apostolica-amazonia-paam\\\/\"},\"author\":{\"name\":\"adminfya\",\"@id\":\"https:\\\/\\\/www.feyalegria.org\\\/brasil\\\/#\\\/schema\\\/person\\\/f113dd05751b9243bcc4b62d8f55bc4b\"},\"headline\":\"Funda\u00e7\u00e3o F\u00e9 e Alegria participa do Encontro de Comunicadores da Prefer\u00eancia Apost\u00f3lica Amaz\u00f4nia (PAAM)\",\"datePublished\":\"2020-04-23T14:41:29+00:00\",\"dateModified\":\"2021-04-26T15:36:56+00:00\",\"mainEntityOfPage\":{\"@id\":\"https:\\\/\\\/www.feyalegria.org\\\/brasil\\\/fundacao-fe-e-alegria-participa-do-encontro-de-comunicadores-da-preferencia-apostolica-amazonia-paam\\\/\"},\"wordCount\":344,\"image\":{\"@id\":\"https:\\\/\\\/www.feyalegria.org\\\/brasil\\\/fundacao-fe-e-alegria-participa-do-encontro-de-comunicadores-da-preferencia-apostolica-amazonia-paam\\\/#primaryimage\"},\"thumbnailUrl\":\"https:\\\/\\\/d3pugrm67vf9n7.cloudfront.net\\\/wp-content\\\/uploads\\\/sites\\\/23\\\/2020\\\/04\\\/22235038\\\/Encontro-c-PAAM-foto-1.jpg\",\"keywords\":[\"Amaz\u00f4nia\",\"Manaus\",\"PAAM\"],\"articleSection\":[\"Noticias\"],\"inLanguage\":\"es-CO\"},{\"@type\":\"WebPage\",\"@id\":\"https:\\\/\\\/www.feyalegria.org\\\/brasil\\\/fundacao-fe-e-alegria-participa-do-encontro-de-comunicadores-da-preferencia-apostolica-amazonia-paam\\\/\",\"url\":\"https:\\\/\\\/www.feyalegria.org\\\/brasil\\\/fundacao-fe-e-alegria-participa-do-encontro-de-comunicadores-da-preferencia-apostolica-amazonia-paam\\\/\",\"name\":\"Funda\u00e7\u00e3o F\u00e9 e Alegria participa do Encontro de Comunicadores da Prefer\u00eancia Apost\u00f3lica Amaz\u00f4nia (PAAM) - #SomosF\u00e9eAlegria en Brasil\",\"isPartOf\":{\"@id\":\"https:\\\/\\\/www.feyalegria.org\\\/brasil\\\/#website\"},\"primaryImageOfPage\":{\"@id\":\"https:\\\/\\\/www.feyalegria.org\\\/brasil\\\/fundacao-fe-e-alegria-participa-do-encontro-de-comunicadores-da-preferencia-apostolica-amazonia-paam\\\/#primaryimage\"},\"image\":{\"@id\":\"https:\\\/\\\/www.feyalegria.org\\\/brasil\\\/fundacao-fe-e-alegria-participa-do-encontro-de-comunicadores-da-preferencia-apostolica-amazonia-paam\\\/#primaryimage\"},\"thumbnailUrl\":\"https:\\\/\\\/d3pugrm67vf9n7.cloudfront.net\\\/wp-content\\\/uploads\\\/sites\\\/23\\\/2020\\\/04\\\/22235038\\\/Encontro-c-PAAM-foto-1.jpg\",\"datePublished\":\"2020-04-23T14:41:29+00:00\",\"dateModified\":\"2021-04-26T15:36:56+00:00\",\"author\":{\"@id\":\"https:\\\/\\\/www.feyalegria.org\\\/brasil\\\/#\\\/schema\\\/person\\\/f113dd05751b9243bcc4b62d8f55bc4b\"},\"inLanguage\":\"es-CO\",\"potentialAction\":[{\"@type\":\"ReadAction\",\"target\":[\"https:\\\/\\\/www.feyalegria.org\\\/brasil\\\/fundacao-fe-e-alegria-participa-do-encontro-de-comunicadores-da-preferencia-apostolica-amazonia-paam\\\/\"]}]},{\"@type\":\"ImageObject\",\"inLanguage\":\"es-CO\",\"@id\":\"https:\\\/\\\/www.feyalegria.org\\\/brasil\\\/fundacao-fe-e-alegria-participa-do-encontro-de-comunicadores-da-preferencia-apostolica-amazonia-paam\\\/#primaryimage\",\"url\":\"https:\\\/\\\/d3pugrm67vf9n7.cloudfront.net\\\/wp-content\\\/uploads\\\/sites\\\/23\\\/2020\\\/04\\\/22235038\\\/Encontro-c-PAAM-foto-1.jpg\",\"contentUrl\":\"https:\\\/\\\/d3pugrm67vf9n7.cloudfront.net\\\/wp-content\\\/uploads\\\/sites\\\/23\\\/2020\\\/04\\\/22235038\\\/Encontro-c-PAAM-foto-1.jpg\",\"width\":900,\"height\":600},{\"@type\":\"WebSite\",\"@id\":\"https:\\\/\\\/www.feyalegria.org\\\/brasil\\\/#website\",\"url\":\"https:\\\/\\\/www.feyalegria.org\\\/brasil\\\/\",\"name\":\"#SomosF\u00e9eAlegria en Brasil\",\"description\":\"\",\"potentialAction\":[{\"@type\":\"SearchAction\",\"target\":{\"@type\":\"EntryPoint\",\"urlTemplate\":\"https:\\\/\\\/www.feyalegria.org\\\/brasil\\\/?s={search_term_string}\"},\"query-input\":{\"@type\":\"PropertyValueSpecification\",\"valueRequired\":true,\"valueName\":\"search_term_string\"}}],\"inLanguage\":\"es-CO\"},{\"@type\":\"Person\",\"@id\":\"https:\\\/\\\/www.feyalegria.org\\\/brasil\\\/#\\\/schema\\\/person\\\/f113dd05751b9243bcc4b62d8f55bc4b\",\"name\":\"adminfya\",\"url\":\"https:\\\/\\\/www.feyalegria.org\\\/brasil\\\/author\\\/adminfya\\\/\"}]}<\/script>\n<!-- \/ Yoast SEO plugin. -->","yoast_head_json":{"title":"Funda\u00e7\u00e3o F\u00e9 e Alegria participa do Encontro de Comunicadores da Prefer\u00eancia Apost\u00f3lica Amaz\u00f4nia (PAAM) - #SomosF\u00e9eAlegria en Brasil","robots":{"index":"index","follow":"follow","max-snippet":"max-snippet:-1","max-image-preview":"max-image-preview:large","max-video-preview":"max-video-preview:-1"},"canonical":"https:\/\/www.feyalegria.org\/brasil\/fundacao-fe-e-alegria-participa-do-encontro-de-comunicadores-da-preferencia-apostolica-amazonia-paam\/","og_locale":"es_ES","og_type":"article","og_title":"Funda\u00e7\u00e3o F\u00e9 e Alegria participa do Encontro de Comunicadores da Prefer\u00eancia Apost\u00f3lica Amaz\u00f4nia (PAAM) - #SomosF\u00e9eAlegria en Brasil","og_description":"[vc_row][vc_column][vc_column_text]Em mar\u00e7o, a equipe da unidade de F\u00e9 e Alegria de Manaus participou da segunda edi\u00e7\u00e3o do Encontro de Comunicadores da Prefer\u00eancia Apost\u00f3lica Amaz\u00f4nica (PAAM), realizado na Casa de Retiros Ir. Vicente Ca\u00f1as, em Manaus (AM). Sob o tema \u201cA vida se faz hist\u00f3ria: por uma narrativa amaz\u00f4nica sonhamos e dizemos quem somos\u201d, inspirado na","og_url":"https:\/\/www.feyalegria.org\/brasil\/fundacao-fe-e-alegria-participa-do-encontro-de-comunicadores-da-preferencia-apostolica-amazonia-paam\/","og_site_name":"#SomosF\u00e9eAlegria en Brasil","article_published_time":"2020-04-23T14:41:29+00:00","article_modified_time":"2021-04-26T15:36:56+00:00","og_image":[{"width":900,"height":600,"url":"https:\/\/d3pugrm67vf9n7.cloudfront.net\/wp-content\/uploads\/sites\/23\/2020\/04\/22235038\/Encontro-c-PAAM-foto-1.jpg","type":"image\/jpeg"}],"author":"adminfya","twitter_card":"summary_large_image","twitter_misc":{"Escrito por":"adminfya","Tiempo de lectura":"2 minutos"},"schema":{"@context":"https:\/\/schema.org","@graph":[{"@type":"Article","@id":"https:\/\/www.feyalegria.org\/brasil\/fundacao-fe-e-alegria-participa-do-encontro-de-comunicadores-da-preferencia-apostolica-amazonia-paam\/#article","isPartOf":{"@id":"https:\/\/www.feyalegria.org\/brasil\/fundacao-fe-e-alegria-participa-do-encontro-de-comunicadores-da-preferencia-apostolica-amazonia-paam\/"},"author":{"name":"adminfya","@id":"https:\/\/www.feyalegria.org\/brasil\/#\/schema\/person\/f113dd05751b9243bcc4b62d8f55bc4b"},"headline":"Funda\u00e7\u00e3o F\u00e9 e Alegria participa do Encontro de Comunicadores da Prefer\u00eancia Apost\u00f3lica Amaz\u00f4nia (PAAM)","datePublished":"2020-04-23T14:41:29+00:00","dateModified":"2021-04-26T15:36:56+00:00","mainEntityOfPage":{"@id":"https:\/\/www.feyalegria.org\/brasil\/fundacao-fe-e-alegria-participa-do-encontro-de-comunicadores-da-preferencia-apostolica-amazonia-paam\/"},"wordCount":344,"image":{"@id":"https:\/\/www.feyalegria.org\/brasil\/fundacao-fe-e-alegria-participa-do-encontro-de-comunicadores-da-preferencia-apostolica-amazonia-paam\/#primaryimage"},"thumbnailUrl":"https:\/\/d3pugrm67vf9n7.cloudfront.net\/wp-content\/uploads\/sites\/23\/2020\/04\/22235038\/Encontro-c-PAAM-foto-1.jpg","keywords":["Amaz\u00f4nia","Manaus","PAAM"],"articleSection":["Noticias"],"inLanguage":"es-CO"},{"@type":"WebPage","@id":"https:\/\/www.feyalegria.org\/brasil\/fundacao-fe-e-alegria-participa-do-encontro-de-comunicadores-da-preferencia-apostolica-amazonia-paam\/","url":"https:\/\/www.feyalegria.org\/brasil\/fundacao-fe-e-alegria-participa-do-encontro-de-comunicadores-da-preferencia-apostolica-amazonia-paam\/","name":"Funda\u00e7\u00e3o F\u00e9 e Alegria participa do Encontro de Comunicadores da Prefer\u00eancia Apost\u00f3lica Amaz\u00f4nia (PAAM) - #SomosF\u00e9eAlegria en Brasil","isPartOf":{"@id":"https:\/\/www.feyalegria.org\/brasil\/#website"},"primaryImageOfPage":{"@id":"https:\/\/www.feyalegria.org\/brasil\/fundacao-fe-e-alegria-participa-do-encontro-de-comunicadores-da-preferencia-apostolica-amazonia-paam\/#primaryimage"},"image":{"@id":"https:\/\/www.feyalegria.org\/brasil\/fundacao-fe-e-alegria-participa-do-encontro-de-comunicadores-da-preferencia-apostolica-amazonia-paam\/#primaryimage"},"thumbnailUrl":"https:\/\/d3pugrm67vf9n7.cloudfront.net\/wp-content\/uploads\/sites\/23\/2020\/04\/22235038\/Encontro-c-PAAM-foto-1.jpg","datePublished":"2020-04-23T14:41:29+00:00","dateModified":"2021-04-26T15:36:56+00:00","author":{"@id":"https:\/\/www.feyalegria.org\/brasil\/#\/schema\/person\/f113dd05751b9243bcc4b62d8f55bc4b"},"inLanguage":"es-CO","potentialAction":[{"@type":"ReadAction","target":["https:\/\/www.feyalegria.org\/brasil\/fundacao-fe-e-alegria-participa-do-encontro-de-comunicadores-da-preferencia-apostolica-amazonia-paam\/"]}]},{"@type":"ImageObject","inLanguage":"es-CO","@id":"https:\/\/www.feyalegria.org\/brasil\/fundacao-fe-e-alegria-participa-do-encontro-de-comunicadores-da-preferencia-apostolica-amazonia-paam\/#primaryimage","url":"https:\/\/d3pugrm67vf9n7.cloudfront.net\/wp-content\/uploads\/sites\/23\/2020\/04\/22235038\/Encontro-c-PAAM-foto-1.jpg","contentUrl":"https:\/\/d3pugrm67vf9n7.cloudfront.net\/wp-content\/uploads\/sites\/23\/2020\/04\/22235038\/Encontro-c-PAAM-foto-1.jpg","width":900,"height":600},{"@type":"WebSite","@id":"https:\/\/www.feyalegria.org\/brasil\/#website","url":"https:\/\/www.feyalegria.org\/brasil\/","name":"#SomosF\u00e9eAlegria en Brasil","description":"","potentialAction":[{"@type":"SearchAction","target":{"@type":"EntryPoint","urlTemplate":"https:\/\/www.feyalegria.org\/brasil\/?s={search_term_string}"},"query-input":{"@type":"PropertyValueSpecification","valueRequired":true,"valueName":"search_term_string"}}],"inLanguage":"es-CO"},{"@type":"Person","@id":"https:\/\/www.feyalegria.org\/brasil\/#\/schema\/person\/f113dd05751b9243bcc4b62d8f55bc4b","name":"adminfya","url":"https:\/\/www.feyalegria.org\/brasil\/author\/adminfya\/"}]}},"_links":{"self":[{"href":"https:\/\/www.feyalegria.org\/brasil\/wp-json\/wp\/v2\/posts\/6334","targetHints":{"allow":["GET"]}}],"collection":[{"href":"https:\/\/www.feyalegria.org\/brasil\/wp-json\/wp\/v2\/posts"}],"about":[{"href":"https:\/\/www.feyalegria.org\/brasil\/wp-json\/wp\/v2\/types\/post"}],"author":[{"embeddable":true,"href":"https:\/\/www.feyalegria.org\/brasil\/wp-json\/wp\/v2\/users\/2"}],"replies":[{"embeddable":true,"href":"https:\/\/www.feyalegria.org\/brasil\/wp-json\/wp\/v2\/comments?post=6334"}],"version-history":[{"count":0,"href":"https:\/\/www.feyalegria.org\/brasil\/wp-json\/wp\/v2\/posts\/6334\/revisions"}],"wp:featuredmedia":[{"embeddable":true,"href":"https:\/\/www.feyalegria.org\/brasil\/wp-json\/wp\/v2\/media\/24063"}],"wp:attachment":[{"href":"https:\/\/www.feyalegria.org\/brasil\/wp-json\/wp\/v2\/media?parent=6334"}],"wp:term":[{"taxonomy":"category","embeddable":true,"href":"https:\/\/www.feyalegria.org\/brasil\/wp-json\/wp\/v2\/categories?post=6334"},{"taxonomy":"post_tag","embeddable":true,"href":"https:\/\/www.feyalegria.org\/brasil\/wp-json\/wp\/v2\/tags?post=6334"},{"taxonomy":"post_folder","embeddable":true,"href":"https:\/\/www.feyalegria.org\/brasil\/wp-json\/wp\/v2\/post_folder?post=6334"}],"curies":[{"name":"wp","href":"https:\/\/api.w.org\/{rel}","templated":true}]}}