 {"id":8135,"date":"2020-07-02T09:48:29","date_gmt":"2020-07-02T09:48:29","guid":{"rendered":"http:\/\/fealegria.org.br\/?p=8135"},"modified":"2021-04-26T15:43:27","modified_gmt":"2021-04-26T15:43:27","slug":"educanda-de-fe-e-alegria-lanca-album-nas-plataformas-digitais","status":"publish","type":"post","link":"https:\/\/www.feyalegria.org\/brasil\/educanda-de-fe-e-alegria-lanca-album-nas-plataformas-digitais\/","title":{"rendered":"Educanda de F\u00e9 e Alegria lan\u00e7a \u00e1lbum nas plataformas digitais"},"content":{"rendered":"<div class=\"wpb-content-wrapper\"><p>[vc_row][vc_column][vc_column_text]O Centro Social Nossa Senhora da Vit\u00f3ria, unidade de F\u00e9 e Alegria de Ilh\u00e9us (BA), oferece atividades art\u00edsticas e musicais aos atendidos, crian\u00e7as e adolescentes de 6 a 15 anos. Em 2013, a educanda Emilly Santos Batista come\u00e7ou a participar das oficinas de m\u00fasica promovidas pela Funda\u00e7\u00e3o e, desde ent\u00e3o, desenvolveu seu dom art\u00edstico e passou a compor e interpretar as can\u00e7\u00f5es.<\/p>\n<p>Com o apoio da equipe e colegas da unidade, a adolescente lan\u00e7ou \u00e1lbum autoral <a href=\"https:\/\/www.youtube.com\/watch?v=5Y5TORJNH0Y&amp;list=PLUdgnKV_xuvy2TnHfzzEgxmncSjgNX8hO\">Na Beira da Praia<\/a> nas plataformas digitais. A produ\u00e7\u00e3o do trabalho foi de Danilo Nascimento, ex-educador de F\u00e9 e Alegria, um dos principais incentivadores da carreira de Emilly.<\/p>\n<p><img loading=\"lazy\" decoding=\"async\" class=\"wp-image-24048 aligncenter\" src=\"https:\/\/d3pugrm67vf9n7.cloudfront.net\/wp-content\/uploads\/sites\/23\/2020\/07\/22233041\/Educanda-de-Fe-e-Alegria-lanca-album-foto-1-300x200.jpg\" alt=\"\" width=\"440\" height=\"293\" srcset=\"https:\/\/d3pugrm67vf9n7.cloudfront.net\/wp-content\/uploads\/sites\/23\/2020\/07\/22233041\/Educanda-de-Fe-e-Alegria-lanca-album-foto-1-300x200.jpg 300w, https:\/\/d3pugrm67vf9n7.cloudfront.net\/wp-content\/uploads\/sites\/23\/2020\/07\/22233041\/Educanda-de-Fe-e-Alegria-lanca-album-foto-1.jpg 500w\" sizes=\"auto, (max-width: 440px) 100vw, 440px\" \/><\/p>\n<p>&nbsp;<\/p>\n<p>Com a m\u00fasica \u201cNa Beira da Praia\u201d, a jovem cantora ganhou o pr\u00eamio CRAS Music Festival 2019, na categoria melhor letra, evento promovido pela Secretaria Municipal de Desenvolvimento Social de Ilh\u00e9us.<\/p>\n<p>Ou\u00e7a o \u00e1lbum completo pelo <a href=\"https:\/\/open.spotify.com\/album\/0VjLGTU5h8ap5azIZpkEFQ?si=0lqZZQnWRMKqNcVnVsCb4g\">Spotify<\/a> ou <a href=\"https:\/\/www.deezer.com\/br\/album\/152662242?utm_source=deezer&amp;utm_content=album-152662242&amp;utm_term=3733431502_1592502832&amp;utm_medium=web\">Deezer<\/a>.<\/p>\n<p>[\/vc_column_text][\/vc_column][\/vc_row]<\/p>\n<\/div>","protected":false},"excerpt":{"rendered":"<p>[vc_row][vc_column][vc_column_text]O Centro Social Nossa Senhora da Vit\u00f3ria, unidade de F\u00e9 e Alegria de Ilh\u00e9us (BA), oferece atividades art\u00edsticas e musicais aos atendidos, crian\u00e7as e adolescentes de 6 a 15 anos. Em 2013, a educanda Emilly Santos Batista come\u00e7ou a participar das oficinas de m\u00fasica promovidas pela Funda\u00e7\u00e3o e, desde ent\u00e3o, desenvolveu seu dom art\u00edstico e<\/p>\n","protected":false},"author":2,"featured_media":24047,"comment_status":"closed","ping_status":"closed","sticky":false,"template":"","format":"standard","meta":{"_acf_changed":false,"footnotes":""},"categories":[432],"tags":[],"post_folder":[],"class_list":["post-8135","post","type-post","status-publish","format-standard","has-post-thumbnail","hentry","category-noticias-pt"],"acf":[],"yoast_head":"<!-- This site is optimized with the Yoast SEO plugin v27.5 - https:\/\/yoast.com\/product\/yoast-seo-wordpress\/ -->\n<title>Educanda de F\u00e9 e Alegria lan\u00e7a \u00e1lbum nas plataformas digitais - #SomosF\u00e9eAlegria en Brasil<\/title>\n<meta name=\"robots\" content=\"index, follow, max-snippet:-1, max-image-preview:large, max-video-preview:-1\" \/>\n<link rel=\"canonical\" href=\"https:\/\/www.feyalegria.org\/brasil\/educanda-de-fe-e-alegria-lanca-album-nas-plataformas-digitais\/\" \/>\n<meta property=\"og:locale\" content=\"es_ES\" \/>\n<meta property=\"og:type\" content=\"article\" \/>\n<meta property=\"og:title\" content=\"Educanda de F\u00e9 e Alegria lan\u00e7a \u00e1lbum nas plataformas digitais - #SomosF\u00e9eAlegria en Brasil\" \/>\n<meta property=\"og:description\" content=\"[vc_row][vc_column][vc_column_text]O Centro Social Nossa Senhora da Vit\u00f3ria, unidade de F\u00e9 e Alegria de Ilh\u00e9us (BA), oferece atividades art\u00edsticas e musicais aos atendidos, crian\u00e7as e adolescentes de 6 a 15 anos. Em 2013, a educanda Emilly Santos Batista come\u00e7ou a participar das oficinas de m\u00fasica promovidas pela Funda\u00e7\u00e3o e, desde ent\u00e3o, desenvolveu seu dom art\u00edstico e\" \/>\n<meta property=\"og:url\" content=\"https:\/\/www.feyalegria.org\/brasil\/educanda-de-fe-e-alegria-lanca-album-nas-plataformas-digitais\/\" \/>\n<meta property=\"og:site_name\" content=\"#SomosF\u00e9eAlegria en Brasil\" \/>\n<meta property=\"article:published_time\" content=\"2020-07-02T09:48:29+00:00\" \/>\n<meta property=\"article:modified_time\" content=\"2021-04-26T15:43:27+00:00\" \/>\n<meta property=\"og:image\" content=\"https:\/\/d3pugrm67vf9n7.cloudfront.net\/wp-content\/uploads\/sites\/23\/2020\/07\/22233008\/Educanda-de-Fe-e-Alegria-lanca-album-foto.jpg\" \/>\n\t<meta property=\"og:image:width\" content=\"500\" \/>\n\t<meta property=\"og:image:height\" content=\"333\" \/>\n\t<meta property=\"og:image:type\" content=\"image\/jpeg\" \/>\n<meta name=\"author\" content=\"adminfya\" \/>\n<meta name=\"twitter:card\" content=\"summary_large_image\" \/>\n<meta name=\"twitter:label1\" content=\"Escrito por\" \/>\n\t<meta name=\"twitter:data1\" content=\"adminfya\" \/>\n\t<meta name=\"twitter:label2\" content=\"Tiempo de lectura\" \/>\n\t<meta name=\"twitter:data2\" content=\"1 minuto\" \/>\n<script type=\"application\/ld+json\" class=\"yoast-schema-graph\">{\"@context\":\"https:\\\/\\\/schema.org\",\"@graph\":[{\"@type\":\"Article\",\"@id\":\"https:\\\/\\\/www.feyalegria.org\\\/brasil\\\/educanda-de-fe-e-alegria-lanca-album-nas-plataformas-digitais\\\/#article\",\"isPartOf\":{\"@id\":\"https:\\\/\\\/www.feyalegria.org\\\/brasil\\\/educanda-de-fe-e-alegria-lanca-album-nas-plataformas-digitais\\\/\"},\"author\":{\"name\":\"adminfya\",\"@id\":\"https:\\\/\\\/www.feyalegria.org\\\/brasil\\\/#\\\/schema\\\/person\\\/f113dd05751b9243bcc4b62d8f55bc4b\"},\"headline\":\"Educanda de F\u00e9 e Alegria lan\u00e7a \u00e1lbum nas plataformas digitais\",\"datePublished\":\"2020-07-02T09:48:29+00:00\",\"dateModified\":\"2021-04-26T15:43:27+00:00\",\"mainEntityOfPage\":{\"@id\":\"https:\\\/\\\/www.feyalegria.org\\\/brasil\\\/educanda-de-fe-e-alegria-lanca-album-nas-plataformas-digitais\\\/\"},\"wordCount\":181,\"image\":{\"@id\":\"https:\\\/\\\/www.feyalegria.org\\\/brasil\\\/educanda-de-fe-e-alegria-lanca-album-nas-plataformas-digitais\\\/#primaryimage\"},\"thumbnailUrl\":\"https:\\\/\\\/d3pugrm67vf9n7.cloudfront.net\\\/wp-content\\\/uploads\\\/sites\\\/23\\\/2020\\\/07\\\/22233008\\\/Educanda-de-Fe-e-Alegria-lanca-album-foto.jpg\",\"articleSection\":[\"Noticias\"],\"inLanguage\":\"es-CO\"},{\"@type\":\"WebPage\",\"@id\":\"https:\\\/\\\/www.feyalegria.org\\\/brasil\\\/educanda-de-fe-e-alegria-lanca-album-nas-plataformas-digitais\\\/\",\"url\":\"https:\\\/\\\/www.feyalegria.org\\\/brasil\\\/educanda-de-fe-e-alegria-lanca-album-nas-plataformas-digitais\\\/\",\"name\":\"Educanda de F\u00e9 e Alegria lan\u00e7a \u00e1lbum nas plataformas digitais - #SomosF\u00e9eAlegria en Brasil\",\"isPartOf\":{\"@id\":\"https:\\\/\\\/www.feyalegria.org\\\/brasil\\\/#website\"},\"primaryImageOfPage\":{\"@id\":\"https:\\\/\\\/www.feyalegria.org\\\/brasil\\\/educanda-de-fe-e-alegria-lanca-album-nas-plataformas-digitais\\\/#primaryimage\"},\"image\":{\"@id\":\"https:\\\/\\\/www.feyalegria.org\\\/brasil\\\/educanda-de-fe-e-alegria-lanca-album-nas-plataformas-digitais\\\/#primaryimage\"},\"thumbnailUrl\":\"https:\\\/\\\/d3pugrm67vf9n7.cloudfront.net\\\/wp-content\\\/uploads\\\/sites\\\/23\\\/2020\\\/07\\\/22233008\\\/Educanda-de-Fe-e-Alegria-lanca-album-foto.jpg\",\"datePublished\":\"2020-07-02T09:48:29+00:00\",\"dateModified\":\"2021-04-26T15:43:27+00:00\",\"author\":{\"@id\":\"https:\\\/\\\/www.feyalegria.org\\\/brasil\\\/#\\\/schema\\\/person\\\/f113dd05751b9243bcc4b62d8f55bc4b\"},\"inLanguage\":\"es-CO\",\"potentialAction\":[{\"@type\":\"ReadAction\",\"target\":[\"https:\\\/\\\/www.feyalegria.org\\\/brasil\\\/educanda-de-fe-e-alegria-lanca-album-nas-plataformas-digitais\\\/\"]}]},{\"@type\":\"ImageObject\",\"inLanguage\":\"es-CO\",\"@id\":\"https:\\\/\\\/www.feyalegria.org\\\/brasil\\\/educanda-de-fe-e-alegria-lanca-album-nas-plataformas-digitais\\\/#primaryimage\",\"url\":\"https:\\\/\\\/d3pugrm67vf9n7.cloudfront.net\\\/wp-content\\\/uploads\\\/sites\\\/23\\\/2020\\\/07\\\/22233008\\\/Educanda-de-Fe-e-Alegria-lanca-album-foto.jpg\",\"contentUrl\":\"https:\\\/\\\/d3pugrm67vf9n7.cloudfront.net\\\/wp-content\\\/uploads\\\/sites\\\/23\\\/2020\\\/07\\\/22233008\\\/Educanda-de-Fe-e-Alegria-lanca-album-foto.jpg\",\"width\":500,\"height\":333},{\"@type\":\"WebSite\",\"@id\":\"https:\\\/\\\/www.feyalegria.org\\\/brasil\\\/#website\",\"url\":\"https:\\\/\\\/www.feyalegria.org\\\/brasil\\\/\",\"name\":\"#SomosF\u00e9eAlegria en Brasil\",\"description\":\"\",\"potentialAction\":[{\"@type\":\"SearchAction\",\"target\":{\"@type\":\"EntryPoint\",\"urlTemplate\":\"https:\\\/\\\/www.feyalegria.org\\\/brasil\\\/?s={search_term_string}\"},\"query-input\":{\"@type\":\"PropertyValueSpecification\",\"valueRequired\":true,\"valueName\":\"search_term_string\"}}],\"inLanguage\":\"es-CO\"},{\"@type\":\"Person\",\"@id\":\"https:\\\/\\\/www.feyalegria.org\\\/brasil\\\/#\\\/schema\\\/person\\\/f113dd05751b9243bcc4b62d8f55bc4b\",\"name\":\"adminfya\",\"url\":\"https:\\\/\\\/www.feyalegria.org\\\/brasil\\\/author\\\/adminfya\\\/\"}]}<\/script>\n<!-- \/ Yoast SEO plugin. -->","yoast_head_json":{"title":"Educanda de F\u00e9 e Alegria lan\u00e7a \u00e1lbum nas plataformas digitais - #SomosF\u00e9eAlegria en Brasil","robots":{"index":"index","follow":"follow","max-snippet":"max-snippet:-1","max-image-preview":"max-image-preview:large","max-video-preview":"max-video-preview:-1"},"canonical":"https:\/\/www.feyalegria.org\/brasil\/educanda-de-fe-e-alegria-lanca-album-nas-plataformas-digitais\/","og_locale":"es_ES","og_type":"article","og_title":"Educanda de F\u00e9 e Alegria lan\u00e7a \u00e1lbum nas plataformas digitais - #SomosF\u00e9eAlegria en Brasil","og_description":"[vc_row][vc_column][vc_column_text]O Centro Social Nossa Senhora da Vit\u00f3ria, unidade de F\u00e9 e Alegria de Ilh\u00e9us (BA), oferece atividades art\u00edsticas e musicais aos atendidos, crian\u00e7as e adolescentes de 6 a 15 anos. Em 2013, a educanda Emilly Santos Batista come\u00e7ou a participar das oficinas de m\u00fasica promovidas pela Funda\u00e7\u00e3o e, desde ent\u00e3o, desenvolveu seu dom art\u00edstico e","og_url":"https:\/\/www.feyalegria.org\/brasil\/educanda-de-fe-e-alegria-lanca-album-nas-plataformas-digitais\/","og_site_name":"#SomosF\u00e9eAlegria en Brasil","article_published_time":"2020-07-02T09:48:29+00:00","article_modified_time":"2021-04-26T15:43:27+00:00","og_image":[{"width":500,"height":333,"url":"https:\/\/d3pugrm67vf9n7.cloudfront.net\/wp-content\/uploads\/sites\/23\/2020\/07\/22233008\/Educanda-de-Fe-e-Alegria-lanca-album-foto.jpg","type":"image\/jpeg"}],"author":"adminfya","twitter_card":"summary_large_image","twitter_misc":{"Escrito por":"adminfya","Tiempo de lectura":"1 minuto"},"schema":{"@context":"https:\/\/schema.org","@graph":[{"@type":"Article","@id":"https:\/\/www.feyalegria.org\/brasil\/educanda-de-fe-e-alegria-lanca-album-nas-plataformas-digitais\/#article","isPartOf":{"@id":"https:\/\/www.feyalegria.org\/brasil\/educanda-de-fe-e-alegria-lanca-album-nas-plataformas-digitais\/"},"author":{"name":"adminfya","@id":"https:\/\/www.feyalegria.org\/brasil\/#\/schema\/person\/f113dd05751b9243bcc4b62d8f55bc4b"},"headline":"Educanda de F\u00e9 e Alegria lan\u00e7a \u00e1lbum nas plataformas digitais","datePublished":"2020-07-02T09:48:29+00:00","dateModified":"2021-04-26T15:43:27+00:00","mainEntityOfPage":{"@id":"https:\/\/www.feyalegria.org\/brasil\/educanda-de-fe-e-alegria-lanca-album-nas-plataformas-digitais\/"},"wordCount":181,"image":{"@id":"https:\/\/www.feyalegria.org\/brasil\/educanda-de-fe-e-alegria-lanca-album-nas-plataformas-digitais\/#primaryimage"},"thumbnailUrl":"https:\/\/d3pugrm67vf9n7.cloudfront.net\/wp-content\/uploads\/sites\/23\/2020\/07\/22233008\/Educanda-de-Fe-e-Alegria-lanca-album-foto.jpg","articleSection":["Noticias"],"inLanguage":"es-CO"},{"@type":"WebPage","@id":"https:\/\/www.feyalegria.org\/brasil\/educanda-de-fe-e-alegria-lanca-album-nas-plataformas-digitais\/","url":"https:\/\/www.feyalegria.org\/brasil\/educanda-de-fe-e-alegria-lanca-album-nas-plataformas-digitais\/","name":"Educanda de F\u00e9 e Alegria lan\u00e7a \u00e1lbum nas plataformas digitais - #SomosF\u00e9eAlegria en Brasil","isPartOf":{"@id":"https:\/\/www.feyalegria.org\/brasil\/#website"},"primaryImageOfPage":{"@id":"https:\/\/www.feyalegria.org\/brasil\/educanda-de-fe-e-alegria-lanca-album-nas-plataformas-digitais\/#primaryimage"},"image":{"@id":"https:\/\/www.feyalegria.org\/brasil\/educanda-de-fe-e-alegria-lanca-album-nas-plataformas-digitais\/#primaryimage"},"thumbnailUrl":"https:\/\/d3pugrm67vf9n7.cloudfront.net\/wp-content\/uploads\/sites\/23\/2020\/07\/22233008\/Educanda-de-Fe-e-Alegria-lanca-album-foto.jpg","datePublished":"2020-07-02T09:48:29+00:00","dateModified":"2021-04-26T15:43:27+00:00","author":{"@id":"https:\/\/www.feyalegria.org\/brasil\/#\/schema\/person\/f113dd05751b9243bcc4b62d8f55bc4b"},"inLanguage":"es-CO","potentialAction":[{"@type":"ReadAction","target":["https:\/\/www.feyalegria.org\/brasil\/educanda-de-fe-e-alegria-lanca-album-nas-plataformas-digitais\/"]}]},{"@type":"ImageObject","inLanguage":"es-CO","@id":"https:\/\/www.feyalegria.org\/brasil\/educanda-de-fe-e-alegria-lanca-album-nas-plataformas-digitais\/#primaryimage","url":"https:\/\/d3pugrm67vf9n7.cloudfront.net\/wp-content\/uploads\/sites\/23\/2020\/07\/22233008\/Educanda-de-Fe-e-Alegria-lanca-album-foto.jpg","contentUrl":"https:\/\/d3pugrm67vf9n7.cloudfront.net\/wp-content\/uploads\/sites\/23\/2020\/07\/22233008\/Educanda-de-Fe-e-Alegria-lanca-album-foto.jpg","width":500,"height":333},{"@type":"WebSite","@id":"https:\/\/www.feyalegria.org\/brasil\/#website","url":"https:\/\/www.feyalegria.org\/brasil\/","name":"#SomosF\u00e9eAlegria en Brasil","description":"","potentialAction":[{"@type":"SearchAction","target":{"@type":"EntryPoint","urlTemplate":"https:\/\/www.feyalegria.org\/brasil\/?s={search_term_string}"},"query-input":{"@type":"PropertyValueSpecification","valueRequired":true,"valueName":"search_term_string"}}],"inLanguage":"es-CO"},{"@type":"Person","@id":"https:\/\/www.feyalegria.org\/brasil\/#\/schema\/person\/f113dd05751b9243bcc4b62d8f55bc4b","name":"adminfya","url":"https:\/\/www.feyalegria.org\/brasil\/author\/adminfya\/"}]}},"_links":{"self":[{"href":"https:\/\/www.feyalegria.org\/brasil\/wp-json\/wp\/v2\/posts\/8135","targetHints":{"allow":["GET"]}}],"collection":[{"href":"https:\/\/www.feyalegria.org\/brasil\/wp-json\/wp\/v2\/posts"}],"about":[{"href":"https:\/\/www.feyalegria.org\/brasil\/wp-json\/wp\/v2\/types\/post"}],"author":[{"embeddable":true,"href":"https:\/\/www.feyalegria.org\/brasil\/wp-json\/wp\/v2\/users\/2"}],"replies":[{"embeddable":true,"href":"https:\/\/www.feyalegria.org\/brasil\/wp-json\/wp\/v2\/comments?post=8135"}],"version-history":[{"count":0,"href":"https:\/\/www.feyalegria.org\/brasil\/wp-json\/wp\/v2\/posts\/8135\/revisions"}],"wp:featuredmedia":[{"embeddable":true,"href":"https:\/\/www.feyalegria.org\/brasil\/wp-json\/wp\/v2\/media\/24047"}],"wp:attachment":[{"href":"https:\/\/www.feyalegria.org\/brasil\/wp-json\/wp\/v2\/media?parent=8135"}],"wp:term":[{"taxonomy":"category","embeddable":true,"href":"https:\/\/www.feyalegria.org\/brasil\/wp-json\/wp\/v2\/categories?post=8135"},{"taxonomy":"post_tag","embeddable":true,"href":"https:\/\/www.feyalegria.org\/brasil\/wp-json\/wp\/v2\/tags?post=8135"},{"taxonomy":"post_folder","embeddable":true,"href":"https:\/\/www.feyalegria.org\/brasil\/wp-json\/wp\/v2\/post_folder?post=8135"}],"curies":[{"name":"wp","href":"https:\/\/api.w.org\/{rel}","templated":true}]}}