 {"id":2338,"date":"2021-03-09T21:18:00","date_gmt":"2021-03-10T02:18:00","guid":{"rendered":"https:\/\/www.feyalegria.org\/guatemala\/?p=2338"},"modified":"2023-09-20T14:24:02","modified_gmt":"2023-09-20T19:24:02","slug":"gran-rifa-de-fe-y-alegria-guatemala","status":"publish","type":"post","link":"https:\/\/www.feyalegria.org\/guatemala\/gran-rifa-de-fe-y-alegria-guatemala\/","title":{"rendered":"Gran Rifa de Fe y Alegr\u00eda Guatemala"},"content":{"rendered":"<div class=\"wpb-content-wrapper\"><p>[vc_row enable_first_overlay=\u00bbtrue\u00bb first_overlay_opacity=\u00bb1&#8243; first_background_color=\u00bb#df5461&#8243; css=\u00bb.vc_custom_1614220964145{padding-top: 40px !important;}\u00bb][vc_column width=\u00bb2\/3&#8243;][vc_single_image image=\u00bb2340&#8243; img_size=\u00bbfull\u00bb alignment=\u00bbcenter\u00bb][vc_column_text]<img loading=\"lazy\" decoding=\"async\" class=\" wp-image-2342 alignleft\" src=\"https:\/\/d3pugrm67vf9n7.cloudfront.net\/wp-content\/uploads\/sites\/17\/2021\/03\/17210403\/No.-ganador-Rifa-232x300.jpeg\" alt=\"\" width=\"201\" height=\"260\" srcset=\"https:\/\/d3pugrm67vf9n7.cloudfront.net\/wp-content\/uploads\/sites\/17\/2021\/03\/17210403\/No.-ganador-Rifa-232x300.jpeg 232w, https:\/\/d3pugrm67vf9n7.cloudfront.net\/wp-content\/uploads\/sites\/17\/2021\/03\/17210403\/No.-ganador-Rifa-790x1024.jpeg 790w, https:\/\/d3pugrm67vf9n7.cloudfront.net\/wp-content\/uploads\/sites\/17\/2021\/03\/17210403\/No.-ganador-Rifa-768x995.jpeg 768w, https:\/\/d3pugrm67vf9n7.cloudfront.net\/wp-content\/uploads\/sites\/17\/2021\/03\/17210403\/No.-ganador-Rifa.jpeg 988w\" sizes=\"auto, (max-width: 201px) 100vw, 201px\" \/><\/p>\n<p style=\"text-align: justify;\"><span style=\"font-weight: 400;\">Con el lema <\/span><b>\u201cContigo la educaci\u00f3n es posible\u201d<\/b><span style=\"font-weight: 400;\"> se desarroll\u00f3 la Gran Rifa de Fe y Alegr\u00eda Guatemala que a\u00f1o con a\u00f1o suma miles de corazones para contribuir a la educaci\u00f3n de ni\u00f1os, ni\u00f1as y j\u00f3venes que atiende en sus aulas.\u00a0<\/span><\/p>\n<p>&nbsp;<\/p>\n<p style=\"text-align: justify;\"><span style=\"font-weight: 400;\">El n\u00famero 058257 fue elegido de la t\u00f3mbola por Lisbeth, una estudiante del centro educativo Fe y Alegr\u00eda No.2, Carolingia, que sali\u00f3 ganador del primer premio: un veh\u00edculo Huydai Atos 2021. En el evento recordamos que Fe y Alegr\u00eda no es solo una escuela, es una casa, es una familia en donde ni\u00f1as, ni\u00f1os y j\u00f3venes encuentran un lugar seguro para aprender y desarrollarse plenamente.<\/span><\/p>\n<p><span style=\"font-weight: 400;\">\u00a0<\/span><\/p>\n<p style=\"text-align: justify;\"><span style=\"font-weight: 400;\">El P. Miquel Cort\u00e9s, Director de Fe y Alegr\u00eda Guatemala resalt\u00f3 \u201cEsta rifa no pudo realizarse el a\u00f1o pasado, por las circunstancias de la pandemia tuvimos que retrasarla. Ha sido un gran reto pero a pesar de las dificultades quisimos seguir adelante, sobre todo porque la Rifa forma parte de la historia de Fe y Alegr\u00eda, que desde hace 66 a\u00f1os en un barrio de Caracas, inici\u00f3 como un gesto de solidaridad y colaboraci\u00f3n. Seguimos defendiendo el derecho a la educaci\u00f3n de las clases m\u00e1s necesitadas, sabiendo que la educaci\u00f3n es crucial para el desarrollo de un pa\u00eds\u201d.<\/span><\/p>\n<p>&nbsp;<\/p>\n<p style=\"text-align: justify;\"><span style=\"font-weight: 400;\">Gracias al aporte de miles de guatemaltecos y guatemaltecas, Fe y Alegr\u00eda podr\u00e1 mejorar las condiciones educativas que ofrece a m\u00e1s de 16 mil estudiantes en 53 comunidades educativas en este nuevo ciclo escolar. <\/span><\/p>\n<p>[\/vc_column_text][\/vc_column][vc_column width=\u00bb1\/3&#8243; css=\u00bb.vc_custom_1598395418937{padding-top: 30px !important;padding-left: 20px !important;background-color: #f3f3f3 !important;border-radius: 10px !important;}\u00bb][vc_widget_sidebar sidebar_id=\u00bbnicdark_sidebar\u00bb][vc_btn title=\u00bbM\u00e1s noticias\u00bb style=\u00bbcustom\u00bb custom_background=\u00bb#cc0000&#8243; custom_text=\u00bb#ffffff\u00bb shape=\u00bbround\u00bb align=\u00bbcenter\u00bb link=\u00bburl:https%3A%2F%2Fwww.feyalegria.org%2Fguatemala%2Factualidad%2F|title:Novedades\u00bb][\/vc_column][\/vc_row][vc_row][vc_column width=\u00bb1\/3&#8243;][vc_single_image image=\u00bb2344&#8243; img_size=\u00bbmedium\u00bb alignment=\u00bbcenter\u00bb][\/vc_column][vc_column width=\u00bb1\/3&#8243;][vc_single_image image=\u00bb2343&#8243; img_size=\u00bbmedium\u00bb alignment=\u00bbcenter\u00bb][\/vc_column][vc_column width=\u00bb1\/3&#8243;][\/vc_column][\/vc_row]<\/p>\n<\/div>","protected":false},"excerpt":{"rendered":"<div style=\"height: 240px\">Con el lema \u201cContigo la educaci\u00f3n es posible\u201d se desarroll\u00f3 la Gran Rifa de Fe y Alegr\u00eda Guatemala que a\u00f1o con a\u00f1o suma miles de corazones para contribuir a la educaci\u00f3n de ni\u00f1os, ni\u00f1as y j\u00f3venes que atiende&#8230; <\/div>\n","protected":false},"author":6,"featured_media":2344,"comment_status":"closed","ping_status":"closed","sticky":false,"template":"","format":"standard","meta":{"_acf_changed":false,"footnotes":""},"categories":[9],"tags":[],"post_folder":[],"class_list":["post-2338","post","type-post","status-publish","format-standard","has-post-thumbnail","hentry","category-noticias"],"acf":[],"yoast_head":"<!-- This site is optimized with the Yoast SEO plugin v27.4 - https:\/\/yoast.com\/product\/yoast-seo-wordpress\/ -->\n<title>Gran Rifa de Fe y Alegr\u00eda Guatemala - #SomosFeyAlegr\u00eda en Guatemala<\/title>\n<meta name=\"robots\" content=\"index, follow, max-snippet:-1, max-image-preview:large, max-video-preview:-1\" \/>\n<link rel=\"canonical\" href=\"https:\/\/www.feyalegria.org\/guatemala\/gran-rifa-de-fe-y-alegria-guatemala\/\" \/>\n<meta property=\"og:locale\" content=\"es_ES\" \/>\n<meta property=\"og:type\" content=\"article\" \/>\n<meta property=\"og:title\" content=\"Gran Rifa de Fe y Alegr\u00eda Guatemala - #SomosFeyAlegr\u00eda en Guatemala\" \/>\n<meta property=\"og:description\" content=\"Con el lema \u201cContigo la educaci\u00f3n es posible\u201d se desarroll\u00f3 la Gran Rifa de Fe y Alegr\u00eda Guatemala que a\u00f1o con a\u00f1o suma miles de corazones para contribuir a la educaci\u00f3n de ni\u00f1os, ni\u00f1as y j\u00f3venes que atiende...\" \/>\n<meta property=\"og:url\" content=\"https:\/\/www.feyalegria.org\/guatemala\/gran-rifa-de-fe-y-alegria-guatemala\/\" \/>\n<meta property=\"og:site_name\" content=\"#SomosFeyAlegr\u00eda en Guatemala\" \/>\n<meta property=\"article:published_time\" content=\"2021-03-10T02:18:00+00:00\" \/>\n<meta property=\"article:modified_time\" content=\"2023-09-20T19:24:02+00:00\" \/>\n<meta property=\"og:image\" content=\"https:\/\/d3pugrm67vf9n7.cloudfront.net\/wp-content\/uploads\/sites\/17\/2021\/03\/17210419\/Rifa2.png\" \/>\n\t<meta property=\"og:image:width\" content=\"900\" \/>\n\t<meta property=\"og:image:height\" content=\"600\" \/>\n\t<meta property=\"og:image:type\" content=\"image\/png\" \/>\n<meta name=\"author\" content=\"Erika Briceno\" \/>\n<meta name=\"twitter:card\" content=\"summary_large_image\" \/>\n<meta name=\"twitter:label1\" content=\"Escrito por\" \/>\n\t<meta name=\"twitter:data1\" content=\"Erika Briceno\" \/>\n\t<meta name=\"twitter:label2\" content=\"Tiempo de lectura\" \/>\n\t<meta name=\"twitter:data2\" content=\"2 minutos\" \/>\n<script type=\"application\/ld+json\" class=\"yoast-schema-graph\">{\"@context\":\"https:\\\/\\\/schema.org\",\"@graph\":[{\"@type\":\"Article\",\"@id\":\"https:\\\/\\\/www.feyalegria.org\\\/guatemala\\\/gran-rifa-de-fe-y-alegria-guatemala\\\/#article\",\"isPartOf\":{\"@id\":\"https:\\\/\\\/www.feyalegria.org\\\/guatemala\\\/gran-rifa-de-fe-y-alegria-guatemala\\\/\"},\"author\":{\"name\":\"Erika Briceno\",\"@id\":\"https:\\\/\\\/www.feyalegria.org\\\/guatemala\\\/#\\\/schema\\\/person\\\/fcd504e06f93320841b99f79f3ab0180\"},\"headline\":\"Gran Rifa de Fe y Alegr\u00eda Guatemala\",\"datePublished\":\"2021-03-10T02:18:00+00:00\",\"dateModified\":\"2023-09-20T19:24:02+00:00\",\"mainEntityOfPage\":{\"@id\":\"https:\\\/\\\/www.feyalegria.org\\\/guatemala\\\/gran-rifa-de-fe-y-alegria-guatemala\\\/\"},\"wordCount\":409,\"image\":{\"@id\":\"https:\\\/\\\/www.feyalegria.org\\\/guatemala\\\/gran-rifa-de-fe-y-alegria-guatemala\\\/#primaryimage\"},\"thumbnailUrl\":\"https:\\\/\\\/d3pugrm67vf9n7.cloudfront.net\\\/wp-content\\\/uploads\\\/sites\\\/17\\\/2021\\\/03\\\/17210419\\\/Rifa2.png\",\"articleSection\":[\"Noticias\"],\"inLanguage\":\"es\"},{\"@type\":\"WebPage\",\"@id\":\"https:\\\/\\\/www.feyalegria.org\\\/guatemala\\\/gran-rifa-de-fe-y-alegria-guatemala\\\/\",\"url\":\"https:\\\/\\\/www.feyalegria.org\\\/guatemala\\\/gran-rifa-de-fe-y-alegria-guatemala\\\/\",\"name\":\"Gran Rifa de Fe y Alegr\u00eda Guatemala - #SomosFeyAlegr\u00eda en Guatemala\",\"isPartOf\":{\"@id\":\"https:\\\/\\\/www.feyalegria.org\\\/guatemala\\\/#website\"},\"primaryImageOfPage\":{\"@id\":\"https:\\\/\\\/www.feyalegria.org\\\/guatemala\\\/gran-rifa-de-fe-y-alegria-guatemala\\\/#primaryimage\"},\"image\":{\"@id\":\"https:\\\/\\\/www.feyalegria.org\\\/guatemala\\\/gran-rifa-de-fe-y-alegria-guatemala\\\/#primaryimage\"},\"thumbnailUrl\":\"https:\\\/\\\/d3pugrm67vf9n7.cloudfront.net\\\/wp-content\\\/uploads\\\/sites\\\/17\\\/2021\\\/03\\\/17210419\\\/Rifa2.png\",\"datePublished\":\"2021-03-10T02:18:00+00:00\",\"dateModified\":\"2023-09-20T19:24:02+00:00\",\"author\":{\"@id\":\"https:\\\/\\\/www.feyalegria.org\\\/guatemala\\\/#\\\/schema\\\/person\\\/fcd504e06f93320841b99f79f3ab0180\"},\"breadcrumb\":{\"@id\":\"https:\\\/\\\/www.feyalegria.org\\\/guatemala\\\/gran-rifa-de-fe-y-alegria-guatemala\\\/#breadcrumb\"},\"inLanguage\":\"es\",\"potentialAction\":[{\"@type\":\"ReadAction\",\"target\":[\"https:\\\/\\\/www.feyalegria.org\\\/guatemala\\\/gran-rifa-de-fe-y-alegria-guatemala\\\/\"]}]},{\"@type\":\"ImageObject\",\"inLanguage\":\"es\",\"@id\":\"https:\\\/\\\/www.feyalegria.org\\\/guatemala\\\/gran-rifa-de-fe-y-alegria-guatemala\\\/#primaryimage\",\"url\":\"https:\\\/\\\/d3pugrm67vf9n7.cloudfront.net\\\/wp-content\\\/uploads\\\/sites\\\/17\\\/2021\\\/03\\\/17210419\\\/Rifa2.png\",\"contentUrl\":\"https:\\\/\\\/d3pugrm67vf9n7.cloudfront.net\\\/wp-content\\\/uploads\\\/sites\\\/17\\\/2021\\\/03\\\/17210419\\\/Rifa2.png\",\"width\":900,\"height\":600},{\"@type\":\"BreadcrumbList\",\"@id\":\"https:\\\/\\\/www.feyalegria.org\\\/guatemala\\\/gran-rifa-de-fe-y-alegria-guatemala\\\/#breadcrumb\",\"itemListElement\":[{\"@type\":\"ListItem\",\"position\":1,\"name\":\"Home\",\"item\":\"https:\\\/\\\/www.feyalegria.org\\\/guatemala\\\/\"},{\"@type\":\"ListItem\",\"position\":2,\"name\":\"Gran Rifa de Fe y Alegr\u00eda Guatemala\"}]},{\"@type\":\"WebSite\",\"@id\":\"https:\\\/\\\/www.feyalegria.org\\\/guatemala\\\/#website\",\"url\":\"https:\\\/\\\/www.feyalegria.org\\\/guatemala\\\/\",\"name\":\"#SomosFeyAlegr\u00eda en Guatemala\",\"description\":\"Movimiento de Educaci\u00f3n Popular y Promoci\u00f3n Social\",\"potentialAction\":[{\"@type\":\"SearchAction\",\"target\":{\"@type\":\"EntryPoint\",\"urlTemplate\":\"https:\\\/\\\/www.feyalegria.org\\\/guatemala\\\/?s={search_term_string}\"},\"query-input\":{\"@type\":\"PropertyValueSpecification\",\"valueRequired\":true,\"valueName\":\"search_term_string\"}}],\"inLanguage\":\"es\"},{\"@type\":\"Person\",\"@id\":\"https:\\\/\\\/www.feyalegria.org\\\/guatemala\\\/#\\\/schema\\\/person\\\/fcd504e06f93320841b99f79f3ab0180\",\"name\":\"Erika Briceno\",\"url\":\"https:\\\/\\\/www.feyalegria.org\\\/guatemala\\\/author\\\/comunfifya\\\/\"}]}<\/script>\n<!-- \/ Yoast SEO plugin. -->","yoast_head_json":{"title":"Gran Rifa de Fe y Alegr\u00eda Guatemala - #SomosFeyAlegr\u00eda en Guatemala","robots":{"index":"index","follow":"follow","max-snippet":"max-snippet:-1","max-image-preview":"max-image-preview:large","max-video-preview":"max-video-preview:-1"},"canonical":"https:\/\/www.feyalegria.org\/guatemala\/gran-rifa-de-fe-y-alegria-guatemala\/","og_locale":"es_ES","og_type":"article","og_title":"Gran Rifa de Fe y Alegr\u00eda Guatemala - #SomosFeyAlegr\u00eda en Guatemala","og_description":"Con el lema \u201cContigo la educaci\u00f3n es posible\u201d se desarroll\u00f3 la Gran Rifa de Fe y Alegr\u00eda Guatemala que a\u00f1o con a\u00f1o suma miles de corazones para contribuir a la educaci\u00f3n de ni\u00f1os, ni\u00f1as y j\u00f3venes que atiende...","og_url":"https:\/\/www.feyalegria.org\/guatemala\/gran-rifa-de-fe-y-alegria-guatemala\/","og_site_name":"#SomosFeyAlegr\u00eda en Guatemala","article_published_time":"2021-03-10T02:18:00+00:00","article_modified_time":"2023-09-20T19:24:02+00:00","og_image":[{"width":900,"height":600,"url":"https:\/\/d3pugrm67vf9n7.cloudfront.net\/wp-content\/uploads\/sites\/17\/2021\/03\/17210419\/Rifa2.png","type":"image\/png"}],"author":"Erika Briceno","twitter_card":"summary_large_image","twitter_misc":{"Escrito por":"Erika Briceno","Tiempo de lectura":"2 minutos"},"schema":{"@context":"https:\/\/schema.org","@graph":[{"@type":"Article","@id":"https:\/\/www.feyalegria.org\/guatemala\/gran-rifa-de-fe-y-alegria-guatemala\/#article","isPartOf":{"@id":"https:\/\/www.feyalegria.org\/guatemala\/gran-rifa-de-fe-y-alegria-guatemala\/"},"author":{"name":"Erika Briceno","@id":"https:\/\/www.feyalegria.org\/guatemala\/#\/schema\/person\/fcd504e06f93320841b99f79f3ab0180"},"headline":"Gran Rifa de Fe y Alegr\u00eda Guatemala","datePublished":"2021-03-10T02:18:00+00:00","dateModified":"2023-09-20T19:24:02+00:00","mainEntityOfPage":{"@id":"https:\/\/www.feyalegria.org\/guatemala\/gran-rifa-de-fe-y-alegria-guatemala\/"},"wordCount":409,"image":{"@id":"https:\/\/www.feyalegria.org\/guatemala\/gran-rifa-de-fe-y-alegria-guatemala\/#primaryimage"},"thumbnailUrl":"https:\/\/d3pugrm67vf9n7.cloudfront.net\/wp-content\/uploads\/sites\/17\/2021\/03\/17210419\/Rifa2.png","articleSection":["Noticias"],"inLanguage":"es"},{"@type":"WebPage","@id":"https:\/\/www.feyalegria.org\/guatemala\/gran-rifa-de-fe-y-alegria-guatemala\/","url":"https:\/\/www.feyalegria.org\/guatemala\/gran-rifa-de-fe-y-alegria-guatemala\/","name":"Gran Rifa de Fe y Alegr\u00eda Guatemala - #SomosFeyAlegr\u00eda en Guatemala","isPartOf":{"@id":"https:\/\/www.feyalegria.org\/guatemala\/#website"},"primaryImageOfPage":{"@id":"https:\/\/www.feyalegria.org\/guatemala\/gran-rifa-de-fe-y-alegria-guatemala\/#primaryimage"},"image":{"@id":"https:\/\/www.feyalegria.org\/guatemala\/gran-rifa-de-fe-y-alegria-guatemala\/#primaryimage"},"thumbnailUrl":"https:\/\/d3pugrm67vf9n7.cloudfront.net\/wp-content\/uploads\/sites\/17\/2021\/03\/17210419\/Rifa2.png","datePublished":"2021-03-10T02:18:00+00:00","dateModified":"2023-09-20T19:24:02+00:00","author":{"@id":"https:\/\/www.feyalegria.org\/guatemala\/#\/schema\/person\/fcd504e06f93320841b99f79f3ab0180"},"breadcrumb":{"@id":"https:\/\/www.feyalegria.org\/guatemala\/gran-rifa-de-fe-y-alegria-guatemala\/#breadcrumb"},"inLanguage":"es","potentialAction":[{"@type":"ReadAction","target":["https:\/\/www.feyalegria.org\/guatemala\/gran-rifa-de-fe-y-alegria-guatemala\/"]}]},{"@type":"ImageObject","inLanguage":"es","@id":"https:\/\/www.feyalegria.org\/guatemala\/gran-rifa-de-fe-y-alegria-guatemala\/#primaryimage","url":"https:\/\/d3pugrm67vf9n7.cloudfront.net\/wp-content\/uploads\/sites\/17\/2021\/03\/17210419\/Rifa2.png","contentUrl":"https:\/\/d3pugrm67vf9n7.cloudfront.net\/wp-content\/uploads\/sites\/17\/2021\/03\/17210419\/Rifa2.png","width":900,"height":600},{"@type":"BreadcrumbList","@id":"https:\/\/www.feyalegria.org\/guatemala\/gran-rifa-de-fe-y-alegria-guatemala\/#breadcrumb","itemListElement":[{"@type":"ListItem","position":1,"name":"Home","item":"https:\/\/www.feyalegria.org\/guatemala\/"},{"@type":"ListItem","position":2,"name":"Gran Rifa de Fe y Alegr\u00eda Guatemala"}]},{"@type":"WebSite","@id":"https:\/\/www.feyalegria.org\/guatemala\/#website","url":"https:\/\/www.feyalegria.org\/guatemala\/","name":"#SomosFeyAlegr\u00eda en Guatemala","description":"Movimiento de Educaci\u00f3n Popular y Promoci\u00f3n Social","potentialAction":[{"@type":"SearchAction","target":{"@type":"EntryPoint","urlTemplate":"https:\/\/www.feyalegria.org\/guatemala\/?s={search_term_string}"},"query-input":{"@type":"PropertyValueSpecification","valueRequired":true,"valueName":"search_term_string"}}],"inLanguage":"es"},{"@type":"Person","@id":"https:\/\/www.feyalegria.org\/guatemala\/#\/schema\/person\/fcd504e06f93320841b99f79f3ab0180","name":"Erika Briceno","url":"https:\/\/www.feyalegria.org\/guatemala\/author\/comunfifya\/"}]}},"_links":{"self":[{"href":"https:\/\/www.feyalegria.org\/guatemala\/wp-json\/wp\/v2\/posts\/2338","targetHints":{"allow":["GET"]}}],"collection":[{"href":"https:\/\/www.feyalegria.org\/guatemala\/wp-json\/wp\/v2\/posts"}],"about":[{"href":"https:\/\/www.feyalegria.org\/guatemala\/wp-json\/wp\/v2\/types\/post"}],"author":[{"embeddable":true,"href":"https:\/\/www.feyalegria.org\/guatemala\/wp-json\/wp\/v2\/users\/6"}],"replies":[{"embeddable":true,"href":"https:\/\/www.feyalegria.org\/guatemala\/wp-json\/wp\/v2\/comments?post=2338"}],"version-history":[{"count":0,"href":"https:\/\/www.feyalegria.org\/guatemala\/wp-json\/wp\/v2\/posts\/2338\/revisions"}],"wp:featuredmedia":[{"embeddable":true,"href":"https:\/\/www.feyalegria.org\/guatemala\/wp-json\/wp\/v2\/media\/2344"}],"wp:attachment":[{"href":"https:\/\/www.feyalegria.org\/guatemala\/wp-json\/wp\/v2\/media?parent=2338"}],"wp:term":[{"taxonomy":"category","embeddable":true,"href":"https:\/\/www.feyalegria.org\/guatemala\/wp-json\/wp\/v2\/categories?post=2338"},{"taxonomy":"post_tag","embeddable":true,"href":"https:\/\/www.feyalegria.org\/guatemala\/wp-json\/wp\/v2\/tags?post=2338"},{"taxonomy":"post_folder","embeddable":true,"href":"https:\/\/www.feyalegria.org\/guatemala\/wp-json\/wp\/v2\/post_folder?post=2338"}],"curies":[{"name":"wp","href":"https:\/\/api.w.org\/{rel}","templated":true}]}}