{"id":2725,"date":"2021-05-26T10:19:19","date_gmt":"2021-05-26T15:19:19","guid":{"rendered":"https:\/\/www.feyalegria.org\/guatemala\/?p=2725"},"modified":"2023-09-20T14:23:54","modified_gmt":"2023-09-20T19:23:54","slug":"padre-provincial-visita-fe-y-alegria","status":"publish","type":"post","link":"https:\/\/www.feyalegria.org\/guatemala\/padre-provincial-visita-fe-y-alegria\/","title":{"rendered":"Padre Provincial Visita Fe y Alegr\u00eda"},"content":{"rendered":"<div class=\"wpb-content-wrapper\"><p>[vc_row enable_first_overlay=\u00bbtrue\u00bb first_overlay_opacity=\u00bb1&#8243; first_background_color=\u00bb#df5461&#8243; css=\u00bb.vc_custom_1614220964145{padding-top: 40px !important;}\u00bb][vc_column width=\u00bb2\/3&#8243;][vc_column_text el_id=\u00bbPADRE PROVINCIAL VISITA FE Y ALEGR\u00cdA\u00bb]<\/p>\n<p style=\"text-align: justify;\"><img loading=\"lazy\" decoding=\"async\" class=\"size-medium wp-image-2726 alignright\" src=\"https:\/\/d3pugrm67vf9n7.cloudfront.net\/wp-content\/uploads\/sites\/17\/2021\/05\/26100238\/1-4-300x200.jpg\" alt=\"\" width=\"300\" height=\"200\" srcset=\"https:\/\/d3pugrm67vf9n7.cloudfront.net\/wp-content\/uploads\/sites\/17\/2021\/05\/26100238\/1-4-300x200.jpg 300w, https:\/\/d3pugrm67vf9n7.cloudfront.net\/wp-content\/uploads\/sites\/17\/2021\/05\/26100238\/1-4-1024x683.jpg 1024w, https:\/\/d3pugrm67vf9n7.cloudfront.net\/wp-content\/uploads\/sites\/17\/2021\/05\/26100238\/1-4-768x512.jpg 768w, https:\/\/d3pugrm67vf9n7.cloudfront.net\/wp-content\/uploads\/sites\/17\/2021\/05\/26100238\/1-4-391x260.jpg 391w, https:\/\/d3pugrm67vf9n7.cloudfront.net\/wp-content\/uploads\/sites\/17\/2021\/05\/26100238\/1-4-1536x1024.jpg 1536w, https:\/\/d3pugrm67vf9n7.cloudfront.net\/wp-content\/uploads\/sites\/17\/2021\/05\/26100238\/1-4-2048x1365.jpg 2048w\" sizes=\"auto, (max-width: 300px) 100vw, 300px\" \/>El <strong>P. Jos\u00e9 Domingo Cuesta, S.J,<\/strong> Provincial de la Compa\u00f1\u00eda de Jes\u00fas en Centroam\u00e9rica visit\u00f3 Fe y Alegr\u00eda Guatemala en donde comparti\u00f3 con miembros del Consejo Consultivo y de las comunidades educativas. Debido a las medidas de bioseguridad que deben tomarse por la pandemia de Covid-19, esta vez el Provincial no pudo visitar ning\u00fan centro educativo por ello comparti\u00f3 en una reuni\u00f3n en la que se present\u00f3 la experiencia e impacto de la obra en las comunidades donde est\u00e1 presente.<\/p>\n<p>&nbsp;<\/p>\n<p style=\"text-align: justify;\">En este espacio se compartieron testimonios de las experiencias comunitarias de Fe y Alegr\u00eda, participando Candice Hern\u00e1ndez, representante de los Directores, quien resalt\u00f3 los programas educativo que se desarrollan en el centro educativo de Fe y Alegr\u00eda en El Amparo, Guatemala. Por su parte, Allan Chac\u00f3n, representante de los Educadores; comparti\u00f3 su experiencia vinculada a mejorar e innovar en los procesos pedag\u00f3gicos, con el fin de brindar una educaci\u00f3n de calidad. La Sra. Johana Maza, representante de los padres y madres de familia resalt\u00f3 la importancia y pertinencia de la labor educativa de Fe y Alegr\u00eda.<\/p>\n<p>&nbsp;<\/p>\n<p style=\"text-align: justify;\">Al final el <strong>P. Cuesta<\/strong> resalt\u00f3 que \u201cFe y Alegr\u00eda es una obra de Dios, esto lo pens\u00f3 Jos\u00e9 Mar\u00eda Velaz cuando inici\u00f3 esta obra. Recordemos que somos una comunidad, somos un mismo cuerpo. Y mientras m\u00e1s unidos vamos a poder caminar y avanzar\u201d. Tambi\u00e9n envi\u00f3 un mensaje animando a continuar en el servicio a los m\u00e1s vulnerados, el cual puedes ver aqu\u00ed:<\/p>\n<p>[\/vc_column_text][vc_video link=\u00bbhttps:\/\/www.youtube.com\/watch?v=WZWPfVz-aDo\u00bb el_width=\u00bb80&#8243; align=\u00bbcenter\u00bb][\/vc_column][vc_column width=\u00bb1\/3&#8243; css=\u00bb.vc_custom_1598395418937{padding-top: 30px !important;padding-left: 20px !important;background-color: #f3f3f3 !important;border-radius: 10px !important;}\u00bb][vc_widget_sidebar sidebar_id=\u00bbnicdark_sidebar\u00bb][vc_btn title=\u00bbM\u00e1s noticias\u00bb style=\u00bbcustom\u00bb custom_background=\u00bb#cc0000&#8243; custom_text=\u00bb#ffffff\u00bb shape=\u00bbround\u00bb align=\u00bbcenter\u00bb link=\u00bburl:https%3A%2F%2Fwww.feyalegria.org%2Fguatemala%2Factualidad%2F|title:Novedades\u00bb][\/vc_column][\/vc_row][vc_row][vc_column][vc_empty_space height=\u00bb50px\u00bb][\/vc_column][\/vc_row]<\/p>\n<\/div>","protected":false},"excerpt":{"rendered":"<div style=\"height: 240px\">P. Jos\u00e9 Domingo Cuesta, S.J, Provincial de la Compa\u00f1\u00eda de Jes\u00fas en Centroam\u00e9rica visit\u00f3 Fe y Alegr\u00eda Guatemala en donde comparti\u00f3 con miembros del Consejo Consultivo y de las comunidades educativas.<\/div>\n","protected":false},"author":16,"featured_media":2726,"comment_status":"closed","ping_status":"closed","sticky":false,"template":"","format":"standard","meta":{"_acf_changed":false,"footnotes":""},"categories":[9],"tags":[],"post_folder":[],"class_list":["post-2725","post","type-post","status-publish","format-standard","has-post-thumbnail","hentry","category-noticias"],"acf":[],"yoast_head":"<!-- This site is optimized with the Yoast SEO plugin v27.5 - https:\/\/yoast.com\/product\/yoast-seo-wordpress\/ -->\n<title>Padre Provincial Visita Fe y Alegr\u00eda - #SomosFeyAlegr\u00eda en Guatemala<\/title>\n<meta name=\"robots\" content=\"index, follow, max-snippet:-1, max-image-preview:large, max-video-preview:-1\" \/>\n<link rel=\"canonical\" href=\"https:\/\/www.feyalegria.org\/guatemala\/padre-provincial-visita-fe-y-alegria\/\" \/>\n<meta property=\"og:locale\" content=\"es_ES\" \/>\n<meta property=\"og:type\" content=\"article\" \/>\n<meta property=\"og:title\" content=\"Padre Provincial Visita Fe y Alegr\u00eda - #SomosFeyAlegr\u00eda en Guatemala\" \/>\n<meta property=\"og:description\" content=\"P. Jos\u00e9 Domingo Cuesta, S.J, Provincial de la Compa\u00f1\u00eda de Jes\u00fas en Centroam\u00e9rica visit\u00f3 Fe y Alegr\u00eda Guatemala en donde comparti\u00f3 con miembros del Consejo Consultivo y de las comunidades educativas.\" \/>\n<meta property=\"og:url\" content=\"https:\/\/www.feyalegria.org\/guatemala\/padre-provincial-visita-fe-y-alegria\/\" \/>\n<meta property=\"og:site_name\" content=\"#SomosFeyAlegr\u00eda en Guatemala\" \/>\n<meta property=\"article:published_time\" content=\"2021-05-26T15:19:19+00:00\" \/>\n<meta property=\"article:modified_time\" content=\"2023-09-20T19:23:54+00:00\" \/>\n<meta property=\"og:image\" content=\"https:\/\/d3pugrm67vf9n7.cloudfront.net\/wp-content\/uploads\/sites\/17\/2021\/05\/26100238\/1-4-scaled.jpg\" \/>\n\t<meta property=\"og:image:width\" content=\"2560\" \/>\n\t<meta property=\"og:image:height\" content=\"1707\" \/>\n\t<meta property=\"og:image:type\" content=\"image\/jpeg\" \/>\n<meta name=\"author\" content=\"admingtfya02\" \/>\n<meta name=\"twitter:card\" content=\"summary_large_image\" \/>\n<meta name=\"twitter:label1\" content=\"Escrito por\" \/>\n\t<meta name=\"twitter:data1\" content=\"admingtfya02\" \/>\n\t<meta name=\"twitter:label2\" content=\"Tiempo de lectura\" \/>\n\t<meta name=\"twitter:data2\" content=\"2 minutos\" \/>\n<script type=\"application\/ld+json\" class=\"yoast-schema-graph\">{\"@context\":\"https:\\\/\\\/schema.org\",\"@graph\":[{\"@type\":\"Article\",\"@id\":\"https:\\\/\\\/www.feyalegria.org\\\/guatemala\\\/padre-provincial-visita-fe-y-alegria\\\/#article\",\"isPartOf\":{\"@id\":\"https:\\\/\\\/www.feyalegria.org\\\/guatemala\\\/padre-provincial-visita-fe-y-alegria\\\/\"},\"author\":{\"name\":\"admingtfya02\",\"@id\":\"https:\\\/\\\/www.feyalegria.org\\\/guatemala\\\/#\\\/schema\\\/person\\\/d850361badaccc6e2f44e91cec6728b9\"},\"headline\":\"Padre Provincial Visita Fe y Alegr\u00eda\",\"datePublished\":\"2021-05-26T15:19:19+00:00\",\"dateModified\":\"2023-09-20T19:23:54+00:00\",\"mainEntityOfPage\":{\"@id\":\"https:\\\/\\\/www.feyalegria.org\\\/guatemala\\\/padre-provincial-visita-fe-y-alegria\\\/\"},\"wordCount\":395,\"image\":{\"@id\":\"https:\\\/\\\/www.feyalegria.org\\\/guatemala\\\/padre-provincial-visita-fe-y-alegria\\\/#primaryimage\"},\"thumbnailUrl\":\"https:\\\/\\\/d3pugrm67vf9n7.cloudfront.net\\\/wp-content\\\/uploads\\\/sites\\\/17\\\/2021\\\/05\\\/26100238\\\/1-4-scaled.jpg\",\"articleSection\":[\"Noticias\"],\"inLanguage\":\"es\"},{\"@type\":\"WebPage\",\"@id\":\"https:\\\/\\\/www.feyalegria.org\\\/guatemala\\\/padre-provincial-visita-fe-y-alegria\\\/\",\"url\":\"https:\\\/\\\/www.feyalegria.org\\\/guatemala\\\/padre-provincial-visita-fe-y-alegria\\\/\",\"name\":\"Padre Provincial Visita Fe y Alegr\u00eda - #SomosFeyAlegr\u00eda en Guatemala\",\"isPartOf\":{\"@id\":\"https:\\\/\\\/www.feyalegria.org\\\/guatemala\\\/#website\"},\"primaryImageOfPage\":{\"@id\":\"https:\\\/\\\/www.feyalegria.org\\\/guatemala\\\/padre-provincial-visita-fe-y-alegria\\\/#primaryimage\"},\"image\":{\"@id\":\"https:\\\/\\\/www.feyalegria.org\\\/guatemala\\\/padre-provincial-visita-fe-y-alegria\\\/#primaryimage\"},\"thumbnailUrl\":\"https:\\\/\\\/d3pugrm67vf9n7.cloudfront.net\\\/wp-content\\\/uploads\\\/sites\\\/17\\\/2021\\\/05\\\/26100238\\\/1-4-scaled.jpg\",\"datePublished\":\"2021-05-26T15:19:19+00:00\",\"dateModified\":\"2023-09-20T19:23:54+00:00\",\"author\":{\"@id\":\"https:\\\/\\\/www.feyalegria.org\\\/guatemala\\\/#\\\/schema\\\/person\\\/d850361badaccc6e2f44e91cec6728b9\"},\"breadcrumb\":{\"@id\":\"https:\\\/\\\/www.feyalegria.org\\\/guatemala\\\/padre-provincial-visita-fe-y-alegria\\\/#breadcrumb\"},\"inLanguage\":\"es\",\"potentialAction\":[{\"@type\":\"ReadAction\",\"target\":[\"https:\\\/\\\/www.feyalegria.org\\\/guatemala\\\/padre-provincial-visita-fe-y-alegria\\\/\"]}]},{\"@type\":\"ImageObject\",\"inLanguage\":\"es\",\"@id\":\"https:\\\/\\\/www.feyalegria.org\\\/guatemala\\\/padre-provincial-visita-fe-y-alegria\\\/#primaryimage\",\"url\":\"https:\\\/\\\/d3pugrm67vf9n7.cloudfront.net\\\/wp-content\\\/uploads\\\/sites\\\/17\\\/2021\\\/05\\\/26100238\\\/1-4-scaled.jpg\",\"contentUrl\":\"https:\\\/\\\/d3pugrm67vf9n7.cloudfront.net\\\/wp-content\\\/uploads\\\/sites\\\/17\\\/2021\\\/05\\\/26100238\\\/1-4-scaled.jpg\",\"width\":2560,\"height\":1707},{\"@type\":\"BreadcrumbList\",\"@id\":\"https:\\\/\\\/www.feyalegria.org\\\/guatemala\\\/padre-provincial-visita-fe-y-alegria\\\/#breadcrumb\",\"itemListElement\":[{\"@type\":\"ListItem\",\"position\":1,\"name\":\"Home\",\"item\":\"https:\\\/\\\/www.feyalegria.org\\\/guatemala\\\/\"},{\"@type\":\"ListItem\",\"position\":2,\"name\":\"Padre Provincial Visita Fe y Alegr\u00eda\"}]},{\"@type\":\"WebSite\",\"@id\":\"https:\\\/\\\/www.feyalegria.org\\\/guatemala\\\/#website\",\"url\":\"https:\\\/\\\/www.feyalegria.org\\\/guatemala\\\/\",\"name\":\"#SomosFeyAlegr\u00eda en Guatemala\",\"description\":\"Movimiento de Educaci\u00f3n Popular y Promoci\u00f3n Social\",\"potentialAction\":[{\"@type\":\"SearchAction\",\"target\":{\"@type\":\"EntryPoint\",\"urlTemplate\":\"https:\\\/\\\/www.feyalegria.org\\\/guatemala\\\/?s={search_term_string}\"},\"query-input\":{\"@type\":\"PropertyValueSpecification\",\"valueRequired\":true,\"valueName\":\"search_term_string\"}}],\"inLanguage\":\"es\"},{\"@type\":\"Person\",\"@id\":\"https:\\\/\\\/www.feyalegria.org\\\/guatemala\\\/#\\\/schema\\\/person\\\/d850361badaccc6e2f44e91cec6728b9\",\"name\":\"admingtfya02\",\"url\":\"https:\\\/\\\/www.feyalegria.org\\\/guatemala\\\/author\\\/admingtfya02\\\/\"}]}<\/script>\n<!-- \/ Yoast SEO plugin. -->","yoast_head_json":{"title":"Padre Provincial Visita Fe y Alegr\u00eda - #SomosFeyAlegr\u00eda en Guatemala","robots":{"index":"index","follow":"follow","max-snippet":"max-snippet:-1","max-image-preview":"max-image-preview:large","max-video-preview":"max-video-preview:-1"},"canonical":"https:\/\/www.feyalegria.org\/guatemala\/padre-provincial-visita-fe-y-alegria\/","og_locale":"es_ES","og_type":"article","og_title":"Padre Provincial Visita Fe y Alegr\u00eda - #SomosFeyAlegr\u00eda en Guatemala","og_description":"P. Jos\u00e9 Domingo Cuesta, S.J, Provincial de la Compa\u00f1\u00eda de Jes\u00fas en Centroam\u00e9rica visit\u00f3 Fe y Alegr\u00eda Guatemala en donde comparti\u00f3 con miembros del Consejo Consultivo y de las comunidades educativas.","og_url":"https:\/\/www.feyalegria.org\/guatemala\/padre-provincial-visita-fe-y-alegria\/","og_site_name":"#SomosFeyAlegr\u00eda en Guatemala","article_published_time":"2021-05-26T15:19:19+00:00","article_modified_time":"2023-09-20T19:23:54+00:00","og_image":[{"width":2560,"height":1707,"url":"https:\/\/d3pugrm67vf9n7.cloudfront.net\/wp-content\/uploads\/sites\/17\/2021\/05\/26100238\/1-4-scaled.jpg","type":"image\/jpeg"}],"author":"admingtfya02","twitter_card":"summary_large_image","twitter_misc":{"Escrito por":"admingtfya02","Tiempo de lectura":"2 minutos"},"schema":{"@context":"https:\/\/schema.org","@graph":[{"@type":"Article","@id":"https:\/\/www.feyalegria.org\/guatemala\/padre-provincial-visita-fe-y-alegria\/#article","isPartOf":{"@id":"https:\/\/www.feyalegria.org\/guatemala\/padre-provincial-visita-fe-y-alegria\/"},"author":{"name":"admingtfya02","@id":"https:\/\/www.feyalegria.org\/guatemala\/#\/schema\/person\/d850361badaccc6e2f44e91cec6728b9"},"headline":"Padre Provincial Visita Fe y Alegr\u00eda","datePublished":"2021-05-26T15:19:19+00:00","dateModified":"2023-09-20T19:23:54+00:00","mainEntityOfPage":{"@id":"https:\/\/www.feyalegria.org\/guatemala\/padre-provincial-visita-fe-y-alegria\/"},"wordCount":395,"image":{"@id":"https:\/\/www.feyalegria.org\/guatemala\/padre-provincial-visita-fe-y-alegria\/#primaryimage"},"thumbnailUrl":"https:\/\/d3pugrm67vf9n7.cloudfront.net\/wp-content\/uploads\/sites\/17\/2021\/05\/26100238\/1-4-scaled.jpg","articleSection":["Noticias"],"inLanguage":"es"},{"@type":"WebPage","@id":"https:\/\/www.feyalegria.org\/guatemala\/padre-provincial-visita-fe-y-alegria\/","url":"https:\/\/www.feyalegria.org\/guatemala\/padre-provincial-visita-fe-y-alegria\/","name":"Padre Provincial Visita Fe y Alegr\u00eda - #SomosFeyAlegr\u00eda en Guatemala","isPartOf":{"@id":"https:\/\/www.feyalegria.org\/guatemala\/#website"},"primaryImageOfPage":{"@id":"https:\/\/www.feyalegria.org\/guatemala\/padre-provincial-visita-fe-y-alegria\/#primaryimage"},"image":{"@id":"https:\/\/www.feyalegria.org\/guatemala\/padre-provincial-visita-fe-y-alegria\/#primaryimage"},"thumbnailUrl":"https:\/\/d3pugrm67vf9n7.cloudfront.net\/wp-content\/uploads\/sites\/17\/2021\/05\/26100238\/1-4-scaled.jpg","datePublished":"2021-05-26T15:19:19+00:00","dateModified":"2023-09-20T19:23:54+00:00","author":{"@id":"https:\/\/www.feyalegria.org\/guatemala\/#\/schema\/person\/d850361badaccc6e2f44e91cec6728b9"},"breadcrumb":{"@id":"https:\/\/www.feyalegria.org\/guatemala\/padre-provincial-visita-fe-y-alegria\/#breadcrumb"},"inLanguage":"es","potentialAction":[{"@type":"ReadAction","target":["https:\/\/www.feyalegria.org\/guatemala\/padre-provincial-visita-fe-y-alegria\/"]}]},{"@type":"ImageObject","inLanguage":"es","@id":"https:\/\/www.feyalegria.org\/guatemala\/padre-provincial-visita-fe-y-alegria\/#primaryimage","url":"https:\/\/d3pugrm67vf9n7.cloudfront.net\/wp-content\/uploads\/sites\/17\/2021\/05\/26100238\/1-4-scaled.jpg","contentUrl":"https:\/\/d3pugrm67vf9n7.cloudfront.net\/wp-content\/uploads\/sites\/17\/2021\/05\/26100238\/1-4-scaled.jpg","width":2560,"height":1707},{"@type":"BreadcrumbList","@id":"https:\/\/www.feyalegria.org\/guatemala\/padre-provincial-visita-fe-y-alegria\/#breadcrumb","itemListElement":[{"@type":"ListItem","position":1,"name":"Home","item":"https:\/\/www.feyalegria.org\/guatemala\/"},{"@type":"ListItem","position":2,"name":"Padre Provincial Visita Fe y Alegr\u00eda"}]},{"@type":"WebSite","@id":"https:\/\/www.feyalegria.org\/guatemala\/#website","url":"https:\/\/www.feyalegria.org\/guatemala\/","name":"#SomosFeyAlegr\u00eda en Guatemala","description":"Movimiento de Educaci\u00f3n Popular y Promoci\u00f3n Social","potentialAction":[{"@type":"SearchAction","target":{"@type":"EntryPoint","urlTemplate":"https:\/\/www.feyalegria.org\/guatemala\/?s={search_term_string}"},"query-input":{"@type":"PropertyValueSpecification","valueRequired":true,"valueName":"search_term_string"}}],"inLanguage":"es"},{"@type":"Person","@id":"https:\/\/www.feyalegria.org\/guatemala\/#\/schema\/person\/d850361badaccc6e2f44e91cec6728b9","name":"admingtfya02","url":"https:\/\/www.feyalegria.org\/guatemala\/author\/admingtfya02\/"}]}},"_links":{"self":[{"href":"https:\/\/www.feyalegria.org\/guatemala\/wp-json\/wp\/v2\/posts\/2725","targetHints":{"allow":["GET"]}}],"collection":[{"href":"https:\/\/www.feyalegria.org\/guatemala\/wp-json\/wp\/v2\/posts"}],"about":[{"href":"https:\/\/www.feyalegria.org\/guatemala\/wp-json\/wp\/v2\/types\/post"}],"author":[{"embeddable":true,"href":"https:\/\/www.feyalegria.org\/guatemala\/wp-json\/wp\/v2\/users\/16"}],"replies":[{"embeddable":true,"href":"https:\/\/www.feyalegria.org\/guatemala\/wp-json\/wp\/v2\/comments?post=2725"}],"version-history":[{"count":0,"href":"https:\/\/www.feyalegria.org\/guatemala\/wp-json\/wp\/v2\/posts\/2725\/revisions"}],"wp:featuredmedia":[{"embeddable":true,"href":"https:\/\/www.feyalegria.org\/guatemala\/wp-json\/wp\/v2\/media\/2726"}],"wp:attachment":[{"href":"https:\/\/www.feyalegria.org\/guatemala\/wp-json\/wp\/v2\/media?parent=2725"}],"wp:term":[{"taxonomy":"category","embeddable":true,"href":"https:\/\/www.feyalegria.org\/guatemala\/wp-json\/wp\/v2\/categories?post=2725"},{"taxonomy":"post_tag","embeddable":true,"href":"https:\/\/www.feyalegria.org\/guatemala\/wp-json\/wp\/v2\/tags?post=2725"},{"taxonomy":"post_folder","embeddable":true,"href":"https:\/\/www.feyalegria.org\/guatemala\/wp-json\/wp\/v2\/post_folder?post=2725"}],"curies":[{"name":"wp","href":"https:\/\/api.w.org\/{rel}","templated":true}]}}