{"id":2736,"date":"2021-05-26T11:04:43","date_gmt":"2021-05-26T16:04:43","guid":{"rendered":"https:\/\/www.feyalegria.org\/guatemala\/?p=2736"},"modified":"2023-09-20T14:23:49","modified_gmt":"2023-09-20T19:23:49","slug":"45-anos-con-fe-y-alegria","status":"publish","type":"post","link":"https:\/\/www.feyalegria.org\/guatemala\/45-anos-con-fe-y-alegria\/","title":{"rendered":"45 A\u00f1os con Fe y Alegr\u00eda"},"content":{"rendered":"<div class=\"wpb-content-wrapper\"><p>[vc_row enable_first_overlay=\u00bbtrue\u00bb first_overlay_opacity=\u00bb1&#8243; first_background_color=\u00bb#df5461&#8243; css=\u00bb.vc_custom_1614220964145{padding-top: 40px !important;}\u00bb][vc_column width=\u00bb2\/3&#8243;][vc_column_text el_id=\u00bbPADRE PROVINCIAL VISITA FE Y ALEGR\u00cdA\u00bb]<img loading=\"lazy\" decoding=\"async\" class=\"alignright wp-image-2727 size-medium\" src=\"https:\/\/d3pugrm67vf9n7.cloudfront.net\/wp-content\/uploads\/sites\/17\/2021\/05\/26101035\/45a%C3%B1osMesa-de-trabajo-1-300x272.png\" alt=\"\" width=\"300\" height=\"272\" srcset=\"https:\/\/d3pugrm67vf9n7.cloudfront.net\/wp-content\/uploads\/sites\/17\/2021\/05\/26101035\/45a%C3%B1osMesa-de-trabajo-1-300x272.png 300w, https:\/\/d3pugrm67vf9n7.cloudfront.net\/wp-content\/uploads\/sites\/17\/2021\/05\/26101035\/45a%C3%B1osMesa-de-trabajo-1-1024x930.png 1024w, https:\/\/d3pugrm67vf9n7.cloudfront.net\/wp-content\/uploads\/sites\/17\/2021\/05\/26101035\/45a%C3%B1osMesa-de-trabajo-1-768x697.png 768w, https:\/\/d3pugrm67vf9n7.cloudfront.net\/wp-content\/uploads\/sites\/17\/2021\/05\/26101035\/45a%C3%B1osMesa-de-trabajo-1-1536x1395.png 1536w, https:\/\/d3pugrm67vf9n7.cloudfront.net\/wp-content\/uploads\/sites\/17\/2021\/05\/26101035\/45a%C3%B1osMesa-de-trabajo-1.png 1576w\" sizes=\"auto, (max-width: 300px) 100vw, 300px\" \/><\/p>\n<p style=\"text-align: justify;\">Recordando su historia y bailando al ritmo de S\u00fabele el volumen a tu fe, las comunidades educativas de Fe y Alegr\u00eda Guatemala han celebrado su 45 aniversario.<\/p>\n<p>&nbsp;<\/p>\n<p style=\"text-align: justify;\">En 1976, Fe y Alegr\u00eda llega a Guatemala coincidiendo con el terremoto devastador que evidenci\u00f3 las necesidades sociales del pa\u00eds, especialmente en las \u00e1reas marginales y rurales. Gracias a los esfuerzos de las hermanas mercedarias junto a sacerdotes jesuitas, iniciaron el primer centro Fe y Alegr\u00eda en la colonia La Limonada en las periferias de la ciudad de Guatemala, iniciando este proyecto con tan solo 33 estudiantes, que ahora impacta la vida de m\u00e1s de 16,000 ni\u00f1os y ni\u00f1as.<\/p>\n<p>&nbsp;<\/p>\n<p style=\"text-align: justify;\">En su discurso, el <strong>P. Miquel Cort\u00e9s, SJ,<\/strong> Director de Fe y Alegr\u00eda expone \u201cDurante 45 a\u00f1os hemos caminado con fe y alegr\u00eda a trav\u00e9s de nuestra propuesta de educaci\u00f3n popular en diversas comunidades urbano marginales y rurales de Guatemala. Ha sido un camino como una aventura tremenda de servicio, de buscar la educaci\u00f3n como bandera, de llevar nuestra propuesta educativa como compromiso, gracias a la colaboraci\u00f3n de cada uno de los colaboradores y colaboradoras, de las comunidades, de las familias que han confiado en la educaci\u00f3n de Fe y Alegr\u00eda. En estos 45 a\u00f1os hemos aprendido que la educaci\u00f3n no es un privilegio, es un derecho que debemos de garantizar para todos y todas. Y lo garantizamos a trav\u00e9s de nuestra propuesta de educaci\u00f3n de calidad e inclusiva\u2026<\/p>\n<p>&nbsp;<\/p>\n<p style=\"text-align: justify;\">Queremos llevar a cabo nuestra misi\u00f3n con eficacia, pero sobre todo con el coraz\u00f3n, especialmente en estos tiempos de pandemia, en estos tiempos de distanciamiento social pero de cercan\u00eda de principios y de valores. Estamos comprometidos con Guatemala, especialmente con la ni\u00f1ez, con la adolescencia y con la juventud a trav\u00e9s de nuestras propuestas educativas y de transformaci\u00f3n social, de buscar una Guatemala mejor para todos\u201d. Escucha el discurso completo:<\/p>\n<p>[\/vc_column_text][vc_video link=\u00bbhttps:\/\/www.youtube.com\/watch?v=g_LAC1xWwzU\u00bb el_width=\u00bb80&#8243; align=\u00bbcenter\u00bb][\/vc_column][vc_column width=\u00bb1\/3&#8243; css=\u00bb.vc_custom_1598395418937{padding-top: 30px !important;padding-left: 20px !important;background-color: #f3f3f3 !important;border-radius: 10px !important;}\u00bb][vc_widget_sidebar sidebar_id=\u00bbnicdark_sidebar\u00bb][vc_btn title=\u00bbM\u00e1s noticias\u00bb style=\u00bbcustom\u00bb custom_background=\u00bb#cc0000&#8243; custom_text=\u00bb#ffffff\u00bb shape=\u00bbround\u00bb align=\u00bbcenter\u00bb link=\u00bburl:https%3A%2F%2Fwww.feyalegria.org%2Fguatemala%2Factualidad%2F|title:Novedades\u00bb][\/vc_column][\/vc_row][vc_row][vc_column][vc_empty_space height=\u00bb50px\u00bb][\/vc_column][\/vc_row]<\/p>\n<\/div>","protected":false},"excerpt":{"rendered":"<div style=\"height: 240px\">\u201cDurante 45 a\u00f1os hemos caminado con fe y alegr\u00eda a trav\u00e9s de nuestra propuesta de educaci\u00f3n popular en diversas comunidades urbano marginales y rurales de Guatemala\u201d. <\/div>\n","protected":false},"author":16,"featured_media":2737,"comment_status":"closed","ping_status":"closed","sticky":false,"template":"","format":"standard","meta":{"_acf_changed":false,"footnotes":""},"categories":[9],"tags":[],"post_folder":[],"class_list":["post-2736","post","type-post","status-publish","format-standard","has-post-thumbnail","hentry","category-noticias"],"acf":[],"yoast_head":"<!-- This site is optimized with the Yoast SEO plugin v27.5 - https:\/\/yoast.com\/product\/yoast-seo-wordpress\/ -->\n<title>45 A\u00f1os con Fe y Alegr\u00eda - #SomosFeyAlegr\u00eda en Guatemala<\/title>\n<meta name=\"robots\" content=\"index, follow, max-snippet:-1, max-image-preview:large, max-video-preview:-1\" \/>\n<link rel=\"canonical\" href=\"https:\/\/www.feyalegria.org\/guatemala\/45-anos-con-fe-y-alegria\/\" \/>\n<meta property=\"og:locale\" content=\"es_ES\" \/>\n<meta property=\"og:type\" content=\"article\" \/>\n<meta property=\"og:title\" content=\"45 A\u00f1os con Fe y Alegr\u00eda - #SomosFeyAlegr\u00eda en Guatemala\" \/>\n<meta property=\"og:description\" content=\"\u201cDurante 45 a\u00f1os hemos caminado con fe y alegr\u00eda a trav\u00e9s de nuestra propuesta de educaci\u00f3n popular en diversas comunidades urbano marginales y rurales de Guatemala\u201d.\" \/>\n<meta property=\"og:url\" content=\"https:\/\/www.feyalegria.org\/guatemala\/45-anos-con-fe-y-alegria\/\" \/>\n<meta property=\"og:site_name\" content=\"#SomosFeyAlegr\u00eda en Guatemala\" \/>\n<meta property=\"article:published_time\" content=\"2021-05-26T16:04:43+00:00\" \/>\n<meta property=\"article:modified_time\" content=\"2023-09-20T19:23:49+00:00\" \/>\n<meta property=\"og:image\" content=\"https:\/\/d3pugrm67vf9n7.cloudfront.net\/wp-content\/uploads\/sites\/17\/2021\/05\/26105848\/45a%C3%B1osMesa-de-trabajo-1-1.png\" \/>\n\t<meta property=\"og:image:width\" content=\"1576\" \/>\n\t<meta property=\"og:image:height\" content=\"1431\" \/>\n\t<meta property=\"og:image:type\" content=\"image\/png\" \/>\n<meta name=\"author\" content=\"admingtfya02\" \/>\n<meta name=\"twitter:card\" content=\"summary_large_image\" \/>\n<meta name=\"twitter:label1\" content=\"Escrito por\" \/>\n\t<meta name=\"twitter:data1\" content=\"admingtfya02\" \/>\n\t<meta name=\"twitter:label2\" content=\"Tiempo de lectura\" \/>\n\t<meta name=\"twitter:data2\" content=\"2 minutos\" \/>\n<script type=\"application\/ld+json\" class=\"yoast-schema-graph\">{\"@context\":\"https:\\\/\\\/schema.org\",\"@graph\":[{\"@type\":\"Article\",\"@id\":\"https:\\\/\\\/www.feyalegria.org\\\/guatemala\\\/45-anos-con-fe-y-alegria\\\/#article\",\"isPartOf\":{\"@id\":\"https:\\\/\\\/www.feyalegria.org\\\/guatemala\\\/45-anos-con-fe-y-alegria\\\/\"},\"author\":{\"name\":\"admingtfya02\",\"@id\":\"https:\\\/\\\/www.feyalegria.org\\\/guatemala\\\/#\\\/schema\\\/person\\\/d850361badaccc6e2f44e91cec6728b9\"},\"headline\":\"45 A\u00f1os con Fe y Alegr\u00eda\",\"datePublished\":\"2021-05-26T16:04:43+00:00\",\"dateModified\":\"2023-09-20T19:23:49+00:00\",\"mainEntityOfPage\":{\"@id\":\"https:\\\/\\\/www.feyalegria.org\\\/guatemala\\\/45-anos-con-fe-y-alegria\\\/\"},\"wordCount\":467,\"image\":{\"@id\":\"https:\\\/\\\/www.feyalegria.org\\\/guatemala\\\/45-anos-con-fe-y-alegria\\\/#primaryimage\"},\"thumbnailUrl\":\"https:\\\/\\\/d3pugrm67vf9n7.cloudfront.net\\\/wp-content\\\/uploads\\\/sites\\\/17\\\/2021\\\/05\\\/26105848\\\/45a%C3%B1osMesa-de-trabajo-1-1.png\",\"articleSection\":[\"Noticias\"],\"inLanguage\":\"es\"},{\"@type\":\"WebPage\",\"@id\":\"https:\\\/\\\/www.feyalegria.org\\\/guatemala\\\/45-anos-con-fe-y-alegria\\\/\",\"url\":\"https:\\\/\\\/www.feyalegria.org\\\/guatemala\\\/45-anos-con-fe-y-alegria\\\/\",\"name\":\"45 A\u00f1os con Fe y Alegr\u00eda - #SomosFeyAlegr\u00eda en Guatemala\",\"isPartOf\":{\"@id\":\"https:\\\/\\\/www.feyalegria.org\\\/guatemala\\\/#website\"},\"primaryImageOfPage\":{\"@id\":\"https:\\\/\\\/www.feyalegria.org\\\/guatemala\\\/45-anos-con-fe-y-alegria\\\/#primaryimage\"},\"image\":{\"@id\":\"https:\\\/\\\/www.feyalegria.org\\\/guatemala\\\/45-anos-con-fe-y-alegria\\\/#primaryimage\"},\"thumbnailUrl\":\"https:\\\/\\\/d3pugrm67vf9n7.cloudfront.net\\\/wp-content\\\/uploads\\\/sites\\\/17\\\/2021\\\/05\\\/26105848\\\/45a%C3%B1osMesa-de-trabajo-1-1.png\",\"datePublished\":\"2021-05-26T16:04:43+00:00\",\"dateModified\":\"2023-09-20T19:23:49+00:00\",\"author\":{\"@id\":\"https:\\\/\\\/www.feyalegria.org\\\/guatemala\\\/#\\\/schema\\\/person\\\/d850361badaccc6e2f44e91cec6728b9\"},\"breadcrumb\":{\"@id\":\"https:\\\/\\\/www.feyalegria.org\\\/guatemala\\\/45-anos-con-fe-y-alegria\\\/#breadcrumb\"},\"inLanguage\":\"es\",\"potentialAction\":[{\"@type\":\"ReadAction\",\"target\":[\"https:\\\/\\\/www.feyalegria.org\\\/guatemala\\\/45-anos-con-fe-y-alegria\\\/\"]}]},{\"@type\":\"ImageObject\",\"inLanguage\":\"es\",\"@id\":\"https:\\\/\\\/www.feyalegria.org\\\/guatemala\\\/45-anos-con-fe-y-alegria\\\/#primaryimage\",\"url\":\"https:\\\/\\\/d3pugrm67vf9n7.cloudfront.net\\\/wp-content\\\/uploads\\\/sites\\\/17\\\/2021\\\/05\\\/26105848\\\/45a%C3%B1osMesa-de-trabajo-1-1.png\",\"contentUrl\":\"https:\\\/\\\/d3pugrm67vf9n7.cloudfront.net\\\/wp-content\\\/uploads\\\/sites\\\/17\\\/2021\\\/05\\\/26105848\\\/45a%C3%B1osMesa-de-trabajo-1-1.png\",\"width\":1576,\"height\":1431},{\"@type\":\"BreadcrumbList\",\"@id\":\"https:\\\/\\\/www.feyalegria.org\\\/guatemala\\\/45-anos-con-fe-y-alegria\\\/#breadcrumb\",\"itemListElement\":[{\"@type\":\"ListItem\",\"position\":1,\"name\":\"Home\",\"item\":\"https:\\\/\\\/www.feyalegria.org\\\/guatemala\\\/\"},{\"@type\":\"ListItem\",\"position\":2,\"name\":\"45 A\u00f1os con Fe y Alegr\u00eda\"}]},{\"@type\":\"WebSite\",\"@id\":\"https:\\\/\\\/www.feyalegria.org\\\/guatemala\\\/#website\",\"url\":\"https:\\\/\\\/www.feyalegria.org\\\/guatemala\\\/\",\"name\":\"#SomosFeyAlegr\u00eda en Guatemala\",\"description\":\"Movimiento de Educaci\u00f3n Popular y Promoci\u00f3n Social\",\"potentialAction\":[{\"@type\":\"SearchAction\",\"target\":{\"@type\":\"EntryPoint\",\"urlTemplate\":\"https:\\\/\\\/www.feyalegria.org\\\/guatemala\\\/?s={search_term_string}\"},\"query-input\":{\"@type\":\"PropertyValueSpecification\",\"valueRequired\":true,\"valueName\":\"search_term_string\"}}],\"inLanguage\":\"es\"},{\"@type\":\"Person\",\"@id\":\"https:\\\/\\\/www.feyalegria.org\\\/guatemala\\\/#\\\/schema\\\/person\\\/d850361badaccc6e2f44e91cec6728b9\",\"name\":\"admingtfya02\",\"url\":\"https:\\\/\\\/www.feyalegria.org\\\/guatemala\\\/author\\\/admingtfya02\\\/\"}]}<\/script>\n<!-- \/ Yoast SEO plugin. -->","yoast_head_json":{"title":"45 A\u00f1os con Fe y Alegr\u00eda - #SomosFeyAlegr\u00eda en Guatemala","robots":{"index":"index","follow":"follow","max-snippet":"max-snippet:-1","max-image-preview":"max-image-preview:large","max-video-preview":"max-video-preview:-1"},"canonical":"https:\/\/www.feyalegria.org\/guatemala\/45-anos-con-fe-y-alegria\/","og_locale":"es_ES","og_type":"article","og_title":"45 A\u00f1os con Fe y Alegr\u00eda - #SomosFeyAlegr\u00eda en Guatemala","og_description":"\u201cDurante 45 a\u00f1os hemos caminado con fe y alegr\u00eda a trav\u00e9s de nuestra propuesta de educaci\u00f3n popular en diversas comunidades urbano marginales y rurales de Guatemala\u201d.","og_url":"https:\/\/www.feyalegria.org\/guatemala\/45-anos-con-fe-y-alegria\/","og_site_name":"#SomosFeyAlegr\u00eda en Guatemala","article_published_time":"2021-05-26T16:04:43+00:00","article_modified_time":"2023-09-20T19:23:49+00:00","og_image":[{"width":1576,"height":1431,"url":"https:\/\/d3pugrm67vf9n7.cloudfront.net\/wp-content\/uploads\/sites\/17\/2021\/05\/26105848\/45a%C3%B1osMesa-de-trabajo-1-1.png","type":"image\/png"}],"author":"admingtfya02","twitter_card":"summary_large_image","twitter_misc":{"Escrito por":"admingtfya02","Tiempo de lectura":"2 minutos"},"schema":{"@context":"https:\/\/schema.org","@graph":[{"@type":"Article","@id":"https:\/\/www.feyalegria.org\/guatemala\/45-anos-con-fe-y-alegria\/#article","isPartOf":{"@id":"https:\/\/www.feyalegria.org\/guatemala\/45-anos-con-fe-y-alegria\/"},"author":{"name":"admingtfya02","@id":"https:\/\/www.feyalegria.org\/guatemala\/#\/schema\/person\/d850361badaccc6e2f44e91cec6728b9"},"headline":"45 A\u00f1os con Fe y Alegr\u00eda","datePublished":"2021-05-26T16:04:43+00:00","dateModified":"2023-09-20T19:23:49+00:00","mainEntityOfPage":{"@id":"https:\/\/www.feyalegria.org\/guatemala\/45-anos-con-fe-y-alegria\/"},"wordCount":467,"image":{"@id":"https:\/\/www.feyalegria.org\/guatemala\/45-anos-con-fe-y-alegria\/#primaryimage"},"thumbnailUrl":"https:\/\/d3pugrm67vf9n7.cloudfront.net\/wp-content\/uploads\/sites\/17\/2021\/05\/26105848\/45a%C3%B1osMesa-de-trabajo-1-1.png","articleSection":["Noticias"],"inLanguage":"es"},{"@type":"WebPage","@id":"https:\/\/www.feyalegria.org\/guatemala\/45-anos-con-fe-y-alegria\/","url":"https:\/\/www.feyalegria.org\/guatemala\/45-anos-con-fe-y-alegria\/","name":"45 A\u00f1os con Fe y Alegr\u00eda - #SomosFeyAlegr\u00eda en Guatemala","isPartOf":{"@id":"https:\/\/www.feyalegria.org\/guatemala\/#website"},"primaryImageOfPage":{"@id":"https:\/\/www.feyalegria.org\/guatemala\/45-anos-con-fe-y-alegria\/#primaryimage"},"image":{"@id":"https:\/\/www.feyalegria.org\/guatemala\/45-anos-con-fe-y-alegria\/#primaryimage"},"thumbnailUrl":"https:\/\/d3pugrm67vf9n7.cloudfront.net\/wp-content\/uploads\/sites\/17\/2021\/05\/26105848\/45a%C3%B1osMesa-de-trabajo-1-1.png","datePublished":"2021-05-26T16:04:43+00:00","dateModified":"2023-09-20T19:23:49+00:00","author":{"@id":"https:\/\/www.feyalegria.org\/guatemala\/#\/schema\/person\/d850361badaccc6e2f44e91cec6728b9"},"breadcrumb":{"@id":"https:\/\/www.feyalegria.org\/guatemala\/45-anos-con-fe-y-alegria\/#breadcrumb"},"inLanguage":"es","potentialAction":[{"@type":"ReadAction","target":["https:\/\/www.feyalegria.org\/guatemala\/45-anos-con-fe-y-alegria\/"]}]},{"@type":"ImageObject","inLanguage":"es","@id":"https:\/\/www.feyalegria.org\/guatemala\/45-anos-con-fe-y-alegria\/#primaryimage","url":"https:\/\/d3pugrm67vf9n7.cloudfront.net\/wp-content\/uploads\/sites\/17\/2021\/05\/26105848\/45a%C3%B1osMesa-de-trabajo-1-1.png","contentUrl":"https:\/\/d3pugrm67vf9n7.cloudfront.net\/wp-content\/uploads\/sites\/17\/2021\/05\/26105848\/45a%C3%B1osMesa-de-trabajo-1-1.png","width":1576,"height":1431},{"@type":"BreadcrumbList","@id":"https:\/\/www.feyalegria.org\/guatemala\/45-anos-con-fe-y-alegria\/#breadcrumb","itemListElement":[{"@type":"ListItem","position":1,"name":"Home","item":"https:\/\/www.feyalegria.org\/guatemala\/"},{"@type":"ListItem","position":2,"name":"45 A\u00f1os con Fe y Alegr\u00eda"}]},{"@type":"WebSite","@id":"https:\/\/www.feyalegria.org\/guatemala\/#website","url":"https:\/\/www.feyalegria.org\/guatemala\/","name":"#SomosFeyAlegr\u00eda en Guatemala","description":"Movimiento de Educaci\u00f3n Popular y Promoci\u00f3n Social","potentialAction":[{"@type":"SearchAction","target":{"@type":"EntryPoint","urlTemplate":"https:\/\/www.feyalegria.org\/guatemala\/?s={search_term_string}"},"query-input":{"@type":"PropertyValueSpecification","valueRequired":true,"valueName":"search_term_string"}}],"inLanguage":"es"},{"@type":"Person","@id":"https:\/\/www.feyalegria.org\/guatemala\/#\/schema\/person\/d850361badaccc6e2f44e91cec6728b9","name":"admingtfya02","url":"https:\/\/www.feyalegria.org\/guatemala\/author\/admingtfya02\/"}]}},"_links":{"self":[{"href":"https:\/\/www.feyalegria.org\/guatemala\/wp-json\/wp\/v2\/posts\/2736","targetHints":{"allow":["GET"]}}],"collection":[{"href":"https:\/\/www.feyalegria.org\/guatemala\/wp-json\/wp\/v2\/posts"}],"about":[{"href":"https:\/\/www.feyalegria.org\/guatemala\/wp-json\/wp\/v2\/types\/post"}],"author":[{"embeddable":true,"href":"https:\/\/www.feyalegria.org\/guatemala\/wp-json\/wp\/v2\/users\/16"}],"replies":[{"embeddable":true,"href":"https:\/\/www.feyalegria.org\/guatemala\/wp-json\/wp\/v2\/comments?post=2736"}],"version-history":[{"count":0,"href":"https:\/\/www.feyalegria.org\/guatemala\/wp-json\/wp\/v2\/posts\/2736\/revisions"}],"wp:featuredmedia":[{"embeddable":true,"href":"https:\/\/www.feyalegria.org\/guatemala\/wp-json\/wp\/v2\/media\/2737"}],"wp:attachment":[{"href":"https:\/\/www.feyalegria.org\/guatemala\/wp-json\/wp\/v2\/media?parent=2736"}],"wp:term":[{"taxonomy":"category","embeddable":true,"href":"https:\/\/www.feyalegria.org\/guatemala\/wp-json\/wp\/v2\/categories?post=2736"},{"taxonomy":"post_tag","embeddable":true,"href":"https:\/\/www.feyalegria.org\/guatemala\/wp-json\/wp\/v2\/tags?post=2736"},{"taxonomy":"post_folder","embeddable":true,"href":"https:\/\/www.feyalegria.org\/guatemala\/wp-json\/wp\/v2\/post_folder?post=2736"}],"curies":[{"name":"wp","href":"https:\/\/api.w.org\/{rel}","templated":true}]}}