{"id":2897,"date":"2021-10-13T14:08:35","date_gmt":"2021-10-13T19:08:35","guid":{"rendered":"https:\/\/www.feyalegria.org\/guatemala\/?p=2897"},"modified":"2023-09-20T14:21:33","modified_gmt":"2023-09-20T19:21:33","slug":"educar-en-igualdad","status":"publish","type":"post","link":"https:\/\/www.feyalegria.org\/guatemala\/educar-en-igualdad\/","title":{"rendered":"Educar en Igualdad"},"content":{"rendered":"<div class=\"wpb-content-wrapper\"><p>[vc_row enable_first_overlay=\u00bbtrue\u00bb first_overlay_opacity=\u00bb1&#8243; first_background_color=\u00bb#df5461&#8243; css=\u00bb.vc_custom_1614220964145{padding-top: 40px !important;}\u00bb][vc_column width=\u00bb2\/3&#8243;][vc_single_image image=\u00bb2907&#8243; img_size=\u00bbmedium\u00bb alignment=\u00bbcenter\u00bb][vc_column_text]<\/p>\n<p style=\"text-align: justify;\"><strong><em>Catarina, una Ni\u00f1a Colibr\u00ed de La Luz de las Ni\u00f1as, quien al fallecer su madre, fue obligada a dejar la escuela para dedicar todo su tiempo a realizar oficios dom\u00e9sticos, cuidar de sus hermanos y atender a su padre. Pasaron 7 a\u00f1os para que ella pudiera convencer a su padre de volver a la escuela para terminar sus estudios. Este a\u00f1o est\u00e1 culminando el ciclo b\u00e1sico, gracias al apoyo de Fe y Alegr\u00eda, estando un paso m\u00e1s cerca de su sue\u00f1o, ser una mujer independiente y profesional.<\/em><\/strong><\/p>\n<p style=\"text-align: justify;\">Educar en igualdad es un compromiso latente para Fe y Alegr\u00eda, hoy m\u00e1s que nunca son evidentes las necesidades de mantener en la escuela a las ni\u00f1as y j\u00f3venes y por qu\u00e9 no decirlo, educar y formar a las mujeres que con dificultad pisaron la escuela o en algunos casos, ni siquiera lo hicieron.<\/p>\n<p style=\"text-align: justify;\">En Guatemala, a muchas ni\u00f1as y j\u00f3venes se le niega el derecho a la educaci\u00f3n, en especial si son ni\u00f1as ind\u00edgenas, lo que las limita a tener una vida digna y poder elegir libremente su futuro. El trabajo por mantenerlas sanas y salvas dentro de la escuela y a lo largo de su vida, es un proceso al que apuesta Fe y Alegr\u00eda desde la Educaci\u00f3n, no solo para que tengan acceso a ella, sino para hacerlas conscientes de sus capacidades y de su valor, y que puedan crecer en entornos seguros.<\/p>\n<p style=\"text-align: justify;\">Por eso, Fe y Alegr\u00eda mantienen formaciones que promueven la igualdad de g\u00e9nero dentro de sus espacios de aprendizaje, adem\u00e1s busca desarrollar acciones que respondan a las necesidades del contexto. Tal es el caso del proyecto que ejecuta en colaboraci\u00f3n con la Junta de Andaluc\u00eda, el cual busca asegurar el acceso a educaci\u00f3n de calidad para ni\u00f1as ind\u00edgenas que se encuentran en riesgo de exclusi\u00f3n educativa; reinserta en la escuela a aquellas adolescentes y j\u00f3venes que han sido apartadas de ella mediante mecanismos flexibles de educaci\u00f3n y facilita procesos de alfabetizaci\u00f3n a mujeres adultas con un enfoque en la productividad, esto para mejorar sus habilidades de trabajo manual.<\/p>\n<p style=\"text-align: justify;\">Por otra parte, se promueve el liderazgo juvenil con el fin de que las ni\u00f1as y j\u00f3venes descubran y mejoren sus habilidades de liderazgo, lo cual las ayuda a mantenerse en la escuela, esto se logra gracias al apoyo de Adveniat y la Junta de Galicia. \u00a0Por otro lado, La Luz de las Ni\u00f1as en alianza con Entreculturas promueve espacios seguros y c\u00edrculos de aprendizaje con calidad educativa y enfoque de g\u00e9nero, adem\u00e1s busca visibilizar la violencia y desigualdad de g\u00e9nero, lo que la hace vital para que la sociedad se concientice sobre las realidades a la que se enfrentan muchas ni\u00f1as que marca una vida de sufrimiento y grandes limitaciones, y que muestra la importancia de la educaci\u00f3n de las ni\u00f1as para tener una vida digna.<\/p>\n<p style=\"text-align: justify;\">En este mes, Fe y Alegr\u00eda reflexiona m\u00e1s fuerte sobre las desigualdades de g\u00e9nero y violencia que sufren las ni\u00f1as y mujeres en el pa\u00eds, sin embargo, para erradicarla es vital crear espacios de reflexi\u00f3n y acciones que promuevan los 365 d\u00edas del a\u00f1o, la educaci\u00f3n sin discriminaci\u00f3n.<\/p>\n<p style=\"text-align: justify;\">Para conocer m\u00e1s sobre la realidad de las ni\u00f1as en Guatemala ingresa a <a href=\"https:\/\/drive.google.com\/file\/d\/1Tr5rrHVAfl3Z0mzNM0MWM6PFsFSVOjmO\/view\">CLIC AQU\u00cd<\/a><\/p>\n<p>[\/vc_column_text][vc_row_inner][vc_column_inner width=\u00bb1\/6&#8243;][\/vc_column_inner][vc_column_inner width=\u00bb2\/3&#8243;][vc_images_carousel images=\u00bb2917,2918&#8243; img_size=\u00bblarge\u00bb onclick=\u00bblink_no\u00bb speed=\u00bb3500&#8243; autoplay=\u00bbyes\u00bb hide_pagination_control=\u00bbyes\u00bb hide_prev_next_buttons=\u00bbyes\u00bb wrap=\u00bbyes\u00bb css_animation=\u00bbfadeIn\u00bb][\/vc_column_inner][vc_column_inner width=\u00bb1\/6&#8243;][\/vc_column_inner][\/vc_row_inner][\/vc_column][vc_column width=\u00bb1\/3&#8243; css=\u00bb.vc_custom_1598395418937{padding-top: 30px !important;padding-left: 20px !important;background-color: #f3f3f3 !important;border-radius: 10px !important;}\u00bb][vc_widget_sidebar sidebar_id=\u00bbnicdark_sidebar\u00bb][vc_btn title=\u00bbM\u00e1s noticias\u00bb style=\u00bbcustom\u00bb custom_background=\u00bb#cc0000&#8243; custom_text=\u00bb#ffffff\u00bb shape=\u00bbround\u00bb align=\u00bbcenter\u00bb link=\u00bburl:https%3A%2F%2Fwww.feyalegria.org%2Fguatemala%2Factualidad%2F|title:Novedades\u00bb][\/vc_column][\/vc_row][vc_row][vc_column][vc_empty_space height=\u00bb50px\u00bb][\/vc_column][\/vc_row]<\/p>\n<\/div>","protected":false},"excerpt":{"rendered":"<div style=\"height: 240px\">\u201dEducar en igualdad es un compromiso latente para Fe y Alegr\u00eda, hoy m\u00e1s que nunca son evidentes las necesidades de mantener en la escuela a las ni\u00f1as y j\u00f3venes y por qu\u00e9 no decirlo, educar y formar a las mujeres&#8230;<\/div>\n","protected":false},"author":16,"featured_media":2907,"comment_status":"closed","ping_status":"closed","sticky":false,"template":"","format":"standard","meta":{"_acf_changed":false,"footnotes":""},"categories":[9],"tags":[],"post_folder":[],"class_list":["post-2897","post","type-post","status-publish","format-standard","has-post-thumbnail","hentry","category-noticias"],"acf":[],"yoast_head":"<!-- This site is optimized with the Yoast SEO plugin v27.5 - https:\/\/yoast.com\/product\/yoast-seo-wordpress\/ -->\n<title>Educar en Igualdad - #SomosFeyAlegr\u00eda en Guatemala %<\/title>\n<meta name=\"robots\" content=\"index, follow, max-snippet:-1, max-image-preview:large, max-video-preview:-1\" \/>\n<link rel=\"canonical\" href=\"https:\/\/www.feyalegria.org\/guatemala\/educar-en-igualdad\/\" \/>\n<meta property=\"og:locale\" content=\"es_ES\" \/>\n<meta property=\"og:type\" content=\"article\" \/>\n<meta property=\"og:title\" content=\"Educar en Igualdad - #SomosFeyAlegr\u00eda en Guatemala %\" \/>\n<meta property=\"og:description\" content=\"\u201dEducar en igualdad es un compromiso latente para Fe y Alegr\u00eda, hoy m\u00e1s que nunca son evidentes las necesidades de mantener en la escuela a las ni\u00f1as y j\u00f3venes y por qu\u00e9 no decirlo, educar y formar a las mujeres...\" \/>\n<meta property=\"og:url\" content=\"https:\/\/www.feyalegria.org\/guatemala\/educar-en-igualdad\/\" \/>\n<meta property=\"og:site_name\" content=\"#SomosFeyAlegr\u00eda en Guatemala\" \/>\n<meta property=\"article:published_time\" content=\"2021-10-13T19:08:35+00:00\" \/>\n<meta property=\"article:modified_time\" content=\"2023-09-20T19:21:33+00:00\" \/>\n<meta property=\"og:image\" content=\"https:\/\/d3pugrm67vf9n7.cloudfront.net\/wp-content\/uploads\/sites\/17\/2021\/10\/13162116\/3.png\" \/>\n\t<meta property=\"og:image:width\" content=\"900\" \/>\n\t<meta property=\"og:image:height\" content=\"600\" \/>\n\t<meta property=\"og:image:type\" content=\"image\/png\" \/>\n<meta name=\"author\" content=\"admingtfya02\" \/>\n<meta name=\"twitter:card\" content=\"summary_large_image\" \/>\n<meta name=\"twitter:label1\" content=\"Escrito por\" \/>\n\t<meta name=\"twitter:data1\" content=\"admingtfya02\" \/>\n\t<meta name=\"twitter:label2\" content=\"Tiempo de lectura\" \/>\n\t<meta name=\"twitter:data2\" content=\"3 minutos\" \/>\n<script type=\"application\/ld+json\" class=\"yoast-schema-graph\">{\"@context\":\"https:\\\/\\\/schema.org\",\"@graph\":[{\"@type\":\"Article\",\"@id\":\"https:\\\/\\\/www.feyalegria.org\\\/guatemala\\\/educar-en-igualdad\\\/#article\",\"isPartOf\":{\"@id\":\"https:\\\/\\\/www.feyalegria.org\\\/guatemala\\\/educar-en-igualdad\\\/\"},\"author\":{\"name\":\"admingtfya02\",\"@id\":\"https:\\\/\\\/www.feyalegria.org\\\/guatemala\\\/#\\\/schema\\\/person\\\/d850361badaccc6e2f44e91cec6728b9\"},\"headline\":\"Educar en Igualdad\",\"datePublished\":\"2021-10-13T19:08:35+00:00\",\"dateModified\":\"2023-09-20T19:21:33+00:00\",\"mainEntityOfPage\":{\"@id\":\"https:\\\/\\\/www.feyalegria.org\\\/guatemala\\\/educar-en-igualdad\\\/\"},\"wordCount\":754,\"image\":{\"@id\":\"https:\\\/\\\/www.feyalegria.org\\\/guatemala\\\/educar-en-igualdad\\\/#primaryimage\"},\"thumbnailUrl\":\"https:\\\/\\\/d3pugrm67vf9n7.cloudfront.net\\\/wp-content\\\/uploads\\\/sites\\\/17\\\/2021\\\/10\\\/13162116\\\/3.png\",\"articleSection\":[\"Noticias\"],\"inLanguage\":\"es\"},{\"@type\":\"WebPage\",\"@id\":\"https:\\\/\\\/www.feyalegria.org\\\/guatemala\\\/educar-en-igualdad\\\/\",\"url\":\"https:\\\/\\\/www.feyalegria.org\\\/guatemala\\\/educar-en-igualdad\\\/\",\"name\":\"Educar en Igualdad - #SomosFeyAlegr\u00eda en Guatemala %\",\"isPartOf\":{\"@id\":\"https:\\\/\\\/www.feyalegria.org\\\/guatemala\\\/#website\"},\"primaryImageOfPage\":{\"@id\":\"https:\\\/\\\/www.feyalegria.org\\\/guatemala\\\/educar-en-igualdad\\\/#primaryimage\"},\"image\":{\"@id\":\"https:\\\/\\\/www.feyalegria.org\\\/guatemala\\\/educar-en-igualdad\\\/#primaryimage\"},\"thumbnailUrl\":\"https:\\\/\\\/d3pugrm67vf9n7.cloudfront.net\\\/wp-content\\\/uploads\\\/sites\\\/17\\\/2021\\\/10\\\/13162116\\\/3.png\",\"datePublished\":\"2021-10-13T19:08:35+00:00\",\"dateModified\":\"2023-09-20T19:21:33+00:00\",\"author\":{\"@id\":\"https:\\\/\\\/www.feyalegria.org\\\/guatemala\\\/#\\\/schema\\\/person\\\/d850361badaccc6e2f44e91cec6728b9\"},\"breadcrumb\":{\"@id\":\"https:\\\/\\\/www.feyalegria.org\\\/guatemala\\\/educar-en-igualdad\\\/#breadcrumb\"},\"inLanguage\":\"es\",\"potentialAction\":[{\"@type\":\"ReadAction\",\"target\":[\"https:\\\/\\\/www.feyalegria.org\\\/guatemala\\\/educar-en-igualdad\\\/\"]}]},{\"@type\":\"ImageObject\",\"inLanguage\":\"es\",\"@id\":\"https:\\\/\\\/www.feyalegria.org\\\/guatemala\\\/educar-en-igualdad\\\/#primaryimage\",\"url\":\"https:\\\/\\\/d3pugrm67vf9n7.cloudfront.net\\\/wp-content\\\/uploads\\\/sites\\\/17\\\/2021\\\/10\\\/13162116\\\/3.png\",\"contentUrl\":\"https:\\\/\\\/d3pugrm67vf9n7.cloudfront.net\\\/wp-content\\\/uploads\\\/sites\\\/17\\\/2021\\\/10\\\/13162116\\\/3.png\",\"width\":900,\"height\":600},{\"@type\":\"BreadcrumbList\",\"@id\":\"https:\\\/\\\/www.feyalegria.org\\\/guatemala\\\/educar-en-igualdad\\\/#breadcrumb\",\"itemListElement\":[{\"@type\":\"ListItem\",\"position\":1,\"name\":\"Home\",\"item\":\"https:\\\/\\\/www.feyalegria.org\\\/guatemala\\\/\"},{\"@type\":\"ListItem\",\"position\":2,\"name\":\"Educar en Igualdad\"}]},{\"@type\":\"WebSite\",\"@id\":\"https:\\\/\\\/www.feyalegria.org\\\/guatemala\\\/#website\",\"url\":\"https:\\\/\\\/www.feyalegria.org\\\/guatemala\\\/\",\"name\":\"#SomosFeyAlegr\u00eda en Guatemala\",\"description\":\"Movimiento de Educaci\u00f3n Popular y Promoci\u00f3n Social\",\"potentialAction\":[{\"@type\":\"SearchAction\",\"target\":{\"@type\":\"EntryPoint\",\"urlTemplate\":\"https:\\\/\\\/www.feyalegria.org\\\/guatemala\\\/?s={search_term_string}\"},\"query-input\":{\"@type\":\"PropertyValueSpecification\",\"valueRequired\":true,\"valueName\":\"search_term_string\"}}],\"inLanguage\":\"es\"},{\"@type\":\"Person\",\"@id\":\"https:\\\/\\\/www.feyalegria.org\\\/guatemala\\\/#\\\/schema\\\/person\\\/d850361badaccc6e2f44e91cec6728b9\",\"name\":\"admingtfya02\",\"url\":\"https:\\\/\\\/www.feyalegria.org\\\/guatemala\\\/author\\\/admingtfya02\\\/\"}]}<\/script>\n<!-- \/ Yoast SEO plugin. -->","yoast_head_json":{"title":"Educar en Igualdad - #SomosFeyAlegr\u00eda en Guatemala %","robots":{"index":"index","follow":"follow","max-snippet":"max-snippet:-1","max-image-preview":"max-image-preview:large","max-video-preview":"max-video-preview:-1"},"canonical":"https:\/\/www.feyalegria.org\/guatemala\/educar-en-igualdad\/","og_locale":"es_ES","og_type":"article","og_title":"Educar en Igualdad - #SomosFeyAlegr\u00eda en Guatemala %","og_description":"\u201dEducar en igualdad es un compromiso latente para Fe y Alegr\u00eda, hoy m\u00e1s que nunca son evidentes las necesidades de mantener en la escuela a las ni\u00f1as y j\u00f3venes y por qu\u00e9 no decirlo, educar y formar a las mujeres...","og_url":"https:\/\/www.feyalegria.org\/guatemala\/educar-en-igualdad\/","og_site_name":"#SomosFeyAlegr\u00eda en Guatemala","article_published_time":"2021-10-13T19:08:35+00:00","article_modified_time":"2023-09-20T19:21:33+00:00","og_image":[{"width":900,"height":600,"url":"https:\/\/d3pugrm67vf9n7.cloudfront.net\/wp-content\/uploads\/sites\/17\/2021\/10\/13162116\/3.png","type":"image\/png"}],"author":"admingtfya02","twitter_card":"summary_large_image","twitter_misc":{"Escrito por":"admingtfya02","Tiempo de lectura":"3 minutos"},"schema":{"@context":"https:\/\/schema.org","@graph":[{"@type":"Article","@id":"https:\/\/www.feyalegria.org\/guatemala\/educar-en-igualdad\/#article","isPartOf":{"@id":"https:\/\/www.feyalegria.org\/guatemala\/educar-en-igualdad\/"},"author":{"name":"admingtfya02","@id":"https:\/\/www.feyalegria.org\/guatemala\/#\/schema\/person\/d850361badaccc6e2f44e91cec6728b9"},"headline":"Educar en Igualdad","datePublished":"2021-10-13T19:08:35+00:00","dateModified":"2023-09-20T19:21:33+00:00","mainEntityOfPage":{"@id":"https:\/\/www.feyalegria.org\/guatemala\/educar-en-igualdad\/"},"wordCount":754,"image":{"@id":"https:\/\/www.feyalegria.org\/guatemala\/educar-en-igualdad\/#primaryimage"},"thumbnailUrl":"https:\/\/d3pugrm67vf9n7.cloudfront.net\/wp-content\/uploads\/sites\/17\/2021\/10\/13162116\/3.png","articleSection":["Noticias"],"inLanguage":"es"},{"@type":"WebPage","@id":"https:\/\/www.feyalegria.org\/guatemala\/educar-en-igualdad\/","url":"https:\/\/www.feyalegria.org\/guatemala\/educar-en-igualdad\/","name":"Educar en Igualdad - #SomosFeyAlegr\u00eda en Guatemala %","isPartOf":{"@id":"https:\/\/www.feyalegria.org\/guatemala\/#website"},"primaryImageOfPage":{"@id":"https:\/\/www.feyalegria.org\/guatemala\/educar-en-igualdad\/#primaryimage"},"image":{"@id":"https:\/\/www.feyalegria.org\/guatemala\/educar-en-igualdad\/#primaryimage"},"thumbnailUrl":"https:\/\/d3pugrm67vf9n7.cloudfront.net\/wp-content\/uploads\/sites\/17\/2021\/10\/13162116\/3.png","datePublished":"2021-10-13T19:08:35+00:00","dateModified":"2023-09-20T19:21:33+00:00","author":{"@id":"https:\/\/www.feyalegria.org\/guatemala\/#\/schema\/person\/d850361badaccc6e2f44e91cec6728b9"},"breadcrumb":{"@id":"https:\/\/www.feyalegria.org\/guatemala\/educar-en-igualdad\/#breadcrumb"},"inLanguage":"es","potentialAction":[{"@type":"ReadAction","target":["https:\/\/www.feyalegria.org\/guatemala\/educar-en-igualdad\/"]}]},{"@type":"ImageObject","inLanguage":"es","@id":"https:\/\/www.feyalegria.org\/guatemala\/educar-en-igualdad\/#primaryimage","url":"https:\/\/d3pugrm67vf9n7.cloudfront.net\/wp-content\/uploads\/sites\/17\/2021\/10\/13162116\/3.png","contentUrl":"https:\/\/d3pugrm67vf9n7.cloudfront.net\/wp-content\/uploads\/sites\/17\/2021\/10\/13162116\/3.png","width":900,"height":600},{"@type":"BreadcrumbList","@id":"https:\/\/www.feyalegria.org\/guatemala\/educar-en-igualdad\/#breadcrumb","itemListElement":[{"@type":"ListItem","position":1,"name":"Home","item":"https:\/\/www.feyalegria.org\/guatemala\/"},{"@type":"ListItem","position":2,"name":"Educar en Igualdad"}]},{"@type":"WebSite","@id":"https:\/\/www.feyalegria.org\/guatemala\/#website","url":"https:\/\/www.feyalegria.org\/guatemala\/","name":"#SomosFeyAlegr\u00eda en Guatemala","description":"Movimiento de Educaci\u00f3n Popular y Promoci\u00f3n Social","potentialAction":[{"@type":"SearchAction","target":{"@type":"EntryPoint","urlTemplate":"https:\/\/www.feyalegria.org\/guatemala\/?s={search_term_string}"},"query-input":{"@type":"PropertyValueSpecification","valueRequired":true,"valueName":"search_term_string"}}],"inLanguage":"es"},{"@type":"Person","@id":"https:\/\/www.feyalegria.org\/guatemala\/#\/schema\/person\/d850361badaccc6e2f44e91cec6728b9","name":"admingtfya02","url":"https:\/\/www.feyalegria.org\/guatemala\/author\/admingtfya02\/"}]}},"_links":{"self":[{"href":"https:\/\/www.feyalegria.org\/guatemala\/wp-json\/wp\/v2\/posts\/2897","targetHints":{"allow":["GET"]}}],"collection":[{"href":"https:\/\/www.feyalegria.org\/guatemala\/wp-json\/wp\/v2\/posts"}],"about":[{"href":"https:\/\/www.feyalegria.org\/guatemala\/wp-json\/wp\/v2\/types\/post"}],"author":[{"embeddable":true,"href":"https:\/\/www.feyalegria.org\/guatemala\/wp-json\/wp\/v2\/users\/16"}],"replies":[{"embeddable":true,"href":"https:\/\/www.feyalegria.org\/guatemala\/wp-json\/wp\/v2\/comments?post=2897"}],"version-history":[{"count":0,"href":"https:\/\/www.feyalegria.org\/guatemala\/wp-json\/wp\/v2\/posts\/2897\/revisions"}],"wp:featuredmedia":[{"embeddable":true,"href":"https:\/\/www.feyalegria.org\/guatemala\/wp-json\/wp\/v2\/media\/2907"}],"wp:attachment":[{"href":"https:\/\/www.feyalegria.org\/guatemala\/wp-json\/wp\/v2\/media?parent=2897"}],"wp:term":[{"taxonomy":"category","embeddable":true,"href":"https:\/\/www.feyalegria.org\/guatemala\/wp-json\/wp\/v2\/categories?post=2897"},{"taxonomy":"post_tag","embeddable":true,"href":"https:\/\/www.feyalegria.org\/guatemala\/wp-json\/wp\/v2\/tags?post=2897"},{"taxonomy":"post_folder","embeddable":true,"href":"https:\/\/www.feyalegria.org\/guatemala\/wp-json\/wp\/v2\/post_folder?post=2897"}],"curies":[{"name":"wp","href":"https:\/\/api.w.org\/{rel}","templated":true}]}}