{"id":2939,"date":"2021-11-10T13:16:22","date_gmt":"2021-11-10T18:16:22","guid":{"rendered":"https:\/\/www.feyalegria.org\/guatemala\/?p=2939"},"modified":"2023-09-20T14:19:50","modified_gmt":"2023-09-20T19:19:50","slug":"del-1-al-4-los-gestos-de-la-movilizacion-contra-la-violencia-de-genero","status":"publish","type":"post","link":"https:\/\/www.feyalegria.org\/guatemala\/del-1-al-4-los-gestos-de-la-movilizacion-contra-la-violencia-de-genero\/","title":{"rendered":"Del 1 al 4: Los Gestos de la Movilizaci\u00f3n Contra la Violencia de G\u00e9nero"},"content":{"rendered":"<div class=\"wpb-content-wrapper\"><p>[vc_row enable_first_overlay=\u00bbtrue\u00bb first_overlay_opacity=\u00bb1&#8243; first_background_color=\u00bb#df5461&#8243; css=\u00bb.vc_custom_1614220964145{padding-top: 40px !important;}\u00bb][vc_column width=\u00bb2\/3&#8243;][vc_single_image image=\u00bb2940&#8243; img_size=\u00bbfull\u00bb alignment=\u00bbcenter\u00bb][vc_column_text]<\/p>\n<p style=\"text-align: center;\"><strong>La Educaci\u00f3n Mantiene a las Ni\u00f1as<br \/>\nSANAS Y SALVAS<br \/>\nGESTOS CONTRA LA VIOLENCIA<br \/>\n<\/strong><span style=\"color: #800080;\"><em>Inf\u00f3rmate \u2013 Reflexiona &#8211; Alza tu voz \u2013 \u00a1Act\u00faa!<\/em><\/span><\/p>\n<p>&nbsp;<\/p>\n<p>Sabemos que los has visto pero <strong>\u00bfConoces realmente el significado de cada uno de los gestos?<\/strong> Si no tienes claro c\u00f3mo funcionan nuestros gestos o su significado, en esta nota corta te contamos todo al respecto.<\/p>\n<p>&nbsp;<\/p>\n<p><strong>1. <\/strong><strong>Esc\u00fachanos tenemos algo que decir<\/strong><\/p>\n<p>&nbsp;<\/p>\n<p>Este gesto, un aplauso al aire provoca la intenci\u00f3n que las personas que tenemos a nuestro alrededor vean y escuchen lo que queremos decir y expresar. Buscamos con esto que la gente vea que no hablamos solo en nombre propio sino en nombre de aquellas ni\u00f1as que son calladas y que por ser v\u00edctimas de abuso no encuentran el valor y las palabras para denunciar.[\/vc_column_text][vc_single_image image=\u00bb2941&#8243; img_size=\u00bbmedium\u00bb alignment=\u00bbcenter\u00bb][vc_column_text]<strong>2. Nos casan, nos violan, nos matan<\/strong><\/p>\n<p>El pu\u00f1o que golpea la mano abierta representa todos y cada uno de los abusos que son cometidos en contra de las ni\u00f1as del mundo y que dejan huellas imborrables en ellas. Abusos que no se olvidan nunca y que con el tiempo tienen consecuencias graves en las mujeres.[\/vc_column_text][vc_single_image image=\u00bb2942&#8243; img_size=\u00bbmedium\u00bb alignment=\u00bbcenter\u00bb][vc_column_text]<strong>3. D\u00e9jennos ser ni\u00f1as<\/strong><\/p>\n<p>Denunciar es parte fundamental para que las personas entiendan la problem\u00e1tica, dejar ser ni\u00f1as a las ni\u00f1as significa darles la oportunidad de educarse y desarrollarse sin ser violentadas o abusadas. La mano derecha sobre el coraz\u00f3n con la mano izquierda extendida busca motivar la reflexi\u00f3n de la sociedad para que cese las pr\u00e1cticas abusivas, machistas e il\u00f3gicas en contra del desarrollo de las ni\u00f1as.[\/vc_column_text][vc_single_image image=\u00bb2951&#8243; img_size=\u00bbmedium\u00bb alignment=\u00bbcenter\u00bb][vc_column_text]<strong>4. En Guatemala queremos ni\u00f1as SANAS Y SALVAS<\/strong><\/p>\n<p>&nbsp;<\/p>\n<p>El problema de desigualdad de g\u00e9nero y espec\u00edficamente la violencia y abuso cometido en contra de las ni\u00f1as es un problema mundial, es un hecho innegable; buscamos mantener ni\u00f1as SANAS Y SALVAS en todo el mundo, pero para ello debemos sanar nuestro contexto iniciando con nuestro pa\u00eds, Guatemala. Con las manos entrecruzadas y con una clara se\u00f1al de negaci\u00f3n queremos expresar nuestro repudio pidiendo que la violencia en contra de las ni\u00f1as pare.[\/vc_column_text][vc_single_image image=\u00bb2944&#8243; img_size=\u00bbmedium\u00bb alignment=\u00bbcenter\u00bb][vc_column_text]<strong>No hay gesto insignificante.<\/strong><\/p>\n<p>&nbsp;<\/p>\n<p>Invol\u00facrate, empatiza, denuncia y manifi\u00e9state de cualquier manera. Haz de los gestos algo propio, convi\u00e9rtelos en una herramienta para denunciar los abusos de las ni\u00f1as en nuestro pa\u00eds y el mundo; mantenlos siempre presentes en tu vida y ens\u00e9\u00f1alos a todos para crear conciencia.[\/vc_column_text][\/vc_column][vc_column width=\u00bb1\/3&#8243; css=\u00bb.vc_custom_1598395418937{padding-top: 30px !important;padding-left: 20px !important;background-color: #f3f3f3 !important;border-radius: 10px !important;}\u00bb][vc_widget_sidebar sidebar_id=\u00bbnicdark_sidebar\u00bb][vc_btn title=\u00bbM\u00e1s noticias\u00bb style=\u00bbcustom\u00bb custom_background=\u00bb#cc0000&#8243; custom_text=\u00bb#ffffff\u00bb shape=\u00bbround\u00bb align=\u00bbcenter\u00bb link=\u00bburl:https%3A%2F%2Fwww.feyalegria.org%2Fguatemala%2Factualidad%2F|title:Novedades\u00bb][\/vc_column][\/vc_row][vc_row][vc_column][vc_empty_space height=\u00bb50px\u00bb][\/vc_column][\/vc_row]<\/p>\n<\/div>","protected":false},"excerpt":{"rendered":"<div style=\"height: 240px\">Sabemos que los has visto pero \u00bfConoces realmente el significado de cada uno de los gestos? Si no tienes claro c\u00f3mo funcionan nuestros gestos o su significado, en esta nota corta te contamos todo al respecto.<\/div>\n","protected":false},"author":16,"featured_media":2954,"comment_status":"closed","ping_status":"closed","sticky":false,"template":"","format":"standard","meta":{"_acf_changed":false,"footnotes":""},"categories":[9],"tags":[],"post_folder":[],"class_list":["post-2939","post","type-post","status-publish","format-standard","has-post-thumbnail","hentry","category-noticias"],"acf":[],"yoast_head":"<!-- This site is optimized with the Yoast SEO plugin v27.5 - https:\/\/yoast.com\/product\/yoast-seo-wordpress\/ -->\n<title>Del 1 al 4: Los Gestos de la Movilizaci\u00f3n Contra la Violencia de G\u00e9nero - #SomosFeyAlegr\u00eda en Guatemala %<\/title>\n<meta name=\"robots\" content=\"index, follow, max-snippet:-1, max-image-preview:large, max-video-preview:-1\" \/>\n<link rel=\"canonical\" href=\"https:\/\/www.feyalegria.org\/guatemala\/del-1-al-4-los-gestos-de-la-movilizacion-contra-la-violencia-de-genero\/\" \/>\n<meta property=\"og:locale\" content=\"es_ES\" \/>\n<meta property=\"og:type\" content=\"article\" \/>\n<meta property=\"og:title\" content=\"Del 1 al 4: Los Gestos de la Movilizaci\u00f3n Contra la Violencia de G\u00e9nero - #SomosFeyAlegr\u00eda en Guatemala %\" \/>\n<meta property=\"og:description\" content=\"Sabemos que los has visto pero \u00bfConoces realmente el significado de cada uno de los gestos? Si no tienes claro c\u00f3mo funcionan nuestros gestos o su significado, en esta nota corta te contamos todo al respecto.\" \/>\n<meta property=\"og:url\" content=\"https:\/\/www.feyalegria.org\/guatemala\/del-1-al-4-los-gestos-de-la-movilizacion-contra-la-violencia-de-genero\/\" \/>\n<meta property=\"og:site_name\" content=\"#SomosFeyAlegr\u00eda en Guatemala\" \/>\n<meta property=\"article:published_time\" content=\"2021-11-10T18:16:22+00:00\" \/>\n<meta property=\"article:modified_time\" content=\"2023-09-20T19:19:50+00:00\" \/>\n<meta property=\"og:image\" content=\"https:\/\/d3pugrm67vf9n7.cloudfront.net\/wp-content\/uploads\/sites\/17\/2021\/11\/11122356\/Mailing-1.2.png\" \/>\n\t<meta property=\"og:image:width\" content=\"1130\" \/>\n\t<meta property=\"og:image:height\" content=\"600\" \/>\n\t<meta property=\"og:image:type\" content=\"image\/png\" \/>\n<meta name=\"author\" content=\"admingtfya02\" \/>\n<meta name=\"twitter:card\" content=\"summary_large_image\" \/>\n<meta name=\"twitter:label1\" content=\"Escrito por\" \/>\n\t<meta name=\"twitter:data1\" content=\"admingtfya02\" \/>\n\t<meta name=\"twitter:label2\" content=\"Tiempo de lectura\" \/>\n\t<meta name=\"twitter:data2\" content=\"2 minutos\" \/>\n<script type=\"application\/ld+json\" class=\"yoast-schema-graph\">{\"@context\":\"https:\\\/\\\/schema.org\",\"@graph\":[{\"@type\":\"Article\",\"@id\":\"https:\\\/\\\/www.feyalegria.org\\\/guatemala\\\/del-1-al-4-los-gestos-de-la-movilizacion-contra-la-violencia-de-genero\\\/#article\",\"isPartOf\":{\"@id\":\"https:\\\/\\\/www.feyalegria.org\\\/guatemala\\\/del-1-al-4-los-gestos-de-la-movilizacion-contra-la-violencia-de-genero\\\/\"},\"author\":{\"name\":\"admingtfya02\",\"@id\":\"https:\\\/\\\/www.feyalegria.org\\\/guatemala\\\/#\\\/schema\\\/person\\\/d850361badaccc6e2f44e91cec6728b9\"},\"headline\":\"Del 1 al 4: Los Gestos de la Movilizaci\u00f3n Contra la Violencia de G\u00e9nero\",\"datePublished\":\"2021-11-10T18:16:22+00:00\",\"dateModified\":\"2023-09-20T19:19:50+00:00\",\"mainEntityOfPage\":{\"@id\":\"https:\\\/\\\/www.feyalegria.org\\\/guatemala\\\/del-1-al-4-los-gestos-de-la-movilizacion-contra-la-violencia-de-genero\\\/\"},\"wordCount\":605,\"image\":{\"@id\":\"https:\\\/\\\/www.feyalegria.org\\\/guatemala\\\/del-1-al-4-los-gestos-de-la-movilizacion-contra-la-violencia-de-genero\\\/#primaryimage\"},\"thumbnailUrl\":\"https:\\\/\\\/d3pugrm67vf9n7.cloudfront.net\\\/wp-content\\\/uploads\\\/sites\\\/17\\\/2021\\\/11\\\/11122356\\\/Mailing-1.2.png\",\"articleSection\":[\"Noticias\"],\"inLanguage\":\"es\"},{\"@type\":\"WebPage\",\"@id\":\"https:\\\/\\\/www.feyalegria.org\\\/guatemala\\\/del-1-al-4-los-gestos-de-la-movilizacion-contra-la-violencia-de-genero\\\/\",\"url\":\"https:\\\/\\\/www.feyalegria.org\\\/guatemala\\\/del-1-al-4-los-gestos-de-la-movilizacion-contra-la-violencia-de-genero\\\/\",\"name\":\"Del 1 al 4: Los Gestos de la Movilizaci\u00f3n Contra la Violencia de G\u00e9nero - #SomosFeyAlegr\u00eda en Guatemala %\",\"isPartOf\":{\"@id\":\"https:\\\/\\\/www.feyalegria.org\\\/guatemala\\\/#website\"},\"primaryImageOfPage\":{\"@id\":\"https:\\\/\\\/www.feyalegria.org\\\/guatemala\\\/del-1-al-4-los-gestos-de-la-movilizacion-contra-la-violencia-de-genero\\\/#primaryimage\"},\"image\":{\"@id\":\"https:\\\/\\\/www.feyalegria.org\\\/guatemala\\\/del-1-al-4-los-gestos-de-la-movilizacion-contra-la-violencia-de-genero\\\/#primaryimage\"},\"thumbnailUrl\":\"https:\\\/\\\/d3pugrm67vf9n7.cloudfront.net\\\/wp-content\\\/uploads\\\/sites\\\/17\\\/2021\\\/11\\\/11122356\\\/Mailing-1.2.png\",\"datePublished\":\"2021-11-10T18:16:22+00:00\",\"dateModified\":\"2023-09-20T19:19:50+00:00\",\"author\":{\"@id\":\"https:\\\/\\\/www.feyalegria.org\\\/guatemala\\\/#\\\/schema\\\/person\\\/d850361badaccc6e2f44e91cec6728b9\"},\"breadcrumb\":{\"@id\":\"https:\\\/\\\/www.feyalegria.org\\\/guatemala\\\/del-1-al-4-los-gestos-de-la-movilizacion-contra-la-violencia-de-genero\\\/#breadcrumb\"},\"inLanguage\":\"es\",\"potentialAction\":[{\"@type\":\"ReadAction\",\"target\":[\"https:\\\/\\\/www.feyalegria.org\\\/guatemala\\\/del-1-al-4-los-gestos-de-la-movilizacion-contra-la-violencia-de-genero\\\/\"]}]},{\"@type\":\"ImageObject\",\"inLanguage\":\"es\",\"@id\":\"https:\\\/\\\/www.feyalegria.org\\\/guatemala\\\/del-1-al-4-los-gestos-de-la-movilizacion-contra-la-violencia-de-genero\\\/#primaryimage\",\"url\":\"https:\\\/\\\/d3pugrm67vf9n7.cloudfront.net\\\/wp-content\\\/uploads\\\/sites\\\/17\\\/2021\\\/11\\\/11122356\\\/Mailing-1.2.png\",\"contentUrl\":\"https:\\\/\\\/d3pugrm67vf9n7.cloudfront.net\\\/wp-content\\\/uploads\\\/sites\\\/17\\\/2021\\\/11\\\/11122356\\\/Mailing-1.2.png\",\"width\":1130,\"height\":600},{\"@type\":\"BreadcrumbList\",\"@id\":\"https:\\\/\\\/www.feyalegria.org\\\/guatemala\\\/del-1-al-4-los-gestos-de-la-movilizacion-contra-la-violencia-de-genero\\\/#breadcrumb\",\"itemListElement\":[{\"@type\":\"ListItem\",\"position\":1,\"name\":\"Home\",\"item\":\"https:\\\/\\\/www.feyalegria.org\\\/guatemala\\\/\"},{\"@type\":\"ListItem\",\"position\":2,\"name\":\"Del 1 al 4: Los Gestos de la Movilizaci\u00f3n Contra la Violencia de G\u00e9nero\"}]},{\"@type\":\"WebSite\",\"@id\":\"https:\\\/\\\/www.feyalegria.org\\\/guatemala\\\/#website\",\"url\":\"https:\\\/\\\/www.feyalegria.org\\\/guatemala\\\/\",\"name\":\"#SomosFeyAlegr\u00eda en Guatemala\",\"description\":\"Movimiento de Educaci\u00f3n Popular y Promoci\u00f3n Social\",\"potentialAction\":[{\"@type\":\"SearchAction\",\"target\":{\"@type\":\"EntryPoint\",\"urlTemplate\":\"https:\\\/\\\/www.feyalegria.org\\\/guatemala\\\/?s={search_term_string}\"},\"query-input\":{\"@type\":\"PropertyValueSpecification\",\"valueRequired\":true,\"valueName\":\"search_term_string\"}}],\"inLanguage\":\"es\"},{\"@type\":\"Person\",\"@id\":\"https:\\\/\\\/www.feyalegria.org\\\/guatemala\\\/#\\\/schema\\\/person\\\/d850361badaccc6e2f44e91cec6728b9\",\"name\":\"admingtfya02\",\"url\":\"https:\\\/\\\/www.feyalegria.org\\\/guatemala\\\/author\\\/admingtfya02\\\/\"}]}<\/script>\n<!-- \/ Yoast SEO plugin. -->","yoast_head_json":{"title":"Del 1 al 4: Los Gestos de la Movilizaci\u00f3n Contra la Violencia de G\u00e9nero - #SomosFeyAlegr\u00eda en Guatemala %","robots":{"index":"index","follow":"follow","max-snippet":"max-snippet:-1","max-image-preview":"max-image-preview:large","max-video-preview":"max-video-preview:-1"},"canonical":"https:\/\/www.feyalegria.org\/guatemala\/del-1-al-4-los-gestos-de-la-movilizacion-contra-la-violencia-de-genero\/","og_locale":"es_ES","og_type":"article","og_title":"Del 1 al 4: Los Gestos de la Movilizaci\u00f3n Contra la Violencia de G\u00e9nero - #SomosFeyAlegr\u00eda en Guatemala %","og_description":"Sabemos que los has visto pero \u00bfConoces realmente el significado de cada uno de los gestos? Si no tienes claro c\u00f3mo funcionan nuestros gestos o su significado, en esta nota corta te contamos todo al respecto.","og_url":"https:\/\/www.feyalegria.org\/guatemala\/del-1-al-4-los-gestos-de-la-movilizacion-contra-la-violencia-de-genero\/","og_site_name":"#SomosFeyAlegr\u00eda en Guatemala","article_published_time":"2021-11-10T18:16:22+00:00","article_modified_time":"2023-09-20T19:19:50+00:00","og_image":[{"width":1130,"height":600,"url":"https:\/\/d3pugrm67vf9n7.cloudfront.net\/wp-content\/uploads\/sites\/17\/2021\/11\/11122356\/Mailing-1.2.png","type":"image\/png"}],"author":"admingtfya02","twitter_card":"summary_large_image","twitter_misc":{"Escrito por":"admingtfya02","Tiempo de lectura":"2 minutos"},"schema":{"@context":"https:\/\/schema.org","@graph":[{"@type":"Article","@id":"https:\/\/www.feyalegria.org\/guatemala\/del-1-al-4-los-gestos-de-la-movilizacion-contra-la-violencia-de-genero\/#article","isPartOf":{"@id":"https:\/\/www.feyalegria.org\/guatemala\/del-1-al-4-los-gestos-de-la-movilizacion-contra-la-violencia-de-genero\/"},"author":{"name":"admingtfya02","@id":"https:\/\/www.feyalegria.org\/guatemala\/#\/schema\/person\/d850361badaccc6e2f44e91cec6728b9"},"headline":"Del 1 al 4: Los Gestos de la Movilizaci\u00f3n Contra la Violencia de G\u00e9nero","datePublished":"2021-11-10T18:16:22+00:00","dateModified":"2023-09-20T19:19:50+00:00","mainEntityOfPage":{"@id":"https:\/\/www.feyalegria.org\/guatemala\/del-1-al-4-los-gestos-de-la-movilizacion-contra-la-violencia-de-genero\/"},"wordCount":605,"image":{"@id":"https:\/\/www.feyalegria.org\/guatemala\/del-1-al-4-los-gestos-de-la-movilizacion-contra-la-violencia-de-genero\/#primaryimage"},"thumbnailUrl":"https:\/\/d3pugrm67vf9n7.cloudfront.net\/wp-content\/uploads\/sites\/17\/2021\/11\/11122356\/Mailing-1.2.png","articleSection":["Noticias"],"inLanguage":"es"},{"@type":"WebPage","@id":"https:\/\/www.feyalegria.org\/guatemala\/del-1-al-4-los-gestos-de-la-movilizacion-contra-la-violencia-de-genero\/","url":"https:\/\/www.feyalegria.org\/guatemala\/del-1-al-4-los-gestos-de-la-movilizacion-contra-la-violencia-de-genero\/","name":"Del 1 al 4: Los Gestos de la Movilizaci\u00f3n Contra la Violencia de G\u00e9nero - #SomosFeyAlegr\u00eda en Guatemala %","isPartOf":{"@id":"https:\/\/www.feyalegria.org\/guatemala\/#website"},"primaryImageOfPage":{"@id":"https:\/\/www.feyalegria.org\/guatemala\/del-1-al-4-los-gestos-de-la-movilizacion-contra-la-violencia-de-genero\/#primaryimage"},"image":{"@id":"https:\/\/www.feyalegria.org\/guatemala\/del-1-al-4-los-gestos-de-la-movilizacion-contra-la-violencia-de-genero\/#primaryimage"},"thumbnailUrl":"https:\/\/d3pugrm67vf9n7.cloudfront.net\/wp-content\/uploads\/sites\/17\/2021\/11\/11122356\/Mailing-1.2.png","datePublished":"2021-11-10T18:16:22+00:00","dateModified":"2023-09-20T19:19:50+00:00","author":{"@id":"https:\/\/www.feyalegria.org\/guatemala\/#\/schema\/person\/d850361badaccc6e2f44e91cec6728b9"},"breadcrumb":{"@id":"https:\/\/www.feyalegria.org\/guatemala\/del-1-al-4-los-gestos-de-la-movilizacion-contra-la-violencia-de-genero\/#breadcrumb"},"inLanguage":"es","potentialAction":[{"@type":"ReadAction","target":["https:\/\/www.feyalegria.org\/guatemala\/del-1-al-4-los-gestos-de-la-movilizacion-contra-la-violencia-de-genero\/"]}]},{"@type":"ImageObject","inLanguage":"es","@id":"https:\/\/www.feyalegria.org\/guatemala\/del-1-al-4-los-gestos-de-la-movilizacion-contra-la-violencia-de-genero\/#primaryimage","url":"https:\/\/d3pugrm67vf9n7.cloudfront.net\/wp-content\/uploads\/sites\/17\/2021\/11\/11122356\/Mailing-1.2.png","contentUrl":"https:\/\/d3pugrm67vf9n7.cloudfront.net\/wp-content\/uploads\/sites\/17\/2021\/11\/11122356\/Mailing-1.2.png","width":1130,"height":600},{"@type":"BreadcrumbList","@id":"https:\/\/www.feyalegria.org\/guatemala\/del-1-al-4-los-gestos-de-la-movilizacion-contra-la-violencia-de-genero\/#breadcrumb","itemListElement":[{"@type":"ListItem","position":1,"name":"Home","item":"https:\/\/www.feyalegria.org\/guatemala\/"},{"@type":"ListItem","position":2,"name":"Del 1 al 4: Los Gestos de la Movilizaci\u00f3n Contra la Violencia de G\u00e9nero"}]},{"@type":"WebSite","@id":"https:\/\/www.feyalegria.org\/guatemala\/#website","url":"https:\/\/www.feyalegria.org\/guatemala\/","name":"#SomosFeyAlegr\u00eda en Guatemala","description":"Movimiento de Educaci\u00f3n Popular y Promoci\u00f3n Social","potentialAction":[{"@type":"SearchAction","target":{"@type":"EntryPoint","urlTemplate":"https:\/\/www.feyalegria.org\/guatemala\/?s={search_term_string}"},"query-input":{"@type":"PropertyValueSpecification","valueRequired":true,"valueName":"search_term_string"}}],"inLanguage":"es"},{"@type":"Person","@id":"https:\/\/www.feyalegria.org\/guatemala\/#\/schema\/person\/d850361badaccc6e2f44e91cec6728b9","name":"admingtfya02","url":"https:\/\/www.feyalegria.org\/guatemala\/author\/admingtfya02\/"}]}},"_links":{"self":[{"href":"https:\/\/www.feyalegria.org\/guatemala\/wp-json\/wp\/v2\/posts\/2939","targetHints":{"allow":["GET"]}}],"collection":[{"href":"https:\/\/www.feyalegria.org\/guatemala\/wp-json\/wp\/v2\/posts"}],"about":[{"href":"https:\/\/www.feyalegria.org\/guatemala\/wp-json\/wp\/v2\/types\/post"}],"author":[{"embeddable":true,"href":"https:\/\/www.feyalegria.org\/guatemala\/wp-json\/wp\/v2\/users\/16"}],"replies":[{"embeddable":true,"href":"https:\/\/www.feyalegria.org\/guatemala\/wp-json\/wp\/v2\/comments?post=2939"}],"version-history":[{"count":0,"href":"https:\/\/www.feyalegria.org\/guatemala\/wp-json\/wp\/v2\/posts\/2939\/revisions"}],"wp:featuredmedia":[{"embeddable":true,"href":"https:\/\/www.feyalegria.org\/guatemala\/wp-json\/wp\/v2\/media\/2954"}],"wp:attachment":[{"href":"https:\/\/www.feyalegria.org\/guatemala\/wp-json\/wp\/v2\/media?parent=2939"}],"wp:term":[{"taxonomy":"category","embeddable":true,"href":"https:\/\/www.feyalegria.org\/guatemala\/wp-json\/wp\/v2\/categories?post=2939"},{"taxonomy":"post_tag","embeddable":true,"href":"https:\/\/www.feyalegria.org\/guatemala\/wp-json\/wp\/v2\/tags?post=2939"},{"taxonomy":"post_folder","embeddable":true,"href":"https:\/\/www.feyalegria.org\/guatemala\/wp-json\/wp\/v2\/post_folder?post=2939"}],"curies":[{"name":"wp","href":"https:\/\/api.w.org\/{rel}","templated":true}]}}