 {"id":2967,"date":"2021-11-19T13:38:58","date_gmt":"2021-11-19T18:38:58","guid":{"rendered":"https:\/\/www.feyalegria.org\/guatemala\/?p=2967"},"modified":"2023-09-20T14:19:46","modified_gmt":"2023-09-20T19:19:46","slug":"gran-rifa-de-fe-y-alegria-guatemala-2","status":"publish","type":"post","link":"https:\/\/www.feyalegria.org\/guatemala\/gran-rifa-de-fe-y-alegria-guatemala-2\/","title":{"rendered":"GRAN RIFA DE FE Y ALEGR\u00cdA GUATEMALA"},"content":{"rendered":"<div class=\"wpb-content-wrapper\"><p>[vc_row enable_first_overlay=\u00bbtrue\u00bb first_overlay_opacity=\u00bb1&#8243; first_background_color=\u00bb#df5461&#8243; css=\u00bb.vc_custom_1614220964145{padding-top: 40px !important;}\u00bb][vc_column width=\u00bb2\/3&#8243;][vc_single_image image=\u00bb2969&#8243; img_size=\u00bbmedium\u00bb alignment=\u00bbcenter\u00bb][vc_column_text]La Gran Rifa 2021 \u201cS\u00famate a nuestros sue\u00f1os\u201d de Fe y Alegr\u00eda Guatemala se llev\u00f3 a cabo sumando miles de acciones solidarias de los guatemaltecos y guatemaltecas que, a pesar de la emergencia que se vive por la pandemia de Covid 19 siguen confiando en la educaci\u00f3n de los ni\u00f1os, ni\u00f1as y j\u00f3venes que atiende en sus aulas.<\/p>\n<p>&nbsp;<\/p>\n<p>El n\u00famero 0006334 fue elegido de la t\u00f3mbola por Marelyn, una estudiante del centro educativo Fe y Alegr\u00eda No.5, El Lim\u00f3n, Guatemala, que sali\u00f3 ganador del primer premio: un veh\u00edculo Huydai Atos 2021. En el evento, el estudiante egresado Jonat\u00e1n Mu\u00f1oz, recalc\u00f3 que durante los a\u00f1os que estudi\u00f3 en Fe y Alegr\u00eda le transform\u00f3 la vida, \u201cporque no es solo una escuela, es un lugar donde los sue\u00f1os se convierten en esperanza\u201d.<\/p>\n<p>&nbsp;<\/p>\n<p>El P. Francisco Iznardo, Director General indic\u00f3 que \u201cla Gran Rifa de Fe y Alegr\u00eda este a\u00f1o, ha permitido sumar esfuerzos para lograr esas sonrisas de ni\u00f1os y ni\u00f1as que est\u00e1n satisfechos porque se les han dado las oportunidades para cumplir sus sue\u00f1os, una educaci\u00f3n que transforma, que cambia vidas y que sobre todo que nos hace mejores personas\u201d.<\/p>\n<p>&nbsp;<\/p>\n<p>Este a\u00f1o, hemos tenido el apoyo de miles de corazones que se han sumado a contribuir a la educaci\u00f3n de ni\u00f1os, ni\u00f1as y j\u00f3venes. Damos un agradecimiento especial a todas las comunidades educativas de Fe y Alegr\u00eda, a grandes aliados como la Universidad Rafael Land\u00edvar y a todos los guatemaltecos y guatemaltecas por hacer posible los sue\u00f1os de m\u00e1s de 17,000 estudiantes que tendemos en nuestras aulas.<\/p>\n<p>[\/vc_column_text][vc_row_inner][vc_column_inner width=\u00bb1\/6&#8243;][\/vc_column_inner][vc_column_inner width=\u00bb2\/3&#8243;][vc_images_carousel images=\u00bb2970,2971,2968&#8243; img_size=\u00bblarge\u00bb onclick=\u00bblink_no\u00bb speed=\u00bb3500&#8243; autoplay=\u00bbyes\u00bb hide_pagination_control=\u00bbyes\u00bb hide_prev_next_buttons=\u00bbyes\u00bb wrap=\u00bbyes\u00bb css_animation=\u00bbfadeIn\u00bb][\/vc_column_inner][vc_column_inner width=\u00bb1\/6&#8243;][\/vc_column_inner][\/vc_row_inner][\/vc_column][vc_column width=\u00bb1\/3&#8243; css=\u00bb.vc_custom_1598395418937{padding-top: 30px !important;padding-left: 20px !important;background-color: #f3f3f3 !important;border-radius: 10px !important;}\u00bb][vc_widget_sidebar sidebar_id=\u00bbnicdark_sidebar\u00bb][vc_btn title=\u00bbM\u00e1s noticias\u00bb style=\u00bbcustom\u00bb custom_background=\u00bb#cc0000&#8243; custom_text=\u00bb#ffffff\u00bb shape=\u00bbround\u00bb align=\u00bbcenter\u00bb link=\u00bburl:https%3A%2F%2Fwww.feyalegria.org%2Fguatemala%2Factualidad%2F|title:Novedades\u00bb][\/vc_column][\/vc_row][vc_row][vc_column][vc_empty_space height=\u00bb50px\u00bb][\/vc_column][\/vc_row]<\/p>\n<\/div>","protected":false},"excerpt":{"rendered":"<div style=\"height: 240px\">\u201dLa Gran Rifa 2021 \u201cS\u00famate a nuestros sue\u00f1os\u201d de Fe y Alegr\u00eda Guatemala se llev\u00f3 a cabo sumando miles de acciones solidarias de los guatemaltecos y guatemaltecas que, a pesar de la emergencia que se vive por la pandemia de Covid 19&#8230;<\/div>\n","protected":false},"author":16,"featured_media":2969,"comment_status":"closed","ping_status":"closed","sticky":false,"template":"","format":"standard","meta":{"_acf_changed":false,"footnotes":""},"categories":[9],"tags":[],"post_folder":[],"class_list":["post-2967","post","type-post","status-publish","format-standard","has-post-thumbnail","hentry","category-noticias"],"acf":[],"yoast_head":"<!-- This site is optimized with the Yoast SEO plugin v27.4 - https:\/\/yoast.com\/product\/yoast-seo-wordpress\/ -->\n<title>GRAN RIFA DE FE Y ALEGR\u00cdA GUATEMALA - #SomosFeyAlegr\u00eda en Guatemala %<\/title>\n<meta name=\"robots\" content=\"index, follow, max-snippet:-1, max-image-preview:large, max-video-preview:-1\" \/>\n<link rel=\"canonical\" href=\"https:\/\/www.feyalegria.org\/guatemala\/gran-rifa-de-fe-y-alegria-guatemala-2\/\" \/>\n<meta property=\"og:locale\" content=\"es_ES\" \/>\n<meta property=\"og:type\" content=\"article\" \/>\n<meta property=\"og:title\" content=\"GRAN RIFA DE FE Y ALEGR\u00cdA GUATEMALA - #SomosFeyAlegr\u00eda en Guatemala %\" \/>\n<meta property=\"og:description\" content=\"\u201dLa Gran Rifa 2021 \u201cS\u00famate a nuestros sue\u00f1os\u201d de Fe y Alegr\u00eda Guatemala se llev\u00f3 a cabo sumando miles de acciones solidarias de los guatemaltecos y guatemaltecas que, a pesar de la emergencia que se vive por la pandemia de Covid 19...\" \/>\n<meta property=\"og:url\" content=\"https:\/\/www.feyalegria.org\/guatemala\/gran-rifa-de-fe-y-alegria-guatemala-2\/\" \/>\n<meta property=\"og:site_name\" content=\"#SomosFeyAlegr\u00eda en Guatemala\" \/>\n<meta property=\"article:published_time\" content=\"2021-11-19T18:38:58+00:00\" \/>\n<meta property=\"article:modified_time\" content=\"2023-09-20T19:19:46+00:00\" \/>\n<meta property=\"og:image\" content=\"https:\/\/d3pugrm67vf9n7.cloudfront.net\/wp-content\/uploads\/sites\/17\/2021\/11\/19133607\/GranRIFA2021-44-scaled.jpg\" \/>\n\t<meta property=\"og:image:width\" content=\"2560\" \/>\n\t<meta property=\"og:image:height\" content=\"1707\" \/>\n\t<meta property=\"og:image:type\" content=\"image\/jpeg\" \/>\n<meta name=\"author\" content=\"admingtfya02\" \/>\n<meta name=\"twitter:card\" content=\"summary_large_image\" \/>\n<meta name=\"twitter:label1\" content=\"Escrito por\" \/>\n\t<meta name=\"twitter:data1\" content=\"admingtfya02\" \/>\n\t<meta name=\"twitter:label2\" content=\"Tiempo de lectura\" \/>\n\t<meta name=\"twitter:data2\" content=\"2 minutos\" \/>\n<script type=\"application\/ld+json\" class=\"yoast-schema-graph\">{\"@context\":\"https:\\\/\\\/schema.org\",\"@graph\":[{\"@type\":\"Article\",\"@id\":\"https:\\\/\\\/www.feyalegria.org\\\/guatemala\\\/gran-rifa-de-fe-y-alegria-guatemala-2\\\/#article\",\"isPartOf\":{\"@id\":\"https:\\\/\\\/www.feyalegria.org\\\/guatemala\\\/gran-rifa-de-fe-y-alegria-guatemala-2\\\/\"},\"author\":{\"name\":\"admingtfya02\",\"@id\":\"https:\\\/\\\/www.feyalegria.org\\\/guatemala\\\/#\\\/schema\\\/person\\\/d850361badaccc6e2f44e91cec6728b9\"},\"headline\":\"GRAN RIFA DE FE Y ALEGR\u00cdA GUATEMALA\",\"datePublished\":\"2021-11-19T18:38:58+00:00\",\"dateModified\":\"2023-09-20T19:19:46+00:00\",\"mainEntityOfPage\":{\"@id\":\"https:\\\/\\\/www.feyalegria.org\\\/guatemala\\\/gran-rifa-de-fe-y-alegria-guatemala-2\\\/\"},\"wordCount\":463,\"image\":{\"@id\":\"https:\\\/\\\/www.feyalegria.org\\\/guatemala\\\/gran-rifa-de-fe-y-alegria-guatemala-2\\\/#primaryimage\"},\"thumbnailUrl\":\"https:\\\/\\\/d3pugrm67vf9n7.cloudfront.net\\\/wp-content\\\/uploads\\\/sites\\\/17\\\/2021\\\/11\\\/19133607\\\/GranRIFA2021-44-scaled.jpg\",\"articleSection\":[\"Noticias\"],\"inLanguage\":\"es\"},{\"@type\":\"WebPage\",\"@id\":\"https:\\\/\\\/www.feyalegria.org\\\/guatemala\\\/gran-rifa-de-fe-y-alegria-guatemala-2\\\/\",\"url\":\"https:\\\/\\\/www.feyalegria.org\\\/guatemala\\\/gran-rifa-de-fe-y-alegria-guatemala-2\\\/\",\"name\":\"GRAN RIFA DE FE Y ALEGR\u00cdA GUATEMALA - #SomosFeyAlegr\u00eda en Guatemala %\",\"isPartOf\":{\"@id\":\"https:\\\/\\\/www.feyalegria.org\\\/guatemala\\\/#website\"},\"primaryImageOfPage\":{\"@id\":\"https:\\\/\\\/www.feyalegria.org\\\/guatemala\\\/gran-rifa-de-fe-y-alegria-guatemala-2\\\/#primaryimage\"},\"image\":{\"@id\":\"https:\\\/\\\/www.feyalegria.org\\\/guatemala\\\/gran-rifa-de-fe-y-alegria-guatemala-2\\\/#primaryimage\"},\"thumbnailUrl\":\"https:\\\/\\\/d3pugrm67vf9n7.cloudfront.net\\\/wp-content\\\/uploads\\\/sites\\\/17\\\/2021\\\/11\\\/19133607\\\/GranRIFA2021-44-scaled.jpg\",\"datePublished\":\"2021-11-19T18:38:58+00:00\",\"dateModified\":\"2023-09-20T19:19:46+00:00\",\"author\":{\"@id\":\"https:\\\/\\\/www.feyalegria.org\\\/guatemala\\\/#\\\/schema\\\/person\\\/d850361badaccc6e2f44e91cec6728b9\"},\"breadcrumb\":{\"@id\":\"https:\\\/\\\/www.feyalegria.org\\\/guatemala\\\/gran-rifa-de-fe-y-alegria-guatemala-2\\\/#breadcrumb\"},\"inLanguage\":\"es\",\"potentialAction\":[{\"@type\":\"ReadAction\",\"target\":[\"https:\\\/\\\/www.feyalegria.org\\\/guatemala\\\/gran-rifa-de-fe-y-alegria-guatemala-2\\\/\"]}]},{\"@type\":\"ImageObject\",\"inLanguage\":\"es\",\"@id\":\"https:\\\/\\\/www.feyalegria.org\\\/guatemala\\\/gran-rifa-de-fe-y-alegria-guatemala-2\\\/#primaryimage\",\"url\":\"https:\\\/\\\/d3pugrm67vf9n7.cloudfront.net\\\/wp-content\\\/uploads\\\/sites\\\/17\\\/2021\\\/11\\\/19133607\\\/GranRIFA2021-44-scaled.jpg\",\"contentUrl\":\"https:\\\/\\\/d3pugrm67vf9n7.cloudfront.net\\\/wp-content\\\/uploads\\\/sites\\\/17\\\/2021\\\/11\\\/19133607\\\/GranRIFA2021-44-scaled.jpg\",\"width\":2560,\"height\":1707},{\"@type\":\"BreadcrumbList\",\"@id\":\"https:\\\/\\\/www.feyalegria.org\\\/guatemala\\\/gran-rifa-de-fe-y-alegria-guatemala-2\\\/#breadcrumb\",\"itemListElement\":[{\"@type\":\"ListItem\",\"position\":1,\"name\":\"Home\",\"item\":\"https:\\\/\\\/www.feyalegria.org\\\/guatemala\\\/\"},{\"@type\":\"ListItem\",\"position\":2,\"name\":\"GRAN RIFA DE FE Y ALEGR\u00cdA GUATEMALA\"}]},{\"@type\":\"WebSite\",\"@id\":\"https:\\\/\\\/www.feyalegria.org\\\/guatemala\\\/#website\",\"url\":\"https:\\\/\\\/www.feyalegria.org\\\/guatemala\\\/\",\"name\":\"#SomosFeyAlegr\u00eda en Guatemala\",\"description\":\"Movimiento de Educaci\u00f3n Popular y Promoci\u00f3n Social\",\"potentialAction\":[{\"@type\":\"SearchAction\",\"target\":{\"@type\":\"EntryPoint\",\"urlTemplate\":\"https:\\\/\\\/www.feyalegria.org\\\/guatemala\\\/?s={search_term_string}\"},\"query-input\":{\"@type\":\"PropertyValueSpecification\",\"valueRequired\":true,\"valueName\":\"search_term_string\"}}],\"inLanguage\":\"es\"},{\"@type\":\"Person\",\"@id\":\"https:\\\/\\\/www.feyalegria.org\\\/guatemala\\\/#\\\/schema\\\/person\\\/d850361badaccc6e2f44e91cec6728b9\",\"name\":\"admingtfya02\",\"url\":\"https:\\\/\\\/www.feyalegria.org\\\/guatemala\\\/author\\\/admingtfya02\\\/\"}]}<\/script>\n<!-- \/ Yoast SEO plugin. -->","yoast_head_json":{"title":"GRAN RIFA DE FE Y ALEGR\u00cdA GUATEMALA - #SomosFeyAlegr\u00eda en Guatemala %","robots":{"index":"index","follow":"follow","max-snippet":"max-snippet:-1","max-image-preview":"max-image-preview:large","max-video-preview":"max-video-preview:-1"},"canonical":"https:\/\/www.feyalegria.org\/guatemala\/gran-rifa-de-fe-y-alegria-guatemala-2\/","og_locale":"es_ES","og_type":"article","og_title":"GRAN RIFA DE FE Y ALEGR\u00cdA GUATEMALA - #SomosFeyAlegr\u00eda en Guatemala %","og_description":"\u201dLa Gran Rifa 2021 \u201cS\u00famate a nuestros sue\u00f1os\u201d de Fe y Alegr\u00eda Guatemala se llev\u00f3 a cabo sumando miles de acciones solidarias de los guatemaltecos y guatemaltecas que, a pesar de la emergencia que se vive por la pandemia de Covid 19...","og_url":"https:\/\/www.feyalegria.org\/guatemala\/gran-rifa-de-fe-y-alegria-guatemala-2\/","og_site_name":"#SomosFeyAlegr\u00eda en Guatemala","article_published_time":"2021-11-19T18:38:58+00:00","article_modified_time":"2023-09-20T19:19:46+00:00","og_image":[{"width":2560,"height":1707,"url":"https:\/\/d3pugrm67vf9n7.cloudfront.net\/wp-content\/uploads\/sites\/17\/2021\/11\/19133607\/GranRIFA2021-44-scaled.jpg","type":"image\/jpeg"}],"author":"admingtfya02","twitter_card":"summary_large_image","twitter_misc":{"Escrito por":"admingtfya02","Tiempo de lectura":"2 minutos"},"schema":{"@context":"https:\/\/schema.org","@graph":[{"@type":"Article","@id":"https:\/\/www.feyalegria.org\/guatemala\/gran-rifa-de-fe-y-alegria-guatemala-2\/#article","isPartOf":{"@id":"https:\/\/www.feyalegria.org\/guatemala\/gran-rifa-de-fe-y-alegria-guatemala-2\/"},"author":{"name":"admingtfya02","@id":"https:\/\/www.feyalegria.org\/guatemala\/#\/schema\/person\/d850361badaccc6e2f44e91cec6728b9"},"headline":"GRAN RIFA DE FE Y ALEGR\u00cdA GUATEMALA","datePublished":"2021-11-19T18:38:58+00:00","dateModified":"2023-09-20T19:19:46+00:00","mainEntityOfPage":{"@id":"https:\/\/www.feyalegria.org\/guatemala\/gran-rifa-de-fe-y-alegria-guatemala-2\/"},"wordCount":463,"image":{"@id":"https:\/\/www.feyalegria.org\/guatemala\/gran-rifa-de-fe-y-alegria-guatemala-2\/#primaryimage"},"thumbnailUrl":"https:\/\/d3pugrm67vf9n7.cloudfront.net\/wp-content\/uploads\/sites\/17\/2021\/11\/19133607\/GranRIFA2021-44-scaled.jpg","articleSection":["Noticias"],"inLanguage":"es"},{"@type":"WebPage","@id":"https:\/\/www.feyalegria.org\/guatemala\/gran-rifa-de-fe-y-alegria-guatemala-2\/","url":"https:\/\/www.feyalegria.org\/guatemala\/gran-rifa-de-fe-y-alegria-guatemala-2\/","name":"GRAN RIFA DE FE Y ALEGR\u00cdA GUATEMALA - #SomosFeyAlegr\u00eda en Guatemala %","isPartOf":{"@id":"https:\/\/www.feyalegria.org\/guatemala\/#website"},"primaryImageOfPage":{"@id":"https:\/\/www.feyalegria.org\/guatemala\/gran-rifa-de-fe-y-alegria-guatemala-2\/#primaryimage"},"image":{"@id":"https:\/\/www.feyalegria.org\/guatemala\/gran-rifa-de-fe-y-alegria-guatemala-2\/#primaryimage"},"thumbnailUrl":"https:\/\/d3pugrm67vf9n7.cloudfront.net\/wp-content\/uploads\/sites\/17\/2021\/11\/19133607\/GranRIFA2021-44-scaled.jpg","datePublished":"2021-11-19T18:38:58+00:00","dateModified":"2023-09-20T19:19:46+00:00","author":{"@id":"https:\/\/www.feyalegria.org\/guatemala\/#\/schema\/person\/d850361badaccc6e2f44e91cec6728b9"},"breadcrumb":{"@id":"https:\/\/www.feyalegria.org\/guatemala\/gran-rifa-de-fe-y-alegria-guatemala-2\/#breadcrumb"},"inLanguage":"es","potentialAction":[{"@type":"ReadAction","target":["https:\/\/www.feyalegria.org\/guatemala\/gran-rifa-de-fe-y-alegria-guatemala-2\/"]}]},{"@type":"ImageObject","inLanguage":"es","@id":"https:\/\/www.feyalegria.org\/guatemala\/gran-rifa-de-fe-y-alegria-guatemala-2\/#primaryimage","url":"https:\/\/d3pugrm67vf9n7.cloudfront.net\/wp-content\/uploads\/sites\/17\/2021\/11\/19133607\/GranRIFA2021-44-scaled.jpg","contentUrl":"https:\/\/d3pugrm67vf9n7.cloudfront.net\/wp-content\/uploads\/sites\/17\/2021\/11\/19133607\/GranRIFA2021-44-scaled.jpg","width":2560,"height":1707},{"@type":"BreadcrumbList","@id":"https:\/\/www.feyalegria.org\/guatemala\/gran-rifa-de-fe-y-alegria-guatemala-2\/#breadcrumb","itemListElement":[{"@type":"ListItem","position":1,"name":"Home","item":"https:\/\/www.feyalegria.org\/guatemala\/"},{"@type":"ListItem","position":2,"name":"GRAN RIFA DE FE Y ALEGR\u00cdA GUATEMALA"}]},{"@type":"WebSite","@id":"https:\/\/www.feyalegria.org\/guatemala\/#website","url":"https:\/\/www.feyalegria.org\/guatemala\/","name":"#SomosFeyAlegr\u00eda en Guatemala","description":"Movimiento de Educaci\u00f3n Popular y Promoci\u00f3n Social","potentialAction":[{"@type":"SearchAction","target":{"@type":"EntryPoint","urlTemplate":"https:\/\/www.feyalegria.org\/guatemala\/?s={search_term_string}"},"query-input":{"@type":"PropertyValueSpecification","valueRequired":true,"valueName":"search_term_string"}}],"inLanguage":"es"},{"@type":"Person","@id":"https:\/\/www.feyalegria.org\/guatemala\/#\/schema\/person\/d850361badaccc6e2f44e91cec6728b9","name":"admingtfya02","url":"https:\/\/www.feyalegria.org\/guatemala\/author\/admingtfya02\/"}]}},"_links":{"self":[{"href":"https:\/\/www.feyalegria.org\/guatemala\/wp-json\/wp\/v2\/posts\/2967","targetHints":{"allow":["GET"]}}],"collection":[{"href":"https:\/\/www.feyalegria.org\/guatemala\/wp-json\/wp\/v2\/posts"}],"about":[{"href":"https:\/\/www.feyalegria.org\/guatemala\/wp-json\/wp\/v2\/types\/post"}],"author":[{"embeddable":true,"href":"https:\/\/www.feyalegria.org\/guatemala\/wp-json\/wp\/v2\/users\/16"}],"replies":[{"embeddable":true,"href":"https:\/\/www.feyalegria.org\/guatemala\/wp-json\/wp\/v2\/comments?post=2967"}],"version-history":[{"count":0,"href":"https:\/\/www.feyalegria.org\/guatemala\/wp-json\/wp\/v2\/posts\/2967\/revisions"}],"wp:featuredmedia":[{"embeddable":true,"href":"https:\/\/www.feyalegria.org\/guatemala\/wp-json\/wp\/v2\/media\/2969"}],"wp:attachment":[{"href":"https:\/\/www.feyalegria.org\/guatemala\/wp-json\/wp\/v2\/media?parent=2967"}],"wp:term":[{"taxonomy":"category","embeddable":true,"href":"https:\/\/www.feyalegria.org\/guatemala\/wp-json\/wp\/v2\/categories?post=2967"},{"taxonomy":"post_tag","embeddable":true,"href":"https:\/\/www.feyalegria.org\/guatemala\/wp-json\/wp\/v2\/tags?post=2967"},{"taxonomy":"post_folder","embeddable":true,"href":"https:\/\/www.feyalegria.org\/guatemala\/wp-json\/wp\/v2\/post_folder?post=2967"}],"curies":[{"name":"wp","href":"https:\/\/api.w.org\/{rel}","templated":true}]}}