{"id":3181,"date":"2022-04-28T09:14:12","date_gmt":"2022-04-28T14:14:12","guid":{"rendered":"https:\/\/www.feyalegria.org\/guatemala\/?p=3181"},"modified":"2023-09-20T14:18:32","modified_gmt":"2023-09-20T19:18:32","slug":"fe-y-alegria-guatemala-se-moviliza-por-la-igualdad-de-genero","status":"publish","type":"post","link":"https:\/\/www.feyalegria.org\/guatemala\/fe-y-alegria-guatemala-se-moviliza-por-la-igualdad-de-genero\/","title":{"rendered":"Fe y Alegr\u00eda Guatemala se moviliza por la Igualdad de G\u00e9nero"},"content":{"rendered":"<div class=\"wpb-content-wrapper\"><p>[vc_row enable_first_overlay=\u00bbtrue\u00bb first_overlay_opacity=\u00bb1&#8243; first_background_color=\u00bb#df5461&#8243; css=\u00bb.vc_custom_1614220964145{padding-top: 40px !important;}\u00bb][vc_column width=\u00bb2\/3&#8243;][vc_single_image image=\u00bb3182&#8243; alignment=\u00bbcenter\u00bb style=\u00bbvc_box_rounded\u00bb][vc_column_text]<\/p>\n<p>Dentro del marco del <strong>D\u00eda Internacional de la Mujer<\/strong>, Fe y Alegr\u00eda Guatemala integra dentro de sus actividades una movilizaci\u00f3n institucional durante todo el mes de marzo para reforzar los valores de igualdad en todos sus colaboradores.<\/p>\n<p>&nbsp;<\/p>\n<p>Esta movilizaci\u00f3n tiene como objetivo informar y sensibilizar a los educadores, educadoras y j\u00f3venes sobre la situaci\u00f3n de violencia y discriminaci\u00f3n que sufren las ni\u00f1as y mujeres en Guatemala para que as\u00ed, sean <strong>Agentes Transformadores<\/strong> de esta realidad desde sus pr\u00e1cticas educativas y cotidianas, en sus centros educativos y en sus entornos m\u00e1s cercanos. Adem\u00e1s de contribuir tambi\u00e9n a cambiar la percepci\u00f3n que se tiene sobre el D\u00eda Internacional de la Mujer como un d\u00eda reivindicativo para garantizar los derechos de las mujeres.<\/p>\n<p>&nbsp;<\/p>\n<p>La campa\u00f1a lleva por lema <em>\u201c\u00a1Hagamos que su Luz Brille! Educaci\u00f3n no violencia\u201d<\/em> que incluye diversas acciones de reflexi\u00f3n en las comunidades, actividades de liderazgo juvenil e igualdad de g\u00e9nero, as\u00ed como una serie de publicaciones digitales y el video animado sobre la realidad nacional de las ni\u00f1as, j\u00f3venes y mujeres de Guatemala, el cual te invitamos a ver: <a href=\"https:\/\/youtu.be\/BsGNf8SiJDI\">https:\/\/youtu.be\/BsGNf8SiJDI<\/a>).<\/p>\n<p>&nbsp;<\/p>\n<p>El \u201cKit de la Igualdad\u201d form\u00f3 parte de la campa\u00f1a con el fin de reforzar la idea de la importancia de educar y construir un mundo en igualdad para crear sociedades justas, dignas, inclusivas y libres de discriminaci\u00f3n. En este se incluy\u00f3 el Informe \u201cHagamos que su luz brille\u201d que resume la situaci\u00f3n de la privaci\u00f3n de la educaci\u00f3n, la dificultad en salud, violencia y abuso de g\u00e9nero y las escasas oportunidades de vida y trabajo que tienen las mujeres guatemaltecas. Ingresa al documento aqu\u00ed: <a href=\"https:\/\/drive.google.com\/file\/d\/1b2HZ0yEGBSOXRAXtU1jafnIcNYZ7YJjy\/view?usp=sharing\">https:\/\/drive.google.com\/file\/d\/1b2HZ0yEGBSOXRAXtU1jafnIcNYZ7YJjy\/view?usp=sharing<\/a><\/p>\n<p>&nbsp;<\/p>\n<p>Para Fe y Alegr\u00eda es importante fomentar una cultura de reflexi\u00f3n en la instituci\u00f3n porque los docentes que forman parte de esta familia son los llamados a ser <em>Agentes Transformadores <\/em>de sus comunidades, un docente consciente de su realidad, puede ayudar a mejorarla, puede ayudar a formar nuevos <em>Agentes Transformadores<\/em> que cambien la realidad de un pa\u00eds necesitado de acciones que dignifiquen la vida de sus ciudadanos y principalmente las de sus ni\u00f1as y mujeres.<\/p>\n<p>[\/vc_column_text][\/vc_column][vc_column width=\u00bb1\/3&#8243; css=\u00bb.vc_custom_1598395418937{padding-top: 30px !important;padding-left: 20px !important;background-color: #f3f3f3 !important;border-radius: 10px !important;}\u00bb][vc_widget_sidebar sidebar_id=\u00bbnicdark_sidebar\u00bb][vc_btn title=\u00bbM\u00e1s noticias\u00bb style=\u00bbcustom\u00bb custom_background=\u00bb#cc0000&#8243; custom_text=\u00bb#ffffff\u00bb shape=\u00bbround\u00bb align=\u00bbcenter\u00bb link=\u00bburl:https%3A%2F%2Fwww.feyalegria.org%2Fguatemala%2Factualidad%2F|title:Novedades\u00bb][\/vc_column][vc_column][\/vc_column][\/vc_row][vc_row][vc_column][vc_single_image image=\u00bb3184&#8243; img_size=\u00bbfull\u00bb alignment=\u00bbcenter\u00bb onclick=\u00bbcustom_link\u00bb css_animation=\u00bbbounceInDown\u00bb][\/vc_column][\/vc_row][vc_row][vc_column][vc_empty_space height=\u00bb50px\u00bb][\/vc_column][\/vc_row]<\/p>\n<\/div>","protected":false},"excerpt":{"rendered":"<div style=\"height: 265px\">Dentro del marco del D\u00eda Internacional de la Mujer, Fe y Alegr\u00eda Guatemala integra dentro de sus actividades una movilizaci\u00f3n institucional durante todo el mes de marzo para reforzar los valores de igualdad en todos sus colaboradores..<\/div>\n","protected":false},"author":16,"featured_media":3183,"comment_status":"closed","ping_status":"open","sticky":false,"template":"","format":"standard","meta":{"_acf_changed":false,"footnotes":""},"categories":[1],"tags":[],"post_folder":[],"class_list":["post-3181","post","type-post","status-publish","format-standard","has-post-thumbnail","hentry","category-sin-categoria"],"acf":[],"yoast_head":"<!-- This site is optimized with the Yoast SEO plugin v27.5 - https:\/\/yoast.com\/product\/yoast-seo-wordpress\/ -->\n<title>Fe y Alegr\u00eda Guatemala se moviliza por la Igualdad de G\u00e9nero - #SomosFeyAlegr\u00eda en Guatemala<\/title>\n<meta name=\"robots\" content=\"index, follow, max-snippet:-1, max-image-preview:large, max-video-preview:-1\" \/>\n<link rel=\"canonical\" href=\"https:\/\/www.feyalegria.org\/guatemala\/fe-y-alegria-guatemala-se-moviliza-por-la-igualdad-de-genero\/\" \/>\n<meta property=\"og:locale\" content=\"es_ES\" \/>\n<meta property=\"og:type\" content=\"article\" \/>\n<meta property=\"og:title\" content=\"Fe y Alegr\u00eda Guatemala se moviliza por la Igualdad de G\u00e9nero - #SomosFeyAlegr\u00eda en Guatemala\" \/>\n<meta property=\"og:description\" content=\"Dentro del marco del D\u00eda Internacional de la Mujer, Fe y Alegr\u00eda Guatemala integra dentro de sus actividades una movilizaci\u00f3n institucional durante todo el mes de marzo para reforzar los valores de igualdad en todos sus colaboradores..\" \/>\n<meta property=\"og:url\" content=\"https:\/\/www.feyalegria.org\/guatemala\/fe-y-alegria-guatemala-se-moviliza-por-la-igualdad-de-genero\/\" \/>\n<meta property=\"og:site_name\" content=\"#SomosFeyAlegr\u00eda en Guatemala\" \/>\n<meta property=\"article:published_time\" content=\"2022-04-28T14:14:12+00:00\" \/>\n<meta property=\"article:modified_time\" content=\"2023-09-20T19:18:32+00:00\" \/>\n<meta property=\"og:image\" content=\"https:\/\/d3pugrm67vf9n7.cloudfront.net\/wp-content\/uploads\/sites\/17\/2022\/04\/28090410\/LLDLN3.jpg\" \/>\n\t<meta property=\"og:image:width\" content=\"1944\" \/>\n\t<meta property=\"og:image:height\" content=\"1296\" \/>\n\t<meta property=\"og:image:type\" content=\"image\/jpeg\" \/>\n<meta name=\"author\" content=\"admingtfya02\" \/>\n<meta name=\"twitter:card\" content=\"summary_large_image\" \/>\n<meta name=\"twitter:label1\" content=\"Escrito por\" \/>\n\t<meta name=\"twitter:data1\" content=\"admingtfya02\" \/>\n\t<meta name=\"twitter:label2\" content=\"Tiempo de lectura\" \/>\n\t<meta name=\"twitter:data2\" content=\"2 minutos\" \/>\n<script type=\"application\/ld+json\" class=\"yoast-schema-graph\">{\"@context\":\"https:\\\/\\\/schema.org\",\"@graph\":[{\"@type\":\"Article\",\"@id\":\"https:\\\/\\\/www.feyalegria.org\\\/guatemala\\\/fe-y-alegria-guatemala-se-moviliza-por-la-igualdad-de-genero\\\/#article\",\"isPartOf\":{\"@id\":\"https:\\\/\\\/www.feyalegria.org\\\/guatemala\\\/fe-y-alegria-guatemala-se-moviliza-por-la-igualdad-de-genero\\\/\"},\"author\":{\"name\":\"admingtfya02\",\"@id\":\"https:\\\/\\\/www.feyalegria.org\\\/guatemala\\\/#\\\/schema\\\/person\\\/d850361badaccc6e2f44e91cec6728b9\"},\"headline\":\"Fe y Alegr\u00eda Guatemala se moviliza por la Igualdad de G\u00e9nero\",\"datePublished\":\"2022-04-28T14:14:12+00:00\",\"dateModified\":\"2023-09-20T19:18:32+00:00\",\"mainEntityOfPage\":{\"@id\":\"https:\\\/\\\/www.feyalegria.org\\\/guatemala\\\/fe-y-alegria-guatemala-se-moviliza-por-la-igualdad-de-genero\\\/\"},\"wordCount\":549,\"image\":{\"@id\":\"https:\\\/\\\/www.feyalegria.org\\\/guatemala\\\/fe-y-alegria-guatemala-se-moviliza-por-la-igualdad-de-genero\\\/#primaryimage\"},\"thumbnailUrl\":\"https:\\\/\\\/d3pugrm67vf9n7.cloudfront.net\\\/wp-content\\\/uploads\\\/sites\\\/17\\\/2022\\\/04\\\/28090410\\\/LLDLN3.jpg\",\"inLanguage\":\"es\"},{\"@type\":\"WebPage\",\"@id\":\"https:\\\/\\\/www.feyalegria.org\\\/guatemala\\\/fe-y-alegria-guatemala-se-moviliza-por-la-igualdad-de-genero\\\/\",\"url\":\"https:\\\/\\\/www.feyalegria.org\\\/guatemala\\\/fe-y-alegria-guatemala-se-moviliza-por-la-igualdad-de-genero\\\/\",\"name\":\"Fe y Alegr\u00eda Guatemala se moviliza por la Igualdad de G\u00e9nero - #SomosFeyAlegr\u00eda en Guatemala\",\"isPartOf\":{\"@id\":\"https:\\\/\\\/www.feyalegria.org\\\/guatemala\\\/#website\"},\"primaryImageOfPage\":{\"@id\":\"https:\\\/\\\/www.feyalegria.org\\\/guatemala\\\/fe-y-alegria-guatemala-se-moviliza-por-la-igualdad-de-genero\\\/#primaryimage\"},\"image\":{\"@id\":\"https:\\\/\\\/www.feyalegria.org\\\/guatemala\\\/fe-y-alegria-guatemala-se-moviliza-por-la-igualdad-de-genero\\\/#primaryimage\"},\"thumbnailUrl\":\"https:\\\/\\\/d3pugrm67vf9n7.cloudfront.net\\\/wp-content\\\/uploads\\\/sites\\\/17\\\/2022\\\/04\\\/28090410\\\/LLDLN3.jpg\",\"datePublished\":\"2022-04-28T14:14:12+00:00\",\"dateModified\":\"2023-09-20T19:18:32+00:00\",\"author\":{\"@id\":\"https:\\\/\\\/www.feyalegria.org\\\/guatemala\\\/#\\\/schema\\\/person\\\/d850361badaccc6e2f44e91cec6728b9\"},\"breadcrumb\":{\"@id\":\"https:\\\/\\\/www.feyalegria.org\\\/guatemala\\\/fe-y-alegria-guatemala-se-moviliza-por-la-igualdad-de-genero\\\/#breadcrumb\"},\"inLanguage\":\"es\",\"potentialAction\":[{\"@type\":\"ReadAction\",\"target\":[\"https:\\\/\\\/www.feyalegria.org\\\/guatemala\\\/fe-y-alegria-guatemala-se-moviliza-por-la-igualdad-de-genero\\\/\"]}]},{\"@type\":\"ImageObject\",\"inLanguage\":\"es\",\"@id\":\"https:\\\/\\\/www.feyalegria.org\\\/guatemala\\\/fe-y-alegria-guatemala-se-moviliza-por-la-igualdad-de-genero\\\/#primaryimage\",\"url\":\"https:\\\/\\\/d3pugrm67vf9n7.cloudfront.net\\\/wp-content\\\/uploads\\\/sites\\\/17\\\/2022\\\/04\\\/28090410\\\/LLDLN3.jpg\",\"contentUrl\":\"https:\\\/\\\/d3pugrm67vf9n7.cloudfront.net\\\/wp-content\\\/uploads\\\/sites\\\/17\\\/2022\\\/04\\\/28090410\\\/LLDLN3.jpg\",\"width\":1944,\"height\":1296},{\"@type\":\"BreadcrumbList\",\"@id\":\"https:\\\/\\\/www.feyalegria.org\\\/guatemala\\\/fe-y-alegria-guatemala-se-moviliza-por-la-igualdad-de-genero\\\/#breadcrumb\",\"itemListElement\":[{\"@type\":\"ListItem\",\"position\":1,\"name\":\"Home\",\"item\":\"https:\\\/\\\/www.feyalegria.org\\\/guatemala\\\/\"},{\"@type\":\"ListItem\",\"position\":2,\"name\":\"Fe y Alegr\u00eda Guatemala se moviliza por la Igualdad de G\u00e9nero\"}]},{\"@type\":\"WebSite\",\"@id\":\"https:\\\/\\\/www.feyalegria.org\\\/guatemala\\\/#website\",\"url\":\"https:\\\/\\\/www.feyalegria.org\\\/guatemala\\\/\",\"name\":\"#SomosFeyAlegr\u00eda en Guatemala\",\"description\":\"Movimiento de Educaci\u00f3n Popular y Promoci\u00f3n Social\",\"potentialAction\":[{\"@type\":\"SearchAction\",\"target\":{\"@type\":\"EntryPoint\",\"urlTemplate\":\"https:\\\/\\\/www.feyalegria.org\\\/guatemala\\\/?s={search_term_string}\"},\"query-input\":{\"@type\":\"PropertyValueSpecification\",\"valueRequired\":true,\"valueName\":\"search_term_string\"}}],\"inLanguage\":\"es\"},{\"@type\":\"Person\",\"@id\":\"https:\\\/\\\/www.feyalegria.org\\\/guatemala\\\/#\\\/schema\\\/person\\\/d850361badaccc6e2f44e91cec6728b9\",\"name\":\"admingtfya02\",\"url\":\"https:\\\/\\\/www.feyalegria.org\\\/guatemala\\\/author\\\/admingtfya02\\\/\"}]}<\/script>\n<!-- \/ Yoast SEO plugin. -->","yoast_head_json":{"title":"Fe y Alegr\u00eda Guatemala se moviliza por la Igualdad de G\u00e9nero - #SomosFeyAlegr\u00eda en Guatemala","robots":{"index":"index","follow":"follow","max-snippet":"max-snippet:-1","max-image-preview":"max-image-preview:large","max-video-preview":"max-video-preview:-1"},"canonical":"https:\/\/www.feyalegria.org\/guatemala\/fe-y-alegria-guatemala-se-moviliza-por-la-igualdad-de-genero\/","og_locale":"es_ES","og_type":"article","og_title":"Fe y Alegr\u00eda Guatemala se moviliza por la Igualdad de G\u00e9nero - #SomosFeyAlegr\u00eda en Guatemala","og_description":"Dentro del marco del D\u00eda Internacional de la Mujer, Fe y Alegr\u00eda Guatemala integra dentro de sus actividades una movilizaci\u00f3n institucional durante todo el mes de marzo para reforzar los valores de igualdad en todos sus colaboradores..","og_url":"https:\/\/www.feyalegria.org\/guatemala\/fe-y-alegria-guatemala-se-moviliza-por-la-igualdad-de-genero\/","og_site_name":"#SomosFeyAlegr\u00eda en Guatemala","article_published_time":"2022-04-28T14:14:12+00:00","article_modified_time":"2023-09-20T19:18:32+00:00","og_image":[{"width":1944,"height":1296,"url":"https:\/\/d3pugrm67vf9n7.cloudfront.net\/wp-content\/uploads\/sites\/17\/2022\/04\/28090410\/LLDLN3.jpg","type":"image\/jpeg"}],"author":"admingtfya02","twitter_card":"summary_large_image","twitter_misc":{"Escrito por":"admingtfya02","Tiempo de lectura":"2 minutos"},"schema":{"@context":"https:\/\/schema.org","@graph":[{"@type":"Article","@id":"https:\/\/www.feyalegria.org\/guatemala\/fe-y-alegria-guatemala-se-moviliza-por-la-igualdad-de-genero\/#article","isPartOf":{"@id":"https:\/\/www.feyalegria.org\/guatemala\/fe-y-alegria-guatemala-se-moviliza-por-la-igualdad-de-genero\/"},"author":{"name":"admingtfya02","@id":"https:\/\/www.feyalegria.org\/guatemala\/#\/schema\/person\/d850361badaccc6e2f44e91cec6728b9"},"headline":"Fe y Alegr\u00eda Guatemala se moviliza por la Igualdad de G\u00e9nero","datePublished":"2022-04-28T14:14:12+00:00","dateModified":"2023-09-20T19:18:32+00:00","mainEntityOfPage":{"@id":"https:\/\/www.feyalegria.org\/guatemala\/fe-y-alegria-guatemala-se-moviliza-por-la-igualdad-de-genero\/"},"wordCount":549,"image":{"@id":"https:\/\/www.feyalegria.org\/guatemala\/fe-y-alegria-guatemala-se-moviliza-por-la-igualdad-de-genero\/#primaryimage"},"thumbnailUrl":"https:\/\/d3pugrm67vf9n7.cloudfront.net\/wp-content\/uploads\/sites\/17\/2022\/04\/28090410\/LLDLN3.jpg","inLanguage":"es"},{"@type":"WebPage","@id":"https:\/\/www.feyalegria.org\/guatemala\/fe-y-alegria-guatemala-se-moviliza-por-la-igualdad-de-genero\/","url":"https:\/\/www.feyalegria.org\/guatemala\/fe-y-alegria-guatemala-se-moviliza-por-la-igualdad-de-genero\/","name":"Fe y Alegr\u00eda Guatemala se moviliza por la Igualdad de G\u00e9nero - #SomosFeyAlegr\u00eda en Guatemala","isPartOf":{"@id":"https:\/\/www.feyalegria.org\/guatemala\/#website"},"primaryImageOfPage":{"@id":"https:\/\/www.feyalegria.org\/guatemala\/fe-y-alegria-guatemala-se-moviliza-por-la-igualdad-de-genero\/#primaryimage"},"image":{"@id":"https:\/\/www.feyalegria.org\/guatemala\/fe-y-alegria-guatemala-se-moviliza-por-la-igualdad-de-genero\/#primaryimage"},"thumbnailUrl":"https:\/\/d3pugrm67vf9n7.cloudfront.net\/wp-content\/uploads\/sites\/17\/2022\/04\/28090410\/LLDLN3.jpg","datePublished":"2022-04-28T14:14:12+00:00","dateModified":"2023-09-20T19:18:32+00:00","author":{"@id":"https:\/\/www.feyalegria.org\/guatemala\/#\/schema\/person\/d850361badaccc6e2f44e91cec6728b9"},"breadcrumb":{"@id":"https:\/\/www.feyalegria.org\/guatemala\/fe-y-alegria-guatemala-se-moviliza-por-la-igualdad-de-genero\/#breadcrumb"},"inLanguage":"es","potentialAction":[{"@type":"ReadAction","target":["https:\/\/www.feyalegria.org\/guatemala\/fe-y-alegria-guatemala-se-moviliza-por-la-igualdad-de-genero\/"]}]},{"@type":"ImageObject","inLanguage":"es","@id":"https:\/\/www.feyalegria.org\/guatemala\/fe-y-alegria-guatemala-se-moviliza-por-la-igualdad-de-genero\/#primaryimage","url":"https:\/\/d3pugrm67vf9n7.cloudfront.net\/wp-content\/uploads\/sites\/17\/2022\/04\/28090410\/LLDLN3.jpg","contentUrl":"https:\/\/d3pugrm67vf9n7.cloudfront.net\/wp-content\/uploads\/sites\/17\/2022\/04\/28090410\/LLDLN3.jpg","width":1944,"height":1296},{"@type":"BreadcrumbList","@id":"https:\/\/www.feyalegria.org\/guatemala\/fe-y-alegria-guatemala-se-moviliza-por-la-igualdad-de-genero\/#breadcrumb","itemListElement":[{"@type":"ListItem","position":1,"name":"Home","item":"https:\/\/www.feyalegria.org\/guatemala\/"},{"@type":"ListItem","position":2,"name":"Fe y Alegr\u00eda Guatemala se moviliza por la Igualdad de G\u00e9nero"}]},{"@type":"WebSite","@id":"https:\/\/www.feyalegria.org\/guatemala\/#website","url":"https:\/\/www.feyalegria.org\/guatemala\/","name":"#SomosFeyAlegr\u00eda en Guatemala","description":"Movimiento de Educaci\u00f3n Popular y Promoci\u00f3n Social","potentialAction":[{"@type":"SearchAction","target":{"@type":"EntryPoint","urlTemplate":"https:\/\/www.feyalegria.org\/guatemala\/?s={search_term_string}"},"query-input":{"@type":"PropertyValueSpecification","valueRequired":true,"valueName":"search_term_string"}}],"inLanguage":"es"},{"@type":"Person","@id":"https:\/\/www.feyalegria.org\/guatemala\/#\/schema\/person\/d850361badaccc6e2f44e91cec6728b9","name":"admingtfya02","url":"https:\/\/www.feyalegria.org\/guatemala\/author\/admingtfya02\/"}]}},"_links":{"self":[{"href":"https:\/\/www.feyalegria.org\/guatemala\/wp-json\/wp\/v2\/posts\/3181","targetHints":{"allow":["GET"]}}],"collection":[{"href":"https:\/\/www.feyalegria.org\/guatemala\/wp-json\/wp\/v2\/posts"}],"about":[{"href":"https:\/\/www.feyalegria.org\/guatemala\/wp-json\/wp\/v2\/types\/post"}],"author":[{"embeddable":true,"href":"https:\/\/www.feyalegria.org\/guatemala\/wp-json\/wp\/v2\/users\/16"}],"replies":[{"embeddable":true,"href":"https:\/\/www.feyalegria.org\/guatemala\/wp-json\/wp\/v2\/comments?post=3181"}],"version-history":[{"count":0,"href":"https:\/\/www.feyalegria.org\/guatemala\/wp-json\/wp\/v2\/posts\/3181\/revisions"}],"wp:featuredmedia":[{"embeddable":true,"href":"https:\/\/www.feyalegria.org\/guatemala\/wp-json\/wp\/v2\/media\/3183"}],"wp:attachment":[{"href":"https:\/\/www.feyalegria.org\/guatemala\/wp-json\/wp\/v2\/media?parent=3181"}],"wp:term":[{"taxonomy":"category","embeddable":true,"href":"https:\/\/www.feyalegria.org\/guatemala\/wp-json\/wp\/v2\/categories?post=3181"},{"taxonomy":"post_tag","embeddable":true,"href":"https:\/\/www.feyalegria.org\/guatemala\/wp-json\/wp\/v2\/tags?post=3181"},{"taxonomy":"post_folder","embeddable":true,"href":"https:\/\/www.feyalegria.org\/guatemala\/wp-json\/wp\/v2\/post_folder?post=3181"}],"curies":[{"name":"wp","href":"https:\/\/api.w.org\/{rel}","templated":true}]}}