{"id":3229,"date":"2022-05-04T09:11:13","date_gmt":"2022-05-04T14:11:13","guid":{"rendered":"https:\/\/www.feyalegria.org\/guatemala\/?p=3229"},"modified":"2023-09-20T14:18:21","modified_gmt":"2023-09-20T19:18:21","slug":"una-nina-colibri-en-el-iii-encuentro-de-la-red-generacion-21","status":"publish","type":"post","link":"https:\/\/www.feyalegria.org\/guatemala\/una-nina-colibri-en-el-iii-encuentro-de-la-red-generacion-21\/","title":{"rendered":"Una Ni\u00f1a Colibr\u00ed en el  III encuentro de la Red Generaci\u00f3n 21+"},"content":{"rendered":"<div class=\"wpb-content-wrapper\"><p>[vc_row enable_first_overlay=\u00bbtrue\u00bb first_overlay_opacity=\u00bb1&#8243; first_background_color=\u00bb#df5461&#8243; css=\u00bb.vc_custom_1614220964145{padding-top: 40px !important;}\u00bb][vc_column width=\u00bb2\/3&#8243;][vc_single_image image=\u00bb3237&#8243; img_size=\u00bbMedium\u00bb alignment=\u00bbcenter\u00bb style=\u00bbvc_box_rounded\u00bb][vc_column_text]<\/p>\n<p style=\"text-align: justify;\">Josefina T\u00edu, Ni\u00f1a Colibr\u00ed del Programa de La Luz de las Ni\u00f1as en Guatemala y participante del programa #VoyASer de Santillana, junto al joven l\u00edder de Fe y Alegr\u00eda en Zacualpa, Quich\u00e9, Randal Barrientos, fueron invitados a participar en el III Encuentro de la Red Generaci\u00f3n 21+ junto a 130 j\u00f3venes y educadores de Ecuador, Guatemala, Nicaragua, Honduras, Rep\u00fablica Dominicana, Argentina, el Chad, Rep\u00fablica Democr\u00e1tica del Congo y Espa\u00f1a quienes se reunieron del 20 al 22 de abril en Madrid, Espa\u00f1a con el fin de reflexionar y compartir buenas pr\u00e1cticas de Ciudadan\u00eda Global que vienen desarrollado en sus comunidades.<\/p>\n<p>&nbsp;<\/p>\n<p style=\"text-align: justify;\">Desde el a\u00f1o 2018 la Red Generaci\u00f3n 21+ ha propiciado el espacio denominado <em>Encuentro Internacional de J\u00f3venes <\/em>donde se les re\u00fane para vincularlos a procesos que ayuden a generar propuestas transformadoras para llevarlas a cabo en los distintos contextos en los que trabaja Fe y Alegr\u00eda alrededor del mundo.<\/p>\n<p>&nbsp;<\/p>\n<p style=\"text-align: justify;\">Las experiencias de Josefina, en torno a las violencias de g\u00e9nero que sufren las ni\u00f1as y j\u00f3venes en Guatemala, sumadas a las experiencias de todos los j\u00f3venes participantes de distintos pa\u00edses del mundo, contribuyeron a que el III Encuentro de j\u00f3venes de la Red Generaci\u00f3n 21+ terminara con la redacci\u00f3n del manifiesto que remarca problemas puntuales sobre equidad de g\u00e9nero, desigualdades sociales, cuidado del medio ambiente y derecho a la educaci\u00f3n, el cual se plasm\u00f3 en un documento que prioriza las acciones de los j\u00f3venes y sus distintos grupos de incidencia locales para los siguientes dos a\u00f1os. Le invitamos a leer el manifiesto completo en el siguiente enlace: <a href=\"https:\/\/redec.org\/app\/uploads\/2022\/04\/Plan-de-Accion-de-Agentes-de-Cambio-Encuentro-Global-2022.pdf\">https:\/\/redec.org\/app\/uploads\/2022\/04\/Plan-de-Accion-de-Agentes-de-Cambio-Encuentro-Global-2022.pdf<\/a><\/p>\n<p>&nbsp;<\/p>\n<p style=\"text-align: justify;\">Al finalizar el Encuentro, Josefina junto a Randal Barrientos y Luis L\u00f3pez, quienes conformaron la delegaci\u00f3n de Guatemala, realizaron visitas y presentaciones a centros educativos y delegaciones de Entreculturas para compartir sobre las limitaciones educativas y sociales en Guatemala, el impacto del trabajo de Fe y Alegr\u00eda en el pa\u00eds vinculados a la formaci\u00f3n y liderazgo de los j\u00f3venes.<\/p>\n<p>&nbsp;<\/p>\n<p style=\"text-align: justify;\">Estas iniciativas no solo han permitido compartir las experiencias desde la voz de los j\u00f3venes, sino que ha logrado visibilizar las violencias m\u00e1s all\u00e1 de las fronteras guatemaltecas y a desarrollar proyectos y acciones que logren desencadenar espacios a beneficio de las mujeres y j\u00f3venes que, como Josefina, se encuentran en riesgo latente de limitar su desarrollo personal como consecuencia de las desigualdades sociales.<\/p>\n<p>[\/vc_column_text][\/vc_column][vc_column width=\u00bb1\/3&#8243; css=\u00bb.vc_custom_1598395418937{padding-top: 30px !important;padding-left: 20px !important;background-color: #f3f3f3 !important;border-radius: 10px !important;}\u00bb][vc_widget_sidebar sidebar_id=\u00bbnicdark_sidebar\u00bb][vc_btn title=\u00bbM\u00e1s noticias\u00bb style=\u00bbcustom\u00bb custom_background=\u00bb#cc0000&#8243; custom_text=\u00bb#ffffff\u00bb shape=\u00bbround\u00bb align=\u00bbcenter\u00bb link=\u00bburl:https%3A%2F%2Fwww.feyalegria.org%2Fguatemala%2Factualidad%2F|title:Novedades\u00bb][\/vc_column][vc_column][\/vc_column][\/vc_row][vc_row][vc_column][vc_single_image image=\u00bb3232&#8243; img_size=\u00bbLARGE\u00bb alignment=\u00bbcenter\u00bb][\/vc_column][\/vc_row][vc_row][vc_column][vc_column_text]<\/p>\n<p>[\/vc_column_text][\/vc_column][\/vc_row]<\/p>\n<\/div>","protected":false},"excerpt":{"rendered":"<div style=\"height: 265px\">Josefina T\u00edu, Ni\u00f1a Colibr\u00ed del Programa de La Luz de las Ni\u00f1as en Guatemala y participante del programa #VoyASer de Santillana, junto al joven l\u00edder de Fe y Alegr\u00eda en Zacualpa, Quich\u00e9, Randal Barrientos, fueron invitados a participar en el III Encuentro de la Red Generaci\u00f3n 21+.<\/div>\n","protected":false},"author":16,"featured_media":3233,"comment_status":"closed","ping_status":"open","sticky":false,"template":"","format":"standard","meta":{"_acf_changed":false,"footnotes":""},"categories":[1],"tags":[],"post_folder":[],"class_list":["post-3229","post","type-post","status-publish","format-standard","has-post-thumbnail","hentry","category-sin-categoria"],"acf":[],"yoast_head":"<!-- This site is optimized with the Yoast SEO plugin v27.5 - https:\/\/yoast.com\/product\/yoast-seo-wordpress\/ -->\n<title>Una Ni\u00f1a Colibr\u00ed en el III encuentro de la Red Generaci\u00f3n 21+ - #SomosFeyAlegr\u00eda en Guatemala<\/title>\n<meta name=\"robots\" content=\"index, follow, max-snippet:-1, max-image-preview:large, max-video-preview:-1\" \/>\n<link rel=\"canonical\" href=\"https:\/\/www.feyalegria.org\/guatemala\/una-nina-colibri-en-el-iii-encuentro-de-la-red-generacion-21\/\" \/>\n<meta property=\"og:locale\" content=\"es_ES\" \/>\n<meta property=\"og:type\" content=\"article\" \/>\n<meta property=\"og:title\" content=\"Una Ni\u00f1a Colibr\u00ed en el III encuentro de la Red Generaci\u00f3n 21+ - #SomosFeyAlegr\u00eda en Guatemala\" \/>\n<meta property=\"og:description\" content=\"Josefina T\u00edu, Ni\u00f1a Colibr\u00ed del Programa de La Luz de las Ni\u00f1as en Guatemala y participante del programa #VoyASer de Santillana, junto al joven l\u00edder de Fe y Alegr\u00eda en Zacualpa, Quich\u00e9, Randal Barrientos, fueron invitados a participar en el III Encuentro de la Red Generaci\u00f3n 21+.\" \/>\n<meta property=\"og:url\" content=\"https:\/\/www.feyalegria.org\/guatemala\/una-nina-colibri-en-el-iii-encuentro-de-la-red-generacion-21\/\" \/>\n<meta property=\"og:site_name\" content=\"#SomosFeyAlegr\u00eda en Guatemala\" \/>\n<meta property=\"article:published_time\" content=\"2022-05-04T14:11:13+00:00\" \/>\n<meta property=\"article:modified_time\" content=\"2023-09-20T19:18:21+00:00\" \/>\n<meta property=\"og:image\" content=\"https:\/\/d3pugrm67vf9n7.cloudfront.net\/wp-content\/uploads\/sites\/17\/2022\/05\/04090807\/IMG_5381-scaled.jpg\" \/>\n\t<meta property=\"og:image:width\" content=\"2560\" \/>\n\t<meta property=\"og:image:height\" content=\"1920\" \/>\n\t<meta property=\"og:image:type\" content=\"image\/jpeg\" \/>\n<meta name=\"author\" content=\"admingtfya02\" \/>\n<meta name=\"twitter:card\" content=\"summary_large_image\" \/>\n<meta name=\"twitter:label1\" content=\"Escrito por\" \/>\n\t<meta name=\"twitter:data1\" content=\"admingtfya02\" \/>\n\t<meta name=\"twitter:label2\" content=\"Tiempo de lectura\" \/>\n\t<meta name=\"twitter:data2\" content=\"2 minutos\" \/>\n<script type=\"application\/ld+json\" class=\"yoast-schema-graph\">{\"@context\":\"https:\\\/\\\/schema.org\",\"@graph\":[{\"@type\":\"Article\",\"@id\":\"https:\\\/\\\/www.feyalegria.org\\\/guatemala\\\/una-nina-colibri-en-el-iii-encuentro-de-la-red-generacion-21\\\/#article\",\"isPartOf\":{\"@id\":\"https:\\\/\\\/www.feyalegria.org\\\/guatemala\\\/una-nina-colibri-en-el-iii-encuentro-de-la-red-generacion-21\\\/\"},\"author\":{\"name\":\"admingtfya02\",\"@id\":\"https:\\\/\\\/www.feyalegria.org\\\/guatemala\\\/#\\\/schema\\\/person\\\/d850361badaccc6e2f44e91cec6728b9\"},\"headline\":\"Una Ni\u00f1a Colibr\u00ed en el III encuentro de la Red Generaci\u00f3n 21+\",\"datePublished\":\"2022-05-04T14:11:13+00:00\",\"dateModified\":\"2023-09-20T19:18:21+00:00\",\"mainEntityOfPage\":{\"@id\":\"https:\\\/\\\/www.feyalegria.org\\\/guatemala\\\/una-nina-colibri-en-el-iii-encuentro-de-la-red-generacion-21\\\/\"},\"wordCount\":576,\"image\":{\"@id\":\"https:\\\/\\\/www.feyalegria.org\\\/guatemala\\\/una-nina-colibri-en-el-iii-encuentro-de-la-red-generacion-21\\\/#primaryimage\"},\"thumbnailUrl\":\"https:\\\/\\\/d3pugrm67vf9n7.cloudfront.net\\\/wp-content\\\/uploads\\\/sites\\\/17\\\/2022\\\/05\\\/04090807\\\/IMG_5381-scaled.jpg\",\"inLanguage\":\"es\"},{\"@type\":\"WebPage\",\"@id\":\"https:\\\/\\\/www.feyalegria.org\\\/guatemala\\\/una-nina-colibri-en-el-iii-encuentro-de-la-red-generacion-21\\\/\",\"url\":\"https:\\\/\\\/www.feyalegria.org\\\/guatemala\\\/una-nina-colibri-en-el-iii-encuentro-de-la-red-generacion-21\\\/\",\"name\":\"Una Ni\u00f1a Colibr\u00ed en el III encuentro de la Red Generaci\u00f3n 21+ - #SomosFeyAlegr\u00eda en Guatemala\",\"isPartOf\":{\"@id\":\"https:\\\/\\\/www.feyalegria.org\\\/guatemala\\\/#website\"},\"primaryImageOfPage\":{\"@id\":\"https:\\\/\\\/www.feyalegria.org\\\/guatemala\\\/una-nina-colibri-en-el-iii-encuentro-de-la-red-generacion-21\\\/#primaryimage\"},\"image\":{\"@id\":\"https:\\\/\\\/www.feyalegria.org\\\/guatemala\\\/una-nina-colibri-en-el-iii-encuentro-de-la-red-generacion-21\\\/#primaryimage\"},\"thumbnailUrl\":\"https:\\\/\\\/d3pugrm67vf9n7.cloudfront.net\\\/wp-content\\\/uploads\\\/sites\\\/17\\\/2022\\\/05\\\/04090807\\\/IMG_5381-scaled.jpg\",\"datePublished\":\"2022-05-04T14:11:13+00:00\",\"dateModified\":\"2023-09-20T19:18:21+00:00\",\"author\":{\"@id\":\"https:\\\/\\\/www.feyalegria.org\\\/guatemala\\\/#\\\/schema\\\/person\\\/d850361badaccc6e2f44e91cec6728b9\"},\"breadcrumb\":{\"@id\":\"https:\\\/\\\/www.feyalegria.org\\\/guatemala\\\/una-nina-colibri-en-el-iii-encuentro-de-la-red-generacion-21\\\/#breadcrumb\"},\"inLanguage\":\"es\",\"potentialAction\":[{\"@type\":\"ReadAction\",\"target\":[\"https:\\\/\\\/www.feyalegria.org\\\/guatemala\\\/una-nina-colibri-en-el-iii-encuentro-de-la-red-generacion-21\\\/\"]}]},{\"@type\":\"ImageObject\",\"inLanguage\":\"es\",\"@id\":\"https:\\\/\\\/www.feyalegria.org\\\/guatemala\\\/una-nina-colibri-en-el-iii-encuentro-de-la-red-generacion-21\\\/#primaryimage\",\"url\":\"https:\\\/\\\/d3pugrm67vf9n7.cloudfront.net\\\/wp-content\\\/uploads\\\/sites\\\/17\\\/2022\\\/05\\\/04090807\\\/IMG_5381-scaled.jpg\",\"contentUrl\":\"https:\\\/\\\/d3pugrm67vf9n7.cloudfront.net\\\/wp-content\\\/uploads\\\/sites\\\/17\\\/2022\\\/05\\\/04090807\\\/IMG_5381-scaled.jpg\",\"width\":2560,\"height\":1920},{\"@type\":\"BreadcrumbList\",\"@id\":\"https:\\\/\\\/www.feyalegria.org\\\/guatemala\\\/una-nina-colibri-en-el-iii-encuentro-de-la-red-generacion-21\\\/#breadcrumb\",\"itemListElement\":[{\"@type\":\"ListItem\",\"position\":1,\"name\":\"Home\",\"item\":\"https:\\\/\\\/www.feyalegria.org\\\/guatemala\\\/\"},{\"@type\":\"ListItem\",\"position\":2,\"name\":\"Una Ni\u00f1a Colibr\u00ed en el III encuentro de la Red Generaci\u00f3n 21+\"}]},{\"@type\":\"WebSite\",\"@id\":\"https:\\\/\\\/www.feyalegria.org\\\/guatemala\\\/#website\",\"url\":\"https:\\\/\\\/www.feyalegria.org\\\/guatemala\\\/\",\"name\":\"#SomosFeyAlegr\u00eda en Guatemala\",\"description\":\"Movimiento de Educaci\u00f3n Popular y Promoci\u00f3n Social\",\"potentialAction\":[{\"@type\":\"SearchAction\",\"target\":{\"@type\":\"EntryPoint\",\"urlTemplate\":\"https:\\\/\\\/www.feyalegria.org\\\/guatemala\\\/?s={search_term_string}\"},\"query-input\":{\"@type\":\"PropertyValueSpecification\",\"valueRequired\":true,\"valueName\":\"search_term_string\"}}],\"inLanguage\":\"es\"},{\"@type\":\"Person\",\"@id\":\"https:\\\/\\\/www.feyalegria.org\\\/guatemala\\\/#\\\/schema\\\/person\\\/d850361badaccc6e2f44e91cec6728b9\",\"name\":\"admingtfya02\",\"url\":\"https:\\\/\\\/www.feyalegria.org\\\/guatemala\\\/author\\\/admingtfya02\\\/\"}]}<\/script>\n<!-- \/ Yoast SEO plugin. -->","yoast_head_json":{"title":"Una Ni\u00f1a Colibr\u00ed en el III encuentro de la Red Generaci\u00f3n 21+ - #SomosFeyAlegr\u00eda en Guatemala","robots":{"index":"index","follow":"follow","max-snippet":"max-snippet:-1","max-image-preview":"max-image-preview:large","max-video-preview":"max-video-preview:-1"},"canonical":"https:\/\/www.feyalegria.org\/guatemala\/una-nina-colibri-en-el-iii-encuentro-de-la-red-generacion-21\/","og_locale":"es_ES","og_type":"article","og_title":"Una Ni\u00f1a Colibr\u00ed en el III encuentro de la Red Generaci\u00f3n 21+ - #SomosFeyAlegr\u00eda en Guatemala","og_description":"Josefina T\u00edu, Ni\u00f1a Colibr\u00ed del Programa de La Luz de las Ni\u00f1as en Guatemala y participante del programa #VoyASer de Santillana, junto al joven l\u00edder de Fe y Alegr\u00eda en Zacualpa, Quich\u00e9, Randal Barrientos, fueron invitados a participar en el III Encuentro de la Red Generaci\u00f3n 21+.","og_url":"https:\/\/www.feyalegria.org\/guatemala\/una-nina-colibri-en-el-iii-encuentro-de-la-red-generacion-21\/","og_site_name":"#SomosFeyAlegr\u00eda en Guatemala","article_published_time":"2022-05-04T14:11:13+00:00","article_modified_time":"2023-09-20T19:18:21+00:00","og_image":[{"width":2560,"height":1920,"url":"https:\/\/d3pugrm67vf9n7.cloudfront.net\/wp-content\/uploads\/sites\/17\/2022\/05\/04090807\/IMG_5381-scaled.jpg","type":"image\/jpeg"}],"author":"admingtfya02","twitter_card":"summary_large_image","twitter_misc":{"Escrito por":"admingtfya02","Tiempo de lectura":"2 minutos"},"schema":{"@context":"https:\/\/schema.org","@graph":[{"@type":"Article","@id":"https:\/\/www.feyalegria.org\/guatemala\/una-nina-colibri-en-el-iii-encuentro-de-la-red-generacion-21\/#article","isPartOf":{"@id":"https:\/\/www.feyalegria.org\/guatemala\/una-nina-colibri-en-el-iii-encuentro-de-la-red-generacion-21\/"},"author":{"name":"admingtfya02","@id":"https:\/\/www.feyalegria.org\/guatemala\/#\/schema\/person\/d850361badaccc6e2f44e91cec6728b9"},"headline":"Una Ni\u00f1a Colibr\u00ed en el III encuentro de la Red Generaci\u00f3n 21+","datePublished":"2022-05-04T14:11:13+00:00","dateModified":"2023-09-20T19:18:21+00:00","mainEntityOfPage":{"@id":"https:\/\/www.feyalegria.org\/guatemala\/una-nina-colibri-en-el-iii-encuentro-de-la-red-generacion-21\/"},"wordCount":576,"image":{"@id":"https:\/\/www.feyalegria.org\/guatemala\/una-nina-colibri-en-el-iii-encuentro-de-la-red-generacion-21\/#primaryimage"},"thumbnailUrl":"https:\/\/d3pugrm67vf9n7.cloudfront.net\/wp-content\/uploads\/sites\/17\/2022\/05\/04090807\/IMG_5381-scaled.jpg","inLanguage":"es"},{"@type":"WebPage","@id":"https:\/\/www.feyalegria.org\/guatemala\/una-nina-colibri-en-el-iii-encuentro-de-la-red-generacion-21\/","url":"https:\/\/www.feyalegria.org\/guatemala\/una-nina-colibri-en-el-iii-encuentro-de-la-red-generacion-21\/","name":"Una Ni\u00f1a Colibr\u00ed en el III encuentro de la Red Generaci\u00f3n 21+ - #SomosFeyAlegr\u00eda en Guatemala","isPartOf":{"@id":"https:\/\/www.feyalegria.org\/guatemala\/#website"},"primaryImageOfPage":{"@id":"https:\/\/www.feyalegria.org\/guatemala\/una-nina-colibri-en-el-iii-encuentro-de-la-red-generacion-21\/#primaryimage"},"image":{"@id":"https:\/\/www.feyalegria.org\/guatemala\/una-nina-colibri-en-el-iii-encuentro-de-la-red-generacion-21\/#primaryimage"},"thumbnailUrl":"https:\/\/d3pugrm67vf9n7.cloudfront.net\/wp-content\/uploads\/sites\/17\/2022\/05\/04090807\/IMG_5381-scaled.jpg","datePublished":"2022-05-04T14:11:13+00:00","dateModified":"2023-09-20T19:18:21+00:00","author":{"@id":"https:\/\/www.feyalegria.org\/guatemala\/#\/schema\/person\/d850361badaccc6e2f44e91cec6728b9"},"breadcrumb":{"@id":"https:\/\/www.feyalegria.org\/guatemala\/una-nina-colibri-en-el-iii-encuentro-de-la-red-generacion-21\/#breadcrumb"},"inLanguage":"es","potentialAction":[{"@type":"ReadAction","target":["https:\/\/www.feyalegria.org\/guatemala\/una-nina-colibri-en-el-iii-encuentro-de-la-red-generacion-21\/"]}]},{"@type":"ImageObject","inLanguage":"es","@id":"https:\/\/www.feyalegria.org\/guatemala\/una-nina-colibri-en-el-iii-encuentro-de-la-red-generacion-21\/#primaryimage","url":"https:\/\/d3pugrm67vf9n7.cloudfront.net\/wp-content\/uploads\/sites\/17\/2022\/05\/04090807\/IMG_5381-scaled.jpg","contentUrl":"https:\/\/d3pugrm67vf9n7.cloudfront.net\/wp-content\/uploads\/sites\/17\/2022\/05\/04090807\/IMG_5381-scaled.jpg","width":2560,"height":1920},{"@type":"BreadcrumbList","@id":"https:\/\/www.feyalegria.org\/guatemala\/una-nina-colibri-en-el-iii-encuentro-de-la-red-generacion-21\/#breadcrumb","itemListElement":[{"@type":"ListItem","position":1,"name":"Home","item":"https:\/\/www.feyalegria.org\/guatemala\/"},{"@type":"ListItem","position":2,"name":"Una Ni\u00f1a Colibr\u00ed en el III encuentro de la Red Generaci\u00f3n 21+"}]},{"@type":"WebSite","@id":"https:\/\/www.feyalegria.org\/guatemala\/#website","url":"https:\/\/www.feyalegria.org\/guatemala\/","name":"#SomosFeyAlegr\u00eda en Guatemala","description":"Movimiento de Educaci\u00f3n Popular y Promoci\u00f3n Social","potentialAction":[{"@type":"SearchAction","target":{"@type":"EntryPoint","urlTemplate":"https:\/\/www.feyalegria.org\/guatemala\/?s={search_term_string}"},"query-input":{"@type":"PropertyValueSpecification","valueRequired":true,"valueName":"search_term_string"}}],"inLanguage":"es"},{"@type":"Person","@id":"https:\/\/www.feyalegria.org\/guatemala\/#\/schema\/person\/d850361badaccc6e2f44e91cec6728b9","name":"admingtfya02","url":"https:\/\/www.feyalegria.org\/guatemala\/author\/admingtfya02\/"}]}},"_links":{"self":[{"href":"https:\/\/www.feyalegria.org\/guatemala\/wp-json\/wp\/v2\/posts\/3229","targetHints":{"allow":["GET"]}}],"collection":[{"href":"https:\/\/www.feyalegria.org\/guatemala\/wp-json\/wp\/v2\/posts"}],"about":[{"href":"https:\/\/www.feyalegria.org\/guatemala\/wp-json\/wp\/v2\/types\/post"}],"author":[{"embeddable":true,"href":"https:\/\/www.feyalegria.org\/guatemala\/wp-json\/wp\/v2\/users\/16"}],"replies":[{"embeddable":true,"href":"https:\/\/www.feyalegria.org\/guatemala\/wp-json\/wp\/v2\/comments?post=3229"}],"version-history":[{"count":0,"href":"https:\/\/www.feyalegria.org\/guatemala\/wp-json\/wp\/v2\/posts\/3229\/revisions"}],"wp:featuredmedia":[{"embeddable":true,"href":"https:\/\/www.feyalegria.org\/guatemala\/wp-json\/wp\/v2\/media\/3233"}],"wp:attachment":[{"href":"https:\/\/www.feyalegria.org\/guatemala\/wp-json\/wp\/v2\/media?parent=3229"}],"wp:term":[{"taxonomy":"category","embeddable":true,"href":"https:\/\/www.feyalegria.org\/guatemala\/wp-json\/wp\/v2\/categories?post=3229"},{"taxonomy":"post_tag","embeddable":true,"href":"https:\/\/www.feyalegria.org\/guatemala\/wp-json\/wp\/v2\/tags?post=3229"},{"taxonomy":"post_folder","embeddable":true,"href":"https:\/\/www.feyalegria.org\/guatemala\/wp-json\/wp\/v2\/post_folder?post=3229"}],"curies":[{"name":"wp","href":"https:\/\/api.w.org\/{rel}","templated":true}]}}