{"id":3810,"date":"2022-12-14T12:10:29","date_gmt":"2022-12-14T17:10:29","guid":{"rendered":"https:\/\/www.feyalegria.org\/guatemala\/?p=3810"},"modified":"2023-09-20T14:28:59","modified_gmt":"2023-09-20T19:28:59","slug":"queremos-ninas-sanas-y-salvas","status":"publish","type":"post","link":"https:\/\/www.feyalegria.org\/guatemala\/queremos-ninas-sanas-y-salvas\/","title":{"rendered":"QUEREMOS NI\u00d1AS SANAS Y SALVAS"},"content":{"rendered":"<div class=\"wpb-content-wrapper\"><p>[vc_row enable_first_overlay=\u00bbtrue\u00bb first_overlay_opacity=\u00bb1&#8243; first_background_color=\u00bb#df5461&#8243; css=\u00bb.vc_custom_1614220964145{padding-top: 40px !important;}\u00bb][vc_column width=\u00bb2\/3&#8243;][vc_single_image image=\u00bb3811&#8243; img_size=\u00bblarge\u00bb alignment=\u00bbcenter\u00bb][vc_row_inner content_placement=\u00bbmiddle\u00bb][vc_column_inner][vc_column_text]<\/p>\n<p style=\"text-align: justify;\">Las ni\u00f1as de Guatemala alzaron sus voces en la movilizaci\u00f3n \u201cQueremos ni\u00f1as sanas y salvas en Guatemala\u201d que se realiz\u00f3 en la Plaza Central de la ciudad de Guatemala en el marco del D\u00eda Internacional de la Ni\u00f1a. La actividad fue promovida desde el Programa La Luz de las Ni\u00f1as de Fe y Alegr\u00eda y Entreculturas, con el fin de concientizar a la poblaci\u00f3n sobre la importancia de sumar esfuerzos para erradicar la violencia contra las ni\u00f1as y mujeres en el pa\u00eds y exigir su derecho a vivir SANAS Y SALVAS.<\/p>\n<p style=\"text-align: justify;\">\u201cLas ni\u00f1as de Fe y Alegr\u00eda hoy alzamos nuestra su voz como una semilla de esperanza para que podamos vivir libres y con un futuro sin violencia\u201d expresa Josefina Ti\u00fa, joven de Totonicap\u00e1n y Ni\u00f1as Colibr\u00ed de la campa\u00f1a La Luz de las Ni\u00f1as.<\/p>\n<p style=\"text-align: justify;\">Con esta movilizaci\u00f3n las ni\u00f1as se suman a las diversas acciones de indignaci\u00f3n y sororidad, que est\u00e1n realizando las ni\u00f1as de 9 pa\u00edses de Am\u00e9rica Latina, \u00c1frica y Europa quienes se han unido para discutir sobre la situaci\u00f3n de violencia contra las mujeres y es gracias a ello que encuentran la fuerza para salir a las calles elevando un grito de protesta para exigir que sus derechos sean respetados.<\/p>\n<p><strong>El arte como medio de expresi\u00f3n<\/strong><\/p>\n<p><strong>\u00a0<\/strong><\/p>\n<p style=\"text-align: justify;\">A lo largo de toda la movilizaci\u00f3n lo que prevaleci\u00f3 fue el arte, con dramatizaciones, canciones y actos simb\u00f3licos las ni\u00f1as de distintos centros de Fe y Alegr\u00eda, acompa\u00f1ados de los educadores <strong>alzaron la voz<\/strong> para decir \u201cya basta\u201d de violencia en contra de las ni\u00f1as.<\/p>\n<p style=\"text-align: justify;\">Le siguieron las presentaciones del centro educativo de Palencia, con el drama <em>\u201c\u00a1No m\u00e1s violencia!\u201d <\/em>Posteriormente, Josefina dio lectura al manifiesto donde hizo hincapi\u00e9 en que <em>\u201cEl manifiesto es fruto del trabajo de m\u00e1s de 100 ni\u00f1as de 9 pa\u00edses reunidas en 11 consejos locales de participaci\u00f3n. (\u2026) Como representantes de las ni\u00f1as del mundo hemos reflexionado sobre la situaci\u00f3n de violencia a la que estamos expuestas para impulsar una protecci\u00f3n efectiva de nuestros derechos\u201d.<\/em> Resalt\u00f3 Josefina al inicio de su intervenci\u00f3n donde ley\u00f3 los 11 puntos a los que globalmente las ni\u00f1as exigen atender en todo el mundo para reducir la brecha de desigualdad de g\u00e9nero.<\/p>\n<p><strong><em>Lee el manifiesto completo aqu\u00ed: <\/em><\/strong><a href=\"https:\/\/www.facebook.com\/104885229552604\/posts\/pfbid0ANEz5iqnVJMa12wD7phSNki586E5AxozVoh299AM2in1rF6qaEAxSLgv1Bu2vn1wl\/\">https:\/\/www.facebook.com\/104885229552604\/posts\/pfbid0ANEz5iqnVJMa12wD7phSNki586E5AxozVoh299AM2in1rF6qaEAxSLgv1Bu2vn1wl\/<\/a><\/p>\n<p style=\"text-align: justify;\">Con la canci\u00f3n <em>\u201c\u00a1Quiero Gritar!\u201d<\/em> ni\u00f1as del centro educativo de El Amparo, alzaron su voz al un\u00edsono para pronunciarse sobre esta problem\u00e1tica. En un fragmento de la canci\u00f3n aprovecharon para enviar un mensaje contundente sobre sus deseos para las ni\u00f1as <em>\u201cDeseamos educaci\u00f3n de calidad para todas las ni\u00f1as del mundo, deseamos espacios seguros sin violencia; anhelamos la paz y un mundo sin explotaci\u00f3n laboral. Lucha porque tu luz brille siempre en la oscuridad, porque sanas y salvas todas debemos estar\u201d.<\/em><\/p>\n<p style=\"text-align: justify;\">Las estudiantes Emily Morales y Ana Mar\u00eda Chival\u00e1n hicieron la presentaci\u00f3n de los gestos de #SANASYSALVAS. En su discurso Emily reflexion\u00f3 sobre los gestos con las siguientes palabras <em>\u201c(\u2026) a las ni\u00f1as de nuestro pa\u00eds las hieren, las violan y las matan. \u00a1Esta situaci\u00f3n debe de parar! Debemos proteger y educar a nuestras ni\u00f1as para que puedan escoger su futuro libremente. Queremos ni\u00f1as libres de violencia\u201d. <\/em><\/p>\n<p style=\"text-align: justify;\">Los gestos hacen referencia a las violencias de las cuales las ni\u00f1as son v\u00edctimas y c\u00f3mo las personas, al estar consciente de tales violencias pueden actuar en cada uno de sus entornos para generar cambios que logren reducir las brechas de desigualdad social. En el siguiente enlace puedes conocer los gestos que buscan promover que las ni\u00f1as se mantengan SANAS Y SALVAS en todo el mundo: <a href=\"https:\/\/youtu.be\/R5raMzAtYEs\">https:\/\/youtu.be\/R5raMzAtYEs<\/a><\/p>\n<p style=\"text-align: justify;\">Como un acto simb\u00f3lico, las ni\u00f1as dejaron girasoles en el altar que se encuentra en <em>la \u201cPlaza de las Ni\u00f1as\u201d<\/em> llamado as\u00ed en memoria de las 41 menores fallecidas a causa de un incendio mientras se encontraban en el Hogar Seguro Virgen de la Asunci\u00f3n que hasta ahora ha quedado en impunidad, as\u00ed como de las miles de mujeres que han sido maltratadas, abusadas y asesinadas en Guatemala, donde a la vez exigieron que se respeten sus derechos. Hicieron un llamado a la justicia para que se esclarezca el hecho y exigieron que se respete el derecho a la vida para las mujeres.<\/p>\n<p style=\"text-align: justify;\">Al finalizar la actividad, se resalt\u00f3 que <em>en Fe y Alegr\u00eda<\/em> <em>reiteramos nuestro compromiso con ellas para que su luz siga brillando, por eso los invitamos a romper el silencio denunciando la violencia de g\u00e9nero. Esta lucha es de todos y de todas\u201d<\/em><\/p>\n<p>[\/vc_column_text][\/vc_column_inner][\/vc_row_inner][vc_column_text]<strong>Guatemala, el peor pa\u00eds para ser mujer <\/strong><\/p>\n<p>&lt;p style=\u00bbtext-align: justify;\u00bb&gt;Guatemala ha sido catalogado como el pa\u00eds de Am\u00e9rica Latina para ser mujer, de acuerdo con el US News &amp; World Report (2019) y la Revista Forbes (2018). Esto coloca a las mujeres guatemaltecas, en especial a menores de 29 a\u00f1os y a las mujeres ind\u00edgenas, en una situaci\u00f3n de vulnerabilidad y flagelo al considerar la cantidad de feminicidios y violaciones, as\u00ed como la falta de garant\u00eda y protecci\u00f3n de las instituciones que tienen a cargo temas de prevenci\u00f3n y protecci\u00f3n.<\/p>\n<p>&lt;p style=\u00bbtext-align: justify;\u00bb&gt;Con estas acciones, Fe y Alegr\u00eda hace un llamado a la sociedad civil a <strong>Informarse<\/strong> para conocer la realidad de las ni\u00f1as y mujeres en Guatemala; a <strong>Reflexionar<\/strong> sobre las pr\u00e1cticas machistas que se reproducen en la sociedad; a <strong>Alzar la voz<\/strong> denunciando todo tipo de violencia y defendiendo los derechos de las ni\u00f1as y mujeres y; a <strong>Actuar<\/strong> para construir un mundo en igualdad.<\/p>\n<p>En el siguiente enlace puedes ver el resumen completo de la movilizaci\u00f3n: <a href=\"https:\/\/youtu.be\/JvFJQ-jvHsg\">https:\/\/youtu.be\/JvFJQ-jvHsg<\/a><\/p>\n<p>[\/vc_column_text][vc_single_image image=\u00bb3814&#8243; img_size=\u00bblarge\u00bb alignment=\u00bbcenter\u00bb style=\u00bbvc_box_rounded\u00bb][vc_single_image image=\u00bb3815&#8243; img_size=\u00bblarge\u00bb alignment=\u00bbcenter\u00bb style=\u00bbvc_box_rounded\u00bb][\/vc_column][vc_column width=\u00bb1\/3&#8243; css=\u00bb.vc_custom_1598395418937{padding-top: 30px !important;padding-left: 20px !important;background-color: #f3f3f3 !important;border-radius: 10px !important;}\u00bb][vc_widget_sidebar sidebar_id=\u00bbnicdark_sidebar\u00bb][vc_btn title=\u00bbM\u00e1s noticias\u00bb style=\u00bbcustom\u00bb custom_background=\u00bb#cc0000&#8243; custom_text=\u00bb#ffffff\u00bb shape=\u00bbround\u00bb align=\u00bbcenter\u00bb link=\u00bburl:https%3A%2F%2Fwww.feyalegria.org%2Fguatemala%2Factualidad%2F|title:Novedades\u00bb][\/vc_column][\/vc_row][vc_row][vc_column][vc_column_text]<\/p>\n<p>[\/vc_column_text][\/vc_column][\/vc_row]<\/p>\n<\/div>","protected":false},"excerpt":{"rendered":"<div style=\"height: 265px\">Las ni\u00f1as de Guatemala alzaron sus voces en la movilizaci\u00f3n \u201cQueremos ni\u00f1as sanas y salvas en Guatemala\u201d que se realiz\u00f3 en la Plaza Central de la ciudad de Guatemala en el marco del D\u00eda Internacional de la Ni\u00f1a.<\/div>\n","protected":false},"author":16,"featured_media":3813,"comment_status":"closed","ping_status":"closed","sticky":false,"template":"","format":"standard","meta":{"_acf_changed":false,"footnotes":""},"categories":[1],"tags":[],"post_folder":[],"class_list":["post-3810","post","type-post","status-publish","format-standard","has-post-thumbnail","hentry","category-sin-categoria"],"acf":[],"yoast_head":"<!-- This site is optimized with the Yoast SEO plugin v27.5 - https:\/\/yoast.com\/product\/yoast-seo-wordpress\/ -->\n<title>QUEREMOS NI\u00d1AS SANAS Y SALVAS - #SomosFeyAlegr\u00eda en Guatemala<\/title>\n<meta name=\"robots\" content=\"index, follow, max-snippet:-1, max-image-preview:large, max-video-preview:-1\" \/>\n<link rel=\"canonical\" href=\"https:\/\/www.feyalegria.org\/guatemala\/queremos-ninas-sanas-y-salvas\/\" \/>\n<meta property=\"og:locale\" content=\"es_ES\" \/>\n<meta property=\"og:type\" content=\"article\" \/>\n<meta property=\"og:title\" content=\"QUEREMOS NI\u00d1AS SANAS Y SALVAS - #SomosFeyAlegr\u00eda en Guatemala\" \/>\n<meta property=\"og:description\" content=\"Las ni\u00f1as de Guatemala alzaron sus voces en la movilizaci\u00f3n \u201cQueremos ni\u00f1as sanas y salvas en Guatemala\u201d que se realiz\u00f3 en la Plaza Central de la ciudad de Guatemala en el marco del D\u00eda Internacional de la Ni\u00f1a.\" \/>\n<meta property=\"og:url\" content=\"https:\/\/www.feyalegria.org\/guatemala\/queremos-ninas-sanas-y-salvas\/\" \/>\n<meta property=\"og:site_name\" content=\"#SomosFeyAlegr\u00eda en Guatemala\" \/>\n<meta property=\"article:published_time\" content=\"2022-12-14T17:10:29+00:00\" \/>\n<meta property=\"article:modified_time\" content=\"2023-09-20T19:28:59+00:00\" \/>\n<meta property=\"og:image\" content=\"https:\/\/d3pugrm67vf9n7.cloudfront.net\/wp-content\/uploads\/sites\/17\/2022\/12\/14115750\/047A3737-scaled.jpg\" \/>\n\t<meta property=\"og:image:width\" content=\"2560\" \/>\n\t<meta property=\"og:image:height\" content=\"1707\" \/>\n\t<meta property=\"og:image:type\" content=\"image\/jpeg\" \/>\n<meta name=\"author\" content=\"admingtfya02\" \/>\n<meta name=\"twitter:card\" content=\"summary_large_image\" \/>\n<meta name=\"twitter:label1\" content=\"Escrito por\" \/>\n\t<meta name=\"twitter:data1\" content=\"admingtfya02\" \/>\n\t<meta name=\"twitter:label2\" content=\"Tiempo de lectura\" \/>\n\t<meta name=\"twitter:data2\" content=\"5 minutos\" \/>\n<script type=\"application\/ld+json\" class=\"yoast-schema-graph\">{\"@context\":\"https:\\\/\\\/schema.org\",\"@graph\":[{\"@type\":\"Article\",\"@id\":\"https:\\\/\\\/www.feyalegria.org\\\/guatemala\\\/queremos-ninas-sanas-y-salvas\\\/#article\",\"isPartOf\":{\"@id\":\"https:\\\/\\\/www.feyalegria.org\\\/guatemala\\\/queremos-ninas-sanas-y-salvas\\\/\"},\"author\":{\"name\":\"admingtfya02\",\"@id\":\"https:\\\/\\\/www.feyalegria.org\\\/guatemala\\\/#\\\/schema\\\/person\\\/d850361badaccc6e2f44e91cec6728b9\"},\"headline\":\"QUEREMOS NI\u00d1AS SANAS Y SALVAS\",\"datePublished\":\"2022-12-14T17:10:29+00:00\",\"dateModified\":\"2023-09-20T19:28:59+00:00\",\"mainEntityOfPage\":{\"@id\":\"https:\\\/\\\/www.feyalegria.org\\\/guatemala\\\/queremos-ninas-sanas-y-salvas\\\/\"},\"wordCount\":1172,\"image\":{\"@id\":\"https:\\\/\\\/www.feyalegria.org\\\/guatemala\\\/queremos-ninas-sanas-y-salvas\\\/#primaryimage\"},\"thumbnailUrl\":\"https:\\\/\\\/d3pugrm67vf9n7.cloudfront.net\\\/wp-content\\\/uploads\\\/sites\\\/17\\\/2022\\\/12\\\/14115750\\\/047A3737-scaled.jpg\",\"inLanguage\":\"es\"},{\"@type\":\"WebPage\",\"@id\":\"https:\\\/\\\/www.feyalegria.org\\\/guatemala\\\/queremos-ninas-sanas-y-salvas\\\/\",\"url\":\"https:\\\/\\\/www.feyalegria.org\\\/guatemala\\\/queremos-ninas-sanas-y-salvas\\\/\",\"name\":\"QUEREMOS NI\u00d1AS SANAS Y SALVAS - #SomosFeyAlegr\u00eda en Guatemala\",\"isPartOf\":{\"@id\":\"https:\\\/\\\/www.feyalegria.org\\\/guatemala\\\/#website\"},\"primaryImageOfPage\":{\"@id\":\"https:\\\/\\\/www.feyalegria.org\\\/guatemala\\\/queremos-ninas-sanas-y-salvas\\\/#primaryimage\"},\"image\":{\"@id\":\"https:\\\/\\\/www.feyalegria.org\\\/guatemala\\\/queremos-ninas-sanas-y-salvas\\\/#primaryimage\"},\"thumbnailUrl\":\"https:\\\/\\\/d3pugrm67vf9n7.cloudfront.net\\\/wp-content\\\/uploads\\\/sites\\\/17\\\/2022\\\/12\\\/14115750\\\/047A3737-scaled.jpg\",\"datePublished\":\"2022-12-14T17:10:29+00:00\",\"dateModified\":\"2023-09-20T19:28:59+00:00\",\"author\":{\"@id\":\"https:\\\/\\\/www.feyalegria.org\\\/guatemala\\\/#\\\/schema\\\/person\\\/d850361badaccc6e2f44e91cec6728b9\"},\"breadcrumb\":{\"@id\":\"https:\\\/\\\/www.feyalegria.org\\\/guatemala\\\/queremos-ninas-sanas-y-salvas\\\/#breadcrumb\"},\"inLanguage\":\"es\",\"potentialAction\":[{\"@type\":\"ReadAction\",\"target\":[\"https:\\\/\\\/www.feyalegria.org\\\/guatemala\\\/queremos-ninas-sanas-y-salvas\\\/\"]}]},{\"@type\":\"ImageObject\",\"inLanguage\":\"es\",\"@id\":\"https:\\\/\\\/www.feyalegria.org\\\/guatemala\\\/queremos-ninas-sanas-y-salvas\\\/#primaryimage\",\"url\":\"https:\\\/\\\/d3pugrm67vf9n7.cloudfront.net\\\/wp-content\\\/uploads\\\/sites\\\/17\\\/2022\\\/12\\\/14115750\\\/047A3737-scaled.jpg\",\"contentUrl\":\"https:\\\/\\\/d3pugrm67vf9n7.cloudfront.net\\\/wp-content\\\/uploads\\\/sites\\\/17\\\/2022\\\/12\\\/14115750\\\/047A3737-scaled.jpg\",\"width\":2560,\"height\":1707},{\"@type\":\"BreadcrumbList\",\"@id\":\"https:\\\/\\\/www.feyalegria.org\\\/guatemala\\\/queremos-ninas-sanas-y-salvas\\\/#breadcrumb\",\"itemListElement\":[{\"@type\":\"ListItem\",\"position\":1,\"name\":\"Home\",\"item\":\"https:\\\/\\\/www.feyalegria.org\\\/guatemala\\\/\"},{\"@type\":\"ListItem\",\"position\":2,\"name\":\"QUEREMOS NI\u00d1AS SANAS Y SALVAS\"}]},{\"@type\":\"WebSite\",\"@id\":\"https:\\\/\\\/www.feyalegria.org\\\/guatemala\\\/#website\",\"url\":\"https:\\\/\\\/www.feyalegria.org\\\/guatemala\\\/\",\"name\":\"#SomosFeyAlegr\u00eda en Guatemala\",\"description\":\"Movimiento de Educaci\u00f3n Popular y Promoci\u00f3n Social\",\"potentialAction\":[{\"@type\":\"SearchAction\",\"target\":{\"@type\":\"EntryPoint\",\"urlTemplate\":\"https:\\\/\\\/www.feyalegria.org\\\/guatemala\\\/?s={search_term_string}\"},\"query-input\":{\"@type\":\"PropertyValueSpecification\",\"valueRequired\":true,\"valueName\":\"search_term_string\"}}],\"inLanguage\":\"es\"},{\"@type\":\"Person\",\"@id\":\"https:\\\/\\\/www.feyalegria.org\\\/guatemala\\\/#\\\/schema\\\/person\\\/d850361badaccc6e2f44e91cec6728b9\",\"name\":\"admingtfya02\",\"url\":\"https:\\\/\\\/www.feyalegria.org\\\/guatemala\\\/author\\\/admingtfya02\\\/\"}]}<\/script>\n<!-- \/ Yoast SEO plugin. -->","yoast_head_json":{"title":"QUEREMOS NI\u00d1AS SANAS Y SALVAS - #SomosFeyAlegr\u00eda en Guatemala","robots":{"index":"index","follow":"follow","max-snippet":"max-snippet:-1","max-image-preview":"max-image-preview:large","max-video-preview":"max-video-preview:-1"},"canonical":"https:\/\/www.feyalegria.org\/guatemala\/queremos-ninas-sanas-y-salvas\/","og_locale":"es_ES","og_type":"article","og_title":"QUEREMOS NI\u00d1AS SANAS Y SALVAS - #SomosFeyAlegr\u00eda en Guatemala","og_description":"Las ni\u00f1as de Guatemala alzaron sus voces en la movilizaci\u00f3n \u201cQueremos ni\u00f1as sanas y salvas en Guatemala\u201d que se realiz\u00f3 en la Plaza Central de la ciudad de Guatemala en el marco del D\u00eda Internacional de la Ni\u00f1a.","og_url":"https:\/\/www.feyalegria.org\/guatemala\/queremos-ninas-sanas-y-salvas\/","og_site_name":"#SomosFeyAlegr\u00eda en Guatemala","article_published_time":"2022-12-14T17:10:29+00:00","article_modified_time":"2023-09-20T19:28:59+00:00","og_image":[{"width":2560,"height":1707,"url":"https:\/\/d3pugrm67vf9n7.cloudfront.net\/wp-content\/uploads\/sites\/17\/2022\/12\/14115750\/047A3737-scaled.jpg","type":"image\/jpeg"}],"author":"admingtfya02","twitter_card":"summary_large_image","twitter_misc":{"Escrito por":"admingtfya02","Tiempo de lectura":"5 minutos"},"schema":{"@context":"https:\/\/schema.org","@graph":[{"@type":"Article","@id":"https:\/\/www.feyalegria.org\/guatemala\/queremos-ninas-sanas-y-salvas\/#article","isPartOf":{"@id":"https:\/\/www.feyalegria.org\/guatemala\/queremos-ninas-sanas-y-salvas\/"},"author":{"name":"admingtfya02","@id":"https:\/\/www.feyalegria.org\/guatemala\/#\/schema\/person\/d850361badaccc6e2f44e91cec6728b9"},"headline":"QUEREMOS NI\u00d1AS SANAS Y SALVAS","datePublished":"2022-12-14T17:10:29+00:00","dateModified":"2023-09-20T19:28:59+00:00","mainEntityOfPage":{"@id":"https:\/\/www.feyalegria.org\/guatemala\/queremos-ninas-sanas-y-salvas\/"},"wordCount":1172,"image":{"@id":"https:\/\/www.feyalegria.org\/guatemala\/queremos-ninas-sanas-y-salvas\/#primaryimage"},"thumbnailUrl":"https:\/\/d3pugrm67vf9n7.cloudfront.net\/wp-content\/uploads\/sites\/17\/2022\/12\/14115750\/047A3737-scaled.jpg","inLanguage":"es"},{"@type":"WebPage","@id":"https:\/\/www.feyalegria.org\/guatemala\/queremos-ninas-sanas-y-salvas\/","url":"https:\/\/www.feyalegria.org\/guatemala\/queremos-ninas-sanas-y-salvas\/","name":"QUEREMOS NI\u00d1AS SANAS Y SALVAS - #SomosFeyAlegr\u00eda en Guatemala","isPartOf":{"@id":"https:\/\/www.feyalegria.org\/guatemala\/#website"},"primaryImageOfPage":{"@id":"https:\/\/www.feyalegria.org\/guatemala\/queremos-ninas-sanas-y-salvas\/#primaryimage"},"image":{"@id":"https:\/\/www.feyalegria.org\/guatemala\/queremos-ninas-sanas-y-salvas\/#primaryimage"},"thumbnailUrl":"https:\/\/d3pugrm67vf9n7.cloudfront.net\/wp-content\/uploads\/sites\/17\/2022\/12\/14115750\/047A3737-scaled.jpg","datePublished":"2022-12-14T17:10:29+00:00","dateModified":"2023-09-20T19:28:59+00:00","author":{"@id":"https:\/\/www.feyalegria.org\/guatemala\/#\/schema\/person\/d850361badaccc6e2f44e91cec6728b9"},"breadcrumb":{"@id":"https:\/\/www.feyalegria.org\/guatemala\/queremos-ninas-sanas-y-salvas\/#breadcrumb"},"inLanguage":"es","potentialAction":[{"@type":"ReadAction","target":["https:\/\/www.feyalegria.org\/guatemala\/queremos-ninas-sanas-y-salvas\/"]}]},{"@type":"ImageObject","inLanguage":"es","@id":"https:\/\/www.feyalegria.org\/guatemala\/queremos-ninas-sanas-y-salvas\/#primaryimage","url":"https:\/\/d3pugrm67vf9n7.cloudfront.net\/wp-content\/uploads\/sites\/17\/2022\/12\/14115750\/047A3737-scaled.jpg","contentUrl":"https:\/\/d3pugrm67vf9n7.cloudfront.net\/wp-content\/uploads\/sites\/17\/2022\/12\/14115750\/047A3737-scaled.jpg","width":2560,"height":1707},{"@type":"BreadcrumbList","@id":"https:\/\/www.feyalegria.org\/guatemala\/queremos-ninas-sanas-y-salvas\/#breadcrumb","itemListElement":[{"@type":"ListItem","position":1,"name":"Home","item":"https:\/\/www.feyalegria.org\/guatemala\/"},{"@type":"ListItem","position":2,"name":"QUEREMOS NI\u00d1AS SANAS Y SALVAS"}]},{"@type":"WebSite","@id":"https:\/\/www.feyalegria.org\/guatemala\/#website","url":"https:\/\/www.feyalegria.org\/guatemala\/","name":"#SomosFeyAlegr\u00eda en Guatemala","description":"Movimiento de Educaci\u00f3n Popular y Promoci\u00f3n Social","potentialAction":[{"@type":"SearchAction","target":{"@type":"EntryPoint","urlTemplate":"https:\/\/www.feyalegria.org\/guatemala\/?s={search_term_string}"},"query-input":{"@type":"PropertyValueSpecification","valueRequired":true,"valueName":"search_term_string"}}],"inLanguage":"es"},{"@type":"Person","@id":"https:\/\/www.feyalegria.org\/guatemala\/#\/schema\/person\/d850361badaccc6e2f44e91cec6728b9","name":"admingtfya02","url":"https:\/\/www.feyalegria.org\/guatemala\/author\/admingtfya02\/"}]}},"_links":{"self":[{"href":"https:\/\/www.feyalegria.org\/guatemala\/wp-json\/wp\/v2\/posts\/3810","targetHints":{"allow":["GET"]}}],"collection":[{"href":"https:\/\/www.feyalegria.org\/guatemala\/wp-json\/wp\/v2\/posts"}],"about":[{"href":"https:\/\/www.feyalegria.org\/guatemala\/wp-json\/wp\/v2\/types\/post"}],"author":[{"embeddable":true,"href":"https:\/\/www.feyalegria.org\/guatemala\/wp-json\/wp\/v2\/users\/16"}],"replies":[{"embeddable":true,"href":"https:\/\/www.feyalegria.org\/guatemala\/wp-json\/wp\/v2\/comments?post=3810"}],"version-history":[{"count":0,"href":"https:\/\/www.feyalegria.org\/guatemala\/wp-json\/wp\/v2\/posts\/3810\/revisions"}],"wp:featuredmedia":[{"embeddable":true,"href":"https:\/\/www.feyalegria.org\/guatemala\/wp-json\/wp\/v2\/media\/3813"}],"wp:attachment":[{"href":"https:\/\/www.feyalegria.org\/guatemala\/wp-json\/wp\/v2\/media?parent=3810"}],"wp:term":[{"taxonomy":"category","embeddable":true,"href":"https:\/\/www.feyalegria.org\/guatemala\/wp-json\/wp\/v2\/categories?post=3810"},{"taxonomy":"post_tag","embeddable":true,"href":"https:\/\/www.feyalegria.org\/guatemala\/wp-json\/wp\/v2\/tags?post=3810"},{"taxonomy":"post_folder","embeddable":true,"href":"https:\/\/www.feyalegria.org\/guatemala\/wp-json\/wp\/v2\/post_folder?post=3810"}],"curies":[{"name":"wp","href":"https:\/\/api.w.org\/{rel}","templated":true}]}}