{"id":5060,"date":"2024-04-29T11:49:55","date_gmt":"2024-04-29T16:49:55","guid":{"rendered":"https:\/\/www.feyalegria.org\/guatemala\/?p=5060"},"modified":"2024-04-30T10:58:37","modified_gmt":"2024-04-30T15:58:37","slug":"48-anos-de-educar-con-alegria","status":"publish","type":"post","link":"https:\/\/www.feyalegria.org\/guatemala\/48-anos-de-educar-con-alegria\/","title":{"rendered":"\u201c 48 a\u00f1os de educar con alegr\u00eda\u201d"},"content":{"rendered":"<div class=\"wpb-content-wrapper\"><p>[vc_row][vc_column]<div style=\"background-color:;height: 40px\" class=\"nicdark_section  \"><\/div>[\/vc_column][\/vc_row][vc_row enable_first_overlay=\u00bbtrue\u00bb first_overlay_opacity=\u00bb1&#8243; first_background_color=\u00bb#df5461&#8243; css=\u00bb.vc_custom_1614220964145{padding-top: 40px !important;}\u00bb][vc_column width=\u00bb2\/3&#8243;][vc_single_image image=\u00bb5063&#8243; img_size=\u00bbLARGE\u00bb alignment=\u00bbcenter\u00bb style=\u00bbvc_box_rounded\u00bb css=\u00bb\u00bb][vc_row_inner][vc_column_inner][vc_column_text css=\u00bb\u00bb]<span style=\"font-size: 20px\"><strong>48 a\u00f1os de educar con alegr\u00eda<\/strong><\/span>[\/vc_column_text][\/vc_column_inner][vc_column_inner][vc_column_text css=\u00bb\u00bb]<\/p>\n<p style=\"text-align: right\"><strong>Sof\u00eda Guti\u00e9rrez<\/strong><br \/>\n<em>Responsable de Acci\u00f3n P\u00fablica | Fe y Alegr\u00eda en Guatemala<\/em><\/p>\n<p style=\"text-align: right\"><em> Abril , 2024<\/em><\/p>\n<p>[\/vc_column_text][vc_column_text]<\/p>\n<hr \/>\n<p>[\/vc_column_text][\/vc_column_inner][\/vc_row_inner][vc_column_text css=\u00bb\u00bb]Fe y Alegr\u00eda Guatemala cumple 48 a\u00f1os de\u00a0 contribuir con la educaci\u00f3n de los sectores m\u00e1s vulnerables del pa\u00eds, llevando la esperanza y el optimismo para formar personas plenas, que vivan con dignidad.<\/p>\n<p>&nbsp;<\/p>\n<p>El Movimiento llega a Guatemala gracias al impulso de las hermanas mercedarias, Blanca Montalvo y Mercedes Rodr\u00edguez quienes junto a los sacerdotes jesuitas Nicol\u00e1s Alvarenga y Jorge Toru\u00f1o, luego del devastador terremoto de 1976, instalaron el primer centro educativo en la colonia La Limonada, una de las \u00e1reas marginales de la Ciudad Capital. A partir de ese momento, Fe y Alegr\u00eda ha establecido alianzas con el Estado para el sostenimiento y gratuidad a lo largo de sus 48 a\u00f1os, as\u00ed como en el desarrollo de propuestas educativas.<\/p>\n<p>&nbsp;<\/p>\n<p>Esa \u201cchispa\u201d que inici\u00f3 este incendio de corazones llenos de fe y de alegr\u00eda, hoy educa a m\u00e1s de 19,000 estudiantes en 57 centros educativos alrededor del pa\u00eds, con la colaboraci\u00f3n de m\u00e1s 1000 educadores que asumen con alegr\u00eda su vocaci\u00f3n al servicio de las poblaciones m\u00e1s necesitadas, comprometidos con una propuesta de educaci\u00f3n que transforme a las personas y a las comunidades donde est\u00e1 presente para que sean agentes activos del cambio social.<\/p>\n<p>&nbsp;<\/p>\n<p><em><strong>\u201cFe y Alegr\u00eda nace de una sentida necesidad popular, una creciente conciencia social, una convicci\u00f3n profunda de que el propio ser humano marginado debe por la educaci\u00f3n ser el protagonista de su mejoramiento y de su entorno\u201d<\/strong><\/em><\/p>\n<p>&nbsp;<\/p>\n<p><strong>Una apuesta por la educaci\u00f3n de calidad para los m\u00e1s desfavorecidos<\/strong><\/p>\n<p>Con el pleno convencimiento que el derecho a la educaci\u00f3n debe ser garantizado para todos y todas sin distinci\u00f3n alguna, Fe y Alegr\u00eda tiene el compromiso de facilitar ese derecho para la ni\u00f1ez y juventud en condiciones vulnerables, que sea de calidad y con un sentido m\u00e1s humano.<\/p>\n<p>&nbsp;<\/p>\n<p>Por eso, su propuesta educativa est\u00e1 basada en la metodolog\u00eda llamada PLENITUD, la Educaci\u00f3n Popular y la Pedag\u00f3gica Ignaciana, a trav\u00e9s de la cual Fe y Alegr\u00eda propone desarrollar habilidades y destrezas de los estudiantes partiendo de la lectura de la realidad donde se desarrolla la curiosidad, el pensamiento cr\u00edtico y creativo, provocando en la comunidad el compromiso por responder a los retos y a la problem\u00e1tica de la realidad social.<\/p>\n<p>&nbsp;<\/p>\n<p>Para Fe y Alegr\u00eda, la calidad educativa y la inclusi\u00f3n juegan un papel importante durante toda su trayectoria. Adem\u00e1s, para los pr\u00f3ximos a\u00f1os se ha priorizado el trabajo enfocado en la educaci\u00f3n para el trabajo digno, reinserci\u00f3n escolar de j\u00f3venes, el autocuidado, la ciudadan\u00eda y la convivencia pac\u00edfica que se desarrolla principalmente con las Juventudes, el cuidado de la Casa Com\u00fan, programas con enfoque hacia las ni\u00f1as, adolescentes y mujeres ind\u00edgenas, as\u00ed como la defensa del derecho a la educaci\u00f3n desde las alianzas y el trabajo en red.<\/p>\n<p>&nbsp;<\/p>\n<p><strong>Con la alegr\u00eda como actitud <\/strong><\/p>\n<p>Fe y Alegr\u00eda es un movimiento que marcha al ritmo de la alegr\u00eda, la esperanza y el optimismo. Adopta una pedagog\u00eda alegre y liberadora que surge del encuentro con los empobrecidos y excluidos, surge de la fe en Jes\u00fas y de las experiencias de fe y de alegr\u00eda en el compromiso por la transformaci\u00f3n personal y social. Fe y Alegr\u00eda, \u201cdos poderes y dos dones de Dios\u201d, que son capaces de trasformar el mundo.<\/p>\n<p>&nbsp;<\/p>\n<p><em>\u201cSeguimos con la pasi\u00f3n, con la alegr\u00eda de seguir educando y apostando por los ni\u00f1os, ni\u00f1as, j\u00f3venes, mujeres de todo nuestro pa\u00eds, colaborando con el Ministerio de Educaci\u00f3n para hacer de esta una educaci\u00f3n p\u00fablica y gratuita, una educaci\u00f3n de calidad, una educaci\u00f3n para todos y todas. En Fe y Alegr\u00eda queremos educar con mucha alegr\u00eda, porque con la educaci\u00f3n construimos la esperanza de Dios. Con educaci\u00f3n generamos esperanza y hacemos posible que nuestra Guatemala tenga un futuro mejor.\u201d \u00a0P. Francisco Iznardo, Director general de Fe y Alegr\u00eda Guatemala.\u00a0<\/em>[\/vc_column_text][\/vc_column][vc_column width=\u00bb1\/3&#8243; css=\u00bb.vc_custom_1598395418937{padding-top: 30px !important;padding-left: 20px !important;background-color: #f3f3f3 !important;border-radius: 10px !important;}\u00bb][vc_widget_sidebar sidebar_id=\u00bbnicdark_sidebar\u00bb][vc_btn title=\u00bbM\u00e1s noticias\u00bb style=\u00bbcustom\u00bb custom_background=\u00bb#cc0000&#8243; custom_text=\u00bb#ffffff\u00bb shape=\u00bbround\u00bb align=\u00bbcenter\u00bb link=\u00bburl:https%3A%2F%2Fwww.feyalegria.org%2Fguatemala%2Factualidad%2F|title:Novedades\u00bb][\/vc_column][\/vc_row][vc_row][vc_column width=\u00bb1\/6&#8243;][\/vc_column][vc_column width=\u00bb2\/3&#8243;][vc_gallery interval=\u00bb3&#8243; images=\u00bb5061,5062,5072,5073,5074,5075,5076,5077,5078,5080,5081&#8243; img_size=\u00bblarge\u00bb onclick=\u00bb\u00bb css=\u00bb\u00bb][\/vc_column][vc_column width=\u00bb1\/6&#8243;][\/vc_column][\/vc_row][vc_row][vc_column][vc_column_text]<\/p>\n<p>[\/vc_column_text][\/vc_column][\/vc_row]<\/p>\n<\/div>","protected":false},"excerpt":{"rendered":"<div style=\"height: 265px\">Fe y Alegr\u00eda Guatemala cumple 48 a\u00f1os contribuir con la educaci\u00f3n de los sectores m\u00e1s vulnerables del pa\u00eds, llevando la esperanza y el optimismo para formar personas plenas, que vivan con dignidad.  \u201d.<\/div>\n","protected":false},"author":16,"featured_media":5063,"comment_status":"closed","ping_status":"open","sticky":false,"template":"","format":"standard","meta":{"_acf_changed":false,"footnotes":""},"categories":[62],"tags":[],"post_folder":[],"class_list":["post-5060","post","type-post","status-publish","format-standard","has-post-thumbnail","hentry","category-sin-categoria-es"],"acf":[],"yoast_head":"<!-- This site is optimized with the Yoast SEO plugin v27.5 - https:\/\/yoast.com\/product\/yoast-seo-wordpress\/ -->\n<title>\u201c 48 a\u00f1os de educar con alegr\u00eda\u201d - #SomosFeyAlegr\u00eda en Guatemala<\/title>\n<meta name=\"robots\" content=\"index, follow, max-snippet:-1, max-image-preview:large, max-video-preview:-1\" \/>\n<link rel=\"canonical\" href=\"https:\/\/www.feyalegria.org\/guatemala\/48-anos-de-educar-con-alegria\/\" \/>\n<meta property=\"og:locale\" content=\"es_ES\" \/>\n<meta property=\"og:type\" content=\"article\" \/>\n<meta property=\"og:title\" content=\"\u201c 48 a\u00f1os de educar con alegr\u00eda\u201d - #SomosFeyAlegr\u00eda en Guatemala\" \/>\n<meta property=\"og:description\" content=\"Fe y Alegr\u00eda Guatemala cumple 48 a\u00f1os contribuir con la educaci\u00f3n de los sectores m\u00e1s vulnerables del pa\u00eds, llevando la esperanza y el optimismo para formar personas plenas, que vivan con dignidad. \u201d.\" \/>\n<meta property=\"og:url\" content=\"https:\/\/www.feyalegria.org\/guatemala\/48-anos-de-educar-con-alegria\/\" \/>\n<meta property=\"og:site_name\" content=\"#SomosFeyAlegr\u00eda en Guatemala\" \/>\n<meta property=\"article:published_time\" content=\"2024-04-29T16:49:55+00:00\" \/>\n<meta property=\"article:modified_time\" content=\"2024-04-30T15:58:37+00:00\" \/>\n<meta property=\"og:image\" content=\"https:\/\/d3pugrm67vf9n7.cloudfront.net\/wp-content\/uploads\/sites\/17\/2024\/04\/29113559\/48A-1.png\" \/>\n\t<meta property=\"og:image:width\" content=\"2827\" \/>\n\t<meta property=\"og:image:height\" content=\"3118\" \/>\n\t<meta property=\"og:image:type\" content=\"image\/png\" \/>\n<meta name=\"author\" content=\"admingtfya02\" \/>\n<meta name=\"twitter:card\" content=\"summary_large_image\" \/>\n<meta name=\"twitter:label1\" content=\"Escrito por\" \/>\n\t<meta name=\"twitter:data1\" content=\"admingtfya02\" \/>\n\t<meta name=\"twitter:label2\" content=\"Tiempo de lectura\" \/>\n\t<meta name=\"twitter:data2\" content=\"4 minutos\" \/>\n<script type=\"application\/ld+json\" class=\"yoast-schema-graph\">{\"@context\":\"https:\\\/\\\/schema.org\",\"@graph\":[{\"@type\":\"Article\",\"@id\":\"https:\\\/\\\/www.feyalegria.org\\\/guatemala\\\/48-anos-de-educar-con-alegria\\\/#article\",\"isPartOf\":{\"@id\":\"https:\\\/\\\/www.feyalegria.org\\\/guatemala\\\/48-anos-de-educar-con-alegria\\\/\"},\"author\":{\"name\":\"admingtfya02\",\"@id\":\"https:\\\/\\\/www.feyalegria.org\\\/guatemala\\\/#\\\/schema\\\/person\\\/d850361badaccc6e2f44e91cec6728b9\"},\"headline\":\"\u201c 48 a\u00f1os de educar con alegr\u00eda\u201d\",\"datePublished\":\"2024-04-29T16:49:55+00:00\",\"dateModified\":\"2024-04-30T15:58:37+00:00\",\"mainEntityOfPage\":{\"@id\":\"https:\\\/\\\/www.feyalegria.org\\\/guatemala\\\/48-anos-de-educar-con-alegria\\\/\"},\"wordCount\":925,\"image\":{\"@id\":\"https:\\\/\\\/www.feyalegria.org\\\/guatemala\\\/48-anos-de-educar-con-alegria\\\/#primaryimage\"},\"thumbnailUrl\":\"https:\\\/\\\/d3pugrm67vf9n7.cloudfront.net\\\/wp-content\\\/uploads\\\/sites\\\/17\\\/2024\\\/04\\\/29113559\\\/48A-1.png\",\"inLanguage\":\"es\"},{\"@type\":\"WebPage\",\"@id\":\"https:\\\/\\\/www.feyalegria.org\\\/guatemala\\\/48-anos-de-educar-con-alegria\\\/\",\"url\":\"https:\\\/\\\/www.feyalegria.org\\\/guatemala\\\/48-anos-de-educar-con-alegria\\\/\",\"name\":\"\u201c 48 a\u00f1os de educar con alegr\u00eda\u201d - #SomosFeyAlegr\u00eda en Guatemala\",\"isPartOf\":{\"@id\":\"https:\\\/\\\/www.feyalegria.org\\\/guatemala\\\/#website\"},\"primaryImageOfPage\":{\"@id\":\"https:\\\/\\\/www.feyalegria.org\\\/guatemala\\\/48-anos-de-educar-con-alegria\\\/#primaryimage\"},\"image\":{\"@id\":\"https:\\\/\\\/www.feyalegria.org\\\/guatemala\\\/48-anos-de-educar-con-alegria\\\/#primaryimage\"},\"thumbnailUrl\":\"https:\\\/\\\/d3pugrm67vf9n7.cloudfront.net\\\/wp-content\\\/uploads\\\/sites\\\/17\\\/2024\\\/04\\\/29113559\\\/48A-1.png\",\"datePublished\":\"2024-04-29T16:49:55+00:00\",\"dateModified\":\"2024-04-30T15:58:37+00:00\",\"author\":{\"@id\":\"https:\\\/\\\/www.feyalegria.org\\\/guatemala\\\/#\\\/schema\\\/person\\\/d850361badaccc6e2f44e91cec6728b9\"},\"breadcrumb\":{\"@id\":\"https:\\\/\\\/www.feyalegria.org\\\/guatemala\\\/48-anos-de-educar-con-alegria\\\/#breadcrumb\"},\"inLanguage\":\"es\",\"potentialAction\":[{\"@type\":\"ReadAction\",\"target\":[\"https:\\\/\\\/www.feyalegria.org\\\/guatemala\\\/48-anos-de-educar-con-alegria\\\/\"]}]},{\"@type\":\"ImageObject\",\"inLanguage\":\"es\",\"@id\":\"https:\\\/\\\/www.feyalegria.org\\\/guatemala\\\/48-anos-de-educar-con-alegria\\\/#primaryimage\",\"url\":\"https:\\\/\\\/d3pugrm67vf9n7.cloudfront.net\\\/wp-content\\\/uploads\\\/sites\\\/17\\\/2024\\\/04\\\/29113559\\\/48A-1.png\",\"contentUrl\":\"https:\\\/\\\/d3pugrm67vf9n7.cloudfront.net\\\/wp-content\\\/uploads\\\/sites\\\/17\\\/2024\\\/04\\\/29113559\\\/48A-1.png\",\"width\":2827,\"height\":3118},{\"@type\":\"BreadcrumbList\",\"@id\":\"https:\\\/\\\/www.feyalegria.org\\\/guatemala\\\/48-anos-de-educar-con-alegria\\\/#breadcrumb\",\"itemListElement\":[{\"@type\":\"ListItem\",\"position\":1,\"name\":\"Home\",\"item\":\"https:\\\/\\\/www.feyalegria.org\\\/guatemala\\\/\"},{\"@type\":\"ListItem\",\"position\":2,\"name\":\"\u201c 48 a\u00f1os de educar con alegr\u00eda\u201d\"}]},{\"@type\":\"WebSite\",\"@id\":\"https:\\\/\\\/www.feyalegria.org\\\/guatemala\\\/#website\",\"url\":\"https:\\\/\\\/www.feyalegria.org\\\/guatemala\\\/\",\"name\":\"#SomosFeyAlegr\u00eda en Guatemala\",\"description\":\"Movimiento de Educaci\u00f3n Popular y Promoci\u00f3n Social\",\"potentialAction\":[{\"@type\":\"SearchAction\",\"target\":{\"@type\":\"EntryPoint\",\"urlTemplate\":\"https:\\\/\\\/www.feyalegria.org\\\/guatemala\\\/?s={search_term_string}\"},\"query-input\":{\"@type\":\"PropertyValueSpecification\",\"valueRequired\":true,\"valueName\":\"search_term_string\"}}],\"inLanguage\":\"es\"},{\"@type\":\"Person\",\"@id\":\"https:\\\/\\\/www.feyalegria.org\\\/guatemala\\\/#\\\/schema\\\/person\\\/d850361badaccc6e2f44e91cec6728b9\",\"name\":\"admingtfya02\",\"url\":\"https:\\\/\\\/www.feyalegria.org\\\/guatemala\\\/author\\\/admingtfya02\\\/\"}]}<\/script>\n<!-- \/ Yoast SEO plugin. -->","yoast_head_json":{"title":"\u201c 48 a\u00f1os de educar con alegr\u00eda\u201d - #SomosFeyAlegr\u00eda en Guatemala","robots":{"index":"index","follow":"follow","max-snippet":"max-snippet:-1","max-image-preview":"max-image-preview:large","max-video-preview":"max-video-preview:-1"},"canonical":"https:\/\/www.feyalegria.org\/guatemala\/48-anos-de-educar-con-alegria\/","og_locale":"es_ES","og_type":"article","og_title":"\u201c 48 a\u00f1os de educar con alegr\u00eda\u201d - #SomosFeyAlegr\u00eda en Guatemala","og_description":"Fe y Alegr\u00eda Guatemala cumple 48 a\u00f1os contribuir con la educaci\u00f3n de los sectores m\u00e1s vulnerables del pa\u00eds, llevando la esperanza y el optimismo para formar personas plenas, que vivan con dignidad. \u201d.","og_url":"https:\/\/www.feyalegria.org\/guatemala\/48-anos-de-educar-con-alegria\/","og_site_name":"#SomosFeyAlegr\u00eda en Guatemala","article_published_time":"2024-04-29T16:49:55+00:00","article_modified_time":"2024-04-30T15:58:37+00:00","og_image":[{"width":2827,"height":3118,"url":"https:\/\/d3pugrm67vf9n7.cloudfront.net\/wp-content\/uploads\/sites\/17\/2024\/04\/29113559\/48A-1.png","type":"image\/png"}],"author":"admingtfya02","twitter_card":"summary_large_image","twitter_misc":{"Escrito por":"admingtfya02","Tiempo de lectura":"4 minutos"},"schema":{"@context":"https:\/\/schema.org","@graph":[{"@type":"Article","@id":"https:\/\/www.feyalegria.org\/guatemala\/48-anos-de-educar-con-alegria\/#article","isPartOf":{"@id":"https:\/\/www.feyalegria.org\/guatemala\/48-anos-de-educar-con-alegria\/"},"author":{"name":"admingtfya02","@id":"https:\/\/www.feyalegria.org\/guatemala\/#\/schema\/person\/d850361badaccc6e2f44e91cec6728b9"},"headline":"\u201c 48 a\u00f1os de educar con alegr\u00eda\u201d","datePublished":"2024-04-29T16:49:55+00:00","dateModified":"2024-04-30T15:58:37+00:00","mainEntityOfPage":{"@id":"https:\/\/www.feyalegria.org\/guatemala\/48-anos-de-educar-con-alegria\/"},"wordCount":925,"image":{"@id":"https:\/\/www.feyalegria.org\/guatemala\/48-anos-de-educar-con-alegria\/#primaryimage"},"thumbnailUrl":"https:\/\/d3pugrm67vf9n7.cloudfront.net\/wp-content\/uploads\/sites\/17\/2024\/04\/29113559\/48A-1.png","inLanguage":"es"},{"@type":"WebPage","@id":"https:\/\/www.feyalegria.org\/guatemala\/48-anos-de-educar-con-alegria\/","url":"https:\/\/www.feyalegria.org\/guatemala\/48-anos-de-educar-con-alegria\/","name":"\u201c 48 a\u00f1os de educar con alegr\u00eda\u201d - #SomosFeyAlegr\u00eda en Guatemala","isPartOf":{"@id":"https:\/\/www.feyalegria.org\/guatemala\/#website"},"primaryImageOfPage":{"@id":"https:\/\/www.feyalegria.org\/guatemala\/48-anos-de-educar-con-alegria\/#primaryimage"},"image":{"@id":"https:\/\/www.feyalegria.org\/guatemala\/48-anos-de-educar-con-alegria\/#primaryimage"},"thumbnailUrl":"https:\/\/d3pugrm67vf9n7.cloudfront.net\/wp-content\/uploads\/sites\/17\/2024\/04\/29113559\/48A-1.png","datePublished":"2024-04-29T16:49:55+00:00","dateModified":"2024-04-30T15:58:37+00:00","author":{"@id":"https:\/\/www.feyalegria.org\/guatemala\/#\/schema\/person\/d850361badaccc6e2f44e91cec6728b9"},"breadcrumb":{"@id":"https:\/\/www.feyalegria.org\/guatemala\/48-anos-de-educar-con-alegria\/#breadcrumb"},"inLanguage":"es","potentialAction":[{"@type":"ReadAction","target":["https:\/\/www.feyalegria.org\/guatemala\/48-anos-de-educar-con-alegria\/"]}]},{"@type":"ImageObject","inLanguage":"es","@id":"https:\/\/www.feyalegria.org\/guatemala\/48-anos-de-educar-con-alegria\/#primaryimage","url":"https:\/\/d3pugrm67vf9n7.cloudfront.net\/wp-content\/uploads\/sites\/17\/2024\/04\/29113559\/48A-1.png","contentUrl":"https:\/\/d3pugrm67vf9n7.cloudfront.net\/wp-content\/uploads\/sites\/17\/2024\/04\/29113559\/48A-1.png","width":2827,"height":3118},{"@type":"BreadcrumbList","@id":"https:\/\/www.feyalegria.org\/guatemala\/48-anos-de-educar-con-alegria\/#breadcrumb","itemListElement":[{"@type":"ListItem","position":1,"name":"Home","item":"https:\/\/www.feyalegria.org\/guatemala\/"},{"@type":"ListItem","position":2,"name":"\u201c 48 a\u00f1os de educar con alegr\u00eda\u201d"}]},{"@type":"WebSite","@id":"https:\/\/www.feyalegria.org\/guatemala\/#website","url":"https:\/\/www.feyalegria.org\/guatemala\/","name":"#SomosFeyAlegr\u00eda en Guatemala","description":"Movimiento de Educaci\u00f3n Popular y Promoci\u00f3n Social","potentialAction":[{"@type":"SearchAction","target":{"@type":"EntryPoint","urlTemplate":"https:\/\/www.feyalegria.org\/guatemala\/?s={search_term_string}"},"query-input":{"@type":"PropertyValueSpecification","valueRequired":true,"valueName":"search_term_string"}}],"inLanguage":"es"},{"@type":"Person","@id":"https:\/\/www.feyalegria.org\/guatemala\/#\/schema\/person\/d850361badaccc6e2f44e91cec6728b9","name":"admingtfya02","url":"https:\/\/www.feyalegria.org\/guatemala\/author\/admingtfya02\/"}]}},"_links":{"self":[{"href":"https:\/\/www.feyalegria.org\/guatemala\/wp-json\/wp\/v2\/posts\/5060","targetHints":{"allow":["GET"]}}],"collection":[{"href":"https:\/\/www.feyalegria.org\/guatemala\/wp-json\/wp\/v2\/posts"}],"about":[{"href":"https:\/\/www.feyalegria.org\/guatemala\/wp-json\/wp\/v2\/types\/post"}],"author":[{"embeddable":true,"href":"https:\/\/www.feyalegria.org\/guatemala\/wp-json\/wp\/v2\/users\/16"}],"replies":[{"embeddable":true,"href":"https:\/\/www.feyalegria.org\/guatemala\/wp-json\/wp\/v2\/comments?post=5060"}],"version-history":[{"count":0,"href":"https:\/\/www.feyalegria.org\/guatemala\/wp-json\/wp\/v2\/posts\/5060\/revisions"}],"wp:featuredmedia":[{"embeddable":true,"href":"https:\/\/www.feyalegria.org\/guatemala\/wp-json\/wp\/v2\/media\/5063"}],"wp:attachment":[{"href":"https:\/\/www.feyalegria.org\/guatemala\/wp-json\/wp\/v2\/media?parent=5060"}],"wp:term":[{"taxonomy":"category","embeddable":true,"href":"https:\/\/www.feyalegria.org\/guatemala\/wp-json\/wp\/v2\/categories?post=5060"},{"taxonomy":"post_tag","embeddable":true,"href":"https:\/\/www.feyalegria.org\/guatemala\/wp-json\/wp\/v2\/tags?post=5060"},{"taxonomy":"post_folder","embeddable":true,"href":"https:\/\/www.feyalegria.org\/guatemala\/wp-json\/wp\/v2\/post_folder?post=5060"}],"curies":[{"name":"wp","href":"https:\/\/api.w.org\/{rel}","templated":true}]}}