{"id":3426,"date":"2023-06-20T18:05:09","date_gmt":"2023-06-20T23:05:09","guid":{"rendered":"https:\/\/www.feyalegria.org\/honduras\/?p=3426"},"modified":"2023-09-20T14:34:31","modified_gmt":"2023-09-20T19:34:31","slug":"i-taller-de-la-luz-de-las-ninas-en-fe-y-alegria-honduras","status":"publish","type":"post","link":"https:\/\/www.feyalegria.org\/honduras\/i-taller-de-la-luz-de-las-ninas-en-fe-y-alegria-honduras\/","title":{"rendered":"I Taller de La Luz de las Ni\u00f1as en Fe y Alegr\u00eda Honduras"},"content":{"rendered":"<div class=\"wpb-content-wrapper\"><p>[vc_row][vc_column]<div style=\"background-color:;height: 30px\" class=\"nicdark_section  \"><\/div>[\/vc_column][\/vc_row][vc_row enable_first_overlay=\u00bbtrue\u00bb first_overlay_opacity=\u00bb1&#8243; first_background_color=\u00bb#df5461&#8243;][vc_column width=\u00bb2\/3&#8243;][vc_single_image image=\u00bb3427&#8243; img_size=\u00bbmedium\u00bb alignment=\u00bbcenter\u00bb style=\u00bbvc_box_rounded\u00bb][vc_column_text]Con el objetivo de visibilizar la desigualdad que experimentan las ni\u00f1as, protegerlas frente a la violencia, acompa\u00f1arlas y mejorar su autoestima y la percepci\u00f3n de su entorno, este d\u00eda Fe y alegr\u00eda dio inicio al primer taller nacional de La Luz de las Ni\u00f1as.<\/p>\n<p>&nbsp;<\/p>\n<p>29 ni\u00f1as y 2 docentes participaron en el taller, ni\u00f1as que pertenecen a las escuelas San Jorge, Manuel Bonilla y el Centro B\u00e1sico Jos\u00e9 Melecio Vel\u00e1squez que forman parte de las escuelas asociadas a Fe y Alegr\u00eda.<\/p>\n<p>&nbsp;<\/p>\n<p>La propuesta formativa del taller \u00bfQui\u00e9n soy Yo? Fue tomada de la Gu\u00eda #1, que tiene como prop\u00f3sito ayudar a reconocer que todas las ni\u00f1as y adolescentes son importantes, que se debe dialogar con otras ni\u00f1as-adolescentes sobre lo que viven por ser \u201cni\u00f1as-adolescentes\u201d compartiendo su carta de presentaci\u00f3n y autorretrato, adem\u00e1s de construir colectivamente las definiciones como g\u00e9nero, estereotipo y discriminaci\u00f3n.<\/p>\n<p>&nbsp;<\/p>\n<p>La Campa\u00f1a Global La LUZ de las NI\u00d1AS es una iniciativa promovida por Entreculturas en colaboraci\u00f3n con la Federaci\u00f3n Internacional de Fe y Alegr\u00eda\u2028y el Servicio Jesuita a Refugiados en \u00c1frica y en Am\u00e9rica Latina y el Caribe.[\/vc_column_text][\/vc_column][vc_column width=\u00bb1\/3&#8243; css=\u00bb.vc_custom_1598395418937{padding-top: 30px !important;padding-left: 20px !important;background-color: #f3f3f3 !important;border-radius: 10px !important;}\u00bb][vc_widget_sidebar sidebar_id=\u00bbnicdark_sidebar\u00bb][vc_btn title=\u00bbM\u00e1s noticias\u00bb style=\u00bbcustom\u00bb custom_background=\u00bb#aa0f16&#8243; custom_text=\u00bb#ffffff\u00bb align=\u00bbcenter\u00bb link=\u00bburl:https%3A%2F%2Fwww.feyalegria.org%2Fhonduras%2Fnoticias%2F|title:Noticias\u00bb][\/vc_column][\/vc_row][vc_row][vc_column][vc_images_carousel images=\u00bb3428&#8243; img_size=\u00bbmedium\u00bb autoplay=\u00bbyes\u00bb][\/vc_column][\/vc_row]<\/p>\n<\/div>","protected":false},"excerpt":{"rendered":"<div style=\"height: 220px\">Con el objetivo de visibilizar la desigualdad que experimentan las ni\u00f1as, protegerlas frente a la violencia, acompa\u00f1arlas y mejorar su autoestima y la percepci\u00f3n de su entorno, este d\u00eda Fe y alegr\u00eda dio inicio al primer taller nacional de La Luz de las Ni\u00f1as.<\/div>\n","protected":false},"author":36,"featured_media":3428,"comment_status":"closed","ping_status":"closed","sticky":false,"template":"","format":"standard","meta":{"_acf_changed":false,"footnotes":""},"categories":[9],"tags":[],"post_folder":[],"class_list":["post-3426","post","type-post","status-publish","format-standard","has-post-thumbnail","hentry","category-noticias"],"acf":[],"yoast_head":"<!-- This site is optimized with the Yoast SEO plugin v27.5 - https:\/\/yoast.com\/product\/yoast-seo-wordpress\/ -->\n<title>I Taller de La Luz de las Ni\u00f1as en Fe y Alegr\u00eda Honduras - #SomosFeyAlegr\u00eda en Honduras<\/title>\n<meta name=\"robots\" content=\"index, follow, max-snippet:-1, max-image-preview:large, max-video-preview:-1\" \/>\n<link rel=\"canonical\" href=\"https:\/\/www.feyalegria.org\/honduras\/i-taller-de-la-luz-de-las-ninas-en-fe-y-alegria-honduras\/\" \/>\n<meta property=\"og:locale\" content=\"es_ES\" \/>\n<meta property=\"og:type\" content=\"article\" \/>\n<meta property=\"og:title\" content=\"I Taller de La Luz de las Ni\u00f1as en Fe y Alegr\u00eda Honduras - #SomosFeyAlegr\u00eda en Honduras\" \/>\n<meta property=\"og:description\" content=\"Con el objetivo de visibilizar la desigualdad que experimentan las ni\u00f1as, protegerlas frente a la violencia, acompa\u00f1arlas y mejorar su autoestima y la percepci\u00f3n de su entorno, este d\u00eda Fe y alegr\u00eda dio inicio al primer taller nacional de La Luz de las Ni\u00f1as.\" \/>\n<meta property=\"og:url\" content=\"https:\/\/www.feyalegria.org\/honduras\/i-taller-de-la-luz-de-las-ninas-en-fe-y-alegria-honduras\/\" \/>\n<meta property=\"og:site_name\" content=\"#SomosFeyAlegr\u00eda en Honduras\" \/>\n<meta property=\"article:published_time\" content=\"2023-06-20T23:05:09+00:00\" \/>\n<meta property=\"article:modified_time\" content=\"2023-09-20T19:34:31+00:00\" \/>\n<meta property=\"og:image\" content=\"https:\/\/d3pugrm67vf9n7.cloudfront.net\/wp-content\/uploads\/sites\/25\/2023\/06\/20180304\/ITallerLdNin%CC%83as1-1.jpg\" \/>\n\t<meta property=\"og:image:width\" content=\"1600\" \/>\n\t<meta property=\"og:image:height\" content=\"1200\" \/>\n\t<meta property=\"og:image:type\" content=\"image\/jpeg\" \/>\n<meta name=\"author\" content=\"adminhn1\" \/>\n<meta name=\"twitter:card\" content=\"summary_large_image\" \/>\n<meta name=\"twitter:label1\" content=\"Escrito por\" \/>\n\t<meta name=\"twitter:data1\" content=\"adminhn1\" \/>\n\t<meta name=\"twitter:label2\" content=\"Tiempo de lectura\" \/>\n\t<meta name=\"twitter:data2\" content=\"1 minuto\" \/>\n<script type=\"application\/ld+json\" class=\"yoast-schema-graph\">{\"@context\":\"https:\\\/\\\/schema.org\",\"@graph\":[{\"@type\":\"Article\",\"@id\":\"https:\\\/\\\/www.feyalegria.org\\\/honduras\\\/i-taller-de-la-luz-de-las-ninas-en-fe-y-alegria-honduras\\\/#article\",\"isPartOf\":{\"@id\":\"https:\\\/\\\/www.feyalegria.org\\\/honduras\\\/i-taller-de-la-luz-de-las-ninas-en-fe-y-alegria-honduras\\\/\"},\"author\":{\"name\":\"adminhn1\",\"@id\":\"https:\\\/\\\/www.feyalegria.org\\\/honduras\\\/#\\\/schema\\\/person\\\/c0a02808b3f9c3bf3b0127debc6f7bfb\"},\"headline\":\"I Taller de La Luz de las Ni\u00f1as en Fe y Alegr\u00eda Honduras\",\"datePublished\":\"2023-06-20T23:05:09+00:00\",\"dateModified\":\"2023-09-20T19:34:31+00:00\",\"mainEntityOfPage\":{\"@id\":\"https:\\\/\\\/www.feyalegria.org\\\/honduras\\\/i-taller-de-la-luz-de-las-ninas-en-fe-y-alegria-honduras\\\/\"},\"wordCount\":352,\"image\":{\"@id\":\"https:\\\/\\\/www.feyalegria.org\\\/honduras\\\/i-taller-de-la-luz-de-las-ninas-en-fe-y-alegria-honduras\\\/#primaryimage\"},\"thumbnailUrl\":\"https:\\\/\\\/d3pugrm67vf9n7.cloudfront.net\\\/wp-content\\\/uploads\\\/sites\\\/25\\\/2023\\\/06\\\/20180304\\\/ITallerLdNin%CC%83as1-1.jpg\",\"articleSection\":[\"Noticias\"],\"inLanguage\":\"es\"},{\"@type\":\"WebPage\",\"@id\":\"https:\\\/\\\/www.feyalegria.org\\\/honduras\\\/i-taller-de-la-luz-de-las-ninas-en-fe-y-alegria-honduras\\\/\",\"url\":\"https:\\\/\\\/www.feyalegria.org\\\/honduras\\\/i-taller-de-la-luz-de-las-ninas-en-fe-y-alegria-honduras\\\/\",\"name\":\"I Taller de La Luz de las Ni\u00f1as en Fe y Alegr\u00eda Honduras - #SomosFeyAlegr\u00eda en Honduras\",\"isPartOf\":{\"@id\":\"https:\\\/\\\/www.feyalegria.org\\\/honduras\\\/#website\"},\"primaryImageOfPage\":{\"@id\":\"https:\\\/\\\/www.feyalegria.org\\\/honduras\\\/i-taller-de-la-luz-de-las-ninas-en-fe-y-alegria-honduras\\\/#primaryimage\"},\"image\":{\"@id\":\"https:\\\/\\\/www.feyalegria.org\\\/honduras\\\/i-taller-de-la-luz-de-las-ninas-en-fe-y-alegria-honduras\\\/#primaryimage\"},\"thumbnailUrl\":\"https:\\\/\\\/d3pugrm67vf9n7.cloudfront.net\\\/wp-content\\\/uploads\\\/sites\\\/25\\\/2023\\\/06\\\/20180304\\\/ITallerLdNin%CC%83as1-1.jpg\",\"datePublished\":\"2023-06-20T23:05:09+00:00\",\"dateModified\":\"2023-09-20T19:34:31+00:00\",\"author\":{\"@id\":\"https:\\\/\\\/www.feyalegria.org\\\/honduras\\\/#\\\/schema\\\/person\\\/c0a02808b3f9c3bf3b0127debc6f7bfb\"},\"breadcrumb\":{\"@id\":\"https:\\\/\\\/www.feyalegria.org\\\/honduras\\\/i-taller-de-la-luz-de-las-ninas-en-fe-y-alegria-honduras\\\/#breadcrumb\"},\"inLanguage\":\"es\",\"potentialAction\":[{\"@type\":\"ReadAction\",\"target\":[\"https:\\\/\\\/www.feyalegria.org\\\/honduras\\\/i-taller-de-la-luz-de-las-ninas-en-fe-y-alegria-honduras\\\/\"]}]},{\"@type\":\"ImageObject\",\"inLanguage\":\"es\",\"@id\":\"https:\\\/\\\/www.feyalegria.org\\\/honduras\\\/i-taller-de-la-luz-de-las-ninas-en-fe-y-alegria-honduras\\\/#primaryimage\",\"url\":\"https:\\\/\\\/d3pugrm67vf9n7.cloudfront.net\\\/wp-content\\\/uploads\\\/sites\\\/25\\\/2023\\\/06\\\/20180304\\\/ITallerLdNin%CC%83as1-1.jpg\",\"contentUrl\":\"https:\\\/\\\/d3pugrm67vf9n7.cloudfront.net\\\/wp-content\\\/uploads\\\/sites\\\/25\\\/2023\\\/06\\\/20180304\\\/ITallerLdNin%CC%83as1-1.jpg\",\"width\":1600,\"height\":1200},{\"@type\":\"BreadcrumbList\",\"@id\":\"https:\\\/\\\/www.feyalegria.org\\\/honduras\\\/i-taller-de-la-luz-de-las-ninas-en-fe-y-alegria-honduras\\\/#breadcrumb\",\"itemListElement\":[{\"@type\":\"ListItem\",\"position\":1,\"name\":\"Home\",\"item\":\"https:\\\/\\\/www.feyalegria.org\\\/honduras\\\/\"},{\"@type\":\"ListItem\",\"position\":2,\"name\":\"I Taller de La Luz de las Ni\u00f1as en Fe y Alegr\u00eda Honduras\"}]},{\"@type\":\"WebSite\",\"@id\":\"https:\\\/\\\/www.feyalegria.org\\\/honduras\\\/#website\",\"url\":\"https:\\\/\\\/www.feyalegria.org\\\/honduras\\\/\",\"name\":\"#SomosFeyAlegr\u00eda en Honduras\",\"description\":\"Movimiento de Educaci\u00f3n Popular y Promoci\u00f3n Social\",\"potentialAction\":[{\"@type\":\"SearchAction\",\"target\":{\"@type\":\"EntryPoint\",\"urlTemplate\":\"https:\\\/\\\/www.feyalegria.org\\\/honduras\\\/?s={search_term_string}\"},\"query-input\":{\"@type\":\"PropertyValueSpecification\",\"valueRequired\":true,\"valueName\":\"search_term_string\"}}],\"inLanguage\":\"es\"},{\"@type\":\"Person\",\"@id\":\"https:\\\/\\\/www.feyalegria.org\\\/honduras\\\/#\\\/schema\\\/person\\\/c0a02808b3f9c3bf3b0127debc6f7bfb\",\"name\":\"adminhn1\",\"url\":\"https:\\\/\\\/www.feyalegria.org\\\/honduras\\\/author\\\/adminhn1\\\/\"}]}<\/script>\n<!-- \/ Yoast SEO plugin. -->","yoast_head_json":{"title":"I Taller de La Luz de las Ni\u00f1as en Fe y Alegr\u00eda Honduras - #SomosFeyAlegr\u00eda en Honduras","robots":{"index":"index","follow":"follow","max-snippet":"max-snippet:-1","max-image-preview":"max-image-preview:large","max-video-preview":"max-video-preview:-1"},"canonical":"https:\/\/www.feyalegria.org\/honduras\/i-taller-de-la-luz-de-las-ninas-en-fe-y-alegria-honduras\/","og_locale":"es_ES","og_type":"article","og_title":"I Taller de La Luz de las Ni\u00f1as en Fe y Alegr\u00eda Honduras - #SomosFeyAlegr\u00eda en Honduras","og_description":"Con el objetivo de visibilizar la desigualdad que experimentan las ni\u00f1as, protegerlas frente a la violencia, acompa\u00f1arlas y mejorar su autoestima y la percepci\u00f3n de su entorno, este d\u00eda Fe y alegr\u00eda dio inicio al primer taller nacional de La Luz de las Ni\u00f1as.","og_url":"https:\/\/www.feyalegria.org\/honduras\/i-taller-de-la-luz-de-las-ninas-en-fe-y-alegria-honduras\/","og_site_name":"#SomosFeyAlegr\u00eda en Honduras","article_published_time":"2023-06-20T23:05:09+00:00","article_modified_time":"2023-09-20T19:34:31+00:00","og_image":[{"width":1600,"height":1200,"url":"https:\/\/d3pugrm67vf9n7.cloudfront.net\/wp-content\/uploads\/sites\/25\/2023\/06\/20180304\/ITallerLdNin%CC%83as1-1.jpg","type":"image\/jpeg"}],"author":"adminhn1","twitter_card":"summary_large_image","twitter_misc":{"Escrito por":"adminhn1","Tiempo de lectura":"1 minuto"},"schema":{"@context":"https:\/\/schema.org","@graph":[{"@type":"Article","@id":"https:\/\/www.feyalegria.org\/honduras\/i-taller-de-la-luz-de-las-ninas-en-fe-y-alegria-honduras\/#article","isPartOf":{"@id":"https:\/\/www.feyalegria.org\/honduras\/i-taller-de-la-luz-de-las-ninas-en-fe-y-alegria-honduras\/"},"author":{"name":"adminhn1","@id":"https:\/\/www.feyalegria.org\/honduras\/#\/schema\/person\/c0a02808b3f9c3bf3b0127debc6f7bfb"},"headline":"I Taller de La Luz de las Ni\u00f1as en Fe y Alegr\u00eda Honduras","datePublished":"2023-06-20T23:05:09+00:00","dateModified":"2023-09-20T19:34:31+00:00","mainEntityOfPage":{"@id":"https:\/\/www.feyalegria.org\/honduras\/i-taller-de-la-luz-de-las-ninas-en-fe-y-alegria-honduras\/"},"wordCount":352,"image":{"@id":"https:\/\/www.feyalegria.org\/honduras\/i-taller-de-la-luz-de-las-ninas-en-fe-y-alegria-honduras\/#primaryimage"},"thumbnailUrl":"https:\/\/d3pugrm67vf9n7.cloudfront.net\/wp-content\/uploads\/sites\/25\/2023\/06\/20180304\/ITallerLdNin%CC%83as1-1.jpg","articleSection":["Noticias"],"inLanguage":"es"},{"@type":"WebPage","@id":"https:\/\/www.feyalegria.org\/honduras\/i-taller-de-la-luz-de-las-ninas-en-fe-y-alegria-honduras\/","url":"https:\/\/www.feyalegria.org\/honduras\/i-taller-de-la-luz-de-las-ninas-en-fe-y-alegria-honduras\/","name":"I Taller de La Luz de las Ni\u00f1as en Fe y Alegr\u00eda Honduras - #SomosFeyAlegr\u00eda en Honduras","isPartOf":{"@id":"https:\/\/www.feyalegria.org\/honduras\/#website"},"primaryImageOfPage":{"@id":"https:\/\/www.feyalegria.org\/honduras\/i-taller-de-la-luz-de-las-ninas-en-fe-y-alegria-honduras\/#primaryimage"},"image":{"@id":"https:\/\/www.feyalegria.org\/honduras\/i-taller-de-la-luz-de-las-ninas-en-fe-y-alegria-honduras\/#primaryimage"},"thumbnailUrl":"https:\/\/d3pugrm67vf9n7.cloudfront.net\/wp-content\/uploads\/sites\/25\/2023\/06\/20180304\/ITallerLdNin%CC%83as1-1.jpg","datePublished":"2023-06-20T23:05:09+00:00","dateModified":"2023-09-20T19:34:31+00:00","author":{"@id":"https:\/\/www.feyalegria.org\/honduras\/#\/schema\/person\/c0a02808b3f9c3bf3b0127debc6f7bfb"},"breadcrumb":{"@id":"https:\/\/www.feyalegria.org\/honduras\/i-taller-de-la-luz-de-las-ninas-en-fe-y-alegria-honduras\/#breadcrumb"},"inLanguage":"es","potentialAction":[{"@type":"ReadAction","target":["https:\/\/www.feyalegria.org\/honduras\/i-taller-de-la-luz-de-las-ninas-en-fe-y-alegria-honduras\/"]}]},{"@type":"ImageObject","inLanguage":"es","@id":"https:\/\/www.feyalegria.org\/honduras\/i-taller-de-la-luz-de-las-ninas-en-fe-y-alegria-honduras\/#primaryimage","url":"https:\/\/d3pugrm67vf9n7.cloudfront.net\/wp-content\/uploads\/sites\/25\/2023\/06\/20180304\/ITallerLdNin%CC%83as1-1.jpg","contentUrl":"https:\/\/d3pugrm67vf9n7.cloudfront.net\/wp-content\/uploads\/sites\/25\/2023\/06\/20180304\/ITallerLdNin%CC%83as1-1.jpg","width":1600,"height":1200},{"@type":"BreadcrumbList","@id":"https:\/\/www.feyalegria.org\/honduras\/i-taller-de-la-luz-de-las-ninas-en-fe-y-alegria-honduras\/#breadcrumb","itemListElement":[{"@type":"ListItem","position":1,"name":"Home","item":"https:\/\/www.feyalegria.org\/honduras\/"},{"@type":"ListItem","position":2,"name":"I Taller de La Luz de las Ni\u00f1as en Fe y Alegr\u00eda Honduras"}]},{"@type":"WebSite","@id":"https:\/\/www.feyalegria.org\/honduras\/#website","url":"https:\/\/www.feyalegria.org\/honduras\/","name":"#SomosFeyAlegr\u00eda en Honduras","description":"Movimiento de Educaci\u00f3n Popular y Promoci\u00f3n Social","potentialAction":[{"@type":"SearchAction","target":{"@type":"EntryPoint","urlTemplate":"https:\/\/www.feyalegria.org\/honduras\/?s={search_term_string}"},"query-input":{"@type":"PropertyValueSpecification","valueRequired":true,"valueName":"search_term_string"}}],"inLanguage":"es"},{"@type":"Person","@id":"https:\/\/www.feyalegria.org\/honduras\/#\/schema\/person\/c0a02808b3f9c3bf3b0127debc6f7bfb","name":"adminhn1","url":"https:\/\/www.feyalegria.org\/honduras\/author\/adminhn1\/"}]}},"_links":{"self":[{"href":"https:\/\/www.feyalegria.org\/honduras\/wp-json\/wp\/v2\/posts\/3426","targetHints":{"allow":["GET"]}}],"collection":[{"href":"https:\/\/www.feyalegria.org\/honduras\/wp-json\/wp\/v2\/posts"}],"about":[{"href":"https:\/\/www.feyalegria.org\/honduras\/wp-json\/wp\/v2\/types\/post"}],"author":[{"embeddable":true,"href":"https:\/\/www.feyalegria.org\/honduras\/wp-json\/wp\/v2\/users\/36"}],"replies":[{"embeddable":true,"href":"https:\/\/www.feyalegria.org\/honduras\/wp-json\/wp\/v2\/comments?post=3426"}],"version-history":[{"count":0,"href":"https:\/\/www.feyalegria.org\/honduras\/wp-json\/wp\/v2\/posts\/3426\/revisions"}],"wp:featuredmedia":[{"embeddable":true,"href":"https:\/\/www.feyalegria.org\/honduras\/wp-json\/wp\/v2\/media\/3428"}],"wp:attachment":[{"href":"https:\/\/www.feyalegria.org\/honduras\/wp-json\/wp\/v2\/media?parent=3426"}],"wp:term":[{"taxonomy":"category","embeddable":true,"href":"https:\/\/www.feyalegria.org\/honduras\/wp-json\/wp\/v2\/categories?post=3426"},{"taxonomy":"post_tag","embeddable":true,"href":"https:\/\/www.feyalegria.org\/honduras\/wp-json\/wp\/v2\/tags?post=3426"},{"taxonomy":"post_folder","embeddable":true,"href":"https:\/\/www.feyalegria.org\/honduras\/wp-json\/wp\/v2\/post_folder?post=3426"}],"curies":[{"name":"wp","href":"https:\/\/api.w.org\/{rel}","templated":true}]}}