 {"id":4869,"date":"2020-08-24T18:35:45","date_gmt":"2020-08-24T23:35:45","guid":{"rendered":"https:\/\/www.feyalegria.org\/italia\/?p=4869"},"modified":"2020-09-09T12:46:49","modified_gmt":"2020-09-09T17:46:49","slug":"presentacion-del-instituto-irfeyal-ecuador","status":"publish","type":"post","link":"https:\/\/www.feyalegria.org\/italia\/presentacion-del-instituto-irfeyal-ecuador\/","title":{"rendered":"Presentaci\u00f3n del Instituto IRFEYAL Ecuador a la comunidad Ecuatoriana de Roma"},"content":{"rendered":"<div class=\"wpb-content-wrapper\"><p>[vc_row][vc_column width=\u00bb2\/3&#8243;][vc_column_text]<\/p>\n<p align=\"justify\">El 12 de agosto el Consulado General del Ecuador en Roma ha organizado junto a Fe y Alegria Roma una presentaci\u00f3n del Instituto IRFEYAL. <\/p>\n<p>&nbsp;<\/p>\n<p align=\"justify\">El evento online difundido en directa en la p\u00e1gina del Consulado ha tenido una gran acogida entre la comunidad ecuatoriana. Ha contado con la participaci\u00f3n del C\u00f3nsul don Sa\u00fal Pacurucu, la coordinadoras Magali Alfaro y Teresa Granda, Olga P\u00e9rez Sastre responsable de Comunicaci\u00f3n y Fundaraising. As\u00ed mismo dos exalumnas ecuatorianas han compartido su testimonio: Valeria y la economista Jessica Montero.\n<\/p>\n<p>[\/vc_column_text][\/vc_column][vc_column width=\u00bb1\/3&#8243;][vc_single_image image=\u00bb4870&#8243; img_size=\u00bbmedium\u00bb alignment=\u00bbcenter\u00bb style=\u00bbvc_box_rounded\u00bb onclick=\u00bblink_image\u00bb][\/vc_column][\/vc_row]<\/p>\n<\/div>","protected":false},"excerpt":{"rendered":"<div style=\"height: 215px\">\n<p align=\"justify\">El 12 de agosto el Consulado General del Ecuador en Roma ha organizado junto a Fe y Alegria Roma una presentaci\u00f3n del Instituto IRFEYAL.<\/p>\n<\/div>\n","protected":false},"author":19,"featured_media":4870,"comment_status":"closed","ping_status":"closed","sticky":false,"template":"","format":"standard","meta":{"_acf_changed":false,"footnotes":""},"categories":[1],"tags":[],"post_folder":[],"class_list":["post-4869","post","type-post","status-publish","format-standard","has-post-thumbnail","hentry","category-sin-categoria"],"acf":[],"yoast_head":"<!-- This site is optimized with the Yoast SEO plugin v27.5 - https:\/\/yoast.com\/product\/yoast-seo-wordpress\/ -->\n<title>Presentaci\u00f3n del Instituto IRFEYAL Ecuador a la comunidad Ecuatoriana de Roma - #SomosFeyAlegria en Italia<\/title>\n<meta name=\"robots\" content=\"index, follow, max-snippet:-1, max-image-preview:large, max-video-preview:-1\" \/>\n<link rel=\"canonical\" href=\"https:\/\/www.feyalegria.org\/italia\/presentacion-del-instituto-irfeyal-ecuador\/\" \/>\n<meta property=\"og:locale\" content=\"es_ES\" \/>\n<meta property=\"og:type\" content=\"article\" \/>\n<meta property=\"og:title\" content=\"Presentaci\u00f3n del Instituto IRFEYAL Ecuador a la comunidad Ecuatoriana de Roma - #SomosFeyAlegria en Italia\" \/>\n<meta property=\"og:description\" content=\"El 12 de agosto el Consulado General del Ecuador en Roma ha organizado junto a Fe y Alegria Roma una presentaci\u00f3n del Instituto IRFEYAL.\" \/>\n<meta property=\"og:url\" content=\"https:\/\/www.feyalegria.org\/italia\/presentacion-del-instituto-irfeyal-ecuador\/\" \/>\n<meta property=\"og:site_name\" content=\"#SomosFeyAlegria en Italia\" \/>\n<meta property=\"article:published_time\" content=\"2020-08-24T23:35:45+00:00\" \/>\n<meta property=\"article:modified_time\" content=\"2020-09-09T17:46:49+00:00\" \/>\n<meta property=\"og:image\" content=\"https:\/\/d3pugrm67vf9n7.cloudfront.net\/wp-content\/uploads\/sites\/6\/2020\/08\/24183429\/Consulado-Ecuador-Roma-2020-fb-presentaci%C3%B3n.png\" \/>\n\t<meta property=\"og:image:width\" content=\"518\" \/>\n\t<meta property=\"og:image:height\" content=\"369\" \/>\n\t<meta property=\"og:image:type\" content=\"image\/png\" \/>\n<meta name=\"author\" content=\"webmasterfifya\" \/>\n<meta name=\"twitter:card\" content=\"summary_large_image\" \/>\n<meta name=\"twitter:label1\" content=\"Escrito por\" \/>\n\t<meta name=\"twitter:data1\" content=\"webmasterfifya\" \/>\n\t<meta name=\"twitter:label2\" content=\"Tiempo de lectura\" \/>\n\t<meta name=\"twitter:data2\" content=\"1 minuto\" \/>\n<script type=\"application\/ld+json\" class=\"yoast-schema-graph\">{\"@context\":\"https:\\\/\\\/schema.org\",\"@graph\":[{\"@type\":\"Article\",\"@id\":\"https:\\\/\\\/www.feyalegria.org\\\/italia\\\/presentacion-del-instituto-irfeyal-ecuador\\\/#article\",\"isPartOf\":{\"@id\":\"https:\\\/\\\/www.feyalegria.org\\\/italia\\\/presentacion-del-instituto-irfeyal-ecuador\\\/\"},\"author\":{\"name\":\"webmasterfifya\",\"@id\":\"https:\\\/\\\/www.feyalegria.org\\\/italia\\\/#\\\/schema\\\/person\\\/7ee34a27198483d6fb5e7632d354b95c\"},\"headline\":\"Presentaci\u00f3n del Instituto IRFEYAL Ecuador a la comunidad Ecuatoriana de Roma\",\"datePublished\":\"2020-08-24T23:35:45+00:00\",\"dateModified\":\"2020-09-09T17:46:49+00:00\",\"mainEntityOfPage\":{\"@id\":\"https:\\\/\\\/www.feyalegria.org\\\/italia\\\/presentacion-del-instituto-irfeyal-ecuador\\\/\"},\"wordCount\":139,\"image\":{\"@id\":\"https:\\\/\\\/www.feyalegria.org\\\/italia\\\/presentacion-del-instituto-irfeyal-ecuador\\\/#primaryimage\"},\"thumbnailUrl\":\"https:\\\/\\\/d3pugrm67vf9n7.cloudfront.net\\\/wp-content\\\/uploads\\\/sites\\\/6\\\/2020\\\/08\\\/24183429\\\/Consulado-Ecuador-Roma-2020-fb-presentaci%C3%B3n.png\",\"inLanguage\":\"es\"},{\"@type\":\"WebPage\",\"@id\":\"https:\\\/\\\/www.feyalegria.org\\\/italia\\\/presentacion-del-instituto-irfeyal-ecuador\\\/\",\"url\":\"https:\\\/\\\/www.feyalegria.org\\\/italia\\\/presentacion-del-instituto-irfeyal-ecuador\\\/\",\"name\":\"Presentaci\u00f3n del Instituto IRFEYAL Ecuador a la comunidad Ecuatoriana de Roma - #SomosFeyAlegria en Italia\",\"isPartOf\":{\"@id\":\"https:\\\/\\\/www.feyalegria.org\\\/italia\\\/#website\"},\"primaryImageOfPage\":{\"@id\":\"https:\\\/\\\/www.feyalegria.org\\\/italia\\\/presentacion-del-instituto-irfeyal-ecuador\\\/#primaryimage\"},\"image\":{\"@id\":\"https:\\\/\\\/www.feyalegria.org\\\/italia\\\/presentacion-del-instituto-irfeyal-ecuador\\\/#primaryimage\"},\"thumbnailUrl\":\"https:\\\/\\\/d3pugrm67vf9n7.cloudfront.net\\\/wp-content\\\/uploads\\\/sites\\\/6\\\/2020\\\/08\\\/24183429\\\/Consulado-Ecuador-Roma-2020-fb-presentaci%C3%B3n.png\",\"datePublished\":\"2020-08-24T23:35:45+00:00\",\"dateModified\":\"2020-09-09T17:46:49+00:00\",\"author\":{\"@id\":\"https:\\\/\\\/www.feyalegria.org\\\/italia\\\/#\\\/schema\\\/person\\\/7ee34a27198483d6fb5e7632d354b95c\"},\"inLanguage\":\"es\",\"potentialAction\":[{\"@type\":\"ReadAction\",\"target\":[\"https:\\\/\\\/www.feyalegria.org\\\/italia\\\/presentacion-del-instituto-irfeyal-ecuador\\\/\"]}]},{\"@type\":\"ImageObject\",\"inLanguage\":\"es\",\"@id\":\"https:\\\/\\\/www.feyalegria.org\\\/italia\\\/presentacion-del-instituto-irfeyal-ecuador\\\/#primaryimage\",\"url\":\"https:\\\/\\\/d3pugrm67vf9n7.cloudfront.net\\\/wp-content\\\/uploads\\\/sites\\\/6\\\/2020\\\/08\\\/24183429\\\/Consulado-Ecuador-Roma-2020-fb-presentaci%C3%B3n.png\",\"contentUrl\":\"https:\\\/\\\/d3pugrm67vf9n7.cloudfront.net\\\/wp-content\\\/uploads\\\/sites\\\/6\\\/2020\\\/08\\\/24183429\\\/Consulado-Ecuador-Roma-2020-fb-presentaci%C3%B3n.png\",\"width\":518,\"height\":369},{\"@type\":\"WebSite\",\"@id\":\"https:\\\/\\\/www.feyalegria.org\\\/italia\\\/#website\",\"url\":\"https:\\\/\\\/www.feyalegria.org\\\/italia\\\/\",\"name\":\"#SomosFeyAlegria en Italia\",\"description\":\"Movimiento de Educaci\u00f3n Popular y Promoci\u00f3n Social\",\"potentialAction\":[{\"@type\":\"SearchAction\",\"target\":{\"@type\":\"EntryPoint\",\"urlTemplate\":\"https:\\\/\\\/www.feyalegria.org\\\/italia\\\/?s={search_term_string}\"},\"query-input\":{\"@type\":\"PropertyValueSpecification\",\"valueRequired\":true,\"valueName\":\"search_term_string\"}}],\"inLanguage\":\"es\"},{\"@type\":\"Person\",\"@id\":\"https:\\\/\\\/www.feyalegria.org\\\/italia\\\/#\\\/schema\\\/person\\\/7ee34a27198483d6fb5e7632d354b95c\",\"name\":\"webmasterfifya\",\"url\":\"https:\\\/\\\/www.feyalegria.org\\\/italia\\\/author\\\/webmasterfifya\\\/\"}]}<\/script>\n<!-- \/ Yoast SEO plugin. -->","yoast_head_json":{"title":"Presentaci\u00f3n del Instituto IRFEYAL Ecuador a la comunidad Ecuatoriana de Roma - #SomosFeyAlegria en Italia","robots":{"index":"index","follow":"follow","max-snippet":"max-snippet:-1","max-image-preview":"max-image-preview:large","max-video-preview":"max-video-preview:-1"},"canonical":"https:\/\/www.feyalegria.org\/italia\/presentacion-del-instituto-irfeyal-ecuador\/","og_locale":"es_ES","og_type":"article","og_title":"Presentaci\u00f3n del Instituto IRFEYAL Ecuador a la comunidad Ecuatoriana de Roma - #SomosFeyAlegria en Italia","og_description":"El 12 de agosto el Consulado General del Ecuador en Roma ha organizado junto a Fe y Alegria Roma una presentaci\u00f3n del Instituto IRFEYAL.","og_url":"https:\/\/www.feyalegria.org\/italia\/presentacion-del-instituto-irfeyal-ecuador\/","og_site_name":"#SomosFeyAlegria en Italia","article_published_time":"2020-08-24T23:35:45+00:00","article_modified_time":"2020-09-09T17:46:49+00:00","og_image":[{"width":518,"height":369,"url":"https:\/\/d3pugrm67vf9n7.cloudfront.net\/wp-content\/uploads\/sites\/6\/2020\/08\/24183429\/Consulado-Ecuador-Roma-2020-fb-presentaci%C3%B3n.png","type":"image\/png"}],"author":"webmasterfifya","twitter_card":"summary_large_image","twitter_misc":{"Escrito por":"webmasterfifya","Tiempo de lectura":"1 minuto"},"schema":{"@context":"https:\/\/schema.org","@graph":[{"@type":"Article","@id":"https:\/\/www.feyalegria.org\/italia\/presentacion-del-instituto-irfeyal-ecuador\/#article","isPartOf":{"@id":"https:\/\/www.feyalegria.org\/italia\/presentacion-del-instituto-irfeyal-ecuador\/"},"author":{"name":"webmasterfifya","@id":"https:\/\/www.feyalegria.org\/italia\/#\/schema\/person\/7ee34a27198483d6fb5e7632d354b95c"},"headline":"Presentaci\u00f3n del Instituto IRFEYAL Ecuador a la comunidad Ecuatoriana de Roma","datePublished":"2020-08-24T23:35:45+00:00","dateModified":"2020-09-09T17:46:49+00:00","mainEntityOfPage":{"@id":"https:\/\/www.feyalegria.org\/italia\/presentacion-del-instituto-irfeyal-ecuador\/"},"wordCount":139,"image":{"@id":"https:\/\/www.feyalegria.org\/italia\/presentacion-del-instituto-irfeyal-ecuador\/#primaryimage"},"thumbnailUrl":"https:\/\/d3pugrm67vf9n7.cloudfront.net\/wp-content\/uploads\/sites\/6\/2020\/08\/24183429\/Consulado-Ecuador-Roma-2020-fb-presentaci%C3%B3n.png","inLanguage":"es"},{"@type":"WebPage","@id":"https:\/\/www.feyalegria.org\/italia\/presentacion-del-instituto-irfeyal-ecuador\/","url":"https:\/\/www.feyalegria.org\/italia\/presentacion-del-instituto-irfeyal-ecuador\/","name":"Presentaci\u00f3n del Instituto IRFEYAL Ecuador a la comunidad Ecuatoriana de Roma - #SomosFeyAlegria en Italia","isPartOf":{"@id":"https:\/\/www.feyalegria.org\/italia\/#website"},"primaryImageOfPage":{"@id":"https:\/\/www.feyalegria.org\/italia\/presentacion-del-instituto-irfeyal-ecuador\/#primaryimage"},"image":{"@id":"https:\/\/www.feyalegria.org\/italia\/presentacion-del-instituto-irfeyal-ecuador\/#primaryimage"},"thumbnailUrl":"https:\/\/d3pugrm67vf9n7.cloudfront.net\/wp-content\/uploads\/sites\/6\/2020\/08\/24183429\/Consulado-Ecuador-Roma-2020-fb-presentaci%C3%B3n.png","datePublished":"2020-08-24T23:35:45+00:00","dateModified":"2020-09-09T17:46:49+00:00","author":{"@id":"https:\/\/www.feyalegria.org\/italia\/#\/schema\/person\/7ee34a27198483d6fb5e7632d354b95c"},"inLanguage":"es","potentialAction":[{"@type":"ReadAction","target":["https:\/\/www.feyalegria.org\/italia\/presentacion-del-instituto-irfeyal-ecuador\/"]}]},{"@type":"ImageObject","inLanguage":"es","@id":"https:\/\/www.feyalegria.org\/italia\/presentacion-del-instituto-irfeyal-ecuador\/#primaryimage","url":"https:\/\/d3pugrm67vf9n7.cloudfront.net\/wp-content\/uploads\/sites\/6\/2020\/08\/24183429\/Consulado-Ecuador-Roma-2020-fb-presentaci%C3%B3n.png","contentUrl":"https:\/\/d3pugrm67vf9n7.cloudfront.net\/wp-content\/uploads\/sites\/6\/2020\/08\/24183429\/Consulado-Ecuador-Roma-2020-fb-presentaci%C3%B3n.png","width":518,"height":369},{"@type":"WebSite","@id":"https:\/\/www.feyalegria.org\/italia\/#website","url":"https:\/\/www.feyalegria.org\/italia\/","name":"#SomosFeyAlegria en Italia","description":"Movimiento de Educaci\u00f3n Popular y Promoci\u00f3n Social","potentialAction":[{"@type":"SearchAction","target":{"@type":"EntryPoint","urlTemplate":"https:\/\/www.feyalegria.org\/italia\/?s={search_term_string}"},"query-input":{"@type":"PropertyValueSpecification","valueRequired":true,"valueName":"search_term_string"}}],"inLanguage":"es"},{"@type":"Person","@id":"https:\/\/www.feyalegria.org\/italia\/#\/schema\/person\/7ee34a27198483d6fb5e7632d354b95c","name":"webmasterfifya","url":"https:\/\/www.feyalegria.org\/italia\/author\/webmasterfifya\/"}]}},"_links":{"self":[{"href":"https:\/\/www.feyalegria.org\/italia\/wp-json\/wp\/v2\/posts\/4869","targetHints":{"allow":["GET"]}}],"collection":[{"href":"https:\/\/www.feyalegria.org\/italia\/wp-json\/wp\/v2\/posts"}],"about":[{"href":"https:\/\/www.feyalegria.org\/italia\/wp-json\/wp\/v2\/types\/post"}],"author":[{"embeddable":true,"href":"https:\/\/www.feyalegria.org\/italia\/wp-json\/wp\/v2\/users\/19"}],"replies":[{"embeddable":true,"href":"https:\/\/www.feyalegria.org\/italia\/wp-json\/wp\/v2\/comments?post=4869"}],"version-history":[{"count":0,"href":"https:\/\/www.feyalegria.org\/italia\/wp-json\/wp\/v2\/posts\/4869\/revisions"}],"wp:featuredmedia":[{"embeddable":true,"href":"https:\/\/www.feyalegria.org\/italia\/wp-json\/wp\/v2\/media\/4870"}],"wp:attachment":[{"href":"https:\/\/www.feyalegria.org\/italia\/wp-json\/wp\/v2\/media?parent=4869"}],"wp:term":[{"taxonomy":"category","embeddable":true,"href":"https:\/\/www.feyalegria.org\/italia\/wp-json\/wp\/v2\/categories?post=4869"},{"taxonomy":"post_tag","embeddable":true,"href":"https:\/\/www.feyalegria.org\/italia\/wp-json\/wp\/v2\/tags?post=4869"},{"taxonomy":"post_folder","embeddable":true,"href":"https:\/\/www.feyalegria.org\/italia\/wp-json\/wp\/v2\/post_folder?post=4869"}],"curies":[{"name":"wp","href":"https:\/\/api.w.org\/{rel}","templated":true}]}}