 {"id":5348,"date":"2020-10-15T15:05:40","date_gmt":"2020-10-15T20:05:40","guid":{"rendered":"https:\/\/www.feyalegria.org\/italia\/?p=5348"},"modified":"2020-10-19T13:12:42","modified_gmt":"2020-10-19T18:12:42","slug":"reconquistando-las-aulas","status":"publish","type":"post","link":"https:\/\/www.feyalegria.org\/italia\/reconquistando-las-aulas\/","title":{"rendered":"\u00a1En Fe y Alegr\u00eda Italia iniciamos a reconquistar las aulas!"},"content":{"rendered":"<div class=\"wpb-content-wrapper\"><p>[vc_row][vc_column width=\u00bb2\/3&#8243;][vc_column_text]<\/p>\n<p>En la primera semana de octubre hemos iniciado un nuevo curso 2020\/2021 en los Institutos IRFEYAL de Fe y Alegr\u00eda Roma, Milano y Genova con incertidumbre y diferentes modalidades pero con mucha fe y alegr\u00eda por parte del profesorado y de los alumnos.<\/p>\n<p>En Roma las clases han empezado en modalidad online los jueves y domingos.<\/p>\n<p>En Mil\u00e1n los s\u00e1bados online y los domingos presencial.<\/p>\n<p>En G\u00e9nova los martes online y los s\u00e1bados y \u00faltimo domingo del mes presenciales.<\/p>\n<p>Paso a paso reconquistamos nuestra nueva normalidad, una mezcla entre lo de antes y lo de ahora, entramos en nuevas aulas, offline y online, nos saludamos con la mirada&#8230;y empezamos llenos de sue\u00f1os, ganas, tes\u00f3n, ilusi\u00f3n y esperanza.<\/p>\n<p>[\/vc_column_text][\/vc_column][vc_column width=\u00bb1\/3&#8243;][vc_images_carousel images=\u00bb5349,5350,5351&#8243; img_size=\u00bbmedium\u00bb][\/vc_column][\/vc_row]<\/p>\n<\/div>","protected":false},"excerpt":{"rendered":"<div style=\"height: 240px\">\n<p align=\"justify\">En la primera semana de octubre inici\u00f3 el curso 2020\/2021 en Roma, Mil\u00e1n y G\u00e9nova.<\/p>\n<\/div>\n","protected":false},"author":9,"featured_media":5351,"comment_status":"closed","ping_status":"closed","sticky":false,"template":"","format":"standard","meta":{"_acf_changed":false,"footnotes":""},"categories":[1],"tags":[],"post_folder":[],"class_list":["post-5348","post","type-post","status-publish","format-standard","has-post-thumbnail","hentry","category-sin-categoria"],"acf":[],"yoast_head":"<!-- This site is optimized with the Yoast SEO plugin v27.5 - https:\/\/yoast.com\/product\/yoast-seo-wordpress\/ -->\n<title>\u00a1En Fe y Alegr\u00eda Italia iniciamos a reconquistar las aulas! - #SomosFeyAlegria en Italia<\/title>\n<meta name=\"robots\" content=\"index, follow, max-snippet:-1, max-image-preview:large, max-video-preview:-1\" \/>\n<link rel=\"canonical\" href=\"https:\/\/www.feyalegria.org\/italia\/reconquistando-las-aulas\/\" \/>\n<meta property=\"og:locale\" content=\"es_ES\" \/>\n<meta property=\"og:type\" content=\"article\" \/>\n<meta property=\"og:title\" content=\"\u00a1En Fe y Alegr\u00eda Italia iniciamos a reconquistar las aulas! - #SomosFeyAlegria en Italia\" \/>\n<meta property=\"og:description\" content=\"En la primera semana de octubre inici\u00f3 el curso 2020\/2021 en Roma, Mil\u00e1n y G\u00e9nova.\" \/>\n<meta property=\"og:url\" content=\"https:\/\/www.feyalegria.org\/italia\/reconquistando-las-aulas\/\" \/>\n<meta property=\"og:site_name\" content=\"#SomosFeyAlegria en Italia\" \/>\n<meta property=\"article:published_time\" content=\"2020-10-15T20:05:40+00:00\" \/>\n<meta property=\"article:modified_time\" content=\"2020-10-19T18:12:42+00:00\" \/>\n<meta property=\"og:image\" content=\"https:\/\/d3pugrm67vf9n7.cloudfront.net\/wp-content\/uploads\/sites\/6\/2020\/10\/15150244\/clases-genova-4-octubre.jpg\" \/>\n\t<meta property=\"og:image:width\" content=\"960\" \/>\n\t<meta property=\"og:image:height\" content=\"555\" \/>\n\t<meta property=\"og:image:type\" content=\"image\/jpeg\" \/>\n<meta name=\"author\" content=\"editorit\" \/>\n<meta name=\"twitter:card\" content=\"summary_large_image\" \/>\n<meta name=\"twitter:label1\" content=\"Escrito por\" \/>\n\t<meta name=\"twitter:data1\" content=\"editorit\" \/>\n\t<meta name=\"twitter:label2\" content=\"Tiempo de lectura\" \/>\n\t<meta name=\"twitter:data2\" content=\"1 minuto\" \/>\n<script type=\"application\/ld+json\" class=\"yoast-schema-graph\">{\"@context\":\"https:\\\/\\\/schema.org\",\"@graph\":[{\"@type\":\"Article\",\"@id\":\"https:\\\/\\\/www.feyalegria.org\\\/italia\\\/reconquistando-las-aulas\\\/#article\",\"isPartOf\":{\"@id\":\"https:\\\/\\\/www.feyalegria.org\\\/italia\\\/reconquistando-las-aulas\\\/\"},\"author\":{\"name\":\"editorit\",\"@id\":\"https:\\\/\\\/www.feyalegria.org\\\/italia\\\/#\\\/schema\\\/person\\\/41c999d0ecac125419b37a6941f22606\"},\"headline\":\"\u00a1En Fe y Alegr\u00eda Italia iniciamos a reconquistar las aulas!\",\"datePublished\":\"2020-10-15T20:05:40+00:00\",\"dateModified\":\"2020-10-19T18:12:42+00:00\",\"mainEntityOfPage\":{\"@id\":\"https:\\\/\\\/www.feyalegria.org\\\/italia\\\/reconquistando-las-aulas\\\/\"},\"wordCount\":164,\"image\":{\"@id\":\"https:\\\/\\\/www.feyalegria.org\\\/italia\\\/reconquistando-las-aulas\\\/#primaryimage\"},\"thumbnailUrl\":\"https:\\\/\\\/d3pugrm67vf9n7.cloudfront.net\\\/wp-content\\\/uploads\\\/sites\\\/6\\\/2020\\\/10\\\/15150244\\\/clases-genova-4-octubre.jpg\",\"inLanguage\":\"es\"},{\"@type\":\"WebPage\",\"@id\":\"https:\\\/\\\/www.feyalegria.org\\\/italia\\\/reconquistando-las-aulas\\\/\",\"url\":\"https:\\\/\\\/www.feyalegria.org\\\/italia\\\/reconquistando-las-aulas\\\/\",\"name\":\"\u00a1En Fe y Alegr\u00eda Italia iniciamos a reconquistar las aulas! - #SomosFeyAlegria en Italia\",\"isPartOf\":{\"@id\":\"https:\\\/\\\/www.feyalegria.org\\\/italia\\\/#website\"},\"primaryImageOfPage\":{\"@id\":\"https:\\\/\\\/www.feyalegria.org\\\/italia\\\/reconquistando-las-aulas\\\/#primaryimage\"},\"image\":{\"@id\":\"https:\\\/\\\/www.feyalegria.org\\\/italia\\\/reconquistando-las-aulas\\\/#primaryimage\"},\"thumbnailUrl\":\"https:\\\/\\\/d3pugrm67vf9n7.cloudfront.net\\\/wp-content\\\/uploads\\\/sites\\\/6\\\/2020\\\/10\\\/15150244\\\/clases-genova-4-octubre.jpg\",\"datePublished\":\"2020-10-15T20:05:40+00:00\",\"dateModified\":\"2020-10-19T18:12:42+00:00\",\"author\":{\"@id\":\"https:\\\/\\\/www.feyalegria.org\\\/italia\\\/#\\\/schema\\\/person\\\/41c999d0ecac125419b37a6941f22606\"},\"inLanguage\":\"es\",\"potentialAction\":[{\"@type\":\"ReadAction\",\"target\":[\"https:\\\/\\\/www.feyalegria.org\\\/italia\\\/reconquistando-las-aulas\\\/\"]}]},{\"@type\":\"ImageObject\",\"inLanguage\":\"es\",\"@id\":\"https:\\\/\\\/www.feyalegria.org\\\/italia\\\/reconquistando-las-aulas\\\/#primaryimage\",\"url\":\"https:\\\/\\\/d3pugrm67vf9n7.cloudfront.net\\\/wp-content\\\/uploads\\\/sites\\\/6\\\/2020\\\/10\\\/15150244\\\/clases-genova-4-octubre.jpg\",\"contentUrl\":\"https:\\\/\\\/d3pugrm67vf9n7.cloudfront.net\\\/wp-content\\\/uploads\\\/sites\\\/6\\\/2020\\\/10\\\/15150244\\\/clases-genova-4-octubre.jpg\",\"width\":960,\"height\":555},{\"@type\":\"WebSite\",\"@id\":\"https:\\\/\\\/www.feyalegria.org\\\/italia\\\/#website\",\"url\":\"https:\\\/\\\/www.feyalegria.org\\\/italia\\\/\",\"name\":\"#SomosFeyAlegria en Italia\",\"description\":\"Movimiento de Educaci\u00f3n Popular y Promoci\u00f3n Social\",\"potentialAction\":[{\"@type\":\"SearchAction\",\"target\":{\"@type\":\"EntryPoint\",\"urlTemplate\":\"https:\\\/\\\/www.feyalegria.org\\\/italia\\\/?s={search_term_string}\"},\"query-input\":{\"@type\":\"PropertyValueSpecification\",\"valueRequired\":true,\"valueName\":\"search_term_string\"}}],\"inLanguage\":\"es\"},{\"@type\":\"Person\",\"@id\":\"https:\\\/\\\/www.feyalegria.org\\\/italia\\\/#\\\/schema\\\/person\\\/41c999d0ecac125419b37a6941f22606\",\"name\":\"editorit\",\"sameAs\":[\"https:\\\/\\\/www.feyalegria.it\"],\"url\":\"https:\\\/\\\/www.feyalegria.org\\\/italia\\\/author\\\/editorit\\\/\"}]}<\/script>\n<!-- \/ Yoast SEO plugin. -->","yoast_head_json":{"title":"\u00a1En Fe y Alegr\u00eda Italia iniciamos a reconquistar las aulas! - #SomosFeyAlegria en Italia","robots":{"index":"index","follow":"follow","max-snippet":"max-snippet:-1","max-image-preview":"max-image-preview:large","max-video-preview":"max-video-preview:-1"},"canonical":"https:\/\/www.feyalegria.org\/italia\/reconquistando-las-aulas\/","og_locale":"es_ES","og_type":"article","og_title":"\u00a1En Fe y Alegr\u00eda Italia iniciamos a reconquistar las aulas! - #SomosFeyAlegria en Italia","og_description":"En la primera semana de octubre inici\u00f3 el curso 2020\/2021 en Roma, Mil\u00e1n y G\u00e9nova.","og_url":"https:\/\/www.feyalegria.org\/italia\/reconquistando-las-aulas\/","og_site_name":"#SomosFeyAlegria en Italia","article_published_time":"2020-10-15T20:05:40+00:00","article_modified_time":"2020-10-19T18:12:42+00:00","og_image":[{"width":960,"height":555,"url":"https:\/\/d3pugrm67vf9n7.cloudfront.net\/wp-content\/uploads\/sites\/6\/2020\/10\/15150244\/clases-genova-4-octubre.jpg","type":"image\/jpeg"}],"author":"editorit","twitter_card":"summary_large_image","twitter_misc":{"Escrito por":"editorit","Tiempo de lectura":"1 minuto"},"schema":{"@context":"https:\/\/schema.org","@graph":[{"@type":"Article","@id":"https:\/\/www.feyalegria.org\/italia\/reconquistando-las-aulas\/#article","isPartOf":{"@id":"https:\/\/www.feyalegria.org\/italia\/reconquistando-las-aulas\/"},"author":{"name":"editorit","@id":"https:\/\/www.feyalegria.org\/italia\/#\/schema\/person\/41c999d0ecac125419b37a6941f22606"},"headline":"\u00a1En Fe y Alegr\u00eda Italia iniciamos a reconquistar las aulas!","datePublished":"2020-10-15T20:05:40+00:00","dateModified":"2020-10-19T18:12:42+00:00","mainEntityOfPage":{"@id":"https:\/\/www.feyalegria.org\/italia\/reconquistando-las-aulas\/"},"wordCount":164,"image":{"@id":"https:\/\/www.feyalegria.org\/italia\/reconquistando-las-aulas\/#primaryimage"},"thumbnailUrl":"https:\/\/d3pugrm67vf9n7.cloudfront.net\/wp-content\/uploads\/sites\/6\/2020\/10\/15150244\/clases-genova-4-octubre.jpg","inLanguage":"es"},{"@type":"WebPage","@id":"https:\/\/www.feyalegria.org\/italia\/reconquistando-las-aulas\/","url":"https:\/\/www.feyalegria.org\/italia\/reconquistando-las-aulas\/","name":"\u00a1En Fe y Alegr\u00eda Italia iniciamos a reconquistar las aulas! - #SomosFeyAlegria en Italia","isPartOf":{"@id":"https:\/\/www.feyalegria.org\/italia\/#website"},"primaryImageOfPage":{"@id":"https:\/\/www.feyalegria.org\/italia\/reconquistando-las-aulas\/#primaryimage"},"image":{"@id":"https:\/\/www.feyalegria.org\/italia\/reconquistando-las-aulas\/#primaryimage"},"thumbnailUrl":"https:\/\/d3pugrm67vf9n7.cloudfront.net\/wp-content\/uploads\/sites\/6\/2020\/10\/15150244\/clases-genova-4-octubre.jpg","datePublished":"2020-10-15T20:05:40+00:00","dateModified":"2020-10-19T18:12:42+00:00","author":{"@id":"https:\/\/www.feyalegria.org\/italia\/#\/schema\/person\/41c999d0ecac125419b37a6941f22606"},"inLanguage":"es","potentialAction":[{"@type":"ReadAction","target":["https:\/\/www.feyalegria.org\/italia\/reconquistando-las-aulas\/"]}]},{"@type":"ImageObject","inLanguage":"es","@id":"https:\/\/www.feyalegria.org\/italia\/reconquistando-las-aulas\/#primaryimage","url":"https:\/\/d3pugrm67vf9n7.cloudfront.net\/wp-content\/uploads\/sites\/6\/2020\/10\/15150244\/clases-genova-4-octubre.jpg","contentUrl":"https:\/\/d3pugrm67vf9n7.cloudfront.net\/wp-content\/uploads\/sites\/6\/2020\/10\/15150244\/clases-genova-4-octubre.jpg","width":960,"height":555},{"@type":"WebSite","@id":"https:\/\/www.feyalegria.org\/italia\/#website","url":"https:\/\/www.feyalegria.org\/italia\/","name":"#SomosFeyAlegria en Italia","description":"Movimiento de Educaci\u00f3n Popular y Promoci\u00f3n Social","potentialAction":[{"@type":"SearchAction","target":{"@type":"EntryPoint","urlTemplate":"https:\/\/www.feyalegria.org\/italia\/?s={search_term_string}"},"query-input":{"@type":"PropertyValueSpecification","valueRequired":true,"valueName":"search_term_string"}}],"inLanguage":"es"},{"@type":"Person","@id":"https:\/\/www.feyalegria.org\/italia\/#\/schema\/person\/41c999d0ecac125419b37a6941f22606","name":"editorit","sameAs":["https:\/\/www.feyalegria.it"],"url":"https:\/\/www.feyalegria.org\/italia\/author\/editorit\/"}]}},"_links":{"self":[{"href":"https:\/\/www.feyalegria.org\/italia\/wp-json\/wp\/v2\/posts\/5348","targetHints":{"allow":["GET"]}}],"collection":[{"href":"https:\/\/www.feyalegria.org\/italia\/wp-json\/wp\/v2\/posts"}],"about":[{"href":"https:\/\/www.feyalegria.org\/italia\/wp-json\/wp\/v2\/types\/post"}],"author":[{"embeddable":true,"href":"https:\/\/www.feyalegria.org\/italia\/wp-json\/wp\/v2\/users\/9"}],"replies":[{"embeddable":true,"href":"https:\/\/www.feyalegria.org\/italia\/wp-json\/wp\/v2\/comments?post=5348"}],"version-history":[{"count":0,"href":"https:\/\/www.feyalegria.org\/italia\/wp-json\/wp\/v2\/posts\/5348\/revisions"}],"wp:featuredmedia":[{"embeddable":true,"href":"https:\/\/www.feyalegria.org\/italia\/wp-json\/wp\/v2\/media\/5351"}],"wp:attachment":[{"href":"https:\/\/www.feyalegria.org\/italia\/wp-json\/wp\/v2\/media?parent=5348"}],"wp:term":[{"taxonomy":"category","embeddable":true,"href":"https:\/\/www.feyalegria.org\/italia\/wp-json\/wp\/v2\/categories?post=5348"},{"taxonomy":"post_tag","embeddable":true,"href":"https:\/\/www.feyalegria.org\/italia\/wp-json\/wp\/v2\/tags?post=5348"},{"taxonomy":"post_folder","embeddable":true,"href":"https:\/\/www.feyalegria.org\/italia\/wp-json\/wp\/v2\/post_folder?post=5348"}],"curies":[{"name":"wp","href":"https:\/\/api.w.org\/{rel}","templated":true}]}}