 {"id":5464,"date":"2020-10-29T04:12:55","date_gmt":"2020-10-29T09:12:55","guid":{"rendered":"https:\/\/www.feyalegria.org\/italia\/?p=5464"},"modified":"2020-10-29T04:37:07","modified_gmt":"2020-10-29T09:37:07","slug":"camino-de-espiritualidad-en-fe-y-alegria-milano","status":"publish","type":"post","link":"https:\/\/www.feyalegria.org\/italia\/camino-de-espiritualidad-en-fe-y-alegria-milano\/","title":{"rendered":"Camino de espiritualidad en Fe y Alegr\u00eda Milano"},"content":{"rendered":"<div class=\"wpb-content-wrapper\"><p>[vc_row][vc_column width=\u00bb2\/3&#8243;][vc_column_text]<\/p>\n<p>\nEn <strong>Fe y Alegr\u00eda Milano<\/strong> se ha reiniciado el camino de espiritualidad de la mano de la Responsable de la Formaci\u00f3n Humana, <strong>Ana Paula de Obeso<\/strong>. Nuevamente agradecidos contamos con la colaboraci\u00f3n de <strong>Mar\u00eda Luisa Berzosa <\/strong> con la formaci\u00f3n de profesores y alumnos de <strong>Fe y Alegr\u00eda Italia<\/strong>.<\/p>\n<p>Mar\u00eda Luisa se presenta y nos cuenta lo vivido en estos encuentros de formaci\u00f3n:<\/p>\n<p><em>Comienzo por presentarme.  Soy Mar\u00eda Luisa,  una religiosa de la congregaci\u00f3n Hijas de Jes\u00fas,  de espiritualidad Ignacia dedicada a la educaci\u00f3n,  nacida en Valladolid (Espa\u00f1a).<br \/>He vivido muchos a\u00f1os en Buenos Aires (Argentina) y tambi\u00e9n en Italia,  exactamente en Roma, donde estoy ahora nuevamente.<br \/>En ambos pa\u00edses he trabajado en Fe y Alegr\u00eda,  Movimiento de Educaci\u00f3n Popular y Promoci\u00f3n Social que naci\u00f3 en Venezuela y ahora se encuentra extendido por 22 pa\u00edses en Am\u00e9rica Latina, Africa y Europa, Espa\u00f1a e Italia,  Mil\u00e1n,  G\u00e9nova y Roma.<br \/>Tambi\u00e9n en Espa\u00f1a colabor\u00e9 en Entreculturas;  este organismo y todos los dem\u00e1s est\u00e1n agrupados en la Federaci\u00f3n Internacional de Fe y Alegr\u00eda.<\/em><\/p>\n<p><em>El <strong>camino de espiritualidad<\/strong> es un plan que se desea seguir a lo largo del presente curso acad\u00e9mico y que partiendo de la persona va profundizando en la espiritualidad y concretamente en la cristiana-ignaciana,  ya que esta obra, <strong>Fe y Alegr\u00eda<\/strong>, pertenece a la <strong>Compa\u00f1\u00eda de Jes\u00fas<\/strong>,  fundada por Ignacio de Loyola.<\/em><\/p>\n<p><em><strong>Tuvimos el s\u00e1bado 3 de octubre una sesi\u00f3n de tres horas por la tarde, con los docentes y otra similar el 17 de octubre con los alumnos;  en ambas despu\u00e9s de saludarnos y expresar el deseo que nos llevaba a ese encuentro:  ilusi\u00f3n,  ganas,  curiosidad,  expectativas \u2026 fuimos adentr\u00e1ndonos en una reflexi\u00f3n personal,  nuestro ser \u00fanico e irrepetible,  lleno de dones y posibilidades,  para caer en la cuenta de nuestra propia aceptaci\u00f3n y autoestima,  para seguir hablando de las relaciones interpersonales,  e ir buceando en la espiritualidad, dimensi\u00f3n que nos define tambi\u00e9n como seres humanos.<\/em><\/strong><\/p>\n<p><em>En el primer s\u00e1bado citado \u00e9ramos un grupo de 10 y en el segundo 60, por lo cual en \u00e9ste la diversidad de edades,  de pa\u00edses,  de situaciones,  era inmensa.<\/em><\/p>\n<p><em><strong>De ambos rescato con gran satisfacci\u00f3n la participaci\u00f3n,  el compromiso,  la fuerza para luchar contra tantas dificultades como aparecen cada d\u00eda,  ahora subrayadas con la pandemia que vivimos.<\/em><\/strong><\/p>\n<p><em>El compartir fue muy rico y profundo,  la reflexi\u00f3n personal,  la seriedad en el trabajo  bien hecho,  el compromiso \u2026 <strong>tantas luces aparecieron en el camino que me confirman que es un modo acertado y valioso,  que nos ayuda a crecer, a madurar,  a ponernos en pie dejando tantas mochilas pesadas como a veces nos ponemos,  animarnos a vivir con la dignidad de hijos e hijas de Dios que recibimos y hemos de mantener.<\/strong><\/p>\n<p>Continuaremos en sesiones futuras,  tambi\u00e9n ofreciendo lecturas intermedias para no cortar el proceso.<\/p>\n<p>\u00a1Muchas gracias a las coordinadoras por facilitar estos espacios y a todos los participantes por su valioso aporte!.<br \/>Saben que me tienen a disposici\u00f3n para lo que pueda colaborar en esta formaci\u00f3n humano-cristiana tan necesaria.  Y ante cualquier duda no dejen de comunicarse.<\/em><\/p>\n<p>Mar\u00eda Luisa Berzosa fi<br \/>mlberzosa@gmail.com<br \/>+34 690 06 99 45<\/p>\n<p>Los alumnos y profesores han expresado su agradecimiento por este momento de cuidado personal espiritual que les ayuda a conectarse con ellos mismos, a leerse por dentro, \u00a1muchas gracias Mar\u00eda Luisa y Ana Paula!<\/p>\n<p>[\/vc_column_text][\/vc_column][vc_column width=\u00bb1\/3&#8243;][vc_images_carousel images=\u00bb5466,5467&#8243; img_size=\u00bbmedium\u00bb][\/vc_column][\/vc_row]<\/p>\n<\/div>","protected":false},"excerpt":{"rendered":"<div style=\"height: 240px\">\n<p align=\"justify\">Conect\u00e1ndonos con la dimensi\u00f3n que nos distigue como seres humanos<\/p>\n<\/div>\n","protected":false},"author":9,"featured_media":5468,"comment_status":"closed","ping_status":"closed","sticky":false,"template":"","format":"standard","meta":{"_acf_changed":false,"footnotes":""},"categories":[1],"tags":[],"post_folder":[],"class_list":["post-5464","post","type-post","status-publish","format-standard","has-post-thumbnail","hentry","category-sin-categoria"],"acf":[],"yoast_head":"<!-- This site is optimized with the Yoast SEO plugin v27.5 - https:\/\/yoast.com\/product\/yoast-seo-wordpress\/ -->\n<title>Camino de espiritualidad en Fe y Alegr\u00eda Milano - #SomosFeyAlegria en Italia<\/title>\n<meta name=\"robots\" content=\"index, follow, max-snippet:-1, max-image-preview:large, max-video-preview:-1\" \/>\n<link rel=\"canonical\" href=\"https:\/\/www.feyalegria.org\/italia\/camino-de-espiritualidad-en-fe-y-alegria-milano\/\" \/>\n<meta property=\"og:locale\" content=\"es_ES\" \/>\n<meta property=\"og:type\" content=\"article\" \/>\n<meta property=\"og:title\" content=\"Camino de espiritualidad en Fe y Alegr\u00eda Milano - #SomosFeyAlegria en Italia\" \/>\n<meta property=\"og:description\" content=\"Conect\u00e1ndonos con la dimensi\u00f3n que nos distigue como seres humanos\" \/>\n<meta property=\"og:url\" content=\"https:\/\/www.feyalegria.org\/italia\/camino-de-espiritualidad-en-fe-y-alegria-milano\/\" \/>\n<meta property=\"og:site_name\" content=\"#SomosFeyAlegria en Italia\" \/>\n<meta property=\"article:published_time\" content=\"2020-10-29T09:12:55+00:00\" \/>\n<meta property=\"article:modified_time\" content=\"2020-10-29T09:37:07+00:00\" \/>\n<meta property=\"og:image\" content=\"https:\/\/d3pugrm67vf9n7.cloudfront.net\/wp-content\/uploads\/sites\/6\/2020\/10\/29041105\/ML-17-10-FYA-M.png\" \/>\n\t<meta property=\"og:image:width\" content=\"1984\" \/>\n\t<meta property=\"og:image:height\" content=\"1039\" \/>\n\t<meta property=\"og:image:type\" content=\"image\/png\" \/>\n<meta name=\"author\" content=\"editorit\" \/>\n<meta name=\"twitter:card\" content=\"summary_large_image\" \/>\n<meta name=\"twitter:label1\" content=\"Escrito por\" \/>\n\t<meta name=\"twitter:data1\" content=\"editorit\" \/>\n\t<meta name=\"twitter:label2\" content=\"Tiempo de lectura\" \/>\n\t<meta name=\"twitter:data2\" content=\"3 minutos\" \/>\n<script type=\"application\/ld+json\" class=\"yoast-schema-graph\">{\"@context\":\"https:\\\/\\\/schema.org\",\"@graph\":[{\"@type\":\"Article\",\"@id\":\"https:\\\/\\\/www.feyalegria.org\\\/italia\\\/camino-de-espiritualidad-en-fe-y-alegria-milano\\\/#article\",\"isPartOf\":{\"@id\":\"https:\\\/\\\/www.feyalegria.org\\\/italia\\\/camino-de-espiritualidad-en-fe-y-alegria-milano\\\/\"},\"author\":{\"name\":\"editorit\",\"@id\":\"https:\\\/\\\/www.feyalegria.org\\\/italia\\\/#\\\/schema\\\/person\\\/41c999d0ecac125419b37a6941f22606\"},\"headline\":\"Camino de espiritualidad en Fe y Alegr\u00eda Milano\",\"datePublished\":\"2020-10-29T09:12:55+00:00\",\"dateModified\":\"2020-10-29T09:37:07+00:00\",\"mainEntityOfPage\":{\"@id\":\"https:\\\/\\\/www.feyalegria.org\\\/italia\\\/camino-de-espiritualidad-en-fe-y-alegria-milano\\\/\"},\"wordCount\":627,\"image\":{\"@id\":\"https:\\\/\\\/www.feyalegria.org\\\/italia\\\/camino-de-espiritualidad-en-fe-y-alegria-milano\\\/#primaryimage\"},\"thumbnailUrl\":\"https:\\\/\\\/d3pugrm67vf9n7.cloudfront.net\\\/wp-content\\\/uploads\\\/sites\\\/6\\\/2020\\\/10\\\/29041105\\\/ML-17-10-FYA-M.png\",\"inLanguage\":\"es\"},{\"@type\":\"WebPage\",\"@id\":\"https:\\\/\\\/www.feyalegria.org\\\/italia\\\/camino-de-espiritualidad-en-fe-y-alegria-milano\\\/\",\"url\":\"https:\\\/\\\/www.feyalegria.org\\\/italia\\\/camino-de-espiritualidad-en-fe-y-alegria-milano\\\/\",\"name\":\"Camino de espiritualidad en Fe y Alegr\u00eda Milano - #SomosFeyAlegria en Italia\",\"isPartOf\":{\"@id\":\"https:\\\/\\\/www.feyalegria.org\\\/italia\\\/#website\"},\"primaryImageOfPage\":{\"@id\":\"https:\\\/\\\/www.feyalegria.org\\\/italia\\\/camino-de-espiritualidad-en-fe-y-alegria-milano\\\/#primaryimage\"},\"image\":{\"@id\":\"https:\\\/\\\/www.feyalegria.org\\\/italia\\\/camino-de-espiritualidad-en-fe-y-alegria-milano\\\/#primaryimage\"},\"thumbnailUrl\":\"https:\\\/\\\/d3pugrm67vf9n7.cloudfront.net\\\/wp-content\\\/uploads\\\/sites\\\/6\\\/2020\\\/10\\\/29041105\\\/ML-17-10-FYA-M.png\",\"datePublished\":\"2020-10-29T09:12:55+00:00\",\"dateModified\":\"2020-10-29T09:37:07+00:00\",\"author\":{\"@id\":\"https:\\\/\\\/www.feyalegria.org\\\/italia\\\/#\\\/schema\\\/person\\\/41c999d0ecac125419b37a6941f22606\"},\"inLanguage\":\"es\",\"potentialAction\":[{\"@type\":\"ReadAction\",\"target\":[\"https:\\\/\\\/www.feyalegria.org\\\/italia\\\/camino-de-espiritualidad-en-fe-y-alegria-milano\\\/\"]}]},{\"@type\":\"ImageObject\",\"inLanguage\":\"es\",\"@id\":\"https:\\\/\\\/www.feyalegria.org\\\/italia\\\/camino-de-espiritualidad-en-fe-y-alegria-milano\\\/#primaryimage\",\"url\":\"https:\\\/\\\/d3pugrm67vf9n7.cloudfront.net\\\/wp-content\\\/uploads\\\/sites\\\/6\\\/2020\\\/10\\\/29041105\\\/ML-17-10-FYA-M.png\",\"contentUrl\":\"https:\\\/\\\/d3pugrm67vf9n7.cloudfront.net\\\/wp-content\\\/uploads\\\/sites\\\/6\\\/2020\\\/10\\\/29041105\\\/ML-17-10-FYA-M.png\",\"width\":1984,\"height\":1039},{\"@type\":\"WebSite\",\"@id\":\"https:\\\/\\\/www.feyalegria.org\\\/italia\\\/#website\",\"url\":\"https:\\\/\\\/www.feyalegria.org\\\/italia\\\/\",\"name\":\"#SomosFeyAlegria en Italia\",\"description\":\"Movimiento de Educaci\u00f3n Popular y Promoci\u00f3n Social\",\"potentialAction\":[{\"@type\":\"SearchAction\",\"target\":{\"@type\":\"EntryPoint\",\"urlTemplate\":\"https:\\\/\\\/www.feyalegria.org\\\/italia\\\/?s={search_term_string}\"},\"query-input\":{\"@type\":\"PropertyValueSpecification\",\"valueRequired\":true,\"valueName\":\"search_term_string\"}}],\"inLanguage\":\"es\"},{\"@type\":\"Person\",\"@id\":\"https:\\\/\\\/www.feyalegria.org\\\/italia\\\/#\\\/schema\\\/person\\\/41c999d0ecac125419b37a6941f22606\",\"name\":\"editorit\",\"sameAs\":[\"https:\\\/\\\/www.feyalegria.it\"],\"url\":\"https:\\\/\\\/www.feyalegria.org\\\/italia\\\/author\\\/editorit\\\/\"}]}<\/script>\n<!-- \/ Yoast SEO plugin. -->","yoast_head_json":{"title":"Camino de espiritualidad en Fe y Alegr\u00eda Milano - #SomosFeyAlegria en Italia","robots":{"index":"index","follow":"follow","max-snippet":"max-snippet:-1","max-image-preview":"max-image-preview:large","max-video-preview":"max-video-preview:-1"},"canonical":"https:\/\/www.feyalegria.org\/italia\/camino-de-espiritualidad-en-fe-y-alegria-milano\/","og_locale":"es_ES","og_type":"article","og_title":"Camino de espiritualidad en Fe y Alegr\u00eda Milano - #SomosFeyAlegria en Italia","og_description":"Conect\u00e1ndonos con la dimensi\u00f3n que nos distigue como seres humanos","og_url":"https:\/\/www.feyalegria.org\/italia\/camino-de-espiritualidad-en-fe-y-alegria-milano\/","og_site_name":"#SomosFeyAlegria en Italia","article_published_time":"2020-10-29T09:12:55+00:00","article_modified_time":"2020-10-29T09:37:07+00:00","og_image":[{"width":1984,"height":1039,"url":"https:\/\/d3pugrm67vf9n7.cloudfront.net\/wp-content\/uploads\/sites\/6\/2020\/10\/29041105\/ML-17-10-FYA-M.png","type":"image\/png"}],"author":"editorit","twitter_card":"summary_large_image","twitter_misc":{"Escrito por":"editorit","Tiempo de lectura":"3 minutos"},"schema":{"@context":"https:\/\/schema.org","@graph":[{"@type":"Article","@id":"https:\/\/www.feyalegria.org\/italia\/camino-de-espiritualidad-en-fe-y-alegria-milano\/#article","isPartOf":{"@id":"https:\/\/www.feyalegria.org\/italia\/camino-de-espiritualidad-en-fe-y-alegria-milano\/"},"author":{"name":"editorit","@id":"https:\/\/www.feyalegria.org\/italia\/#\/schema\/person\/41c999d0ecac125419b37a6941f22606"},"headline":"Camino de espiritualidad en Fe y Alegr\u00eda Milano","datePublished":"2020-10-29T09:12:55+00:00","dateModified":"2020-10-29T09:37:07+00:00","mainEntityOfPage":{"@id":"https:\/\/www.feyalegria.org\/italia\/camino-de-espiritualidad-en-fe-y-alegria-milano\/"},"wordCount":627,"image":{"@id":"https:\/\/www.feyalegria.org\/italia\/camino-de-espiritualidad-en-fe-y-alegria-milano\/#primaryimage"},"thumbnailUrl":"https:\/\/d3pugrm67vf9n7.cloudfront.net\/wp-content\/uploads\/sites\/6\/2020\/10\/29041105\/ML-17-10-FYA-M.png","inLanguage":"es"},{"@type":"WebPage","@id":"https:\/\/www.feyalegria.org\/italia\/camino-de-espiritualidad-en-fe-y-alegria-milano\/","url":"https:\/\/www.feyalegria.org\/italia\/camino-de-espiritualidad-en-fe-y-alegria-milano\/","name":"Camino de espiritualidad en Fe y Alegr\u00eda Milano - #SomosFeyAlegria en Italia","isPartOf":{"@id":"https:\/\/www.feyalegria.org\/italia\/#website"},"primaryImageOfPage":{"@id":"https:\/\/www.feyalegria.org\/italia\/camino-de-espiritualidad-en-fe-y-alegria-milano\/#primaryimage"},"image":{"@id":"https:\/\/www.feyalegria.org\/italia\/camino-de-espiritualidad-en-fe-y-alegria-milano\/#primaryimage"},"thumbnailUrl":"https:\/\/d3pugrm67vf9n7.cloudfront.net\/wp-content\/uploads\/sites\/6\/2020\/10\/29041105\/ML-17-10-FYA-M.png","datePublished":"2020-10-29T09:12:55+00:00","dateModified":"2020-10-29T09:37:07+00:00","author":{"@id":"https:\/\/www.feyalegria.org\/italia\/#\/schema\/person\/41c999d0ecac125419b37a6941f22606"},"inLanguage":"es","potentialAction":[{"@type":"ReadAction","target":["https:\/\/www.feyalegria.org\/italia\/camino-de-espiritualidad-en-fe-y-alegria-milano\/"]}]},{"@type":"ImageObject","inLanguage":"es","@id":"https:\/\/www.feyalegria.org\/italia\/camino-de-espiritualidad-en-fe-y-alegria-milano\/#primaryimage","url":"https:\/\/d3pugrm67vf9n7.cloudfront.net\/wp-content\/uploads\/sites\/6\/2020\/10\/29041105\/ML-17-10-FYA-M.png","contentUrl":"https:\/\/d3pugrm67vf9n7.cloudfront.net\/wp-content\/uploads\/sites\/6\/2020\/10\/29041105\/ML-17-10-FYA-M.png","width":1984,"height":1039},{"@type":"WebSite","@id":"https:\/\/www.feyalegria.org\/italia\/#website","url":"https:\/\/www.feyalegria.org\/italia\/","name":"#SomosFeyAlegria en Italia","description":"Movimiento de Educaci\u00f3n Popular y Promoci\u00f3n Social","potentialAction":[{"@type":"SearchAction","target":{"@type":"EntryPoint","urlTemplate":"https:\/\/www.feyalegria.org\/italia\/?s={search_term_string}"},"query-input":{"@type":"PropertyValueSpecification","valueRequired":true,"valueName":"search_term_string"}}],"inLanguage":"es"},{"@type":"Person","@id":"https:\/\/www.feyalegria.org\/italia\/#\/schema\/person\/41c999d0ecac125419b37a6941f22606","name":"editorit","sameAs":["https:\/\/www.feyalegria.it"],"url":"https:\/\/www.feyalegria.org\/italia\/author\/editorit\/"}]}},"_links":{"self":[{"href":"https:\/\/www.feyalegria.org\/italia\/wp-json\/wp\/v2\/posts\/5464","targetHints":{"allow":["GET"]}}],"collection":[{"href":"https:\/\/www.feyalegria.org\/italia\/wp-json\/wp\/v2\/posts"}],"about":[{"href":"https:\/\/www.feyalegria.org\/italia\/wp-json\/wp\/v2\/types\/post"}],"author":[{"embeddable":true,"href":"https:\/\/www.feyalegria.org\/italia\/wp-json\/wp\/v2\/users\/9"}],"replies":[{"embeddable":true,"href":"https:\/\/www.feyalegria.org\/italia\/wp-json\/wp\/v2\/comments?post=5464"}],"version-history":[{"count":0,"href":"https:\/\/www.feyalegria.org\/italia\/wp-json\/wp\/v2\/posts\/5464\/revisions"}],"wp:featuredmedia":[{"embeddable":true,"href":"https:\/\/www.feyalegria.org\/italia\/wp-json\/wp\/v2\/media\/5468"}],"wp:attachment":[{"href":"https:\/\/www.feyalegria.org\/italia\/wp-json\/wp\/v2\/media?parent=5464"}],"wp:term":[{"taxonomy":"category","embeddable":true,"href":"https:\/\/www.feyalegria.org\/italia\/wp-json\/wp\/v2\/categories?post=5464"},{"taxonomy":"post_tag","embeddable":true,"href":"https:\/\/www.feyalegria.org\/italia\/wp-json\/wp\/v2\/tags?post=5464"},{"taxonomy":"post_folder","embeddable":true,"href":"https:\/\/www.feyalegria.org\/italia\/wp-json\/wp\/v2\/post_folder?post=5464"}],"curies":[{"name":"wp","href":"https:\/\/api.w.org\/{rel}","templated":true}]}}