 {"id":5535,"date":"2020-12-02T06:32:01","date_gmt":"2020-12-02T11:32:01","guid":{"rendered":"https:\/\/www.feyalegria.org\/italia\/?p=5535"},"modified":"2020-12-02T07:19:25","modified_gmt":"2020-12-02T12:19:25","slug":"jorgeseguimosunidos","status":"publish","type":"post","link":"https:\/\/www.feyalegria.org\/italia\/jorgeseguimosunidos\/","title":{"rendered":"\u00a1Muchas gracias,  Jorge! Seguimos unidos"},"content":{"rendered":"<div class=\"wpb-content-wrapper\"><p>[vc_row][vc_column width=\u00bb2\/3&#8243;][vc_column_text]<\/p>\n<p>CARTA ABIERTA A JORGE CELA SJ<br \/>\nQuerido <strong>Jorge<\/strong>:<\/p>\n<p>Te has ido de una forma tan repentina que no he tenido tiempo de reaccionar \u2026 ahora cuando van pasando las horas y los d\u00edas voy cayendo en la cuenta de que es verdad;  me voy haciendo consciente de que no voy a volver a verte,  no conversaremos de tantas cosas compartidas,  siempre ten\u00edamos temas abundantes,  a los dos nos encantaba hablar y cada vez quedaban puntos pendientes para pr\u00f3ximos encuentros.<\/p>\n<p>Vuelvo a la ma\u00f1ana del domingo 29 cuando un mensaje de nuestro com\u00fan amigo Andy Liberato sj,  desde Madrid,  me daba esa noticia que nunca hubiera querido recibir \u2026 me qued\u00e9 sin respiraci\u00f3n y una pena honda empez\u00f3 a brotar en mi coraz\u00f3n;  le llam\u00e9 ah\u00ed mismo,  necesitaba confirmaci\u00f3n de que era verdad lo que le\u00eda. S\u00ed,  era cierto,  hab\u00edas fallecido en un instante.<\/p>\n<p>Tu vida larga y muy fecunda, se hab\u00eda cerrado en un grito de dolor,  era como si no hubieras querido alargar el sufrimiento para los dem\u00e1s y cuando despertamos tu te hab\u00edas dormido para  siempre.<br \/>\nY volv\u00ed a mis correos con la certeza de que hace muy pocos d\u00edas nos hab\u00edamos escrito y leo en uno del 22:<\/p>\n<p align=\"center\">\u201cYo he estado un<br \/>\npar de meses en Dominicana, por temas de salud, a Dios gracias no<br \/>\nimportantes y muy bien resueltos.<br \/>\nHoy he llegado de vuelta a Cuba. Con mucha ilusi\u00f3n para enfrentar<br \/>\ntiempos dif\u00edciles\u201d.<\/p>\n<p>Eso era lo tuyo: dificultad con ilusi\u00f3n,  problemas con entusiasmo,  conflictos con paciencia y siempre mirada amplia,  desde el lugar de las personas y hacia ellas, sobre todo si eran las m\u00e1s vulnerables y necesitadas.<br \/>\nEn ese mismo correo me dec\u00edas<\/p>\n<p align=\"center\">\u201cEn enero volver\u00e9 a salir para acompa\u00f1ar por \u00faltima vez el Plan Pastoral para la iglesia (ya present\u00e9 mi renuncia a la Conferencia de Obispos);  dar\u00e9 dos tandas de EE a sacerdotes y har\u00e9 los m\u00edos junto a mis hermanos jesuitas\u201d<\/p>\n<p>Y en otro del 24 me comentabas tu paciencia sosteniendo la cuarentena con ganas de volver a tu comunidad y tu parroquia.<\/p>\n<p>Nunca te faltaban planes para la entrega.<br \/>\nTe hab\u00eda felicitado por tus bodas de oro sacerdotales y tu respuesta era de acci\u00f3n de gracias por todo lo recibido a lo largo de esos a\u00f1os;  nos hab\u00edamos encontrado en Madrid a tu regreso de Roma donde participaste  de los 50 a\u00f1os del Secretariado Social\u2026 todo se me hace presente en el coraz\u00f3n con mucha fuerza y siento resistencia a tu partida definitiva.<br \/>\nY vuelvo atr\u00e1s con la memoria cordial;  hac\u00eda much\u00edsimos  a\u00f1os que nos hab\u00edamos conocido;  comenc\u00e9 a escuchar tu nombre de la boca de mis hermanas en Guachupita;  luego te encontr\u00e9  de la mano de nuestro com\u00fan y querido amigo <strong>Juan Luis Moyano sj<\/strong> y despu\u00e9s cuando fuiste director internacional de Fe y Alegr\u00eda naci\u00f3 una relaci\u00f3n m\u00e1s estrecha,  una <strong>amistad envuelta en cari\u00f1o mutuo muy profundo, de trabajo intenso pero tambi\u00e9n de mucha celebraci\u00f3n por los pasos que \u00edbamos dando en FyA Argentina, en FyA Italia despu\u00e9s.<\/strong>\/p&gt;<\/p>\n<p><strong>Viniste a Roma, participaste en una fiesta de inauguraci\u00f3n del curso escolar,  con nuestra querida comunidad educativa latinoamericana en las aulas de la Universidad Gregoriana \u2026<\/strong> cu\u00e1ntos recuerdos se agolpan mi mente y en mi coraz\u00f3n.<br \/>\nC\u00f3mo no volver a ese discurso con que abr\u00edas cada Congreso;  impecable,  brillante, una hoja de ruta que nos marcaba por d\u00f3nde caminar\u2026 creo que te enamoraste -si antes no lo estabas-  de la educaci\u00f3n \u201cen modo Jos\u00e9 Mar\u00eda Velaz\u201d,  popular,  de calidad para los m\u00e1s pobres.  Y seguiste siendo educador en todo tu caminar,  en las diversas misiones que se te encomendaron porque siempre te atrajo fuertemente la persona necesitada de ponerse en pie, de no vivir encorvada.<\/p>\n<p>Pero FyA no se te fue nunca;  en uno de los \u00faltimos mensajes te le\u00eda \u201cesperando que Cuba abra y preparando la entrada de FyA\u201d\u2026era como un im\u00e1n que te atra\u00eda con fuerza.  Estar a tu lado era una posibilidad de renovar energ\u00edas,  de abrir horizontes,  de sobrevolar a lo peque\u00f1o aunque con esto tambi\u00e9n vibrabas,  no hab\u00eda nada insignificante en tu comprensi\u00f3n de la vida.<br \/>\nTu manera de mirar y de estar, mezclando un poco de timidez y una cierta distancia-cercana,  tus momentos de enfado -que tambi\u00e9n los ten\u00edas con mucha energ\u00eda- daban un conjunto que resultaba muy agradable estar a tu lado;  respirabas a Dios sin nombrarle,  contagiabas pasi\u00f3n por otro mundo posible,  sab\u00edas situarte junto a cada persona -pol\u00edticos para incidir o  mujeres pobres de tu barrio- y nos hac\u00edas sentir a cada uno como \u00fanico.<\/p>\n<p>No puedo seguir lament\u00e1ndome;  quisiera que mi pena se convierta en una acci\u00f3n de gracias a Dios,  muy honda,  por haberte cruzado en mi historia y haber compartido etapas tan bonitas.  Gracias por tu vida tan entregada de modo universal;  por tu sonrisa siempre presente, por tu sensibilidad hecha ternura,  por tus carcajadas,  por las fiestas compartidas -aunque nunca te atrev\u00edas a bailar-,  por haberte fiado de ese Dios Padre y Madre que siempre te llev\u00f3 amorosamente de su mano y ahora te ha recibido con el abrazo eterno.<\/p>\n<p>\u00a1Muchas gracias,  Jorge! Seguimos unidos.<\/p>\n<p>El amor es m\u00e1s fuerte que la muerte.<br \/>\nHasta siempre.<\/p>\n<p><strong>Mar\u00eda Luisa Berzosa fi<\/strong><br \/>\nRoma 1 Diciembre 2020<\/p>\n<p>[\/vc_column_text][\/vc_column][vc_column width=\u00bb1\/3&#8243;][vc_single_image image=\u00bb5537&#8243; img_size=\u00bblarge\u00bb][\/vc_column][\/vc_row]<\/p>\n<\/div>","protected":false},"excerpt":{"rendered":"<div style=\"height: 240px\">\n<p align=\"justify\">Te has ido al Padre antes de empezar diciembre, en silencio, sin hacer ruido. Con esta carta la familia de Fe y Alegr\u00eda, a trav\u00e9s de los recuerdos y la voz de Mar\u00eda Luisa, da gracias a Dios por tu vida.<\/p>\n<\/div>\n","protected":false},"author":9,"featured_media":5537,"comment_status":"closed","ping_status":"closed","sticky":false,"template":"","format":"standard","meta":{"_acf_changed":false,"footnotes":""},"categories":[1],"tags":[],"post_folder":[],"class_list":["post-5535","post","type-post","status-publish","format-standard","has-post-thumbnail","hentry","category-sin-categoria"],"acf":[],"yoast_head":"<!-- This site is optimized with the Yoast SEO plugin v27.5 - https:\/\/yoast.com\/product\/yoast-seo-wordpress\/ -->\n<title>\u00a1Muchas gracias, Jorge! Seguimos unidos - #SomosFeyAlegria en Italia<\/title>\n<meta name=\"robots\" content=\"index, follow, max-snippet:-1, max-image-preview:large, max-video-preview:-1\" \/>\n<link rel=\"canonical\" href=\"https:\/\/www.feyalegria.org\/italia\/jorgeseguimosunidos\/\" \/>\n<meta property=\"og:locale\" content=\"es_ES\" \/>\n<meta property=\"og:type\" content=\"article\" \/>\n<meta property=\"og:title\" content=\"\u00a1Muchas gracias, Jorge! Seguimos unidos - #SomosFeyAlegria en Italia\" \/>\n<meta property=\"og:description\" content=\"Te has ido al Padre antes de empezar diciembre, en silencio, sin hacer ruido. Con esta carta la familia de Fe y Alegr\u00eda, a trav\u00e9s de los recuerdos y la voz de Mar\u00eda Luisa, da gracias a Dios por tu vida.\" \/>\n<meta property=\"og:url\" content=\"https:\/\/www.feyalegria.org\/italia\/jorgeseguimosunidos\/\" \/>\n<meta property=\"og:site_name\" content=\"#SomosFeyAlegria en Italia\" \/>\n<meta property=\"article:published_time\" content=\"2020-12-02T11:32:01+00:00\" \/>\n<meta property=\"article:modified_time\" content=\"2020-12-02T12:19:25+00:00\" \/>\n<meta property=\"og:image\" content=\"https:\/\/d3pugrm67vf9n7.cloudfront.net\/wp-content\/uploads\/sites\/6\/2020\/12\/02062853\/cela.jpg\" \/>\n\t<meta property=\"og:image:width\" content=\"696\" \/>\n\t<meta property=\"og:image:height\" content=\"381\" \/>\n\t<meta property=\"og:image:type\" content=\"image\/jpeg\" \/>\n<meta name=\"author\" content=\"editorit\" \/>\n<meta name=\"twitter:card\" content=\"summary_large_image\" \/>\n<meta name=\"twitter:label1\" content=\"Escrito por\" \/>\n\t<meta name=\"twitter:data1\" content=\"editorit\" \/>\n\t<meta name=\"twitter:label2\" content=\"Tiempo de lectura\" \/>\n\t<meta name=\"twitter:data2\" content=\"5 minutos\" \/>\n<script type=\"application\/ld+json\" class=\"yoast-schema-graph\">{\"@context\":\"https:\\\/\\\/schema.org\",\"@graph\":[{\"@type\":\"Article\",\"@id\":\"https:\\\/\\\/www.feyalegria.org\\\/italia\\\/jorgeseguimosunidos\\\/#article\",\"isPartOf\":{\"@id\":\"https:\\\/\\\/www.feyalegria.org\\\/italia\\\/jorgeseguimosunidos\\\/\"},\"author\":{\"name\":\"editorit\",\"@id\":\"https:\\\/\\\/www.feyalegria.org\\\/italia\\\/#\\\/schema\\\/person\\\/41c999d0ecac125419b37a6941f22606\"},\"headline\":\"\u00a1Muchas gracias, Jorge! Seguimos unidos\",\"datePublished\":\"2020-12-02T11:32:01+00:00\",\"dateModified\":\"2020-12-02T12:19:25+00:00\",\"mainEntityOfPage\":{\"@id\":\"https:\\\/\\\/www.feyalegria.org\\\/italia\\\/jorgeseguimosunidos\\\/\"},\"wordCount\":962,\"image\":{\"@id\":\"https:\\\/\\\/www.feyalegria.org\\\/italia\\\/jorgeseguimosunidos\\\/#primaryimage\"},\"thumbnailUrl\":\"https:\\\/\\\/d3pugrm67vf9n7.cloudfront.net\\\/wp-content\\\/uploads\\\/sites\\\/6\\\/2020\\\/12\\\/02062853\\\/cela.jpg\",\"inLanguage\":\"es\"},{\"@type\":\"WebPage\",\"@id\":\"https:\\\/\\\/www.feyalegria.org\\\/italia\\\/jorgeseguimosunidos\\\/\",\"url\":\"https:\\\/\\\/www.feyalegria.org\\\/italia\\\/jorgeseguimosunidos\\\/\",\"name\":\"\u00a1Muchas gracias, Jorge! Seguimos unidos - #SomosFeyAlegria en Italia\",\"isPartOf\":{\"@id\":\"https:\\\/\\\/www.feyalegria.org\\\/italia\\\/#website\"},\"primaryImageOfPage\":{\"@id\":\"https:\\\/\\\/www.feyalegria.org\\\/italia\\\/jorgeseguimosunidos\\\/#primaryimage\"},\"image\":{\"@id\":\"https:\\\/\\\/www.feyalegria.org\\\/italia\\\/jorgeseguimosunidos\\\/#primaryimage\"},\"thumbnailUrl\":\"https:\\\/\\\/d3pugrm67vf9n7.cloudfront.net\\\/wp-content\\\/uploads\\\/sites\\\/6\\\/2020\\\/12\\\/02062853\\\/cela.jpg\",\"datePublished\":\"2020-12-02T11:32:01+00:00\",\"dateModified\":\"2020-12-02T12:19:25+00:00\",\"author\":{\"@id\":\"https:\\\/\\\/www.feyalegria.org\\\/italia\\\/#\\\/schema\\\/person\\\/41c999d0ecac125419b37a6941f22606\"},\"inLanguage\":\"es\",\"potentialAction\":[{\"@type\":\"ReadAction\",\"target\":[\"https:\\\/\\\/www.feyalegria.org\\\/italia\\\/jorgeseguimosunidos\\\/\"]}]},{\"@type\":\"ImageObject\",\"inLanguage\":\"es\",\"@id\":\"https:\\\/\\\/www.feyalegria.org\\\/italia\\\/jorgeseguimosunidos\\\/#primaryimage\",\"url\":\"https:\\\/\\\/d3pugrm67vf9n7.cloudfront.net\\\/wp-content\\\/uploads\\\/sites\\\/6\\\/2020\\\/12\\\/02062853\\\/cela.jpg\",\"contentUrl\":\"https:\\\/\\\/d3pugrm67vf9n7.cloudfront.net\\\/wp-content\\\/uploads\\\/sites\\\/6\\\/2020\\\/12\\\/02062853\\\/cela.jpg\",\"width\":696,\"height\":381,\"caption\":\"P..Joge Cela\"},{\"@type\":\"WebSite\",\"@id\":\"https:\\\/\\\/www.feyalegria.org\\\/italia\\\/#website\",\"url\":\"https:\\\/\\\/www.feyalegria.org\\\/italia\\\/\",\"name\":\"#SomosFeyAlegria en Italia\",\"description\":\"Movimiento de Educaci\u00f3n Popular y Promoci\u00f3n Social\",\"potentialAction\":[{\"@type\":\"SearchAction\",\"target\":{\"@type\":\"EntryPoint\",\"urlTemplate\":\"https:\\\/\\\/www.feyalegria.org\\\/italia\\\/?s={search_term_string}\"},\"query-input\":{\"@type\":\"PropertyValueSpecification\",\"valueRequired\":true,\"valueName\":\"search_term_string\"}}],\"inLanguage\":\"es\"},{\"@type\":\"Person\",\"@id\":\"https:\\\/\\\/www.feyalegria.org\\\/italia\\\/#\\\/schema\\\/person\\\/41c999d0ecac125419b37a6941f22606\",\"name\":\"editorit\",\"sameAs\":[\"https:\\\/\\\/www.feyalegria.it\"],\"url\":\"https:\\\/\\\/www.feyalegria.org\\\/italia\\\/author\\\/editorit\\\/\"}]}<\/script>\n<!-- \/ Yoast SEO plugin. -->","yoast_head_json":{"title":"\u00a1Muchas gracias, Jorge! Seguimos unidos - #SomosFeyAlegria en Italia","robots":{"index":"index","follow":"follow","max-snippet":"max-snippet:-1","max-image-preview":"max-image-preview:large","max-video-preview":"max-video-preview:-1"},"canonical":"https:\/\/www.feyalegria.org\/italia\/jorgeseguimosunidos\/","og_locale":"es_ES","og_type":"article","og_title":"\u00a1Muchas gracias, Jorge! Seguimos unidos - #SomosFeyAlegria en Italia","og_description":"Te has ido al Padre antes de empezar diciembre, en silencio, sin hacer ruido. Con esta carta la familia de Fe y Alegr\u00eda, a trav\u00e9s de los recuerdos y la voz de Mar\u00eda Luisa, da gracias a Dios por tu vida.","og_url":"https:\/\/www.feyalegria.org\/italia\/jorgeseguimosunidos\/","og_site_name":"#SomosFeyAlegria en Italia","article_published_time":"2020-12-02T11:32:01+00:00","article_modified_time":"2020-12-02T12:19:25+00:00","og_image":[{"width":696,"height":381,"url":"https:\/\/d3pugrm67vf9n7.cloudfront.net\/wp-content\/uploads\/sites\/6\/2020\/12\/02062853\/cela.jpg","type":"image\/jpeg"}],"author":"editorit","twitter_card":"summary_large_image","twitter_misc":{"Escrito por":"editorit","Tiempo de lectura":"5 minutos"},"schema":{"@context":"https:\/\/schema.org","@graph":[{"@type":"Article","@id":"https:\/\/www.feyalegria.org\/italia\/jorgeseguimosunidos\/#article","isPartOf":{"@id":"https:\/\/www.feyalegria.org\/italia\/jorgeseguimosunidos\/"},"author":{"name":"editorit","@id":"https:\/\/www.feyalegria.org\/italia\/#\/schema\/person\/41c999d0ecac125419b37a6941f22606"},"headline":"\u00a1Muchas gracias, Jorge! Seguimos unidos","datePublished":"2020-12-02T11:32:01+00:00","dateModified":"2020-12-02T12:19:25+00:00","mainEntityOfPage":{"@id":"https:\/\/www.feyalegria.org\/italia\/jorgeseguimosunidos\/"},"wordCount":962,"image":{"@id":"https:\/\/www.feyalegria.org\/italia\/jorgeseguimosunidos\/#primaryimage"},"thumbnailUrl":"https:\/\/d3pugrm67vf9n7.cloudfront.net\/wp-content\/uploads\/sites\/6\/2020\/12\/02062853\/cela.jpg","inLanguage":"es"},{"@type":"WebPage","@id":"https:\/\/www.feyalegria.org\/italia\/jorgeseguimosunidos\/","url":"https:\/\/www.feyalegria.org\/italia\/jorgeseguimosunidos\/","name":"\u00a1Muchas gracias, Jorge! Seguimos unidos - #SomosFeyAlegria en Italia","isPartOf":{"@id":"https:\/\/www.feyalegria.org\/italia\/#website"},"primaryImageOfPage":{"@id":"https:\/\/www.feyalegria.org\/italia\/jorgeseguimosunidos\/#primaryimage"},"image":{"@id":"https:\/\/www.feyalegria.org\/italia\/jorgeseguimosunidos\/#primaryimage"},"thumbnailUrl":"https:\/\/d3pugrm67vf9n7.cloudfront.net\/wp-content\/uploads\/sites\/6\/2020\/12\/02062853\/cela.jpg","datePublished":"2020-12-02T11:32:01+00:00","dateModified":"2020-12-02T12:19:25+00:00","author":{"@id":"https:\/\/www.feyalegria.org\/italia\/#\/schema\/person\/41c999d0ecac125419b37a6941f22606"},"inLanguage":"es","potentialAction":[{"@type":"ReadAction","target":["https:\/\/www.feyalegria.org\/italia\/jorgeseguimosunidos\/"]}]},{"@type":"ImageObject","inLanguage":"es","@id":"https:\/\/www.feyalegria.org\/italia\/jorgeseguimosunidos\/#primaryimage","url":"https:\/\/d3pugrm67vf9n7.cloudfront.net\/wp-content\/uploads\/sites\/6\/2020\/12\/02062853\/cela.jpg","contentUrl":"https:\/\/d3pugrm67vf9n7.cloudfront.net\/wp-content\/uploads\/sites\/6\/2020\/12\/02062853\/cela.jpg","width":696,"height":381,"caption":"P..Joge Cela"},{"@type":"WebSite","@id":"https:\/\/www.feyalegria.org\/italia\/#website","url":"https:\/\/www.feyalegria.org\/italia\/","name":"#SomosFeyAlegria en Italia","description":"Movimiento de Educaci\u00f3n Popular y Promoci\u00f3n Social","potentialAction":[{"@type":"SearchAction","target":{"@type":"EntryPoint","urlTemplate":"https:\/\/www.feyalegria.org\/italia\/?s={search_term_string}"},"query-input":{"@type":"PropertyValueSpecification","valueRequired":true,"valueName":"search_term_string"}}],"inLanguage":"es"},{"@type":"Person","@id":"https:\/\/www.feyalegria.org\/italia\/#\/schema\/person\/41c999d0ecac125419b37a6941f22606","name":"editorit","sameAs":["https:\/\/www.feyalegria.it"],"url":"https:\/\/www.feyalegria.org\/italia\/author\/editorit\/"}]}},"_links":{"self":[{"href":"https:\/\/www.feyalegria.org\/italia\/wp-json\/wp\/v2\/posts\/5535","targetHints":{"allow":["GET"]}}],"collection":[{"href":"https:\/\/www.feyalegria.org\/italia\/wp-json\/wp\/v2\/posts"}],"about":[{"href":"https:\/\/www.feyalegria.org\/italia\/wp-json\/wp\/v2\/types\/post"}],"author":[{"embeddable":true,"href":"https:\/\/www.feyalegria.org\/italia\/wp-json\/wp\/v2\/users\/9"}],"replies":[{"embeddable":true,"href":"https:\/\/www.feyalegria.org\/italia\/wp-json\/wp\/v2\/comments?post=5535"}],"version-history":[{"count":0,"href":"https:\/\/www.feyalegria.org\/italia\/wp-json\/wp\/v2\/posts\/5535\/revisions"}],"wp:featuredmedia":[{"embeddable":true,"href":"https:\/\/www.feyalegria.org\/italia\/wp-json\/wp\/v2\/media\/5537"}],"wp:attachment":[{"href":"https:\/\/www.feyalegria.org\/italia\/wp-json\/wp\/v2\/media?parent=5535"}],"wp:term":[{"taxonomy":"category","embeddable":true,"href":"https:\/\/www.feyalegria.org\/italia\/wp-json\/wp\/v2\/categories?post=5535"},{"taxonomy":"post_tag","embeddable":true,"href":"https:\/\/www.feyalegria.org\/italia\/wp-json\/wp\/v2\/tags?post=5535"},{"taxonomy":"post_folder","embeddable":true,"href":"https:\/\/www.feyalegria.org\/italia\/wp-json\/wp\/v2\/post_folder?post=5535"}],"curies":[{"name":"wp","href":"https:\/\/api.w.org\/{rel}","templated":true}]}}