 {"id":6277,"date":"2021-06-03T07:49:27","date_gmt":"2021-06-03T12:49:27","guid":{"rendered":"https:\/\/www.feyalegria.org\/italia\/?p=6277"},"modified":"2021-12-27T12:40:35","modified_gmt":"2021-12-27T17:40:35","slug":"finale-del-concorso-diamoci-ancora-un-tono-2","status":"publish","type":"post","link":"https:\/\/www.feyalegria.org\/italia\/finale-del-concorso-diamoci-ancora-un-tono-2\/","title":{"rendered":"Finale del Concorso \u201cDiamoci (ancora) un tono\u201d"},"content":{"rendered":"<div class=\"wpb-content-wrapper\"><p>[vc_row][vc_column width=\u00bb2\/3&#8243;][vc_column_text]<\/p>\n<p class=\" font-weight-bold color-black custom-excerpt\">La mattina di luned\u00ec 7 giugno, a partire dalle ore 9.00 si svolger\u00e0 la diretta della finale della decima edizione del concorso Diamoci (ancora) un Tono, il momento conclusivo dell\u2019intero concorso.<\/p>\n<p>&nbsp;<\/p>\n<p>\u00abNel corso della diretta non solo saranno annunciati i finalisti e premiati i migliori, ma ci saranno anche delle \u201csorprese\u201d di creativit\u00e0, collegamenti \u201clive\u201d e una serie di momenti educativi \u201cgustosi\u201d e originali.<\/p>\n<p>&nbsp;<\/p>\n<p>La finale sar\u00e0 condotta in diretta dall\u2019Istituto Sociale dal prof. Chionna, ideatore e direttore artistico del concorso, insieme a un ospite speciale. Avremo in studio la partecipazione straordinaria di Eugenio Cesaro della band Eugenio in Via di Gioia, due volte concorrente al Festival di Sanremo. Eugenio coinvolger\u00e0 i partecipanti in un percorso anche personale sulla musica e sulla passione creativa.<\/p>\n<p>&nbsp;<\/p>\n<p>Questa decima edizione dello storico concorso \u201cDiamoci un Tono\u201d, organizzata a livello di rete dalla Fondazione Gesuiti Educazione, prevede chiaramente modalit\u00e0 nuove, sia organizzative sia realizzative, in virt\u00f9 della delicata situazione sanitaria che stiamo attraversando.<\/p>\n<p>&nbsp;<\/p>\n<p>L\u2019intento del concorso \u00e8 tuttavia invariato e cio\u00e8 offrire agli studenti delle Scuole della Rete Gesuiti Educazione, che contano pi\u00f9 di 4500 studenti, l\u2019opportunit\u00e0 di mettere in evidenza, ancora una volta, il proprio talento e la propria capacit\u00e0 creativa \u2013 un atto di resistenza alla fatica della pandemia Covid-19 con le restrizioni che ha portato per i nostri giovani studenti. Quest\u2019anno il concorso \u00e8 totalmente online, aperto gli alunni della Primaria, della Secondaria di Primo Grado e della secondaria di Secondo Grado della Rete delle scuole di Fondazione Gesuiti Educazione, formando cos\u00ec tre categorie distinte. Vista l\u2019insolita situazione non ci sono ulteriori suddivisioni in sottocategorie come nelle precedenti edizioni, ma soltanto per fascia di et\u00e0.<\/p>\n<p>&nbsp;<\/p>\n<p>Questa Decima edizione, rinviata di un anno per le restrizioni causate dall\u2019emergenza Covid, \u00e8 pertanto decisamente innovativa, un esperimento che metter\u00e0 ancor pi\u00f9 in campo la capacit\u00e0 di rinnovarsi e reinventarsi, adeguandosi alle norme imposte dalla pandemia. E\u2019 un concorso pi\u00f9 \u00abcollaborativo\u00bb e pieno di sorprese.<\/p>\n<p>&nbsp;<\/p>\n<p>Il valore e il messaggio che si vuole dare \u00e8 che la musica \u00e8 vita e che oggi, con la musica, dobbiamo\/possiamo ancora esprimere la vita che \u00e8 in noi. Con Diamoci (Ancora) un Tono rinnoviamo la speranza di ritornare a suonare insieme, nella certezza che la collaborazione \u00e8 possibile, se fatta tutti insieme.\u00bb<\/p>\n<p>Tratto dalla news della Fondazione Gesuiti Educazione: https:\/\/educazione.gesuiti.it\/2021\/06\/03\/torino-verso-la-finale-di-diamoci-ancora-un-tono-2021\/[\/vc_column_text][\/vc_column][vc_column width=\u00bb1\/3&#8243;][vc_single_image image=\u00bb5978&#8243;][vc_btn title=\u00bbSegui la finale\u00bb link=\u00bburl:https%3A%2F%2Fwww.youtube.com%2Fwatch%3Fv%3D4BD7wcc4Gko|title:Finale%20Diamoci%20(ancora)%20un%20tono|target:_blank\u00bb][\/vc_column][\/vc_row][vc_row][vc_column][vc_column_text]Questa volta abbiamo partecipato con due video di Fe y Alegria Milano. Speriamo con entusiasmo la finale![\/vc_column_text][\/vc_column][\/vc_row]<\/p>\n<\/div>","protected":false},"excerpt":{"rendered":"<div style=\"height: 146px\">\n<p align=\"justify\">Luned\u00ec prossimo, 7 giugno, dalle 9 alle 12.30 trasmissione in diretta dall&#8217;Istituto Sociale, con la partecipazione straordinaria di Eugenio Cesaro.<\/div>\n","protected":false},"author":9,"featured_media":5978,"comment_status":"closed","ping_status":"closed","sticky":false,"template":"","format":"standard","meta":{"_acf_changed":false,"footnotes":""},"categories":[63],"tags":[],"post_folder":[],"class_list":["post-6277","post","type-post","status-publish","format-standard","has-post-thumbnail","hentry","category-attualita"],"acf":[],"yoast_head":"<!-- This site is optimized with the Yoast SEO plugin v27.5 - https:\/\/yoast.com\/product\/yoast-seo-wordpress\/ -->\n<title>Finale del Concorso \u201cDiamoci (ancora) un tono\u201d - #SomosFeyAlegria en Italia<\/title>\n<meta name=\"robots\" content=\"index, follow, max-snippet:-1, max-image-preview:large, max-video-preview:-1\" \/>\n<link rel=\"canonical\" href=\"https:\/\/www.feyalegria.org\/italia\/finale-del-concorso-diamoci-ancora-un-tono-2\/\" \/>\n<meta property=\"og:locale\" content=\"es_ES\" \/>\n<meta property=\"og:type\" content=\"article\" \/>\n<meta property=\"og:title\" content=\"Finale del Concorso \u201cDiamoci (ancora) un tono\u201d - #SomosFeyAlegria en Italia\" \/>\n<meta property=\"og:description\" content=\"Luned\u00ec prossimo, 7 giugno, dalle 9 alle 12.30 trasmissione in diretta dall&#039;Istituto Sociale, con la partecipazione straordinaria di Eugenio Cesaro.\" \/>\n<meta property=\"og:url\" content=\"https:\/\/www.feyalegria.org\/italia\/finale-del-concorso-diamoci-ancora-un-tono-2\/\" \/>\n<meta property=\"og:site_name\" content=\"#SomosFeyAlegria en Italia\" \/>\n<meta property=\"article:published_time\" content=\"2021-06-03T12:49:27+00:00\" \/>\n<meta property=\"article:modified_time\" content=\"2021-12-27T17:40:35+00:00\" \/>\n<meta property=\"og:image\" content=\"https:\/\/d3pugrm67vf9n7.cloudfront.net\/wp-content\/uploads\/sites\/6\/2021\/04\/13114538\/DIAMOCI-UN-TONO-2021-1.png\" \/>\n\t<meta property=\"og:image:width\" content=\"1414\" \/>\n\t<meta property=\"og:image:height\" content=\"2000\" \/>\n\t<meta property=\"og:image:type\" content=\"image\/png\" \/>\n<meta name=\"author\" content=\"editorit\" \/>\n<meta name=\"twitter:card\" content=\"summary_large_image\" \/>\n<meta name=\"twitter:label1\" content=\"Escrito por\" \/>\n\t<meta name=\"twitter:data1\" content=\"editorit\" \/>\n\t<meta name=\"twitter:label2\" content=\"Tiempo de lectura\" \/>\n\t<meta name=\"twitter:data2\" content=\"2 minutos\" \/>\n<script type=\"application\/ld+json\" class=\"yoast-schema-graph\">{\"@context\":\"https:\\\/\\\/schema.org\",\"@graph\":[{\"@type\":\"Article\",\"@id\":\"https:\\\/\\\/www.feyalegria.org\\\/italia\\\/finale-del-concorso-diamoci-ancora-un-tono-2\\\/#article\",\"isPartOf\":{\"@id\":\"https:\\\/\\\/www.feyalegria.org\\\/italia\\\/finale-del-concorso-diamoci-ancora-un-tono-2\\\/\"},\"author\":{\"name\":\"editorit\",\"@id\":\"https:\\\/\\\/www.feyalegria.org\\\/italia\\\/#\\\/schema\\\/person\\\/41c999d0ecac125419b37a6941f22606\"},\"headline\":\"Finale del Concorso \u201cDiamoci (ancora) un tono\u201d\",\"datePublished\":\"2021-06-03T12:49:27+00:00\",\"dateModified\":\"2021-12-27T17:40:35+00:00\",\"mainEntityOfPage\":{\"@id\":\"https:\\\/\\\/www.feyalegria.org\\\/italia\\\/finale-del-concorso-diamoci-ancora-un-tono-2\\\/\"},\"wordCount\":479,\"image\":{\"@id\":\"https:\\\/\\\/www.feyalegria.org\\\/italia\\\/finale-del-concorso-diamoci-ancora-un-tono-2\\\/#primaryimage\"},\"thumbnailUrl\":\"https:\\\/\\\/d3pugrm67vf9n7.cloudfront.net\\\/wp-content\\\/uploads\\\/sites\\\/6\\\/2021\\\/04\\\/13114538\\\/DIAMOCI-UN-TONO-2021-1.png\",\"articleSection\":[\"Attualit\u00e0\"],\"inLanguage\":\"es\"},{\"@type\":\"WebPage\",\"@id\":\"https:\\\/\\\/www.feyalegria.org\\\/italia\\\/finale-del-concorso-diamoci-ancora-un-tono-2\\\/\",\"url\":\"https:\\\/\\\/www.feyalegria.org\\\/italia\\\/finale-del-concorso-diamoci-ancora-un-tono-2\\\/\",\"name\":\"Finale del Concorso \u201cDiamoci (ancora) un tono\u201d - #SomosFeyAlegria en Italia\",\"isPartOf\":{\"@id\":\"https:\\\/\\\/www.feyalegria.org\\\/italia\\\/#website\"},\"primaryImageOfPage\":{\"@id\":\"https:\\\/\\\/www.feyalegria.org\\\/italia\\\/finale-del-concorso-diamoci-ancora-un-tono-2\\\/#primaryimage\"},\"image\":{\"@id\":\"https:\\\/\\\/www.feyalegria.org\\\/italia\\\/finale-del-concorso-diamoci-ancora-un-tono-2\\\/#primaryimage\"},\"thumbnailUrl\":\"https:\\\/\\\/d3pugrm67vf9n7.cloudfront.net\\\/wp-content\\\/uploads\\\/sites\\\/6\\\/2021\\\/04\\\/13114538\\\/DIAMOCI-UN-TONO-2021-1.png\",\"datePublished\":\"2021-06-03T12:49:27+00:00\",\"dateModified\":\"2021-12-27T17:40:35+00:00\",\"author\":{\"@id\":\"https:\\\/\\\/www.feyalegria.org\\\/italia\\\/#\\\/schema\\\/person\\\/41c999d0ecac125419b37a6941f22606\"},\"inLanguage\":\"es\",\"potentialAction\":[{\"@type\":\"ReadAction\",\"target\":[\"https:\\\/\\\/www.feyalegria.org\\\/italia\\\/finale-del-concorso-diamoci-ancora-un-tono-2\\\/\"]}]},{\"@type\":\"ImageObject\",\"inLanguage\":\"es\",\"@id\":\"https:\\\/\\\/www.feyalegria.org\\\/italia\\\/finale-del-concorso-diamoci-ancora-un-tono-2\\\/#primaryimage\",\"url\":\"https:\\\/\\\/d3pugrm67vf9n7.cloudfront.net\\\/wp-content\\\/uploads\\\/sites\\\/6\\\/2021\\\/04\\\/13114538\\\/DIAMOCI-UN-TONO-2021-1.png\",\"contentUrl\":\"https:\\\/\\\/d3pugrm67vf9n7.cloudfront.net\\\/wp-content\\\/uploads\\\/sites\\\/6\\\/2021\\\/04\\\/13114538\\\/DIAMOCI-UN-TONO-2021-1.png\",\"width\":1414,\"height\":2000},{\"@type\":\"WebSite\",\"@id\":\"https:\\\/\\\/www.feyalegria.org\\\/italia\\\/#website\",\"url\":\"https:\\\/\\\/www.feyalegria.org\\\/italia\\\/\",\"name\":\"#SomosFeyAlegria en Italia\",\"description\":\"Movimiento de Educaci\u00f3n Popular y Promoci\u00f3n Social\",\"potentialAction\":[{\"@type\":\"SearchAction\",\"target\":{\"@type\":\"EntryPoint\",\"urlTemplate\":\"https:\\\/\\\/www.feyalegria.org\\\/italia\\\/?s={search_term_string}\"},\"query-input\":{\"@type\":\"PropertyValueSpecification\",\"valueRequired\":true,\"valueName\":\"search_term_string\"}}],\"inLanguage\":\"es\"},{\"@type\":\"Person\",\"@id\":\"https:\\\/\\\/www.feyalegria.org\\\/italia\\\/#\\\/schema\\\/person\\\/41c999d0ecac125419b37a6941f22606\",\"name\":\"editorit\",\"sameAs\":[\"https:\\\/\\\/www.feyalegria.it\"],\"url\":\"https:\\\/\\\/www.feyalegria.org\\\/italia\\\/author\\\/editorit\\\/\"}]}<\/script>\n<!-- \/ Yoast SEO plugin. -->","yoast_head_json":{"title":"Finale del Concorso \u201cDiamoci (ancora) un tono\u201d - #SomosFeyAlegria en Italia","robots":{"index":"index","follow":"follow","max-snippet":"max-snippet:-1","max-image-preview":"max-image-preview:large","max-video-preview":"max-video-preview:-1"},"canonical":"https:\/\/www.feyalegria.org\/italia\/finale-del-concorso-diamoci-ancora-un-tono-2\/","og_locale":"es_ES","og_type":"article","og_title":"Finale del Concorso \u201cDiamoci (ancora) un tono\u201d - #SomosFeyAlegria en Italia","og_description":"Luned\u00ec prossimo, 7 giugno, dalle 9 alle 12.30 trasmissione in diretta dall'Istituto Sociale, con la partecipazione straordinaria di Eugenio Cesaro.","og_url":"https:\/\/www.feyalegria.org\/italia\/finale-del-concorso-diamoci-ancora-un-tono-2\/","og_site_name":"#SomosFeyAlegria en Italia","article_published_time":"2021-06-03T12:49:27+00:00","article_modified_time":"2021-12-27T17:40:35+00:00","og_image":[{"width":1414,"height":2000,"url":"https:\/\/d3pugrm67vf9n7.cloudfront.net\/wp-content\/uploads\/sites\/6\/2021\/04\/13114538\/DIAMOCI-UN-TONO-2021-1.png","type":"image\/png"}],"author":"editorit","twitter_card":"summary_large_image","twitter_misc":{"Escrito por":"editorit","Tiempo de lectura":"2 minutos"},"schema":{"@context":"https:\/\/schema.org","@graph":[{"@type":"Article","@id":"https:\/\/www.feyalegria.org\/italia\/finale-del-concorso-diamoci-ancora-un-tono-2\/#article","isPartOf":{"@id":"https:\/\/www.feyalegria.org\/italia\/finale-del-concorso-diamoci-ancora-un-tono-2\/"},"author":{"name":"editorit","@id":"https:\/\/www.feyalegria.org\/italia\/#\/schema\/person\/41c999d0ecac125419b37a6941f22606"},"headline":"Finale del Concorso \u201cDiamoci (ancora) un tono\u201d","datePublished":"2021-06-03T12:49:27+00:00","dateModified":"2021-12-27T17:40:35+00:00","mainEntityOfPage":{"@id":"https:\/\/www.feyalegria.org\/italia\/finale-del-concorso-diamoci-ancora-un-tono-2\/"},"wordCount":479,"image":{"@id":"https:\/\/www.feyalegria.org\/italia\/finale-del-concorso-diamoci-ancora-un-tono-2\/#primaryimage"},"thumbnailUrl":"https:\/\/d3pugrm67vf9n7.cloudfront.net\/wp-content\/uploads\/sites\/6\/2021\/04\/13114538\/DIAMOCI-UN-TONO-2021-1.png","articleSection":["Attualit\u00e0"],"inLanguage":"es"},{"@type":"WebPage","@id":"https:\/\/www.feyalegria.org\/italia\/finale-del-concorso-diamoci-ancora-un-tono-2\/","url":"https:\/\/www.feyalegria.org\/italia\/finale-del-concorso-diamoci-ancora-un-tono-2\/","name":"Finale del Concorso \u201cDiamoci (ancora) un tono\u201d - #SomosFeyAlegria en Italia","isPartOf":{"@id":"https:\/\/www.feyalegria.org\/italia\/#website"},"primaryImageOfPage":{"@id":"https:\/\/www.feyalegria.org\/italia\/finale-del-concorso-diamoci-ancora-un-tono-2\/#primaryimage"},"image":{"@id":"https:\/\/www.feyalegria.org\/italia\/finale-del-concorso-diamoci-ancora-un-tono-2\/#primaryimage"},"thumbnailUrl":"https:\/\/d3pugrm67vf9n7.cloudfront.net\/wp-content\/uploads\/sites\/6\/2021\/04\/13114538\/DIAMOCI-UN-TONO-2021-1.png","datePublished":"2021-06-03T12:49:27+00:00","dateModified":"2021-12-27T17:40:35+00:00","author":{"@id":"https:\/\/www.feyalegria.org\/italia\/#\/schema\/person\/41c999d0ecac125419b37a6941f22606"},"inLanguage":"es","potentialAction":[{"@type":"ReadAction","target":["https:\/\/www.feyalegria.org\/italia\/finale-del-concorso-diamoci-ancora-un-tono-2\/"]}]},{"@type":"ImageObject","inLanguage":"es","@id":"https:\/\/www.feyalegria.org\/italia\/finale-del-concorso-diamoci-ancora-un-tono-2\/#primaryimage","url":"https:\/\/d3pugrm67vf9n7.cloudfront.net\/wp-content\/uploads\/sites\/6\/2021\/04\/13114538\/DIAMOCI-UN-TONO-2021-1.png","contentUrl":"https:\/\/d3pugrm67vf9n7.cloudfront.net\/wp-content\/uploads\/sites\/6\/2021\/04\/13114538\/DIAMOCI-UN-TONO-2021-1.png","width":1414,"height":2000},{"@type":"WebSite","@id":"https:\/\/www.feyalegria.org\/italia\/#website","url":"https:\/\/www.feyalegria.org\/italia\/","name":"#SomosFeyAlegria en Italia","description":"Movimiento de Educaci\u00f3n Popular y Promoci\u00f3n Social","potentialAction":[{"@type":"SearchAction","target":{"@type":"EntryPoint","urlTemplate":"https:\/\/www.feyalegria.org\/italia\/?s={search_term_string}"},"query-input":{"@type":"PropertyValueSpecification","valueRequired":true,"valueName":"search_term_string"}}],"inLanguage":"es"},{"@type":"Person","@id":"https:\/\/www.feyalegria.org\/italia\/#\/schema\/person\/41c999d0ecac125419b37a6941f22606","name":"editorit","sameAs":["https:\/\/www.feyalegria.it"],"url":"https:\/\/www.feyalegria.org\/italia\/author\/editorit\/"}]}},"_links":{"self":[{"href":"https:\/\/www.feyalegria.org\/italia\/wp-json\/wp\/v2\/posts\/6277","targetHints":{"allow":["GET"]}}],"collection":[{"href":"https:\/\/www.feyalegria.org\/italia\/wp-json\/wp\/v2\/posts"}],"about":[{"href":"https:\/\/www.feyalegria.org\/italia\/wp-json\/wp\/v2\/types\/post"}],"author":[{"embeddable":true,"href":"https:\/\/www.feyalegria.org\/italia\/wp-json\/wp\/v2\/users\/9"}],"replies":[{"embeddable":true,"href":"https:\/\/www.feyalegria.org\/italia\/wp-json\/wp\/v2\/comments?post=6277"}],"version-history":[{"count":0,"href":"https:\/\/www.feyalegria.org\/italia\/wp-json\/wp\/v2\/posts\/6277\/revisions"}],"wp:featuredmedia":[{"embeddable":true,"href":"https:\/\/www.feyalegria.org\/italia\/wp-json\/wp\/v2\/media\/5978"}],"wp:attachment":[{"href":"https:\/\/www.feyalegria.org\/italia\/wp-json\/wp\/v2\/media?parent=6277"}],"wp:term":[{"taxonomy":"category","embeddable":true,"href":"https:\/\/www.feyalegria.org\/italia\/wp-json\/wp\/v2\/categories?post=6277"},{"taxonomy":"post_tag","embeddable":true,"href":"https:\/\/www.feyalegria.org\/italia\/wp-json\/wp\/v2\/tags?post=6277"},{"taxonomy":"post_folder","embeddable":true,"href":"https:\/\/www.feyalegria.org\/italia\/wp-json\/wp\/v2\/post_folder?post=6277"}],"curies":[{"name":"wp","href":"https:\/\/api.w.org\/{rel}","templated":true}]}}