 {"id":6280,"date":"2021-06-03T08:29:51","date_gmt":"2021-06-03T13:29:51","guid":{"rendered":"https:\/\/www.feyalegria.org\/italia\/?p=6280"},"modified":"2021-06-03T10:23:33","modified_gmt":"2021-06-03T15:23:33","slug":"final-del-concurso-diamoci-ancora-un-tono","status":"publish","type":"post","link":"https:\/\/www.feyalegria.org\/italia\/final-del-concurso-diamoci-ancora-un-tono\/","title":{"rendered":"Final del Concurso \u201cDiamoci (ancora) un tono\u201d"},"content":{"rendered":"<div class=\"wpb-content-wrapper\"><p>[vc_row][vc_column width=\u00bb2\/3&#8243;][vc_column_text]<\/p>\n<p class=\" font-weight-bold color-black custom-excerpt\">Pr\u00f3ximo 7 de junio lunes, a partir de las 9.00 se celebrar\u00e1 la final de la d\u00e9cima edici\u00f3n del Concurso musical Diamoci (ancora) un Tono.<\/p>\n<p class=\" font-weight-bold color-black custom-excerpt\">Durante la directa adem\u00e1s de anunciarse los finalistas y premiarse a los mejores, ser\u00e1 un momento lleno de \u00absorpresas\u00bb creativas.<\/p>\n<p>\u00abEl prof.Chionna, creador y director art\u00edstico del concurso, presentar\u00e1 la directa desde el Istituto Sociale, junto a un invitado muy especial, Eugenio Cesaro del grupo Eugenio in Via di Gioia, dos veces concursante en el Festival de Sanremo. Eugenio involucrar\u00e1 a los participantes tambi\u00e9n con un recorrido personal en el mundo de la m\u00fasica y su pasi\u00f3n creativa.<\/p>\n<p>Debido a la situaci\u00f3n sanitaria que todav\u00eda estamos viviendo la d\u00e9cima edici\u00f3n del hist\u00f3rico concurso organizado a nivel de Red de la Fundaci\u00f3n\u00a0 Gesuiti Educazione, se ha pensado con modalidad nuevas a nivel de organizaci\u00f3n y realizaci\u00f3n. Sin dejar de ofrecer, a los m\u00e1s de 4500 alumnos de las escuelas ignacianas presentes en la Provincia Euro-mediterr\u00e1nea, la oportunidad de resaltar, una vez m\u00e1sm el propio talento y la capacidad creativa. Un acto de resitencia frente al cansancio generado por las retricciones vinculada a la pandemia Covid-19.<\/p>\n<p>El valor y el mensaje que se quiere transmitir es que la m\u00fasica es vida y que hoy, con la m\u00fasica debemos\/podemos trodav\u00eda exorimir la vida che hay en nosostros. Con Diamoci (Ancora) un Tono renovamos la esperanza de volver a cantar y tocar juntos, con la certeza que la colboraci\u00f3n es posible. \u00bb<\/p>\n<p>Tomado de la news de la Fondazione Gesuiti Educazione: https:\/\/educazione.gesuiti.it\/2021\/06\/03\/torino-verso-la-finale-di-diamoci-ancora-un-tono-2021\/[\/vc_column_text][\/vc_column][vc_column width=\u00bb1\/3&#8243;][vc_single_image image=\u00bb5978&#8243;][vc_btn title=\u00bbSigue la final\u00bb link=\u00bburl:https%3A%2F%2Fwww.youtube.com%2Fwatch%3Fv%3D4BD7wcc4Gko|title:Finale%20Diamoci%20(ancora)%20un%20tono|target:_blank\u00bb][\/vc_column][\/vc_row][vc_row][vc_column][vc_column_text]Esta vez Fe y Alegr\u00eda Italia ha participado con dos v\u00eddeos de alumnos del Instituto de Mil\u00e1n. Esperamos con entusiamo la final.[\/vc_column_text][\/vc_column][\/vc_row]<\/p>\n<\/div>","protected":false},"excerpt":{"rendered":"<div style=\"height: 146px\">\n<p align=\"justify\">Pr\u00f3ximo lunes 7 de junio de 9 a 12.30h tendremos la transmisi\u00f3n directa del Concurso desde el Istituto Sociale, con la participaci\u00f3n de Eugenio Cesaro.\/p&gt;<\/div>\n","protected":false},"author":9,"featured_media":5978,"comment_status":"closed","ping_status":"closed","sticky":false,"template":"","format":"standard","meta":{"_acf_changed":false,"footnotes":""},"categories":[1],"tags":[],"post_folder":[],"class_list":["post-6280","post","type-post","status-publish","format-standard","has-post-thumbnail","hentry","category-sin-categoria"],"acf":[],"yoast_head":"<!-- This site is optimized with the Yoast SEO plugin v27.5 - https:\/\/yoast.com\/product\/yoast-seo-wordpress\/ -->\n<title>Final del Concurso \u201cDiamoci (ancora) un tono\u201d - #SomosFeyAlegria en Italia<\/title>\n<meta name=\"robots\" content=\"index, follow, max-snippet:-1, max-image-preview:large, max-video-preview:-1\" \/>\n<link rel=\"canonical\" href=\"https:\/\/www.feyalegria.org\/italia\/final-del-concurso-diamoci-ancora-un-tono\/\" \/>\n<meta property=\"og:locale\" content=\"es_ES\" \/>\n<meta property=\"og:type\" content=\"article\" \/>\n<meta property=\"og:title\" content=\"Final del Concurso \u201cDiamoci (ancora) un tono\u201d - #SomosFeyAlegria en Italia\" \/>\n<meta property=\"og:description\" content=\"Pr\u00f3ximo lunes 7 de junio de 9 a 12.30h tendremos la transmisi\u00f3n directa del Concurso desde el Istituto Sociale, con la participaci\u00f3n de Eugenio Cesaro.\/p&gt;\" \/>\n<meta property=\"og:url\" content=\"https:\/\/www.feyalegria.org\/italia\/final-del-concurso-diamoci-ancora-un-tono\/\" \/>\n<meta property=\"og:site_name\" content=\"#SomosFeyAlegria en Italia\" \/>\n<meta property=\"article:published_time\" content=\"2021-06-03T13:29:51+00:00\" \/>\n<meta property=\"article:modified_time\" content=\"2021-06-03T15:23:33+00:00\" \/>\n<meta property=\"og:image\" content=\"https:\/\/d3pugrm67vf9n7.cloudfront.net\/wp-content\/uploads\/sites\/6\/2021\/04\/13114538\/DIAMOCI-UN-TONO-2021-1.png\" \/>\n\t<meta property=\"og:image:width\" content=\"1414\" \/>\n\t<meta property=\"og:image:height\" content=\"2000\" \/>\n\t<meta property=\"og:image:type\" content=\"image\/png\" \/>\n<meta name=\"author\" content=\"editorit\" \/>\n<meta name=\"twitter:card\" content=\"summary_large_image\" \/>\n<meta name=\"twitter:label1\" content=\"Escrito por\" \/>\n\t<meta name=\"twitter:data1\" content=\"editorit\" \/>\n\t<meta name=\"twitter:label2\" content=\"Tiempo de lectura\" \/>\n\t<meta name=\"twitter:data2\" content=\"2 minutos\" \/>\n<script type=\"application\/ld+json\" class=\"yoast-schema-graph\">{\"@context\":\"https:\\\/\\\/schema.org\",\"@graph\":[{\"@type\":\"Article\",\"@id\":\"https:\\\/\\\/www.feyalegria.org\\\/italia\\\/final-del-concurso-diamoci-ancora-un-tono\\\/#article\",\"isPartOf\":{\"@id\":\"https:\\\/\\\/www.feyalegria.org\\\/italia\\\/final-del-concurso-diamoci-ancora-un-tono\\\/\"},\"author\":{\"name\":\"editorit\",\"@id\":\"https:\\\/\\\/www.feyalegria.org\\\/italia\\\/#\\\/schema\\\/person\\\/41c999d0ecac125419b37a6941f22606\"},\"headline\":\"Final del Concurso \u201cDiamoci (ancora) un tono\u201d\",\"datePublished\":\"2021-06-03T13:29:51+00:00\",\"dateModified\":\"2021-06-03T15:23:33+00:00\",\"mainEntityOfPage\":{\"@id\":\"https:\\\/\\\/www.feyalegria.org\\\/italia\\\/final-del-concurso-diamoci-ancora-un-tono\\\/\"},\"wordCount\":376,\"image\":{\"@id\":\"https:\\\/\\\/www.feyalegria.org\\\/italia\\\/final-del-concurso-diamoci-ancora-un-tono\\\/#primaryimage\"},\"thumbnailUrl\":\"https:\\\/\\\/d3pugrm67vf9n7.cloudfront.net\\\/wp-content\\\/uploads\\\/sites\\\/6\\\/2021\\\/04\\\/13114538\\\/DIAMOCI-UN-TONO-2021-1.png\",\"inLanguage\":\"es\"},{\"@type\":\"WebPage\",\"@id\":\"https:\\\/\\\/www.feyalegria.org\\\/italia\\\/final-del-concurso-diamoci-ancora-un-tono\\\/\",\"url\":\"https:\\\/\\\/www.feyalegria.org\\\/italia\\\/final-del-concurso-diamoci-ancora-un-tono\\\/\",\"name\":\"Final del Concurso \u201cDiamoci (ancora) un tono\u201d - #SomosFeyAlegria en Italia\",\"isPartOf\":{\"@id\":\"https:\\\/\\\/www.feyalegria.org\\\/italia\\\/#website\"},\"primaryImageOfPage\":{\"@id\":\"https:\\\/\\\/www.feyalegria.org\\\/italia\\\/final-del-concurso-diamoci-ancora-un-tono\\\/#primaryimage\"},\"image\":{\"@id\":\"https:\\\/\\\/www.feyalegria.org\\\/italia\\\/final-del-concurso-diamoci-ancora-un-tono\\\/#primaryimage\"},\"thumbnailUrl\":\"https:\\\/\\\/d3pugrm67vf9n7.cloudfront.net\\\/wp-content\\\/uploads\\\/sites\\\/6\\\/2021\\\/04\\\/13114538\\\/DIAMOCI-UN-TONO-2021-1.png\",\"datePublished\":\"2021-06-03T13:29:51+00:00\",\"dateModified\":\"2021-06-03T15:23:33+00:00\",\"author\":{\"@id\":\"https:\\\/\\\/www.feyalegria.org\\\/italia\\\/#\\\/schema\\\/person\\\/41c999d0ecac125419b37a6941f22606\"},\"inLanguage\":\"es\",\"potentialAction\":[{\"@type\":\"ReadAction\",\"target\":[\"https:\\\/\\\/www.feyalegria.org\\\/italia\\\/final-del-concurso-diamoci-ancora-un-tono\\\/\"]}]},{\"@type\":\"ImageObject\",\"inLanguage\":\"es\",\"@id\":\"https:\\\/\\\/www.feyalegria.org\\\/italia\\\/final-del-concurso-diamoci-ancora-un-tono\\\/#primaryimage\",\"url\":\"https:\\\/\\\/d3pugrm67vf9n7.cloudfront.net\\\/wp-content\\\/uploads\\\/sites\\\/6\\\/2021\\\/04\\\/13114538\\\/DIAMOCI-UN-TONO-2021-1.png\",\"contentUrl\":\"https:\\\/\\\/d3pugrm67vf9n7.cloudfront.net\\\/wp-content\\\/uploads\\\/sites\\\/6\\\/2021\\\/04\\\/13114538\\\/DIAMOCI-UN-TONO-2021-1.png\",\"width\":1414,\"height\":2000},{\"@type\":\"WebSite\",\"@id\":\"https:\\\/\\\/www.feyalegria.org\\\/italia\\\/#website\",\"url\":\"https:\\\/\\\/www.feyalegria.org\\\/italia\\\/\",\"name\":\"#SomosFeyAlegria en Italia\",\"description\":\"Movimiento de Educaci\u00f3n Popular y Promoci\u00f3n Social\",\"potentialAction\":[{\"@type\":\"SearchAction\",\"target\":{\"@type\":\"EntryPoint\",\"urlTemplate\":\"https:\\\/\\\/www.feyalegria.org\\\/italia\\\/?s={search_term_string}\"},\"query-input\":{\"@type\":\"PropertyValueSpecification\",\"valueRequired\":true,\"valueName\":\"search_term_string\"}}],\"inLanguage\":\"es\"},{\"@type\":\"Person\",\"@id\":\"https:\\\/\\\/www.feyalegria.org\\\/italia\\\/#\\\/schema\\\/person\\\/41c999d0ecac125419b37a6941f22606\",\"name\":\"editorit\",\"sameAs\":[\"https:\\\/\\\/www.feyalegria.it\"],\"url\":\"https:\\\/\\\/www.feyalegria.org\\\/italia\\\/author\\\/editorit\\\/\"}]}<\/script>\n<!-- \/ Yoast SEO plugin. -->","yoast_head_json":{"title":"Final del Concurso \u201cDiamoci (ancora) un tono\u201d - #SomosFeyAlegria en Italia","robots":{"index":"index","follow":"follow","max-snippet":"max-snippet:-1","max-image-preview":"max-image-preview:large","max-video-preview":"max-video-preview:-1"},"canonical":"https:\/\/www.feyalegria.org\/italia\/final-del-concurso-diamoci-ancora-un-tono\/","og_locale":"es_ES","og_type":"article","og_title":"Final del Concurso \u201cDiamoci (ancora) un tono\u201d - #SomosFeyAlegria en Italia","og_description":"Pr\u00f3ximo lunes 7 de junio de 9 a 12.30h tendremos la transmisi\u00f3n directa del Concurso desde el Istituto Sociale, con la participaci\u00f3n de Eugenio Cesaro.\/p&gt;","og_url":"https:\/\/www.feyalegria.org\/italia\/final-del-concurso-diamoci-ancora-un-tono\/","og_site_name":"#SomosFeyAlegria en Italia","article_published_time":"2021-06-03T13:29:51+00:00","article_modified_time":"2021-06-03T15:23:33+00:00","og_image":[{"width":1414,"height":2000,"url":"https:\/\/d3pugrm67vf9n7.cloudfront.net\/wp-content\/uploads\/sites\/6\/2021\/04\/13114538\/DIAMOCI-UN-TONO-2021-1.png","type":"image\/png"}],"author":"editorit","twitter_card":"summary_large_image","twitter_misc":{"Escrito por":"editorit","Tiempo de lectura":"2 minutos"},"schema":{"@context":"https:\/\/schema.org","@graph":[{"@type":"Article","@id":"https:\/\/www.feyalegria.org\/italia\/final-del-concurso-diamoci-ancora-un-tono\/#article","isPartOf":{"@id":"https:\/\/www.feyalegria.org\/italia\/final-del-concurso-diamoci-ancora-un-tono\/"},"author":{"name":"editorit","@id":"https:\/\/www.feyalegria.org\/italia\/#\/schema\/person\/41c999d0ecac125419b37a6941f22606"},"headline":"Final del Concurso \u201cDiamoci (ancora) un tono\u201d","datePublished":"2021-06-03T13:29:51+00:00","dateModified":"2021-06-03T15:23:33+00:00","mainEntityOfPage":{"@id":"https:\/\/www.feyalegria.org\/italia\/final-del-concurso-diamoci-ancora-un-tono\/"},"wordCount":376,"image":{"@id":"https:\/\/www.feyalegria.org\/italia\/final-del-concurso-diamoci-ancora-un-tono\/#primaryimage"},"thumbnailUrl":"https:\/\/d3pugrm67vf9n7.cloudfront.net\/wp-content\/uploads\/sites\/6\/2021\/04\/13114538\/DIAMOCI-UN-TONO-2021-1.png","inLanguage":"es"},{"@type":"WebPage","@id":"https:\/\/www.feyalegria.org\/italia\/final-del-concurso-diamoci-ancora-un-tono\/","url":"https:\/\/www.feyalegria.org\/italia\/final-del-concurso-diamoci-ancora-un-tono\/","name":"Final del Concurso \u201cDiamoci (ancora) un tono\u201d - #SomosFeyAlegria en Italia","isPartOf":{"@id":"https:\/\/www.feyalegria.org\/italia\/#website"},"primaryImageOfPage":{"@id":"https:\/\/www.feyalegria.org\/italia\/final-del-concurso-diamoci-ancora-un-tono\/#primaryimage"},"image":{"@id":"https:\/\/www.feyalegria.org\/italia\/final-del-concurso-diamoci-ancora-un-tono\/#primaryimage"},"thumbnailUrl":"https:\/\/d3pugrm67vf9n7.cloudfront.net\/wp-content\/uploads\/sites\/6\/2021\/04\/13114538\/DIAMOCI-UN-TONO-2021-1.png","datePublished":"2021-06-03T13:29:51+00:00","dateModified":"2021-06-03T15:23:33+00:00","author":{"@id":"https:\/\/www.feyalegria.org\/italia\/#\/schema\/person\/41c999d0ecac125419b37a6941f22606"},"inLanguage":"es","potentialAction":[{"@type":"ReadAction","target":["https:\/\/www.feyalegria.org\/italia\/final-del-concurso-diamoci-ancora-un-tono\/"]}]},{"@type":"ImageObject","inLanguage":"es","@id":"https:\/\/www.feyalegria.org\/italia\/final-del-concurso-diamoci-ancora-un-tono\/#primaryimage","url":"https:\/\/d3pugrm67vf9n7.cloudfront.net\/wp-content\/uploads\/sites\/6\/2021\/04\/13114538\/DIAMOCI-UN-TONO-2021-1.png","contentUrl":"https:\/\/d3pugrm67vf9n7.cloudfront.net\/wp-content\/uploads\/sites\/6\/2021\/04\/13114538\/DIAMOCI-UN-TONO-2021-1.png","width":1414,"height":2000},{"@type":"WebSite","@id":"https:\/\/www.feyalegria.org\/italia\/#website","url":"https:\/\/www.feyalegria.org\/italia\/","name":"#SomosFeyAlegria en Italia","description":"Movimiento de Educaci\u00f3n Popular y Promoci\u00f3n Social","potentialAction":[{"@type":"SearchAction","target":{"@type":"EntryPoint","urlTemplate":"https:\/\/www.feyalegria.org\/italia\/?s={search_term_string}"},"query-input":{"@type":"PropertyValueSpecification","valueRequired":true,"valueName":"search_term_string"}}],"inLanguage":"es"},{"@type":"Person","@id":"https:\/\/www.feyalegria.org\/italia\/#\/schema\/person\/41c999d0ecac125419b37a6941f22606","name":"editorit","sameAs":["https:\/\/www.feyalegria.it"],"url":"https:\/\/www.feyalegria.org\/italia\/author\/editorit\/"}]}},"_links":{"self":[{"href":"https:\/\/www.feyalegria.org\/italia\/wp-json\/wp\/v2\/posts\/6280","targetHints":{"allow":["GET"]}}],"collection":[{"href":"https:\/\/www.feyalegria.org\/italia\/wp-json\/wp\/v2\/posts"}],"about":[{"href":"https:\/\/www.feyalegria.org\/italia\/wp-json\/wp\/v2\/types\/post"}],"author":[{"embeddable":true,"href":"https:\/\/www.feyalegria.org\/italia\/wp-json\/wp\/v2\/users\/9"}],"replies":[{"embeddable":true,"href":"https:\/\/www.feyalegria.org\/italia\/wp-json\/wp\/v2\/comments?post=6280"}],"version-history":[{"count":0,"href":"https:\/\/www.feyalegria.org\/italia\/wp-json\/wp\/v2\/posts\/6280\/revisions"}],"wp:featuredmedia":[{"embeddable":true,"href":"https:\/\/www.feyalegria.org\/italia\/wp-json\/wp\/v2\/media\/5978"}],"wp:attachment":[{"href":"https:\/\/www.feyalegria.org\/italia\/wp-json\/wp\/v2\/media?parent=6280"}],"wp:term":[{"taxonomy":"category","embeddable":true,"href":"https:\/\/www.feyalegria.org\/italia\/wp-json\/wp\/v2\/categories?post=6280"},{"taxonomy":"post_tag","embeddable":true,"href":"https:\/\/www.feyalegria.org\/italia\/wp-json\/wp\/v2\/tags?post=6280"},{"taxonomy":"post_folder","embeddable":true,"href":"https:\/\/www.feyalegria.org\/italia\/wp-json\/wp\/v2\/post_folder?post=6280"}],"curies":[{"name":"wp","href":"https:\/\/api.w.org\/{rel}","templated":true}]}}