 {"id":6366,"date":"2021-09-20T10:00:59","date_gmt":"2021-09-20T15:00:59","guid":{"rendered":"https:\/\/www.feyalegria.org\/italia\/?p=6366"},"modified":"2021-10-04T15:09:42","modified_gmt":"2021-10-04T20:09:42","slug":"ceremonia-de-entrega-del-diploma-tecnico-en-servicios-informatica-en-fe-y-alegria-genova-irfeyal-xvi-promocion-irfeyal-genova","status":"publish","type":"post","link":"https:\/\/www.feyalegria.org\/italia\/ceremonia-de-entrega-del-diploma-tecnico-en-servicios-informatica-en-fe-y-alegria-genova-irfeyal-xvi-promocion-irfeyal-genova\/","title":{"rendered":"Ceremonia de entrega del Diploma en Fe y Alegria Genova-Irfeyal XVI Promoci\u00f3n Irfeyal G\u00e9nova"},"content":{"rendered":"<div class=\"wpb-content-wrapper\"><p>[vc_row][vc_column][vc_column_text]El s\u00e1bado 18 de septiembre en G\u00e9nova, al interno del Instituto Don Bosco de Sampierdarena,\u00a0 23 j\u00f3venes y adultos latinoamericanos se diplomaron en el <strong>Instituto IRFEYAL de Fe y Alegr\u00eda G\u00e9nova<\/strong>.<\/p>\n<p>\u201cLos estudiantes tienen una edad media de 32 a\u00f1os y m\u00e1s del 80% son mujeres. Proceden de <strong>Ecuador, Per\u00fa, Colombia y El Salvador\u201d<\/strong>declara<strong> Mercy Mera<\/strong>, Director de<strong> Fe y Alegria Genova.<\/strong><\/p>\n<p><strong>Fe y Alegr\u00eda<\/strong> es un Movimiento Global de Educaci\u00f3n Popular y Promoci\u00f3n Social presente en 22 pa\u00edses. <strong>Fe y Alegria Italia,<\/strong> miembro de la Fondazione Gesuiti Educazione, es la red formada por las cooperativas sociales <strong>Fe y Alegria Genova, Fe y Alegria Milano y Fe y Alegria Roma,<\/strong> cuya actividad princial, desde hace veinte a\u00f1os, es la educaci\u00f3n y la formaci\u00f3n humana.<\/p>\n<p>Al Acto acudieron <strong>don Sergio Pellini- Director de la Obra don Bosco en Sampierdarena,\u00a0 don Claudio Paolocci, Presidente de la Fundaci\u00f3n Franzoni, abogada Monica Russo, Asesora del Municipio Oeste de G\u00e9nova, Ministro Alejandro Ugarte, C\u00f3nsul General del Per\u00fa en G\u00e9nova, Lcdo. Winter Vera, Vicec\u00f3nsul del Ecuador en G\u00e9nova <\/strong>y la <strong>Lcda. Emy D\u00edaz-<\/strong> <strong>Presidente\u00a0 de la Red Transdiciplinar de Investigaci\u00f3n para el Desarrollo de Am\u00e9rica Latina y el Caribe<\/strong>.<\/p>\n<p><strong>Florin Silaghi S.J.<\/strong>, Representante com\u00fan de la red <strong>Fe y Alegria Italia<\/strong>, ha expresado su convicci\u00f3n en que proceso educativo transforma los corazones, reconciali y nos vuelve m\u00e1s capaces de ser reponsables los unos hacia los otros. Adem\u00e1s ha animado a las autoridades civiles y religiosas, misiones diplom\u00e1ticas, fundaciones, empresas, medios de comunicaci\u00f3n y exalumnos a ser participantes activos en este protecto de educaci\u00f3n y formaci\u00f3n inclusiva.<\/p>\n<p>El Director Nacional de <strong>IRFEYAL Ecuador, Dr.Edwin Beltr\u00e1n<\/strong>, procedi\u00f3 en modo online a realizar la apertura del Acto. As\u00ed mismo, la<strong> Rectora Mgs Alicia Gualavis\u00ed Llor\u00e9<\/strong> de la <strong>Unidad Educativa Jose Mar\u00eda V\u00e9laz<\/strong> fue la encargada de realizar la proclamaci\u00f3n de bachilleres en T\u00e9cnico Servicios Inform\u00e1tica de los 23 estudiantes.<\/p>\n<p>La<strong> Lcda. Olga P\u00e9rez Sastre, <\/strong>Responsable Comunicaci\u00f3n y Fundraising de<strong> Fe y Alegria Italia <\/strong>anunci\u00f3 que el <strong>Consulado de Colombia en Roma <\/strong>y el Programa \u201c<strong>Colombia nos une\u201d<\/strong> colaborar\u00e1n en el pr\u00f3ximo curso 2021\/2022 con becas de estudio a favor de los estudiantes colombianos en situaci\u00f3n de vulnerabilidad.<\/p>\n<p><strong>Don Sergio Pellini<\/strong> record\u00f3 que \u201cla libertad interior nace de la cultura y de la apertura a Dios, \u00e9sto nos permite no s\u00f3lo llegar al bachillerato pero tambi\u00e9n a la santidad.\u201d<\/p>\n<p>La instituci\u00f3n confiri\u00f3 diferentes reconocimientos a los alumnos, entre ellos el de \u201cmejor egresado\u201d a la joven Italo-colombiana <strong>Luisa Mar\u00eda Giordano<\/strong>. Igualmente los alumnos entregaron una placa a los docentes en reconocimiento de la profesionalidad y pasi\u00f3n demostrada durante la pandemia.<\/p>\n<p>La instituci\u00f3n confiri\u00f3 diferentes reconocimientos a los alumnos, entre ellos el de \u201cmejor egresado\u201d a la joven Italo-colombiana <strong>Luisa Mar\u00eda Giordano<\/strong>. Igualmente los alumnos entregaron una placa a la coordinadora acad\u00e9mica, <strong>prof.Ketty Zamora<\/strong>, en reconociemto de la profesionalidad y pasi\u00f3n demostrada durante la pandemia.[\/vc_column_text][\/vc_column][\/vc_row][vc_row][vc_column][vc_images_carousel images=\u00bb6368,6369,6370,6371,6372&#8243;][\/vc_column][\/vc_row][vc_row][vc_column][vc_column_text]Notas de prensa:<\/p>\n<ul>\n<li>Gesuiti Educazione<\/li>\n<li><a href=\"https:\/\/www.genova24.it\/2021\/09\/diploma-di-scuola-superiore-a-23-giovani-e-adulti-latinoamericani-presso-fe-y-alegria-genova-irfeyal-276574\/\">Genova24<\/a><\/li>\n<li><a href=\"https:\/\/www.virgilio.it\/italia\/genova\/notizielocali\/diploma_di_scuola_superiore_a_23_giovani_e_adulti_latinoamericani_presso_fe_y_alegria_genova_irfeyal-66996896.html\">Virgilio<\/a><\/li>\n<li><a href=\"https:\/\/ilquotidianolatinoamericano.com\/2021\/09\/24\/genova-incorporacion-de-los-alumnos-del-instituto-irfeyal-de-fe-y-alegria\/\">Il Quotidiano Latinoamericano<\/a><\/li>\n<\/ul>\n<p>[\/vc_column_text][\/vc_column][\/vc_row]<\/p>\n<\/div>","protected":false},"excerpt":{"rendered":"<div style=\"height: 146px\">\n<p align=\"justify\">XVI Promoci\u00f3n: 70% son mujeres y la edad media son 32 a\u00f1os. Proceden de Ecuador, Per\u00f3, Colombia y El Salvador.\/p&gt;<\/div>\n","protected":false},"author":9,"featured_media":6372,"comment_status":"closed","ping_status":"closed","sticky":false,"template":"","format":"standard","meta":{"_acf_changed":false,"footnotes":""},"categories":[1],"tags":[],"post_folder":[],"class_list":["post-6366","post","type-post","status-publish","format-standard","has-post-thumbnail","hentry","category-sin-categoria"],"acf":[],"yoast_head":"<!-- This site is optimized with the Yoast SEO plugin v27.5 - https:\/\/yoast.com\/product\/yoast-seo-wordpress\/ -->\n<title>Ceremonia de entrega del Diploma en Fe y Alegria Genova-Irfeyal XVI Promoci\u00f3n Irfeyal G\u00e9nova - #SomosFeyAlegria en Italia<\/title>\n<meta name=\"robots\" content=\"index, follow, max-snippet:-1, max-image-preview:large, max-video-preview:-1\" \/>\n<link rel=\"canonical\" href=\"https:\/\/www.feyalegria.org\/italia\/ceremonia-de-entrega-del-diploma-tecnico-en-servicios-informatica-en-fe-y-alegria-genova-irfeyal-xvi-promocion-irfeyal-genova\/\" \/>\n<meta property=\"og:locale\" content=\"es_ES\" \/>\n<meta property=\"og:type\" content=\"article\" \/>\n<meta property=\"og:title\" content=\"Ceremonia de entrega del Diploma en Fe y Alegria Genova-Irfeyal XVI Promoci\u00f3n Irfeyal G\u00e9nova - #SomosFeyAlegria en Italia\" \/>\n<meta property=\"og:description\" content=\"XVI Promoci\u00f3n: 70% son mujeres y la edad media son 32 a\u00f1os. Proceden de Ecuador, Per\u00f3, Colombia y El Salvador.\/p&gt;\" \/>\n<meta property=\"og:url\" content=\"https:\/\/www.feyalegria.org\/italia\/ceremonia-de-entrega-del-diploma-tecnico-en-servicios-informatica-en-fe-y-alegria-genova-irfeyal-xvi-promocion-irfeyal-genova\/\" \/>\n<meta property=\"og:site_name\" content=\"#SomosFeyAlegria en Italia\" \/>\n<meta property=\"article:published_time\" content=\"2021-09-20T15:00:59+00:00\" \/>\n<meta property=\"article:modified_time\" content=\"2021-10-04T20:09:42+00:00\" \/>\n<meta property=\"og:image\" content=\"https:\/\/d3pugrm67vf9n7.cloudfront.net\/wp-content\/uploads\/sites\/6\/2021\/10\/04144450\/Foto-de-grupo-promoci%C3%B3n-XVI.png\" \/>\n\t<meta property=\"og:image:width\" content=\"968\" \/>\n\t<meta property=\"og:image:height\" content=\"631\" \/>\n\t<meta property=\"og:image:type\" content=\"image\/png\" \/>\n<meta name=\"author\" content=\"editorit\" \/>\n<meta name=\"twitter:card\" content=\"summary_large_image\" \/>\n<meta name=\"twitter:label1\" content=\"Escrito por\" \/>\n\t<meta name=\"twitter:data1\" content=\"editorit\" \/>\n\t<meta name=\"twitter:label2\" content=\"Tiempo de lectura\" \/>\n\t<meta name=\"twitter:data2\" content=\"3 minutos\" \/>\n<script type=\"application\/ld+json\" class=\"yoast-schema-graph\">{\"@context\":\"https:\\\/\\\/schema.org\",\"@graph\":[{\"@type\":\"Article\",\"@id\":\"https:\\\/\\\/www.feyalegria.org\\\/italia\\\/ceremonia-de-entrega-del-diploma-tecnico-en-servicios-informatica-en-fe-y-alegria-genova-irfeyal-xvi-promocion-irfeyal-genova\\\/#article\",\"isPartOf\":{\"@id\":\"https:\\\/\\\/www.feyalegria.org\\\/italia\\\/ceremonia-de-entrega-del-diploma-tecnico-en-servicios-informatica-en-fe-y-alegria-genova-irfeyal-xvi-promocion-irfeyal-genova\\\/\"},\"author\":{\"name\":\"editorit\",\"@id\":\"https:\\\/\\\/www.feyalegria.org\\\/italia\\\/#\\\/schema\\\/person\\\/41c999d0ecac125419b37a6941f22606\"},\"headline\":\"Ceremonia de entrega del Diploma en Fe y Alegria Genova-Irfeyal XVI Promoci\u00f3n Irfeyal G\u00e9nova\",\"datePublished\":\"2021-09-20T15:00:59+00:00\",\"dateModified\":\"2021-10-04T20:09:42+00:00\",\"mainEntityOfPage\":{\"@id\":\"https:\\\/\\\/www.feyalegria.org\\\/italia\\\/ceremonia-de-entrega-del-diploma-tecnico-en-servicios-informatica-en-fe-y-alegria-genova-irfeyal-xvi-promocion-irfeyal-genova\\\/\"},\"wordCount\":588,\"image\":{\"@id\":\"https:\\\/\\\/www.feyalegria.org\\\/italia\\\/ceremonia-de-entrega-del-diploma-tecnico-en-servicios-informatica-en-fe-y-alegria-genova-irfeyal-xvi-promocion-irfeyal-genova\\\/#primaryimage\"},\"thumbnailUrl\":\"https:\\\/\\\/d3pugrm67vf9n7.cloudfront.net\\\/wp-content\\\/uploads\\\/sites\\\/6\\\/2021\\\/10\\\/04144450\\\/Foto-de-grupo-promoci%C3%B3n-XVI.png\",\"inLanguage\":\"es\"},{\"@type\":\"WebPage\",\"@id\":\"https:\\\/\\\/www.feyalegria.org\\\/italia\\\/ceremonia-de-entrega-del-diploma-tecnico-en-servicios-informatica-en-fe-y-alegria-genova-irfeyal-xvi-promocion-irfeyal-genova\\\/\",\"url\":\"https:\\\/\\\/www.feyalegria.org\\\/italia\\\/ceremonia-de-entrega-del-diploma-tecnico-en-servicios-informatica-en-fe-y-alegria-genova-irfeyal-xvi-promocion-irfeyal-genova\\\/\",\"name\":\"Ceremonia de entrega del Diploma en Fe y Alegria Genova-Irfeyal XVI Promoci\u00f3n Irfeyal G\u00e9nova - #SomosFeyAlegria en Italia\",\"isPartOf\":{\"@id\":\"https:\\\/\\\/www.feyalegria.org\\\/italia\\\/#website\"},\"primaryImageOfPage\":{\"@id\":\"https:\\\/\\\/www.feyalegria.org\\\/italia\\\/ceremonia-de-entrega-del-diploma-tecnico-en-servicios-informatica-en-fe-y-alegria-genova-irfeyal-xvi-promocion-irfeyal-genova\\\/#primaryimage\"},\"image\":{\"@id\":\"https:\\\/\\\/www.feyalegria.org\\\/italia\\\/ceremonia-de-entrega-del-diploma-tecnico-en-servicios-informatica-en-fe-y-alegria-genova-irfeyal-xvi-promocion-irfeyal-genova\\\/#primaryimage\"},\"thumbnailUrl\":\"https:\\\/\\\/d3pugrm67vf9n7.cloudfront.net\\\/wp-content\\\/uploads\\\/sites\\\/6\\\/2021\\\/10\\\/04144450\\\/Foto-de-grupo-promoci%C3%B3n-XVI.png\",\"datePublished\":\"2021-09-20T15:00:59+00:00\",\"dateModified\":\"2021-10-04T20:09:42+00:00\",\"author\":{\"@id\":\"https:\\\/\\\/www.feyalegria.org\\\/italia\\\/#\\\/schema\\\/person\\\/41c999d0ecac125419b37a6941f22606\"},\"inLanguage\":\"es\",\"potentialAction\":[{\"@type\":\"ReadAction\",\"target\":[\"https:\\\/\\\/www.feyalegria.org\\\/italia\\\/ceremonia-de-entrega-del-diploma-tecnico-en-servicios-informatica-en-fe-y-alegria-genova-irfeyal-xvi-promocion-irfeyal-genova\\\/\"]}]},{\"@type\":\"ImageObject\",\"inLanguage\":\"es\",\"@id\":\"https:\\\/\\\/www.feyalegria.org\\\/italia\\\/ceremonia-de-entrega-del-diploma-tecnico-en-servicios-informatica-en-fe-y-alegria-genova-irfeyal-xvi-promocion-irfeyal-genova\\\/#primaryimage\",\"url\":\"https:\\\/\\\/d3pugrm67vf9n7.cloudfront.net\\\/wp-content\\\/uploads\\\/sites\\\/6\\\/2021\\\/10\\\/04144450\\\/Foto-de-grupo-promoci%C3%B3n-XVI.png\",\"contentUrl\":\"https:\\\/\\\/d3pugrm67vf9n7.cloudfront.net\\\/wp-content\\\/uploads\\\/sites\\\/6\\\/2021\\\/10\\\/04144450\\\/Foto-de-grupo-promoci%C3%B3n-XVI.png\",\"width\":968,\"height\":631},{\"@type\":\"WebSite\",\"@id\":\"https:\\\/\\\/www.feyalegria.org\\\/italia\\\/#website\",\"url\":\"https:\\\/\\\/www.feyalegria.org\\\/italia\\\/\",\"name\":\"#SomosFeyAlegria en Italia\",\"description\":\"Movimiento de Educaci\u00f3n Popular y Promoci\u00f3n Social\",\"potentialAction\":[{\"@type\":\"SearchAction\",\"target\":{\"@type\":\"EntryPoint\",\"urlTemplate\":\"https:\\\/\\\/www.feyalegria.org\\\/italia\\\/?s={search_term_string}\"},\"query-input\":{\"@type\":\"PropertyValueSpecification\",\"valueRequired\":true,\"valueName\":\"search_term_string\"}}],\"inLanguage\":\"es\"},{\"@type\":\"Person\",\"@id\":\"https:\\\/\\\/www.feyalegria.org\\\/italia\\\/#\\\/schema\\\/person\\\/41c999d0ecac125419b37a6941f22606\",\"name\":\"editorit\",\"sameAs\":[\"https:\\\/\\\/www.feyalegria.it\"],\"url\":\"https:\\\/\\\/www.feyalegria.org\\\/italia\\\/author\\\/editorit\\\/\"}]}<\/script>\n<!-- \/ Yoast SEO plugin. -->","yoast_head_json":{"title":"Ceremonia de entrega del Diploma en Fe y Alegria Genova-Irfeyal XVI Promoci\u00f3n Irfeyal G\u00e9nova - #SomosFeyAlegria en Italia","robots":{"index":"index","follow":"follow","max-snippet":"max-snippet:-1","max-image-preview":"max-image-preview:large","max-video-preview":"max-video-preview:-1"},"canonical":"https:\/\/www.feyalegria.org\/italia\/ceremonia-de-entrega-del-diploma-tecnico-en-servicios-informatica-en-fe-y-alegria-genova-irfeyal-xvi-promocion-irfeyal-genova\/","og_locale":"es_ES","og_type":"article","og_title":"Ceremonia de entrega del Diploma en Fe y Alegria Genova-Irfeyal XVI Promoci\u00f3n Irfeyal G\u00e9nova - #SomosFeyAlegria en Italia","og_description":"XVI Promoci\u00f3n: 70% son mujeres y la edad media son 32 a\u00f1os. Proceden de Ecuador, Per\u00f3, Colombia y El Salvador.\/p&gt;","og_url":"https:\/\/www.feyalegria.org\/italia\/ceremonia-de-entrega-del-diploma-tecnico-en-servicios-informatica-en-fe-y-alegria-genova-irfeyal-xvi-promocion-irfeyal-genova\/","og_site_name":"#SomosFeyAlegria en Italia","article_published_time":"2021-09-20T15:00:59+00:00","article_modified_time":"2021-10-04T20:09:42+00:00","og_image":[{"width":968,"height":631,"url":"https:\/\/d3pugrm67vf9n7.cloudfront.net\/wp-content\/uploads\/sites\/6\/2021\/10\/04144450\/Foto-de-grupo-promoci%C3%B3n-XVI.png","type":"image\/png"}],"author":"editorit","twitter_card":"summary_large_image","twitter_misc":{"Escrito por":"editorit","Tiempo de lectura":"3 minutos"},"schema":{"@context":"https:\/\/schema.org","@graph":[{"@type":"Article","@id":"https:\/\/www.feyalegria.org\/italia\/ceremonia-de-entrega-del-diploma-tecnico-en-servicios-informatica-en-fe-y-alegria-genova-irfeyal-xvi-promocion-irfeyal-genova\/#article","isPartOf":{"@id":"https:\/\/www.feyalegria.org\/italia\/ceremonia-de-entrega-del-diploma-tecnico-en-servicios-informatica-en-fe-y-alegria-genova-irfeyal-xvi-promocion-irfeyal-genova\/"},"author":{"name":"editorit","@id":"https:\/\/www.feyalegria.org\/italia\/#\/schema\/person\/41c999d0ecac125419b37a6941f22606"},"headline":"Ceremonia de entrega del Diploma en Fe y Alegria Genova-Irfeyal XVI Promoci\u00f3n Irfeyal G\u00e9nova","datePublished":"2021-09-20T15:00:59+00:00","dateModified":"2021-10-04T20:09:42+00:00","mainEntityOfPage":{"@id":"https:\/\/www.feyalegria.org\/italia\/ceremonia-de-entrega-del-diploma-tecnico-en-servicios-informatica-en-fe-y-alegria-genova-irfeyal-xvi-promocion-irfeyal-genova\/"},"wordCount":588,"image":{"@id":"https:\/\/www.feyalegria.org\/italia\/ceremonia-de-entrega-del-diploma-tecnico-en-servicios-informatica-en-fe-y-alegria-genova-irfeyal-xvi-promocion-irfeyal-genova\/#primaryimage"},"thumbnailUrl":"https:\/\/d3pugrm67vf9n7.cloudfront.net\/wp-content\/uploads\/sites\/6\/2021\/10\/04144450\/Foto-de-grupo-promoci%C3%B3n-XVI.png","inLanguage":"es"},{"@type":"WebPage","@id":"https:\/\/www.feyalegria.org\/italia\/ceremonia-de-entrega-del-diploma-tecnico-en-servicios-informatica-en-fe-y-alegria-genova-irfeyal-xvi-promocion-irfeyal-genova\/","url":"https:\/\/www.feyalegria.org\/italia\/ceremonia-de-entrega-del-diploma-tecnico-en-servicios-informatica-en-fe-y-alegria-genova-irfeyal-xvi-promocion-irfeyal-genova\/","name":"Ceremonia de entrega del Diploma en Fe y Alegria Genova-Irfeyal XVI Promoci\u00f3n Irfeyal G\u00e9nova - #SomosFeyAlegria en Italia","isPartOf":{"@id":"https:\/\/www.feyalegria.org\/italia\/#website"},"primaryImageOfPage":{"@id":"https:\/\/www.feyalegria.org\/italia\/ceremonia-de-entrega-del-diploma-tecnico-en-servicios-informatica-en-fe-y-alegria-genova-irfeyal-xvi-promocion-irfeyal-genova\/#primaryimage"},"image":{"@id":"https:\/\/www.feyalegria.org\/italia\/ceremonia-de-entrega-del-diploma-tecnico-en-servicios-informatica-en-fe-y-alegria-genova-irfeyal-xvi-promocion-irfeyal-genova\/#primaryimage"},"thumbnailUrl":"https:\/\/d3pugrm67vf9n7.cloudfront.net\/wp-content\/uploads\/sites\/6\/2021\/10\/04144450\/Foto-de-grupo-promoci%C3%B3n-XVI.png","datePublished":"2021-09-20T15:00:59+00:00","dateModified":"2021-10-04T20:09:42+00:00","author":{"@id":"https:\/\/www.feyalegria.org\/italia\/#\/schema\/person\/41c999d0ecac125419b37a6941f22606"},"inLanguage":"es","potentialAction":[{"@type":"ReadAction","target":["https:\/\/www.feyalegria.org\/italia\/ceremonia-de-entrega-del-diploma-tecnico-en-servicios-informatica-en-fe-y-alegria-genova-irfeyal-xvi-promocion-irfeyal-genova\/"]}]},{"@type":"ImageObject","inLanguage":"es","@id":"https:\/\/www.feyalegria.org\/italia\/ceremonia-de-entrega-del-diploma-tecnico-en-servicios-informatica-en-fe-y-alegria-genova-irfeyal-xvi-promocion-irfeyal-genova\/#primaryimage","url":"https:\/\/d3pugrm67vf9n7.cloudfront.net\/wp-content\/uploads\/sites\/6\/2021\/10\/04144450\/Foto-de-grupo-promoci%C3%B3n-XVI.png","contentUrl":"https:\/\/d3pugrm67vf9n7.cloudfront.net\/wp-content\/uploads\/sites\/6\/2021\/10\/04144450\/Foto-de-grupo-promoci%C3%B3n-XVI.png","width":968,"height":631},{"@type":"WebSite","@id":"https:\/\/www.feyalegria.org\/italia\/#website","url":"https:\/\/www.feyalegria.org\/italia\/","name":"#SomosFeyAlegria en Italia","description":"Movimiento de Educaci\u00f3n Popular y Promoci\u00f3n Social","potentialAction":[{"@type":"SearchAction","target":{"@type":"EntryPoint","urlTemplate":"https:\/\/www.feyalegria.org\/italia\/?s={search_term_string}"},"query-input":{"@type":"PropertyValueSpecification","valueRequired":true,"valueName":"search_term_string"}}],"inLanguage":"es"},{"@type":"Person","@id":"https:\/\/www.feyalegria.org\/italia\/#\/schema\/person\/41c999d0ecac125419b37a6941f22606","name":"editorit","sameAs":["https:\/\/www.feyalegria.it"],"url":"https:\/\/www.feyalegria.org\/italia\/author\/editorit\/"}]}},"_links":{"self":[{"href":"https:\/\/www.feyalegria.org\/italia\/wp-json\/wp\/v2\/posts\/6366","targetHints":{"allow":["GET"]}}],"collection":[{"href":"https:\/\/www.feyalegria.org\/italia\/wp-json\/wp\/v2\/posts"}],"about":[{"href":"https:\/\/www.feyalegria.org\/italia\/wp-json\/wp\/v2\/types\/post"}],"author":[{"embeddable":true,"href":"https:\/\/www.feyalegria.org\/italia\/wp-json\/wp\/v2\/users\/9"}],"replies":[{"embeddable":true,"href":"https:\/\/www.feyalegria.org\/italia\/wp-json\/wp\/v2\/comments?post=6366"}],"version-history":[{"count":0,"href":"https:\/\/www.feyalegria.org\/italia\/wp-json\/wp\/v2\/posts\/6366\/revisions"}],"wp:featuredmedia":[{"embeddable":true,"href":"https:\/\/www.feyalegria.org\/italia\/wp-json\/wp\/v2\/media\/6372"}],"wp:attachment":[{"href":"https:\/\/www.feyalegria.org\/italia\/wp-json\/wp\/v2\/media?parent=6366"}],"wp:term":[{"taxonomy":"category","embeddable":true,"href":"https:\/\/www.feyalegria.org\/italia\/wp-json\/wp\/v2\/categories?post=6366"},{"taxonomy":"post_tag","embeddable":true,"href":"https:\/\/www.feyalegria.org\/italia\/wp-json\/wp\/v2\/tags?post=6366"},{"taxonomy":"post_folder","embeddable":true,"href":"https:\/\/www.feyalegria.org\/italia\/wp-json\/wp\/v2\/post_folder?post=6366"}],"curies":[{"name":"wp","href":"https:\/\/api.w.org\/{rel}","templated":true}]}}