 {"id":6379,"date":"2021-10-04T15:49:54","date_gmt":"2021-10-04T20:49:54","guid":{"rendered":"https:\/\/www.feyalegria.org\/italia\/?p=6379"},"modified":"2021-11-11T09:25:42","modified_gmt":"2021-11-11T14:25:42","slug":"incio-nuevo-ano-escolar-colegio-latinoamericanos","status":"publish","type":"post","link":"https:\/\/www.feyalegria.org\/italia\/incio-nuevo-ano-escolar-colegio-latinoamericanos\/","title":{"rendered":"Con alegr\u00eda y fe iniciamos el nuevo a\u00f1o escolar"},"content":{"rendered":"<div class=\"wpb-content-wrapper\"><p>[vc_row][vc_column width=\u00bb2\/3&#8243;][vc_column_text]Con grande alegr\u00eda y mucha fe se ha iniciado el curso 2021\/2022 en nuestros institutos IRFEYAL Roma, Mil\u00e1n y G\u00e9nova.<\/p>\n<p>Vamos reconquistando con optimismo las aulas. En alguna la modalidad virtual lleg\u00f3 para quedarse, aunque esta pandemia nos ha reafirmado cuanto es importante la cercan\u00eda del aula en presencia para formar, educar, orientar y reconstruir lazos para hacer parte de una nueva comunidad.<\/p>\n<p><em>\u00abA todos vosotros, queridos docentes y queridos alumnos os deseo un buen inicio de a\u00f1o escolar. \u00a1Que alegr\u00eda veros juntos, de diferentes nacionalidades, unidos en el deseo de realizar un sue\u00f1o com\u00fan: convertirse en hombres y mujeres responsables, ciudadanos que quieren llevar un valor de calidad a la sociedad y a vuestras familias! Un agradecimiento de coraz\u00f3n a todos los que os sotienen y hacen posible la realizaci\u00f3n de vuestro deseos m\u00e1s anhelados.\u00bb<\/em><\/p>\n<p>P.Florin Silaghi s.j. representante com\u00fan Fe y Alegr\u00eda Italia<\/p>\n<p>[\/vc_column_text][\/vc_column][vc_column width=\u00bb1\/3&#8243;][vc_single_image image=\u00bb6382&#8243;][\/vc_column][\/vc_row]<\/p>\n<\/div>","protected":false},"excerpt":{"rendered":"<div style=\"height: 146px\">\n<p align=\"justify\">M\u00e1s de 100 alumnos, j\u00f3venes y adultos, se han dado cita en nuestros institutos de Roma, Mil\u00e1n y G\u00e9nova para retomar sus estudios en Italia.\/p&gt;<\/div>\n","protected":false},"author":9,"featured_media":6381,"comment_status":"closed","ping_status":"closed","sticky":false,"template":"","format":"standard","meta":{"_acf_changed":false,"footnotes":""},"categories":[1],"tags":[],"post_folder":[],"class_list":["post-6379","post","type-post","status-publish","format-standard","has-post-thumbnail","hentry","category-sin-categoria"],"acf":[],"yoast_head":"<!-- This site is optimized with the Yoast SEO plugin v27.5 - https:\/\/yoast.com\/product\/yoast-seo-wordpress\/ -->\n<title>Con alegr\u00eda y fe iniciamos el nuevo a\u00f1o escolar - #SomosFeyAlegria en Italia<\/title>\n<meta name=\"robots\" content=\"index, follow, max-snippet:-1, max-image-preview:large, max-video-preview:-1\" \/>\n<link rel=\"canonical\" href=\"https:\/\/www.feyalegria.org\/italia\/incio-nuevo-ano-escolar-colegio-latinoamericanos\/\" \/>\n<meta property=\"og:locale\" content=\"es_ES\" \/>\n<meta property=\"og:type\" content=\"article\" \/>\n<meta property=\"og:title\" content=\"Con alegr\u00eda y fe iniciamos el nuevo a\u00f1o escolar - #SomosFeyAlegria en Italia\" \/>\n<meta property=\"og:description\" content=\"M\u00e1s de 100 alumnos, j\u00f3venes y adultos, se han dado cita en nuestros institutos de Roma, Mil\u00e1n y G\u00e9nova para retomar sus estudios en Italia.\/p&gt;\" \/>\n<meta property=\"og:url\" content=\"https:\/\/www.feyalegria.org\/italia\/incio-nuevo-ano-escolar-colegio-latinoamericanos\/\" \/>\n<meta property=\"og:site_name\" content=\"#SomosFeyAlegria en Italia\" \/>\n<meta property=\"article:published_time\" content=\"2021-10-04T20:49:54+00:00\" \/>\n<meta property=\"article:modified_time\" content=\"2021-11-11T14:25:42+00:00\" \/>\n<meta property=\"og:image\" content=\"https:\/\/d3pugrm67vf9n7.cloudfront.net\/wp-content\/uploads\/sites\/6\/2021\/10\/04152859\/WhatsApp-Image-2021-10-03-at-21.40.11.jpeg\" \/>\n\t<meta property=\"og:image:width\" content=\"1024\" \/>\n\t<meta property=\"og:image:height\" content=\"768\" \/>\n\t<meta property=\"og:image:type\" content=\"image\/jpeg\" \/>\n<meta name=\"author\" content=\"editorit\" \/>\n<meta name=\"twitter:card\" content=\"summary_large_image\" \/>\n<meta name=\"twitter:label1\" content=\"Escrito por\" \/>\n\t<meta name=\"twitter:data1\" content=\"editorit\" \/>\n\t<meta name=\"twitter:label2\" content=\"Tiempo de lectura\" \/>\n\t<meta name=\"twitter:data2\" content=\"1 minuto\" \/>\n<script type=\"application\/ld+json\" class=\"yoast-schema-graph\">{\"@context\":\"https:\\\/\\\/schema.org\",\"@graph\":[{\"@type\":\"Article\",\"@id\":\"https:\\\/\\\/www.feyalegria.org\\\/italia\\\/incio-nuevo-ano-escolar-colegio-latinoamericanos\\\/#article\",\"isPartOf\":{\"@id\":\"https:\\\/\\\/www.feyalegria.org\\\/italia\\\/incio-nuevo-ano-escolar-colegio-latinoamericanos\\\/\"},\"author\":{\"name\":\"editorit\",\"@id\":\"https:\\\/\\\/www.feyalegria.org\\\/italia\\\/#\\\/schema\\\/person\\\/41c999d0ecac125419b37a6941f22606\"},\"headline\":\"Con alegr\u00eda y fe iniciamos el nuevo a\u00f1o escolar\",\"datePublished\":\"2021-10-04T20:49:54+00:00\",\"dateModified\":\"2021-11-11T14:25:42+00:00\",\"mainEntityOfPage\":{\"@id\":\"https:\\\/\\\/www.feyalegria.org\\\/italia\\\/incio-nuevo-ano-escolar-colegio-latinoamericanos\\\/\"},\"wordCount\":194,\"image\":{\"@id\":\"https:\\\/\\\/www.feyalegria.org\\\/italia\\\/incio-nuevo-ano-escolar-colegio-latinoamericanos\\\/#primaryimage\"},\"thumbnailUrl\":\"https:\\\/\\\/d3pugrm67vf9n7.cloudfront.net\\\/wp-content\\\/uploads\\\/sites\\\/6\\\/2021\\\/10\\\/04152859\\\/WhatsApp-Image-2021-10-03-at-21.40.11.jpeg\",\"inLanguage\":\"es\"},{\"@type\":\"WebPage\",\"@id\":\"https:\\\/\\\/www.feyalegria.org\\\/italia\\\/incio-nuevo-ano-escolar-colegio-latinoamericanos\\\/\",\"url\":\"https:\\\/\\\/www.feyalegria.org\\\/italia\\\/incio-nuevo-ano-escolar-colegio-latinoamericanos\\\/\",\"name\":\"Con alegr\u00eda y fe iniciamos el nuevo a\u00f1o escolar - #SomosFeyAlegria en Italia\",\"isPartOf\":{\"@id\":\"https:\\\/\\\/www.feyalegria.org\\\/italia\\\/#website\"},\"primaryImageOfPage\":{\"@id\":\"https:\\\/\\\/www.feyalegria.org\\\/italia\\\/incio-nuevo-ano-escolar-colegio-latinoamericanos\\\/#primaryimage\"},\"image\":{\"@id\":\"https:\\\/\\\/www.feyalegria.org\\\/italia\\\/incio-nuevo-ano-escolar-colegio-latinoamericanos\\\/#primaryimage\"},\"thumbnailUrl\":\"https:\\\/\\\/d3pugrm67vf9n7.cloudfront.net\\\/wp-content\\\/uploads\\\/sites\\\/6\\\/2021\\\/10\\\/04152859\\\/WhatsApp-Image-2021-10-03-at-21.40.11.jpeg\",\"datePublished\":\"2021-10-04T20:49:54+00:00\",\"dateModified\":\"2021-11-11T14:25:42+00:00\",\"author\":{\"@id\":\"https:\\\/\\\/www.feyalegria.org\\\/italia\\\/#\\\/schema\\\/person\\\/41c999d0ecac125419b37a6941f22606\"},\"inLanguage\":\"es\",\"potentialAction\":[{\"@type\":\"ReadAction\",\"target\":[\"https:\\\/\\\/www.feyalegria.org\\\/italia\\\/incio-nuevo-ano-escolar-colegio-latinoamericanos\\\/\"]}]},{\"@type\":\"ImageObject\",\"inLanguage\":\"es\",\"@id\":\"https:\\\/\\\/www.feyalegria.org\\\/italia\\\/incio-nuevo-ano-escolar-colegio-latinoamericanos\\\/#primaryimage\",\"url\":\"https:\\\/\\\/d3pugrm67vf9n7.cloudfront.net\\\/wp-content\\\/uploads\\\/sites\\\/6\\\/2021\\\/10\\\/04152859\\\/WhatsApp-Image-2021-10-03-at-21.40.11.jpeg\",\"contentUrl\":\"https:\\\/\\\/d3pugrm67vf9n7.cloudfront.net\\\/wp-content\\\/uploads\\\/sites\\\/6\\\/2021\\\/10\\\/04152859\\\/WhatsApp-Image-2021-10-03-at-21.40.11.jpeg\",\"width\":1024,\"height\":768},{\"@type\":\"WebSite\",\"@id\":\"https:\\\/\\\/www.feyalegria.org\\\/italia\\\/#website\",\"url\":\"https:\\\/\\\/www.feyalegria.org\\\/italia\\\/\",\"name\":\"#SomosFeyAlegria en Italia\",\"description\":\"Movimiento de Educaci\u00f3n Popular y Promoci\u00f3n Social\",\"potentialAction\":[{\"@type\":\"SearchAction\",\"target\":{\"@type\":\"EntryPoint\",\"urlTemplate\":\"https:\\\/\\\/www.feyalegria.org\\\/italia\\\/?s={search_term_string}\"},\"query-input\":{\"@type\":\"PropertyValueSpecification\",\"valueRequired\":true,\"valueName\":\"search_term_string\"}}],\"inLanguage\":\"es\"},{\"@type\":\"Person\",\"@id\":\"https:\\\/\\\/www.feyalegria.org\\\/italia\\\/#\\\/schema\\\/person\\\/41c999d0ecac125419b37a6941f22606\",\"name\":\"editorit\",\"sameAs\":[\"https:\\\/\\\/www.feyalegria.it\"],\"url\":\"https:\\\/\\\/www.feyalegria.org\\\/italia\\\/author\\\/editorit\\\/\"}]}<\/script>\n<!-- \/ Yoast SEO plugin. -->","yoast_head_json":{"title":"Con alegr\u00eda y fe iniciamos el nuevo a\u00f1o escolar - #SomosFeyAlegria en Italia","robots":{"index":"index","follow":"follow","max-snippet":"max-snippet:-1","max-image-preview":"max-image-preview:large","max-video-preview":"max-video-preview:-1"},"canonical":"https:\/\/www.feyalegria.org\/italia\/incio-nuevo-ano-escolar-colegio-latinoamericanos\/","og_locale":"es_ES","og_type":"article","og_title":"Con alegr\u00eda y fe iniciamos el nuevo a\u00f1o escolar - #SomosFeyAlegria en Italia","og_description":"M\u00e1s de 100 alumnos, j\u00f3venes y adultos, se han dado cita en nuestros institutos de Roma, Mil\u00e1n y G\u00e9nova para retomar sus estudios en Italia.\/p&gt;","og_url":"https:\/\/www.feyalegria.org\/italia\/incio-nuevo-ano-escolar-colegio-latinoamericanos\/","og_site_name":"#SomosFeyAlegria en Italia","article_published_time":"2021-10-04T20:49:54+00:00","article_modified_time":"2021-11-11T14:25:42+00:00","og_image":[{"width":1024,"height":768,"url":"https:\/\/d3pugrm67vf9n7.cloudfront.net\/wp-content\/uploads\/sites\/6\/2021\/10\/04152859\/WhatsApp-Image-2021-10-03-at-21.40.11.jpeg","type":"image\/jpeg"}],"author":"editorit","twitter_card":"summary_large_image","twitter_misc":{"Escrito por":"editorit","Tiempo de lectura":"1 minuto"},"schema":{"@context":"https:\/\/schema.org","@graph":[{"@type":"Article","@id":"https:\/\/www.feyalegria.org\/italia\/incio-nuevo-ano-escolar-colegio-latinoamericanos\/#article","isPartOf":{"@id":"https:\/\/www.feyalegria.org\/italia\/incio-nuevo-ano-escolar-colegio-latinoamericanos\/"},"author":{"name":"editorit","@id":"https:\/\/www.feyalegria.org\/italia\/#\/schema\/person\/41c999d0ecac125419b37a6941f22606"},"headline":"Con alegr\u00eda y fe iniciamos el nuevo a\u00f1o escolar","datePublished":"2021-10-04T20:49:54+00:00","dateModified":"2021-11-11T14:25:42+00:00","mainEntityOfPage":{"@id":"https:\/\/www.feyalegria.org\/italia\/incio-nuevo-ano-escolar-colegio-latinoamericanos\/"},"wordCount":194,"image":{"@id":"https:\/\/www.feyalegria.org\/italia\/incio-nuevo-ano-escolar-colegio-latinoamericanos\/#primaryimage"},"thumbnailUrl":"https:\/\/d3pugrm67vf9n7.cloudfront.net\/wp-content\/uploads\/sites\/6\/2021\/10\/04152859\/WhatsApp-Image-2021-10-03-at-21.40.11.jpeg","inLanguage":"es"},{"@type":"WebPage","@id":"https:\/\/www.feyalegria.org\/italia\/incio-nuevo-ano-escolar-colegio-latinoamericanos\/","url":"https:\/\/www.feyalegria.org\/italia\/incio-nuevo-ano-escolar-colegio-latinoamericanos\/","name":"Con alegr\u00eda y fe iniciamos el nuevo a\u00f1o escolar - #SomosFeyAlegria en Italia","isPartOf":{"@id":"https:\/\/www.feyalegria.org\/italia\/#website"},"primaryImageOfPage":{"@id":"https:\/\/www.feyalegria.org\/italia\/incio-nuevo-ano-escolar-colegio-latinoamericanos\/#primaryimage"},"image":{"@id":"https:\/\/www.feyalegria.org\/italia\/incio-nuevo-ano-escolar-colegio-latinoamericanos\/#primaryimage"},"thumbnailUrl":"https:\/\/d3pugrm67vf9n7.cloudfront.net\/wp-content\/uploads\/sites\/6\/2021\/10\/04152859\/WhatsApp-Image-2021-10-03-at-21.40.11.jpeg","datePublished":"2021-10-04T20:49:54+00:00","dateModified":"2021-11-11T14:25:42+00:00","author":{"@id":"https:\/\/www.feyalegria.org\/italia\/#\/schema\/person\/41c999d0ecac125419b37a6941f22606"},"inLanguage":"es","potentialAction":[{"@type":"ReadAction","target":["https:\/\/www.feyalegria.org\/italia\/incio-nuevo-ano-escolar-colegio-latinoamericanos\/"]}]},{"@type":"ImageObject","inLanguage":"es","@id":"https:\/\/www.feyalegria.org\/italia\/incio-nuevo-ano-escolar-colegio-latinoamericanos\/#primaryimage","url":"https:\/\/d3pugrm67vf9n7.cloudfront.net\/wp-content\/uploads\/sites\/6\/2021\/10\/04152859\/WhatsApp-Image-2021-10-03-at-21.40.11.jpeg","contentUrl":"https:\/\/d3pugrm67vf9n7.cloudfront.net\/wp-content\/uploads\/sites\/6\/2021\/10\/04152859\/WhatsApp-Image-2021-10-03-at-21.40.11.jpeg","width":1024,"height":768},{"@type":"WebSite","@id":"https:\/\/www.feyalegria.org\/italia\/#website","url":"https:\/\/www.feyalegria.org\/italia\/","name":"#SomosFeyAlegria en Italia","description":"Movimiento de Educaci\u00f3n Popular y Promoci\u00f3n Social","potentialAction":[{"@type":"SearchAction","target":{"@type":"EntryPoint","urlTemplate":"https:\/\/www.feyalegria.org\/italia\/?s={search_term_string}"},"query-input":{"@type":"PropertyValueSpecification","valueRequired":true,"valueName":"search_term_string"}}],"inLanguage":"es"},{"@type":"Person","@id":"https:\/\/www.feyalegria.org\/italia\/#\/schema\/person\/41c999d0ecac125419b37a6941f22606","name":"editorit","sameAs":["https:\/\/www.feyalegria.it"],"url":"https:\/\/www.feyalegria.org\/italia\/author\/editorit\/"}]}},"_links":{"self":[{"href":"https:\/\/www.feyalegria.org\/italia\/wp-json\/wp\/v2\/posts\/6379","targetHints":{"allow":["GET"]}}],"collection":[{"href":"https:\/\/www.feyalegria.org\/italia\/wp-json\/wp\/v2\/posts"}],"about":[{"href":"https:\/\/www.feyalegria.org\/italia\/wp-json\/wp\/v2\/types\/post"}],"author":[{"embeddable":true,"href":"https:\/\/www.feyalegria.org\/italia\/wp-json\/wp\/v2\/users\/9"}],"replies":[{"embeddable":true,"href":"https:\/\/www.feyalegria.org\/italia\/wp-json\/wp\/v2\/comments?post=6379"}],"version-history":[{"count":0,"href":"https:\/\/www.feyalegria.org\/italia\/wp-json\/wp\/v2\/posts\/6379\/revisions"}],"wp:featuredmedia":[{"embeddable":true,"href":"https:\/\/www.feyalegria.org\/italia\/wp-json\/wp\/v2\/media\/6381"}],"wp:attachment":[{"href":"https:\/\/www.feyalegria.org\/italia\/wp-json\/wp\/v2\/media?parent=6379"}],"wp:term":[{"taxonomy":"category","embeddable":true,"href":"https:\/\/www.feyalegria.org\/italia\/wp-json\/wp\/v2\/categories?post=6379"},{"taxonomy":"post_tag","embeddable":true,"href":"https:\/\/www.feyalegria.org\/italia\/wp-json\/wp\/v2\/tags?post=6379"},{"taxonomy":"post_folder","embeddable":true,"href":"https:\/\/www.feyalegria.org\/italia\/wp-json\/wp\/v2\/post_folder?post=6379"}],"curies":[{"name":"wp","href":"https:\/\/api.w.org\/{rel}","templated":true}]}}