 {"id":6405,"date":"2021-12-04T18:38:42","date_gmt":"2021-12-04T23:38:42","guid":{"rendered":"https:\/\/www.feyalegria.org\/italia\/?p=6405"},"modified":"2021-12-05T17:27:22","modified_gmt":"2021-12-05T22:27:22","slug":"consejo-estudiantil-irfeyal-fe-y-alegria-milano","status":"publish","type":"post","link":"https:\/\/www.feyalegria.org\/italia\/consejo-estudiantil-irfeyal-fe-y-alegria-milano\/","title":{"rendered":"Entrevista a una de las candidatas al Consejo Estudiantil de Irfeyal Fe y Alegria Milano"},"content":{"rendered":"<div class=\"wpb-content-wrapper\"><p>[vc_row][vc_column width=\u00bb2\/3&#8243;][vc_column_text]El domingo 28 se realizaron las elecciones al <strong>Consejo estudiantil 2021\/2022 del Instituto Irfeyal de Fe y Alegria Milano, en el que est\u00e1n matriculados m\u00e1s de 70 j\u00f3venes y adultos latinoamericanos que viven en Lombard\u00eda.\u00a0<\/strong><\/p>\n<p>La Lic.Mar\u00eda Elena Guevara, Coordinadora Acad\u00e9mica de Irfeyal Milano anim\u00f3 a los estudiantes a presentarse con las siguientes motivaciones: \u201cEl Consejo Estudiantil es un organismo educativo de car\u00e1cter c\u00edvico que tiene funciones espec\u00edficas dentro de la Instituci\u00f3n, constituye una oportunidad para aprender valores como responsabilidad, trabajo,obediencia y vivir en democracia, \u00a1con fe \u00a0y alegr\u00eda!\u00bb<\/p>\n<p>Se han presentado:<\/p>\n<ul>\n<li>De la lista A Stefany Garc\u00e9s como presidenta y Mary Mart\u00ednez como vicepresidenta.<\/li>\n<li>De la lista B Lorena Andrade como presidenta y Geraldine Marzal como vicepresidenta.<\/li>\n<\/ul>\n<p>[\/vc_column_text][\/vc_column][vc_column width=\u00bb1\/3&#8243;][vc_images_carousel images=\u00bb6407,6412,6406&#8243; img_size=\u00bbmedium\u00bb autoplay=\u00bbyes\u00bb][\/vc_column][\/vc_row][vc_row][vc_column][vc_column_text]Los resultados de las elecciones fueron sorprendentes\u2026\u00a1empate!<\/p>\n<p>As\u00ed que desde el grupo de Comunicaci\u00f3n Interna hemos querido analizar un poco m\u00e1s los programas. En este caso el de Lorena Andrade.<\/p>\n<p>Entrevista por Sebasti\u00e1n Matta a Lorena Andrade:<\/p>\n<h3><strong>Sebasti\u00e1n: \u00bfPor qu\u00e9 has decidido presentarte al consejo estudiantil del Insituto Irfeyal de Fe y Alegria Milano?<\/strong><\/h3>\n<p><strong>Lorena<\/strong>:\u00a0 <em>Bueno en realidad, yo llevo varios a\u00f1os en la escuela. Postul\u00e9 al consejo porque me gustar\u00eda ayudar a las nuevas generaciones para que aprendan todo lo que hemos aprendido tambi\u00e9n nosotros, y vean lo bonito que es Irfeyal. Mi deseo, mi meta, es que mi escuela sea conocida, no solo por la ense\u00f1anza, si no por lo que somos, una gran familia, un gran coraz\u00f3n, somos latinos que venimos a estudiar aqu\u00ed. Mi motivaci\u00f3n es ayudar a los dem\u00e1s.<\/em><\/p>\n<h3><strong>Sebasti\u00e1n: \u00bfCu\u00e1les son las medidas\/propuestas que quieres llevar en tu mandato?<\/strong><\/h3>\n<p><strong>Lorena:<\/strong>\u00a0<em>Nuestra meta es que Irfeyal sea conocido por nuestros conocimientos y por la uni\u00f3n, organizar jornadas deportivas como momentos importantes de convivencia y guiar a los alumnos dandonos la mano uno al otro.\u00a0<\/em><\/p>\n<h3><strong>Sebasti\u00e1n: \u00bfAnteriormente, has cubierto roles en instituciones pasadas? (delegada, presidenta, etc.)?<\/strong><\/h3>\n<p><strong>Lorena:<\/strong> <em>Si, en el primer a\u00f1o del colegio, fui presidenta de mi curso. Un grupo de 11 personas.\u00a0 A pesar de que eramos 11 personas, est\u00e1bamos en el primer lugar en todo, en notas, en eventos, concursos, etc. Hice todo lo posible, ayudaba a mis compa\u00f1eros, me \u00abpart\u00eda en 4\u00bb por ellos, incluso hay dos compa\u00f1eros que ahora son programadores y son justo detr\u00e1s de los que m\u00e1s estuve. Ha sido un orgullo que me dijesen gracias por haberme ayudado. Lamentablemente por el trabajo lo tuve que dejar.\u00a0 <\/em><\/p>\n<p><em>Me motiva ayudar, ver a la gente crecer, cuando alguien quiere estudiar pues ayudarlo. Por eso me gusta el Instituto <strong>Irfeyal<\/strong>, por la ayuda que ofrece, por eso postul\u00e9, porque tengo muy presente a Irfeyal en mi coraz\u00f3n. Quiero contribuir, evitar problem\u00e1ticas, y si las hay, buscar soluciones.<br \/>\n<\/em><em>En primer a\u00f1o me condecoraron como mejor alumna de toda la escuela, y eso me motiv\u00f3 a seguir adelante. Me gustar\u00eda ser presidenta, igual si la compa\u00f1era gana, como siempre he dicho, tendr\u00eda mi apoyo no solo al 100 sino al 1000.<\/em><\/p>\n<h3><strong>Sebasti\u00e1n: \u00bfPor qu\u00e9 tendr\u00edamos que votar por ti?<\/strong><\/h3>\n<p><strong>Lorena:<\/strong> M<em>e gustar\u00eda que me den la mano con su voto, para poder realizar este sue\u00f1o. Al pasar ya varios a\u00f1os en Irfeyal, conozco muy bien como va y como funciona el Insituto, por eso me gustar\u00eda su voto por que sabr\u00eda por d\u00f3nde encaminar, apoyar a los alumnos y poder mejorar las cosas que faltan, para crecer, crecer como familia, y crecer como instituci\u00f3n.<\/em><\/p>\n<p>Al entrevistar a las dos candidatas a la presidencia del consejo estudiantil, he notado que ambas tienen todo lo que podr\u00eda servir a la escuela, fuerza, valor, coraje, esas ganas de salir adelante, tienen una vida detr\u00e1s que las hace ser lo que son ahora, obviamente siempre hay ciertas diferencias, pero ambas tienen un buen potencial, el querer luchar por la opini\u00f3n de lo que piden los alumnos y as\u00ed tener una mejor comunicaci\u00f3n entre profesores-alumnos, cosa que propone la lista A, hasta una de las propuestas de la lista B, de querer guiar y condecorar a alumnos ejemplares, y as\u00ed dar un buen ejemplo educativo. Desde mi punto de vista se trata de un versus entre experiencia y gente nueva, pero a\u00fan as\u00ed ambas est\u00e1n para apoyarse. La escuela decidir\u00e1, quien estar\u00e1 a cargo del consejo estudiantil y no se equivocar\u00e1n al elegir a la mejor representante.<\/p>\n<p><strong>Sebasti\u00e1n Matta<\/strong><br \/>\n<strong>Comunicador Voluntario alumno Fe y Alegria Milano<\/strong>[\/vc_column_text][\/vc_column][\/vc_row]<\/p>\n<\/div>","protected":false},"excerpt":{"rendered":"<div style=\"height: 146px\">\n<p align=\"justify\">Despu\u00e9s del empate el 5 diciembre ser\u00e1 la segunda vuelta. Conozcamos a las candidatas a presidentas y el programa de cada lista.\/p&gt;<\/div>\n","protected":false},"author":9,"featured_media":6410,"comment_status":"closed","ping_status":"closed","sticky":false,"template":"","format":"standard","meta":{"_acf_changed":false,"footnotes":""},"categories":[1],"tags":[],"post_folder":[],"class_list":["post-6405","post","type-post","status-publish","format-standard","has-post-thumbnail","hentry","category-sin-categoria"],"acf":[],"yoast_head":"<!-- This site is optimized with the Yoast SEO plugin v27.5 - https:\/\/yoast.com\/product\/yoast-seo-wordpress\/ -->\n<title>Entrevista a una de las candidatas al Consejo Estudiantil de Irfeyal Fe y Alegria Milano - #SomosFeyAlegria en Italia<\/title>\n<meta name=\"description\" content=\"Elecciones al Consejo Estudiantil del Instituto Irfeyal de Fe y Alegria Milano. Conozcamos las candidatas y programa de cada lista.\" \/>\n<meta name=\"robots\" content=\"index, follow, max-snippet:-1, max-image-preview:large, max-video-preview:-1\" \/>\n<link rel=\"canonical\" href=\"https:\/\/www.feyalegria.org\/italia\/consejo-estudiantil-irfeyal-fe-y-alegria-milano\/\" \/>\n<meta property=\"og:locale\" content=\"es_ES\" \/>\n<meta property=\"og:type\" content=\"article\" \/>\n<meta property=\"og:title\" content=\"Entrevista a una de las candidatas al Consejo Estudiantil de Irfeyal Fe y Alegria Milano - #SomosFeyAlegria en Italia\" \/>\n<meta property=\"og:description\" content=\"Elecciones al Consejo Estudiantil del Instituto Irfeyal de Fe y Alegria Milano. Conozcamos las candidatas y programa de cada lista.\" \/>\n<meta property=\"og:url\" content=\"https:\/\/www.feyalegria.org\/italia\/consejo-estudiantil-irfeyal-fe-y-alegria-milano\/\" \/>\n<meta property=\"og:site_name\" content=\"#SomosFeyAlegria en Italia\" \/>\n<meta property=\"article:published_time\" content=\"2021-12-04T23:38:42+00:00\" \/>\n<meta property=\"article:modified_time\" content=\"2021-12-05T22:27:22+00:00\" \/>\n<meta property=\"og:image\" content=\"https:\/\/d3pugrm67vf9n7.cloudfront.net\/wp-content\/uploads\/sites\/6\/2021\/12\/04182913\/WhatsApp-Image-2021-12-05-at-00.28.25.jpeg\" \/>\n\t<meta property=\"og:image:width\" content=\"2048\" \/>\n\t<meta property=\"og:image:height\" content=\"1024\" \/>\n\t<meta property=\"og:image:type\" content=\"image\/jpeg\" \/>\n<meta name=\"author\" content=\"editorit\" \/>\n<meta name=\"twitter:card\" content=\"summary_large_image\" \/>\n<meta name=\"twitter:label1\" content=\"Escrito por\" \/>\n\t<meta name=\"twitter:data1\" content=\"editorit\" \/>\n\t<meta name=\"twitter:label2\" content=\"Tiempo de lectura\" \/>\n\t<meta name=\"twitter:data2\" content=\"4 minutos\" \/>\n<script type=\"application\/ld+json\" class=\"yoast-schema-graph\">{\"@context\":\"https:\\\/\\\/schema.org\",\"@graph\":[{\"@type\":\"Article\",\"@id\":\"https:\\\/\\\/www.feyalegria.org\\\/italia\\\/consejo-estudiantil-irfeyal-fe-y-alegria-milano\\\/#article\",\"isPartOf\":{\"@id\":\"https:\\\/\\\/www.feyalegria.org\\\/italia\\\/consejo-estudiantil-irfeyal-fe-y-alegria-milano\\\/\"},\"author\":{\"name\":\"editorit\",\"@id\":\"https:\\\/\\\/www.feyalegria.org\\\/italia\\\/#\\\/schema\\\/person\\\/41c999d0ecac125419b37a6941f22606\"},\"headline\":\"Entrevista a una de las candidatas al Consejo Estudiantil de Irfeyal Fe y Alegria Milano\",\"datePublished\":\"2021-12-04T23:38:42+00:00\",\"dateModified\":\"2021-12-05T22:27:22+00:00\",\"mainEntityOfPage\":{\"@id\":\"https:\\\/\\\/www.feyalegria.org\\\/italia\\\/consejo-estudiantil-irfeyal-fe-y-alegria-milano\\\/\"},\"wordCount\":828,\"image\":{\"@id\":\"https:\\\/\\\/www.feyalegria.org\\\/italia\\\/consejo-estudiantil-irfeyal-fe-y-alegria-milano\\\/#primaryimage\"},\"thumbnailUrl\":\"https:\\\/\\\/d3pugrm67vf9n7.cloudfront.net\\\/wp-content\\\/uploads\\\/sites\\\/6\\\/2021\\\/12\\\/04182913\\\/WhatsApp-Image-2021-12-05-at-00.28.25.jpeg\",\"inLanguage\":\"es\"},{\"@type\":\"WebPage\",\"@id\":\"https:\\\/\\\/www.feyalegria.org\\\/italia\\\/consejo-estudiantil-irfeyal-fe-y-alegria-milano\\\/\",\"url\":\"https:\\\/\\\/www.feyalegria.org\\\/italia\\\/consejo-estudiantil-irfeyal-fe-y-alegria-milano\\\/\",\"name\":\"Entrevista a una de las candidatas al Consejo Estudiantil de Irfeyal Fe y Alegria Milano - #SomosFeyAlegria en Italia\",\"isPartOf\":{\"@id\":\"https:\\\/\\\/www.feyalegria.org\\\/italia\\\/#website\"},\"primaryImageOfPage\":{\"@id\":\"https:\\\/\\\/www.feyalegria.org\\\/italia\\\/consejo-estudiantil-irfeyal-fe-y-alegria-milano\\\/#primaryimage\"},\"image\":{\"@id\":\"https:\\\/\\\/www.feyalegria.org\\\/italia\\\/consejo-estudiantil-irfeyal-fe-y-alegria-milano\\\/#primaryimage\"},\"thumbnailUrl\":\"https:\\\/\\\/d3pugrm67vf9n7.cloudfront.net\\\/wp-content\\\/uploads\\\/sites\\\/6\\\/2021\\\/12\\\/04182913\\\/WhatsApp-Image-2021-12-05-at-00.28.25.jpeg\",\"datePublished\":\"2021-12-04T23:38:42+00:00\",\"dateModified\":\"2021-12-05T22:27:22+00:00\",\"author\":{\"@id\":\"https:\\\/\\\/www.feyalegria.org\\\/italia\\\/#\\\/schema\\\/person\\\/41c999d0ecac125419b37a6941f22606\"},\"description\":\"Elecciones al Consejo Estudiantil del Instituto Irfeyal de Fe y Alegria Milano. Conozcamos las candidatas y programa de cada lista.\",\"inLanguage\":\"es\",\"potentialAction\":[{\"@type\":\"ReadAction\",\"target\":[\"https:\\\/\\\/www.feyalegria.org\\\/italia\\\/consejo-estudiantil-irfeyal-fe-y-alegria-milano\\\/\"]}]},{\"@type\":\"ImageObject\",\"inLanguage\":\"es\",\"@id\":\"https:\\\/\\\/www.feyalegria.org\\\/italia\\\/consejo-estudiantil-irfeyal-fe-y-alegria-milano\\\/#primaryimage\",\"url\":\"https:\\\/\\\/d3pugrm67vf9n7.cloudfront.net\\\/wp-content\\\/uploads\\\/sites\\\/6\\\/2021\\\/12\\\/04182913\\\/WhatsApp-Image-2021-12-05-at-00.28.25.jpeg\",\"contentUrl\":\"https:\\\/\\\/d3pugrm67vf9n7.cloudfront.net\\\/wp-content\\\/uploads\\\/sites\\\/6\\\/2021\\\/12\\\/04182913\\\/WhatsApp-Image-2021-12-05-at-00.28.25.jpeg\",\"width\":2048,\"height\":1024},{\"@type\":\"WebSite\",\"@id\":\"https:\\\/\\\/www.feyalegria.org\\\/italia\\\/#website\",\"url\":\"https:\\\/\\\/www.feyalegria.org\\\/italia\\\/\",\"name\":\"#SomosFeyAlegria en Italia\",\"description\":\"Movimiento de Educaci\u00f3n Popular y Promoci\u00f3n Social\",\"potentialAction\":[{\"@type\":\"SearchAction\",\"target\":{\"@type\":\"EntryPoint\",\"urlTemplate\":\"https:\\\/\\\/www.feyalegria.org\\\/italia\\\/?s={search_term_string}\"},\"query-input\":{\"@type\":\"PropertyValueSpecification\",\"valueRequired\":true,\"valueName\":\"search_term_string\"}}],\"inLanguage\":\"es\"},{\"@type\":\"Person\",\"@id\":\"https:\\\/\\\/www.feyalegria.org\\\/italia\\\/#\\\/schema\\\/person\\\/41c999d0ecac125419b37a6941f22606\",\"name\":\"editorit\",\"sameAs\":[\"https:\\\/\\\/www.feyalegria.it\"],\"url\":\"https:\\\/\\\/www.feyalegria.org\\\/italia\\\/author\\\/editorit\\\/\"}]}<\/script>\n<!-- \/ Yoast SEO plugin. -->","yoast_head_json":{"title":"Entrevista a una de las candidatas al Consejo Estudiantil de Irfeyal Fe y Alegria Milano - #SomosFeyAlegria en Italia","description":"Elecciones al Consejo Estudiantil del Instituto Irfeyal de Fe y Alegria Milano. Conozcamos las candidatas y programa de cada lista.","robots":{"index":"index","follow":"follow","max-snippet":"max-snippet:-1","max-image-preview":"max-image-preview:large","max-video-preview":"max-video-preview:-1"},"canonical":"https:\/\/www.feyalegria.org\/italia\/consejo-estudiantil-irfeyal-fe-y-alegria-milano\/","og_locale":"es_ES","og_type":"article","og_title":"Entrevista a una de las candidatas al Consejo Estudiantil de Irfeyal Fe y Alegria Milano - #SomosFeyAlegria en Italia","og_description":"Elecciones al Consejo Estudiantil del Instituto Irfeyal de Fe y Alegria Milano. Conozcamos las candidatas y programa de cada lista.","og_url":"https:\/\/www.feyalegria.org\/italia\/consejo-estudiantil-irfeyal-fe-y-alegria-milano\/","og_site_name":"#SomosFeyAlegria en Italia","article_published_time":"2021-12-04T23:38:42+00:00","article_modified_time":"2021-12-05T22:27:22+00:00","og_image":[{"width":2048,"height":1024,"url":"https:\/\/d3pugrm67vf9n7.cloudfront.net\/wp-content\/uploads\/sites\/6\/2021\/12\/04182913\/WhatsApp-Image-2021-12-05-at-00.28.25.jpeg","type":"image\/jpeg"}],"author":"editorit","twitter_card":"summary_large_image","twitter_misc":{"Escrito por":"editorit","Tiempo de lectura":"4 minutos"},"schema":{"@context":"https:\/\/schema.org","@graph":[{"@type":"Article","@id":"https:\/\/www.feyalegria.org\/italia\/consejo-estudiantil-irfeyal-fe-y-alegria-milano\/#article","isPartOf":{"@id":"https:\/\/www.feyalegria.org\/italia\/consejo-estudiantil-irfeyal-fe-y-alegria-milano\/"},"author":{"name":"editorit","@id":"https:\/\/www.feyalegria.org\/italia\/#\/schema\/person\/41c999d0ecac125419b37a6941f22606"},"headline":"Entrevista a una de las candidatas al Consejo Estudiantil de Irfeyal Fe y Alegria Milano","datePublished":"2021-12-04T23:38:42+00:00","dateModified":"2021-12-05T22:27:22+00:00","mainEntityOfPage":{"@id":"https:\/\/www.feyalegria.org\/italia\/consejo-estudiantil-irfeyal-fe-y-alegria-milano\/"},"wordCount":828,"image":{"@id":"https:\/\/www.feyalegria.org\/italia\/consejo-estudiantil-irfeyal-fe-y-alegria-milano\/#primaryimage"},"thumbnailUrl":"https:\/\/d3pugrm67vf9n7.cloudfront.net\/wp-content\/uploads\/sites\/6\/2021\/12\/04182913\/WhatsApp-Image-2021-12-05-at-00.28.25.jpeg","inLanguage":"es"},{"@type":"WebPage","@id":"https:\/\/www.feyalegria.org\/italia\/consejo-estudiantil-irfeyal-fe-y-alegria-milano\/","url":"https:\/\/www.feyalegria.org\/italia\/consejo-estudiantil-irfeyal-fe-y-alegria-milano\/","name":"Entrevista a una de las candidatas al Consejo Estudiantil de Irfeyal Fe y Alegria Milano - #SomosFeyAlegria en Italia","isPartOf":{"@id":"https:\/\/www.feyalegria.org\/italia\/#website"},"primaryImageOfPage":{"@id":"https:\/\/www.feyalegria.org\/italia\/consejo-estudiantil-irfeyal-fe-y-alegria-milano\/#primaryimage"},"image":{"@id":"https:\/\/www.feyalegria.org\/italia\/consejo-estudiantil-irfeyal-fe-y-alegria-milano\/#primaryimage"},"thumbnailUrl":"https:\/\/d3pugrm67vf9n7.cloudfront.net\/wp-content\/uploads\/sites\/6\/2021\/12\/04182913\/WhatsApp-Image-2021-12-05-at-00.28.25.jpeg","datePublished":"2021-12-04T23:38:42+00:00","dateModified":"2021-12-05T22:27:22+00:00","author":{"@id":"https:\/\/www.feyalegria.org\/italia\/#\/schema\/person\/41c999d0ecac125419b37a6941f22606"},"description":"Elecciones al Consejo Estudiantil del Instituto Irfeyal de Fe y Alegria Milano. Conozcamos las candidatas y programa de cada lista.","inLanguage":"es","potentialAction":[{"@type":"ReadAction","target":["https:\/\/www.feyalegria.org\/italia\/consejo-estudiantil-irfeyal-fe-y-alegria-milano\/"]}]},{"@type":"ImageObject","inLanguage":"es","@id":"https:\/\/www.feyalegria.org\/italia\/consejo-estudiantil-irfeyal-fe-y-alegria-milano\/#primaryimage","url":"https:\/\/d3pugrm67vf9n7.cloudfront.net\/wp-content\/uploads\/sites\/6\/2021\/12\/04182913\/WhatsApp-Image-2021-12-05-at-00.28.25.jpeg","contentUrl":"https:\/\/d3pugrm67vf9n7.cloudfront.net\/wp-content\/uploads\/sites\/6\/2021\/12\/04182913\/WhatsApp-Image-2021-12-05-at-00.28.25.jpeg","width":2048,"height":1024},{"@type":"WebSite","@id":"https:\/\/www.feyalegria.org\/italia\/#website","url":"https:\/\/www.feyalegria.org\/italia\/","name":"#SomosFeyAlegria en Italia","description":"Movimiento de Educaci\u00f3n Popular y Promoci\u00f3n Social","potentialAction":[{"@type":"SearchAction","target":{"@type":"EntryPoint","urlTemplate":"https:\/\/www.feyalegria.org\/italia\/?s={search_term_string}"},"query-input":{"@type":"PropertyValueSpecification","valueRequired":true,"valueName":"search_term_string"}}],"inLanguage":"es"},{"@type":"Person","@id":"https:\/\/www.feyalegria.org\/italia\/#\/schema\/person\/41c999d0ecac125419b37a6941f22606","name":"editorit","sameAs":["https:\/\/www.feyalegria.it"],"url":"https:\/\/www.feyalegria.org\/italia\/author\/editorit\/"}]}},"_links":{"self":[{"href":"https:\/\/www.feyalegria.org\/italia\/wp-json\/wp\/v2\/posts\/6405","targetHints":{"allow":["GET"]}}],"collection":[{"href":"https:\/\/www.feyalegria.org\/italia\/wp-json\/wp\/v2\/posts"}],"about":[{"href":"https:\/\/www.feyalegria.org\/italia\/wp-json\/wp\/v2\/types\/post"}],"author":[{"embeddable":true,"href":"https:\/\/www.feyalegria.org\/italia\/wp-json\/wp\/v2\/users\/9"}],"replies":[{"embeddable":true,"href":"https:\/\/www.feyalegria.org\/italia\/wp-json\/wp\/v2\/comments?post=6405"}],"version-history":[{"count":0,"href":"https:\/\/www.feyalegria.org\/italia\/wp-json\/wp\/v2\/posts\/6405\/revisions"}],"wp:featuredmedia":[{"embeddable":true,"href":"https:\/\/www.feyalegria.org\/italia\/wp-json\/wp\/v2\/media\/6410"}],"wp:attachment":[{"href":"https:\/\/www.feyalegria.org\/italia\/wp-json\/wp\/v2\/media?parent=6405"}],"wp:term":[{"taxonomy":"category","embeddable":true,"href":"https:\/\/www.feyalegria.org\/italia\/wp-json\/wp\/v2\/categories?post=6405"},{"taxonomy":"post_tag","embeddable":true,"href":"https:\/\/www.feyalegria.org\/italia\/wp-json\/wp\/v2\/tags?post=6405"},{"taxonomy":"post_folder","embeddable":true,"href":"https:\/\/www.feyalegria.org\/italia\/wp-json\/wp\/v2\/post_folder?post=6405"}],"curies":[{"name":"wp","href":"https:\/\/api.w.org\/{rel}","templated":true}]}}