 {"id":6418,"date":"2021-12-08T08:00:47","date_gmt":"2021-12-08T13:00:47","guid":{"rendered":"https:\/\/www.feyalegria.org\/italia\/?p=6418"},"modified":"2021-12-27T12:37:49","modified_gmt":"2021-12-27T17:37:49","slug":"orientacion-trabajo-fe-y-alegria-genova","status":"publish","type":"post","link":"https:\/\/www.feyalegria.org\/italia\/orientacion-trabajo-fe-y-alegria-genova\/","title":{"rendered":"Orientar, formar e inspirar en Fe y Alegria Genova"},"content":{"rendered":"<div class=\"wpb-content-wrapper\"><p>[vc_row][vc_column][vc_column_text]En noviembre <a href=\"https:\/\/www.feyalegria.org\/italia\/fe-y-alegria-genova\/\">Fe y Alegria Genova<\/a> ha organizado varios encuentros de orientaci\u00f3n al trabajo a j\u00f3venes y adultos latinoamericanos en Liguria.<\/p>\n<p>Estos encuentros vienen a completar la formaci\u00f3n que reciben en el Insituto de primaria y secundaria. Las clases son los martes y jueves de 17 a 22 h online y el s\u00e1bado presencial de 14.30 a 19.30h.<\/p>\n<p>El objetivo es que los alumnos antes de conseguir el diploma equivalente al de secundaria italiana, tengan la informaci\u00f3n, formaci\u00f3n y se encuentren motivados para seguir adelante con su crecimiento profesional.<\/p>\n<p>En el mes de noviembre uno de los encuentros ha consistido en una formaci\u00f3n a nivel legal y fiscal sobre las relaciones contractuales de trabajo. En otro encuentro han podido interactuar con el editor Carlo Frilli aprendiendo sobre el sector de la editor\u00eda y el uso de instrumentos de marketing y ventas.[\/vc_column_text][\/vc_column][\/vc_row][vc_row][vc_column width=\u00bb2\/3&#8243;][vc_column_text]<\/p>\n<h2><strong>Encuentro de formaci\u00f3n sobre los contratos de trabajo en Italia desde el punto de vista legal y fiscal<\/strong><\/h2>\n<p>[\/vc_column_text][vc_column_text css_animation=\u00bbslideInRight\u00bb]Por una parte la gestora de una cooperativa y consultora sindacal en CILS como responsable P.Sanidad Privada del Tercer Sector, Se\u00f1ora <strong>Patricia Rossi Rodriguez,<\/strong> peruana en Italia desde hace m\u00e1s de 20 a\u00f1os.\u00a0<strong> Ha explicado a los alumnos los diferentes tipos de contrato de trabajo\u00a0 y\u00a0 el contrato nacional colectivo. Ha incluido en la explicaci\u00f3n la declaraci\u00f3n de la renta, los impuestos y n\u00f3minas. <\/strong><\/p>\n<p><strong>Todo esto conlleva derechos y obligaciones b\u00e1sicas de necesario conocimiento y ejercicio para los ciudadanos.<\/strong><\/p>\n<p><em>\u201cMe abri\u00f3 completamente un mundo. Fue un resumen muy sustancioso en cuanto a que cubri\u00f3 el mundo del trabajo desde que inicias hasta que se termina la relaci\u00f3n de trabajo. J\u00f3venes y adultos participamos con gran inter\u00e9s y aclarando una vez por todas todas las dudas que en este tiempo en Italia nos hab\u00eda surgido y aprendiendo nuevas cosas realmente \u00fatiles. Ahora puedo elegir conscientemente cuando me proponen un tipo de contrato u otro. Tambi\u00e9n nos explic\u00f3 la n\u00f3mina y todas las voces en ella incluida. La se\u00f1ora Patricia Rossi lo explic\u00f3 estupendamente adem\u00e1s de ser un ejemplo a seguir y agradezo a Fe y Alegria Genova organizar este encuentro de gran valor y utilidad de orientaci\u00f3n al trabajo en Italia.\u201d<\/em> <strong>Alejandra Trujillo<\/strong>, alumna, colombiana y venezola.<\/p>\n<p>Esta formaci\u00f3n es clave para la intergaci\u00f3n correcta en el mercado del trabajo. Incluso alumnos que llevan viviendo m\u00e1s de 15 a\u00f1os en Italia desconocen sus derechos y obligaciones legale y fiscales.[\/vc_column_text][\/vc_column][vc_column width=\u00bb1\/3&#8243;][vc_single_image image=\u00bb6419&#8243; img_size=\u00bbmedium\u00bb add_caption=\u00bbyes\u00bb][\/vc_column][\/vc_row][vc_row][vc_column width=\u00bb1\/4&#8243;][vc_single_image image=\u00bb6420&#8243; img_size=\u00bbmedium\u00bb][\/vc_column][vc_column width=\u00bb3\/4&#8243;][vc_column_text]<\/p>\n<h2><strong>Encuentro de orientaci\u00f3n al trabajo en Italia: reuni\u00f3n con Carlo Frilli, director y propietario de Fratelli Frilli Editori\u00a0<\/strong><\/h2>\n<p>[\/vc_column_text][vc_column_text]Como segundo encuentro realizado en el mes de noviembre al interno del programa de <strong>Orientaci\u00f3n al mercado del trabajo<\/strong> los alumnos han tenido la oportunidad\u00a0 de encontrar al <strong>editor Carlo Frilli<\/strong> que gestiona la <a href=\"https:\/\/shop.frillieditori.com\/index.php\"><strong>Fratelli Frilli Editori<\/strong><\/a>, <strong>casa editora genovesa<\/strong>. <strong>Con \u00e9l han aprendido la importancia del an\u00e1lisis del mercado.<\/strong> <strong>En concreto, les ha hablado de como han impactado las tendencias culturales en la editor\u00eda favoreciendo el digital respecto lo impreso y las decisiones que han tomado como empresa al respecto dando siempre mayor espacio e importancia a las publicaciones online.<\/strong> Frilli ha sabido transmitir la tenacidad y determinaci\u00f3n as\u00ed como la gran competencia, que tanto \u00e9l como su hermano demuestran cada d\u00eda en su empresa.<\/p>\n<p><em>\u201cMe pareci\u00f3 interesante que nos contase cu\u00e1les son los tipos de g\u00e9nero literario m\u00e1s vendidos por su editorial, las diferentes t\u00e9cnicas de marketing y comerciales utilizadas. En emprendimiento estamos haciendo el FODA y \u00e9l nos habl\u00f3 \u00a0de las oportunidades y amenazas y como, a diferencia de lo esperado, el periodo de lockdown junto a una buena estretgia de e-commerce y producto en formato digital les llev\u00f3 a tener mejores resultados de cuanto esperado. Me gust\u00f3 que fuese una persona tan accesible, tratando de entender las preguntas. Nos ha animado a pensar a otras preguntas para un pr\u00f3ximo encuentro. Me inspira ver como el hijo sigue adelante con la editorial fundada por su padre, ver como ha progresado me incentiva a seguir con mis sue\u00f1os\u2026y quien sabe quiz\u00e1s para dejar una actividad a mis hijos.\u201d<\/em> \u00a0\u00a0<strong>Stefany Gonzalez<\/strong>[\/vc_column_text][\/vc_column][\/vc_row][vc_row][vc_column][vc_column_text]Los ponentes han exitosamente presentado su experiencia susicitando a los alumnos el inter\u00e9s y conocimiento inicial sobre las tem\u00e1ticas relativas al trabajo en Italia. Consiuiendo as\u00ed el obejtivo propuesto: orientar al mercado del trabajo.<\/p>\n<p>Como Instituci\u00f3n Escolar nos comprometemos a nivel Italia y G\u00e9nova a que nuestros estudiantes sean cada vez m\u00e1s activos y conscientes,\u00a0 que no sean s\u00f3lo portadores de nociones, (perdonadme la expresi\u00f3n) pero siempre m\u00e1s activos, conscientes y responsables. Nuestra misi\u00f3n no es s\u00f3lo formar nuevas generaciones de estudiantes sino tambi\u00e9n educar nuevas generaciones de ciudadanos, competentes, honestos, aut\u00f3nomos y activos.<\/p>\n<p><strong>Prof.ssa Valetina Lusetti<br \/>\nFe y Alegria Genova<\/strong>[\/vc_column_text][\/vc_column][\/vc_row][vc_row][vc_column][vc_column_text]<\/p>\n<h2><strong>Versi\u00f3n en italiano:\u00a0<\/strong><\/h2>\n<p>[\/vc_column_text][vc_column_text]<\/p>\n<h1><strong>Importanti momenti di condivisione civica e sociale hanno visto protagonisti i nostri ragazzi.<\/strong><\/h1>\n<p>Nelle scorse settimane presso la nostra aula virtuale di Orientamento al Lavoro, corso tenuto dalla docente Valentina Lusetti, abbiamo avuto il grande piacere di ospitare due persone significative:<\/p>\n<ul>\n<li>la Signora Patricia Rossi Rodriguez di origine peruviana vive in Italia da oltre 20\u2019anni, dove si dedica attivamente alle proprie attivit\u00e0 imprenditoriali, gestendo una cooperativa, e alla consulenza sindacale dal 2010 presso la CISL come responsabile P. Sanit\u00e0 Privata del terzo settore.<\/li>\n<li>l\u2019editore Carlo Frilli, che insieme al fratello Giacomo gestisce e porta avanti il progetto della Fratelli Frilli Editori, casa editrice Genovese creata e gestita dal padre sino alla sua prematura scomparsa ed ora passata effettivamente in gestione ai figli che con grande spirito imprenditoriale gestiscono un\u2019impresa in uno dei settori pi\u00f9 in crisi negli ultimi anni: l\u2019editoria.<\/li>\n<\/ul>\n<p>Entrambi i nostri ospiti hanno saputo portare un valore aggiunto a quanto studiato dai nostri studenti in questi primi mesi scolastici.<\/p>\n<h2><strong>Orientamento al Lavoro sui contratti di lavoro a livello legislativo e fiscale.<\/strong><\/h2>\n<p>La signora Rossi, che ringraziamo nuovamente per la grande disponibilit\u00e0, \u00e8 stata nostra ospite per due serate nelle quali ha esaminato a fondo le tematiche riguardanti i contratti di lavoro e le buste paga esaminandone ogni aspetto legislativo e fiscale. Ha inoltre risposto a tutte le domande correlate che via via che approfondiva gli argomenti scaturivano nei nostri alunni. Questi due incontri sono stati molto apprezzati e hanno lasciato nei nostri partecipanti la consapevolezza che legando strettamente i propri diritti ai propri doveri, non solo come studenti, come imprenditori, come lavoratori, ma soprattutto come cittadini consapevoli e ben informati, solo cos\u00ec si pu\u00f2 pensare ad un futuro luminoso di cooperazione e crescita personale e professionale.<\/p>\n<h2><strong>Orientamento al lavoro con l&#8217;incontro con l&#8217;editore Carlo Frilli\u00a0<\/strong><\/h2>\n<p>L\u2019editore Carlo Frilli ci ha invece parlato della propria realt\u00e0 aziendale partendo dall\u2019escursus storico che ha portato 20+1 anni fa il padre a fondare una propria casa editrice. Perch\u00e9 20+1 e non 21 anni fa? Perch\u00e9 purtroppo a causa della pandemia mondiale i festeggiamenti sono stati rimandati di un anno e sono avvenuti al salone del libro di Torino, attesissimo appuntamento per tutti gli appassionati lettori e per i grandi editori. Grazie a lui i nostri ragazzi hanno imparato concretamente quanto le analisi di mercato, le analisi statiche e socio economiche siano importanti e basilari quando si voglia intraprendere un\u2019attivit\u00e0 in proprio, questo in tutti i settori e ancor pi\u00f9 nell\u2019editoria in cui le tendenze culturali hanno portato a sempre una minore fruizione della carta stampata a favore del digitale, questo ha portato la loro casa ad effettuare lungimiranti scelte editoriali in tal senso, dando sempre pi\u00f9 ampio spazio ed importanza alle pubblicazioni on line oltre che cartacee. Frilli ci ha saputo trasmettere la tenacia, la grinta e la caparbiet\u00e0, oltre che la grande competenza, che sia lui che il fratello ogni giorno profondono nell\u2019azienda.<\/p>\n<p>I nostri studenti sono rimasti ammirati da entrambi i nostri ospiti che ognuno per quanto di loro competenza ha saputo catturare l\u2019attenzione e la curiosit\u00e0 dei nostri alunni suscitando in loro la voglia di approfondire tutte le tematiche proposte.<\/p>\n<p>Come Istituzione Scolastica ci impegneremo sempre, come da quasi 20 anni facciamo, perch\u00e9 i nostri studenti non siano solo, passateci il termine, recipienti da riempire con nozioni, ma che siano sempre pi\u00f9 attivi e consapevoli. Questo perch\u00e9 la nostra missione non \u00e8 solo quella di formare nuove generazioni di studenti, ma quella di educare nuove generazioni di cittadini, competenti, onesti, autonomi e partecipi.<\/p>\n<p><strong>Prof.ssa Valetina Lusetti<br \/>\nFe y Alegria Genova<\/strong>[\/vc_column_text][\/vc_column][\/vc_row]<\/p>\n<\/div>","protected":false},"excerpt":{"rendered":"<div style=\"height: 146px\">\n<p align=\"justify\">En noviembre Fe y Alegr\u00eda Genova ha organizado varios encuentros con el fin de ofrecer orientaci\u00f3n a los estudiantes sobre el mundo laboral en Italia.<\/div>\n","protected":false},"author":9,"featured_media":6420,"comment_status":"closed","ping_status":"closed","sticky":false,"template":"","format":"standard","meta":{"_acf_changed":false,"footnotes":""},"categories":[1],"tags":[],"post_folder":[],"class_list":["post-6418","post","type-post","status-publish","format-standard","has-post-thumbnail","hentry","category-sin-categoria"],"acf":[],"yoast_head":"<!-- This site is optimized with the Yoast SEO plugin v27.5 - https:\/\/yoast.com\/product\/yoast-seo-wordpress\/ -->\n<title>Orientar, formar e inspirar en Fe y Alegria Genova - #SomosFeyAlegria en Italia<\/title>\n<meta name=\"description\" content=\"Encuentros del mes de noviembre al interno del Proyecto de Orientaci\u00f3n al trabajo destinados a j\u00f3venes y adultos latinoamericanos en Liguria.\" \/>\n<meta name=\"robots\" content=\"index, follow, max-snippet:-1, max-image-preview:large, max-video-preview:-1\" \/>\n<link rel=\"canonical\" href=\"https:\/\/www.feyalegria.org\/italia\/orientacion-trabajo-fe-y-alegria-genova\/\" \/>\n<meta property=\"og:locale\" content=\"es_ES\" \/>\n<meta property=\"og:type\" content=\"article\" \/>\n<meta property=\"og:title\" content=\"Orientar, formar e inspirar en Fe y Alegria Genova - #SomosFeyAlegria en Italia\" \/>\n<meta property=\"og:description\" content=\"Encuentros del mes de noviembre al interno del Proyecto de Orientaci\u00f3n al trabajo destinados a j\u00f3venes y adultos latinoamericanos en Liguria.\" \/>\n<meta property=\"og:url\" content=\"https:\/\/www.feyalegria.org\/italia\/orientacion-trabajo-fe-y-alegria-genova\/\" \/>\n<meta property=\"og:site_name\" content=\"#SomosFeyAlegria en Italia\" \/>\n<meta property=\"article:published_time\" content=\"2021-12-08T13:00:47+00:00\" \/>\n<meta property=\"article:modified_time\" content=\"2021-12-27T17:37:49+00:00\" \/>\n<meta property=\"og:image\" content=\"https:\/\/d3pugrm67vf9n7.cloudfront.net\/wp-content\/uploads\/sites\/6\/2021\/12\/04193922\/Formaci%C3%B3n-con-Frilli-FyA-G.png\" \/>\n\t<meta property=\"og:image:width\" content=\"1280\" \/>\n\t<meta property=\"og:image:height\" content=\"1024\" \/>\n\t<meta property=\"og:image:type\" content=\"image\/png\" \/>\n<meta name=\"author\" content=\"editorit\" \/>\n<meta name=\"twitter:card\" content=\"summary_large_image\" \/>\n<meta name=\"twitter:label1\" content=\"Escrito por\" \/>\n\t<meta name=\"twitter:data1\" content=\"editorit\" \/>\n\t<meta name=\"twitter:label2\" content=\"Tiempo de lectura\" \/>\n\t<meta name=\"twitter:data2\" content=\"8 minutos\" \/>\n<script type=\"application\/ld+json\" class=\"yoast-schema-graph\">{\"@context\":\"https:\\\/\\\/schema.org\",\"@graph\":[{\"@type\":\"Article\",\"@id\":\"https:\\\/\\\/www.feyalegria.org\\\/italia\\\/orientacion-trabajo-fe-y-alegria-genova\\\/#article\",\"isPartOf\":{\"@id\":\"https:\\\/\\\/www.feyalegria.org\\\/italia\\\/orientacion-trabajo-fe-y-alegria-genova\\\/\"},\"author\":{\"name\":\"editorit\",\"@id\":\"https:\\\/\\\/www.feyalegria.org\\\/italia\\\/#\\\/schema\\\/person\\\/41c999d0ecac125419b37a6941f22606\"},\"headline\":\"Orientar, formar e inspirar en Fe y Alegria Genova\",\"datePublished\":\"2021-12-08T13:00:47+00:00\",\"dateModified\":\"2021-12-27T17:37:49+00:00\",\"mainEntityOfPage\":{\"@id\":\"https:\\\/\\\/www.feyalegria.org\\\/italia\\\/orientacion-trabajo-fe-y-alegria-genova\\\/\"},\"wordCount\":1550,\"image\":{\"@id\":\"https:\\\/\\\/www.feyalegria.org\\\/italia\\\/orientacion-trabajo-fe-y-alegria-genova\\\/#primaryimage\"},\"thumbnailUrl\":\"https:\\\/\\\/d3pugrm67vf9n7.cloudfront.net\\\/wp-content\\\/uploads\\\/sites\\\/6\\\/2021\\\/12\\\/04193922\\\/Formaci%C3%B3n-con-Frilli-FyA-G.png\",\"inLanguage\":\"es\"},{\"@type\":\"WebPage\",\"@id\":\"https:\\\/\\\/www.feyalegria.org\\\/italia\\\/orientacion-trabajo-fe-y-alegria-genova\\\/\",\"url\":\"https:\\\/\\\/www.feyalegria.org\\\/italia\\\/orientacion-trabajo-fe-y-alegria-genova\\\/\",\"name\":\"Orientar, formar e inspirar en Fe y Alegria Genova - #SomosFeyAlegria en Italia\",\"isPartOf\":{\"@id\":\"https:\\\/\\\/www.feyalegria.org\\\/italia\\\/#website\"},\"primaryImageOfPage\":{\"@id\":\"https:\\\/\\\/www.feyalegria.org\\\/italia\\\/orientacion-trabajo-fe-y-alegria-genova\\\/#primaryimage\"},\"image\":{\"@id\":\"https:\\\/\\\/www.feyalegria.org\\\/italia\\\/orientacion-trabajo-fe-y-alegria-genova\\\/#primaryimage\"},\"thumbnailUrl\":\"https:\\\/\\\/d3pugrm67vf9n7.cloudfront.net\\\/wp-content\\\/uploads\\\/sites\\\/6\\\/2021\\\/12\\\/04193922\\\/Formaci%C3%B3n-con-Frilli-FyA-G.png\",\"datePublished\":\"2021-12-08T13:00:47+00:00\",\"dateModified\":\"2021-12-27T17:37:49+00:00\",\"author\":{\"@id\":\"https:\\\/\\\/www.feyalegria.org\\\/italia\\\/#\\\/schema\\\/person\\\/41c999d0ecac125419b37a6941f22606\"},\"description\":\"Encuentros del mes de noviembre al interno del Proyecto de Orientaci\u00f3n al trabajo destinados a j\u00f3venes y adultos latinoamericanos en Liguria.\",\"inLanguage\":\"es\",\"potentialAction\":[{\"@type\":\"ReadAction\",\"target\":[\"https:\\\/\\\/www.feyalegria.org\\\/italia\\\/orientacion-trabajo-fe-y-alegria-genova\\\/\"]}]},{\"@type\":\"ImageObject\",\"inLanguage\":\"es\",\"@id\":\"https:\\\/\\\/www.feyalegria.org\\\/italia\\\/orientacion-trabajo-fe-y-alegria-genova\\\/#primaryimage\",\"url\":\"https:\\\/\\\/d3pugrm67vf9n7.cloudfront.net\\\/wp-content\\\/uploads\\\/sites\\\/6\\\/2021\\\/12\\\/04193922\\\/Formaci%C3%B3n-con-Frilli-FyA-G.png\",\"contentUrl\":\"https:\\\/\\\/d3pugrm67vf9n7.cloudfront.net\\\/wp-content\\\/uploads\\\/sites\\\/6\\\/2021\\\/12\\\/04193922\\\/Formaci%C3%B3n-con-Frilli-FyA-G.png\",\"width\":1280,\"height\":1024},{\"@type\":\"WebSite\",\"@id\":\"https:\\\/\\\/www.feyalegria.org\\\/italia\\\/#website\",\"url\":\"https:\\\/\\\/www.feyalegria.org\\\/italia\\\/\",\"name\":\"#SomosFeyAlegria en Italia\",\"description\":\"Movimiento de Educaci\u00f3n Popular y Promoci\u00f3n Social\",\"potentialAction\":[{\"@type\":\"SearchAction\",\"target\":{\"@type\":\"EntryPoint\",\"urlTemplate\":\"https:\\\/\\\/www.feyalegria.org\\\/italia\\\/?s={search_term_string}\"},\"query-input\":{\"@type\":\"PropertyValueSpecification\",\"valueRequired\":true,\"valueName\":\"search_term_string\"}}],\"inLanguage\":\"es\"},{\"@type\":\"Person\",\"@id\":\"https:\\\/\\\/www.feyalegria.org\\\/italia\\\/#\\\/schema\\\/person\\\/41c999d0ecac125419b37a6941f22606\",\"name\":\"editorit\",\"sameAs\":[\"https:\\\/\\\/www.feyalegria.it\"],\"url\":\"https:\\\/\\\/www.feyalegria.org\\\/italia\\\/author\\\/editorit\\\/\"}]}<\/script>\n<!-- \/ Yoast SEO plugin. -->","yoast_head_json":{"title":"Orientar, formar e inspirar en Fe y Alegria Genova - #SomosFeyAlegria en Italia","description":"Encuentros del mes de noviembre al interno del Proyecto de Orientaci\u00f3n al trabajo destinados a j\u00f3venes y adultos latinoamericanos en Liguria.","robots":{"index":"index","follow":"follow","max-snippet":"max-snippet:-1","max-image-preview":"max-image-preview:large","max-video-preview":"max-video-preview:-1"},"canonical":"https:\/\/www.feyalegria.org\/italia\/orientacion-trabajo-fe-y-alegria-genova\/","og_locale":"es_ES","og_type":"article","og_title":"Orientar, formar e inspirar en Fe y Alegria Genova - #SomosFeyAlegria en Italia","og_description":"Encuentros del mes de noviembre al interno del Proyecto de Orientaci\u00f3n al trabajo destinados a j\u00f3venes y adultos latinoamericanos en Liguria.","og_url":"https:\/\/www.feyalegria.org\/italia\/orientacion-trabajo-fe-y-alegria-genova\/","og_site_name":"#SomosFeyAlegria en Italia","article_published_time":"2021-12-08T13:00:47+00:00","article_modified_time":"2021-12-27T17:37:49+00:00","og_image":[{"width":1280,"height":1024,"url":"https:\/\/d3pugrm67vf9n7.cloudfront.net\/wp-content\/uploads\/sites\/6\/2021\/12\/04193922\/Formaci%C3%B3n-con-Frilli-FyA-G.png","type":"image\/png"}],"author":"editorit","twitter_card":"summary_large_image","twitter_misc":{"Escrito por":"editorit","Tiempo de lectura":"8 minutos"},"schema":{"@context":"https:\/\/schema.org","@graph":[{"@type":"Article","@id":"https:\/\/www.feyalegria.org\/italia\/orientacion-trabajo-fe-y-alegria-genova\/#article","isPartOf":{"@id":"https:\/\/www.feyalegria.org\/italia\/orientacion-trabajo-fe-y-alegria-genova\/"},"author":{"name":"editorit","@id":"https:\/\/www.feyalegria.org\/italia\/#\/schema\/person\/41c999d0ecac125419b37a6941f22606"},"headline":"Orientar, formar e inspirar en Fe y Alegria Genova","datePublished":"2021-12-08T13:00:47+00:00","dateModified":"2021-12-27T17:37:49+00:00","mainEntityOfPage":{"@id":"https:\/\/www.feyalegria.org\/italia\/orientacion-trabajo-fe-y-alegria-genova\/"},"wordCount":1550,"image":{"@id":"https:\/\/www.feyalegria.org\/italia\/orientacion-trabajo-fe-y-alegria-genova\/#primaryimage"},"thumbnailUrl":"https:\/\/d3pugrm67vf9n7.cloudfront.net\/wp-content\/uploads\/sites\/6\/2021\/12\/04193922\/Formaci%C3%B3n-con-Frilli-FyA-G.png","inLanguage":"es"},{"@type":"WebPage","@id":"https:\/\/www.feyalegria.org\/italia\/orientacion-trabajo-fe-y-alegria-genova\/","url":"https:\/\/www.feyalegria.org\/italia\/orientacion-trabajo-fe-y-alegria-genova\/","name":"Orientar, formar e inspirar en Fe y Alegria Genova - #SomosFeyAlegria en Italia","isPartOf":{"@id":"https:\/\/www.feyalegria.org\/italia\/#website"},"primaryImageOfPage":{"@id":"https:\/\/www.feyalegria.org\/italia\/orientacion-trabajo-fe-y-alegria-genova\/#primaryimage"},"image":{"@id":"https:\/\/www.feyalegria.org\/italia\/orientacion-trabajo-fe-y-alegria-genova\/#primaryimage"},"thumbnailUrl":"https:\/\/d3pugrm67vf9n7.cloudfront.net\/wp-content\/uploads\/sites\/6\/2021\/12\/04193922\/Formaci%C3%B3n-con-Frilli-FyA-G.png","datePublished":"2021-12-08T13:00:47+00:00","dateModified":"2021-12-27T17:37:49+00:00","author":{"@id":"https:\/\/www.feyalegria.org\/italia\/#\/schema\/person\/41c999d0ecac125419b37a6941f22606"},"description":"Encuentros del mes de noviembre al interno del Proyecto de Orientaci\u00f3n al trabajo destinados a j\u00f3venes y adultos latinoamericanos en Liguria.","inLanguage":"es","potentialAction":[{"@type":"ReadAction","target":["https:\/\/www.feyalegria.org\/italia\/orientacion-trabajo-fe-y-alegria-genova\/"]}]},{"@type":"ImageObject","inLanguage":"es","@id":"https:\/\/www.feyalegria.org\/italia\/orientacion-trabajo-fe-y-alegria-genova\/#primaryimage","url":"https:\/\/d3pugrm67vf9n7.cloudfront.net\/wp-content\/uploads\/sites\/6\/2021\/12\/04193922\/Formaci%C3%B3n-con-Frilli-FyA-G.png","contentUrl":"https:\/\/d3pugrm67vf9n7.cloudfront.net\/wp-content\/uploads\/sites\/6\/2021\/12\/04193922\/Formaci%C3%B3n-con-Frilli-FyA-G.png","width":1280,"height":1024},{"@type":"WebSite","@id":"https:\/\/www.feyalegria.org\/italia\/#website","url":"https:\/\/www.feyalegria.org\/italia\/","name":"#SomosFeyAlegria en Italia","description":"Movimiento de Educaci\u00f3n Popular y Promoci\u00f3n Social","potentialAction":[{"@type":"SearchAction","target":{"@type":"EntryPoint","urlTemplate":"https:\/\/www.feyalegria.org\/italia\/?s={search_term_string}"},"query-input":{"@type":"PropertyValueSpecification","valueRequired":true,"valueName":"search_term_string"}}],"inLanguage":"es"},{"@type":"Person","@id":"https:\/\/www.feyalegria.org\/italia\/#\/schema\/person\/41c999d0ecac125419b37a6941f22606","name":"editorit","sameAs":["https:\/\/www.feyalegria.it"],"url":"https:\/\/www.feyalegria.org\/italia\/author\/editorit\/"}]}},"_links":{"self":[{"href":"https:\/\/www.feyalegria.org\/italia\/wp-json\/wp\/v2\/posts\/6418","targetHints":{"allow":["GET"]}}],"collection":[{"href":"https:\/\/www.feyalegria.org\/italia\/wp-json\/wp\/v2\/posts"}],"about":[{"href":"https:\/\/www.feyalegria.org\/italia\/wp-json\/wp\/v2\/types\/post"}],"author":[{"embeddable":true,"href":"https:\/\/www.feyalegria.org\/italia\/wp-json\/wp\/v2\/users\/9"}],"replies":[{"embeddable":true,"href":"https:\/\/www.feyalegria.org\/italia\/wp-json\/wp\/v2\/comments?post=6418"}],"version-history":[{"count":0,"href":"https:\/\/www.feyalegria.org\/italia\/wp-json\/wp\/v2\/posts\/6418\/revisions"}],"wp:featuredmedia":[{"embeddable":true,"href":"https:\/\/www.feyalegria.org\/italia\/wp-json\/wp\/v2\/media\/6420"}],"wp:attachment":[{"href":"https:\/\/www.feyalegria.org\/italia\/wp-json\/wp\/v2\/media?parent=6418"}],"wp:term":[{"taxonomy":"category","embeddable":true,"href":"https:\/\/www.feyalegria.org\/italia\/wp-json\/wp\/v2\/categories?post=6418"},{"taxonomy":"post_tag","embeddable":true,"href":"https:\/\/www.feyalegria.org\/italia\/wp-json\/wp\/v2\/tags?post=6418"},{"taxonomy":"post_folder","embeddable":true,"href":"https:\/\/www.feyalegria.org\/italia\/wp-json\/wp\/v2\/post_folder?post=6418"}],"curies":[{"name":"wp","href":"https:\/\/api.w.org\/{rel}","templated":true}]}}