 {"id":6483,"date":"2022-02-10T12:05:06","date_gmt":"2022-02-10T17:05:06","guid":{"rendered":"https:\/\/www.feyalegria.org\/italia\/?p=6483"},"modified":"2022-02-10T12:05:06","modified_gmt":"2022-02-10T17:05:06","slug":"como-realizar-la-vacuna-anti-covid-en-lombardia","status":"publish","type":"post","link":"https:\/\/www.feyalegria.org\/italia\/como-realizar-la-vacuna-anti-covid-en-lombardia\/","title":{"rendered":"\u00bfC\u00f3mo realizar la vacuna anti-covid en Lombardia?"},"content":{"rendered":"<div class=\"wpb-content-wrapper\"><p>[vc_row][vc_column][vc_column_text]<\/p>\n<h3>Para ciudadanos que tienen s\u00f3lo el pasaporte o comunitarios s\u00f3lo con el DNI<\/h3>\n<h3 id=\"passaporto\">Llamar el n\u00famero verde gratuito 800894545<\/h3>\n<ol>\n<li>Seguir las instrucciones de la voz gu\u00eda, cuando sea solicitado marcar\u00a03- codigo CAP donde se viva-1-2<\/li>\n<li>Cuando el operador responda hay que decirle los datos anagr\u00e1ficos<\/li>\n<li>Se recibe un c\u00f3digo num\u00e9rico de 16 cifras. IMPORTANTE: guardar este c\u00f3digo<\/li>\n<li>Despu\u00e9s de 24\/48 horas es posible reservar aqu\u00ed: https:\/\/prenotazionevaccinicovid.regione.lombardia.it\/<\/li>\n<\/ol>\n<h3 id=\"stp\">Para cuidadanos extranjeros con c\u00f3digo STP, c\u00f3digo un\u00edvoco de 11 cifras o c\u00f3digo fical italiano<\/h3>\n<h4>Tienen que solicitar una pre-adesi\u00f3n en el sitio de la Regi\u00f3n Lombard\u00eda:\u00a0 https:\/\/prenotazionevaccinicovid.regione.lombardia.it\/<\/h4>\n<p>[\/vc_column_text][\/vc_column][\/vc_row]<\/p>\n<\/div>","protected":false},"excerpt":{"rendered":"<div style=\"height: 146px\">\n<p align=\"justify\">Informaci\u00f3n pr\u00e1ctica para realizar la vacuna anti-covid en la Regi\u00f3n Lombard\u00eda.<\/div>\n","protected":false},"author":9,"featured_media":6484,"comment_status":"closed","ping_status":"closed","sticky":false,"template":"","format":"standard","meta":{"_acf_changed":false,"footnotes":""},"categories":[1],"tags":[],"post_folder":[],"class_list":["post-6483","post","type-post","status-publish","format-standard","has-post-thumbnail","hentry","category-sin-categoria"],"acf":[],"yoast_head":"<!-- This site is optimized with the Yoast SEO plugin v27.5 - https:\/\/yoast.com\/product\/yoast-seo-wordpress\/ -->\n<title>\u00bfC\u00f3mo realizar la vacuna anti-covid en Lombardia? - #SomosFeyAlegria en Italia<\/title>\n<meta name=\"description\" content=\"Encuentros del mes de noviembre al interno del Proyecto de Orientaci\u00f3n al trabajo destinados a j\u00f3venes y adultos latinoamericanos en Liguria.\" \/>\n<meta name=\"robots\" content=\"index, follow, max-snippet:-1, max-image-preview:large, max-video-preview:-1\" \/>\n<link rel=\"canonical\" href=\"https:\/\/www.feyalegria.org\/italia\/como-realizar-la-vacuna-anti-covid-en-lombardia\/\" \/>\n<meta property=\"og:locale\" content=\"es_ES\" \/>\n<meta property=\"og:type\" content=\"article\" \/>\n<meta property=\"og:title\" content=\"\u00bfC\u00f3mo realizar la vacuna anti-covid en Lombardia? - #SomosFeyAlegria en Italia\" \/>\n<meta property=\"og:description\" content=\"Encuentros del mes de noviembre al interno del Proyecto de Orientaci\u00f3n al trabajo destinados a j\u00f3venes y adultos latinoamericanos en Liguria.\" \/>\n<meta property=\"og:url\" content=\"https:\/\/www.feyalegria.org\/italia\/como-realizar-la-vacuna-anti-covid-en-lombardia\/\" \/>\n<meta property=\"og:site_name\" content=\"#SomosFeyAlegria en Italia\" \/>\n<meta property=\"article:published_time\" content=\"2022-02-10T17:05:06+00:00\" \/>\n<meta property=\"og:image\" content=\"https:\/\/d3pugrm67vf9n7.cloudfront.net\/wp-content\/uploads\/sites\/6\/2022\/02\/10120401\/covid.png\" \/>\n\t<meta property=\"og:image:width\" content=\"603\" \/>\n\t<meta property=\"og:image:height\" content=\"544\" \/>\n\t<meta property=\"og:image:type\" content=\"image\/png\" \/>\n<meta name=\"author\" content=\"editorit\" \/>\n<meta name=\"twitter:card\" content=\"summary_large_image\" \/>\n<meta name=\"twitter:label1\" content=\"Escrito por\" \/>\n\t<meta name=\"twitter:data1\" content=\"editorit\" \/>\n\t<meta name=\"twitter:label2\" content=\"Tiempo de lectura\" \/>\n\t<meta name=\"twitter:data2\" content=\"1 minuto\" \/>\n<script type=\"application\/ld+json\" class=\"yoast-schema-graph\">{\"@context\":\"https:\\\/\\\/schema.org\",\"@graph\":[{\"@type\":\"Article\",\"@id\":\"https:\\\/\\\/www.feyalegria.org\\\/italia\\\/como-realizar-la-vacuna-anti-covid-en-lombardia\\\/#article\",\"isPartOf\":{\"@id\":\"https:\\\/\\\/www.feyalegria.org\\\/italia\\\/como-realizar-la-vacuna-anti-covid-en-lombardia\\\/\"},\"author\":{\"name\":\"editorit\",\"@id\":\"https:\\\/\\\/www.feyalegria.org\\\/italia\\\/#\\\/schema\\\/person\\\/41c999d0ecac125419b37a6941f22606\"},\"headline\":\"\u00bfC\u00f3mo realizar la vacuna anti-covid en Lombardia?\",\"datePublished\":\"2022-02-10T17:05:06+00:00\",\"mainEntityOfPage\":{\"@id\":\"https:\\\/\\\/www.feyalegria.org\\\/italia\\\/como-realizar-la-vacuna-anti-covid-en-lombardia\\\/\"},\"wordCount\":138,\"image\":{\"@id\":\"https:\\\/\\\/www.feyalegria.org\\\/italia\\\/como-realizar-la-vacuna-anti-covid-en-lombardia\\\/#primaryimage\"},\"thumbnailUrl\":\"https:\\\/\\\/d3pugrm67vf9n7.cloudfront.net\\\/wp-content\\\/uploads\\\/sites\\\/6\\\/2022\\\/02\\\/10120401\\\/covid.png\",\"inLanguage\":\"es\"},{\"@type\":\"WebPage\",\"@id\":\"https:\\\/\\\/www.feyalegria.org\\\/italia\\\/como-realizar-la-vacuna-anti-covid-en-lombardia\\\/\",\"url\":\"https:\\\/\\\/www.feyalegria.org\\\/italia\\\/como-realizar-la-vacuna-anti-covid-en-lombardia\\\/\",\"name\":\"\u00bfC\u00f3mo realizar la vacuna anti-covid en Lombardia? - #SomosFeyAlegria en Italia\",\"isPartOf\":{\"@id\":\"https:\\\/\\\/www.feyalegria.org\\\/italia\\\/#website\"},\"primaryImageOfPage\":{\"@id\":\"https:\\\/\\\/www.feyalegria.org\\\/italia\\\/como-realizar-la-vacuna-anti-covid-en-lombardia\\\/#primaryimage\"},\"image\":{\"@id\":\"https:\\\/\\\/www.feyalegria.org\\\/italia\\\/como-realizar-la-vacuna-anti-covid-en-lombardia\\\/#primaryimage\"},\"thumbnailUrl\":\"https:\\\/\\\/d3pugrm67vf9n7.cloudfront.net\\\/wp-content\\\/uploads\\\/sites\\\/6\\\/2022\\\/02\\\/10120401\\\/covid.png\",\"datePublished\":\"2022-02-10T17:05:06+00:00\",\"author\":{\"@id\":\"https:\\\/\\\/www.feyalegria.org\\\/italia\\\/#\\\/schema\\\/person\\\/41c999d0ecac125419b37a6941f22606\"},\"description\":\"Encuentros del mes de noviembre al interno del Proyecto de Orientaci\u00f3n al trabajo destinados a j\u00f3venes y adultos latinoamericanos en Liguria.\",\"inLanguage\":\"es\",\"potentialAction\":[{\"@type\":\"ReadAction\",\"target\":[\"https:\\\/\\\/www.feyalegria.org\\\/italia\\\/como-realizar-la-vacuna-anti-covid-en-lombardia\\\/\"]}]},{\"@type\":\"ImageObject\",\"inLanguage\":\"es\",\"@id\":\"https:\\\/\\\/www.feyalegria.org\\\/italia\\\/como-realizar-la-vacuna-anti-covid-en-lombardia\\\/#primaryimage\",\"url\":\"https:\\\/\\\/d3pugrm67vf9n7.cloudfront.net\\\/wp-content\\\/uploads\\\/sites\\\/6\\\/2022\\\/02\\\/10120401\\\/covid.png\",\"contentUrl\":\"https:\\\/\\\/d3pugrm67vf9n7.cloudfront.net\\\/wp-content\\\/uploads\\\/sites\\\/6\\\/2022\\\/02\\\/10120401\\\/covid.png\",\"width\":603,\"height\":544},{\"@type\":\"WebSite\",\"@id\":\"https:\\\/\\\/www.feyalegria.org\\\/italia\\\/#website\",\"url\":\"https:\\\/\\\/www.feyalegria.org\\\/italia\\\/\",\"name\":\"#SomosFeyAlegria en Italia\",\"description\":\"Movimiento de Educaci\u00f3n Popular y Promoci\u00f3n Social\",\"potentialAction\":[{\"@type\":\"SearchAction\",\"target\":{\"@type\":\"EntryPoint\",\"urlTemplate\":\"https:\\\/\\\/www.feyalegria.org\\\/italia\\\/?s={search_term_string}\"},\"query-input\":{\"@type\":\"PropertyValueSpecification\",\"valueRequired\":true,\"valueName\":\"search_term_string\"}}],\"inLanguage\":\"es\"},{\"@type\":\"Person\",\"@id\":\"https:\\\/\\\/www.feyalegria.org\\\/italia\\\/#\\\/schema\\\/person\\\/41c999d0ecac125419b37a6941f22606\",\"name\":\"editorit\",\"sameAs\":[\"https:\\\/\\\/www.feyalegria.it\"],\"url\":\"https:\\\/\\\/www.feyalegria.org\\\/italia\\\/author\\\/editorit\\\/\"}]}<\/script>\n<!-- \/ Yoast SEO plugin. -->","yoast_head_json":{"title":"\u00bfC\u00f3mo realizar la vacuna anti-covid en Lombardia? - #SomosFeyAlegria en Italia","description":"Encuentros del mes de noviembre al interno del Proyecto de Orientaci\u00f3n al trabajo destinados a j\u00f3venes y adultos latinoamericanos en Liguria.","robots":{"index":"index","follow":"follow","max-snippet":"max-snippet:-1","max-image-preview":"max-image-preview:large","max-video-preview":"max-video-preview:-1"},"canonical":"https:\/\/www.feyalegria.org\/italia\/como-realizar-la-vacuna-anti-covid-en-lombardia\/","og_locale":"es_ES","og_type":"article","og_title":"\u00bfC\u00f3mo realizar la vacuna anti-covid en Lombardia? - #SomosFeyAlegria en Italia","og_description":"Encuentros del mes de noviembre al interno del Proyecto de Orientaci\u00f3n al trabajo destinados a j\u00f3venes y adultos latinoamericanos en Liguria.","og_url":"https:\/\/www.feyalegria.org\/italia\/como-realizar-la-vacuna-anti-covid-en-lombardia\/","og_site_name":"#SomosFeyAlegria en Italia","article_published_time":"2022-02-10T17:05:06+00:00","og_image":[{"width":603,"height":544,"url":"https:\/\/d3pugrm67vf9n7.cloudfront.net\/wp-content\/uploads\/sites\/6\/2022\/02\/10120401\/covid.png","type":"image\/png"}],"author":"editorit","twitter_card":"summary_large_image","twitter_misc":{"Escrito por":"editorit","Tiempo de lectura":"1 minuto"},"schema":{"@context":"https:\/\/schema.org","@graph":[{"@type":"Article","@id":"https:\/\/www.feyalegria.org\/italia\/como-realizar-la-vacuna-anti-covid-en-lombardia\/#article","isPartOf":{"@id":"https:\/\/www.feyalegria.org\/italia\/como-realizar-la-vacuna-anti-covid-en-lombardia\/"},"author":{"name":"editorit","@id":"https:\/\/www.feyalegria.org\/italia\/#\/schema\/person\/41c999d0ecac125419b37a6941f22606"},"headline":"\u00bfC\u00f3mo realizar la vacuna anti-covid en Lombardia?","datePublished":"2022-02-10T17:05:06+00:00","mainEntityOfPage":{"@id":"https:\/\/www.feyalegria.org\/italia\/como-realizar-la-vacuna-anti-covid-en-lombardia\/"},"wordCount":138,"image":{"@id":"https:\/\/www.feyalegria.org\/italia\/como-realizar-la-vacuna-anti-covid-en-lombardia\/#primaryimage"},"thumbnailUrl":"https:\/\/d3pugrm67vf9n7.cloudfront.net\/wp-content\/uploads\/sites\/6\/2022\/02\/10120401\/covid.png","inLanguage":"es"},{"@type":"WebPage","@id":"https:\/\/www.feyalegria.org\/italia\/como-realizar-la-vacuna-anti-covid-en-lombardia\/","url":"https:\/\/www.feyalegria.org\/italia\/como-realizar-la-vacuna-anti-covid-en-lombardia\/","name":"\u00bfC\u00f3mo realizar la vacuna anti-covid en Lombardia? - #SomosFeyAlegria en Italia","isPartOf":{"@id":"https:\/\/www.feyalegria.org\/italia\/#website"},"primaryImageOfPage":{"@id":"https:\/\/www.feyalegria.org\/italia\/como-realizar-la-vacuna-anti-covid-en-lombardia\/#primaryimage"},"image":{"@id":"https:\/\/www.feyalegria.org\/italia\/como-realizar-la-vacuna-anti-covid-en-lombardia\/#primaryimage"},"thumbnailUrl":"https:\/\/d3pugrm67vf9n7.cloudfront.net\/wp-content\/uploads\/sites\/6\/2022\/02\/10120401\/covid.png","datePublished":"2022-02-10T17:05:06+00:00","author":{"@id":"https:\/\/www.feyalegria.org\/italia\/#\/schema\/person\/41c999d0ecac125419b37a6941f22606"},"description":"Encuentros del mes de noviembre al interno del Proyecto de Orientaci\u00f3n al trabajo destinados a j\u00f3venes y adultos latinoamericanos en Liguria.","inLanguage":"es","potentialAction":[{"@type":"ReadAction","target":["https:\/\/www.feyalegria.org\/italia\/como-realizar-la-vacuna-anti-covid-en-lombardia\/"]}]},{"@type":"ImageObject","inLanguage":"es","@id":"https:\/\/www.feyalegria.org\/italia\/como-realizar-la-vacuna-anti-covid-en-lombardia\/#primaryimage","url":"https:\/\/d3pugrm67vf9n7.cloudfront.net\/wp-content\/uploads\/sites\/6\/2022\/02\/10120401\/covid.png","contentUrl":"https:\/\/d3pugrm67vf9n7.cloudfront.net\/wp-content\/uploads\/sites\/6\/2022\/02\/10120401\/covid.png","width":603,"height":544},{"@type":"WebSite","@id":"https:\/\/www.feyalegria.org\/italia\/#website","url":"https:\/\/www.feyalegria.org\/italia\/","name":"#SomosFeyAlegria en Italia","description":"Movimiento de Educaci\u00f3n Popular y Promoci\u00f3n Social","potentialAction":[{"@type":"SearchAction","target":{"@type":"EntryPoint","urlTemplate":"https:\/\/www.feyalegria.org\/italia\/?s={search_term_string}"},"query-input":{"@type":"PropertyValueSpecification","valueRequired":true,"valueName":"search_term_string"}}],"inLanguage":"es"},{"@type":"Person","@id":"https:\/\/www.feyalegria.org\/italia\/#\/schema\/person\/41c999d0ecac125419b37a6941f22606","name":"editorit","sameAs":["https:\/\/www.feyalegria.it"],"url":"https:\/\/www.feyalegria.org\/italia\/author\/editorit\/"}]}},"_links":{"self":[{"href":"https:\/\/www.feyalegria.org\/italia\/wp-json\/wp\/v2\/posts\/6483","targetHints":{"allow":["GET"]}}],"collection":[{"href":"https:\/\/www.feyalegria.org\/italia\/wp-json\/wp\/v2\/posts"}],"about":[{"href":"https:\/\/www.feyalegria.org\/italia\/wp-json\/wp\/v2\/types\/post"}],"author":[{"embeddable":true,"href":"https:\/\/www.feyalegria.org\/italia\/wp-json\/wp\/v2\/users\/9"}],"replies":[{"embeddable":true,"href":"https:\/\/www.feyalegria.org\/italia\/wp-json\/wp\/v2\/comments?post=6483"}],"version-history":[{"count":0,"href":"https:\/\/www.feyalegria.org\/italia\/wp-json\/wp\/v2\/posts\/6483\/revisions"}],"wp:featuredmedia":[{"embeddable":true,"href":"https:\/\/www.feyalegria.org\/italia\/wp-json\/wp\/v2\/media\/6484"}],"wp:attachment":[{"href":"https:\/\/www.feyalegria.org\/italia\/wp-json\/wp\/v2\/media?parent=6483"}],"wp:term":[{"taxonomy":"category","embeddable":true,"href":"https:\/\/www.feyalegria.org\/italia\/wp-json\/wp\/v2\/categories?post=6483"},{"taxonomy":"post_tag","embeddable":true,"href":"https:\/\/www.feyalegria.org\/italia\/wp-json\/wp\/v2\/tags?post=6483"},{"taxonomy":"post_folder","embeddable":true,"href":"https:\/\/www.feyalegria.org\/italia\/wp-json\/wp\/v2\/post_folder?post=6483"}],"curies":[{"name":"wp","href":"https:\/\/api.w.org\/{rel}","templated":true}]}}