 {"id":6611,"date":"2022-06-12T20:00:57","date_gmt":"2022-06-13T01:00:57","guid":{"rendered":"https:\/\/www.feyalegria.org\/italia\/?p=6611"},"modified":"2022-07-31T18:47:30","modified_gmt":"2022-07-31T23:47:30","slug":"fiesta-20-anos-instituto-irfeyal-fe-y-alegria-genova-milan-roma","status":"publish","type":"post","link":"https:\/\/www.feyalegria.org\/italia\/fiesta-20-anos-instituto-irfeyal-fe-y-alegria-genova-milan-roma\/","title":{"rendered":"Fiesta por los 20 a\u00f1os del Instituto IRFEYAL-Fe y Alegr\u00eda en G\u00e9nova, Mil\u00e1n y Roma"},"content":{"rendered":"<div class=\"wpb-content-wrapper\"><p>[vc_row][vc_column][vc_column_text]<strong>Fe y Alegria Italia<\/strong> ha organizado el aniversario por los 20 a\u00f1os de actividad escolar y formativa de la <strong>Unidad Educativa \u201cJos\u00e9 Mar\u00eda V\u00e9laz\u201d del Instituto Fe y Alegr\u00eda Radiof\u00f3nica del Ecuador (IRFEYAL) para<\/strong> <strong>j\u00f3venes y adultos latinoamericanos en G\u00e9nova, Mil\u00e1n y Roma<\/strong>.<\/p>\n<p>Un proyecto educativo de las tres cooperativas sociales <strong>Fe y Alegria Genova<\/strong>, <strong>Fe y Alegria Milano<\/strong> y <strong>Fe y Alegria Roma<\/strong> que forman la red <strong>Fe y Alegria Italia<\/strong>.<\/p>\n<p>La celebraci\u00f3n se ha realizado en Mil\u00e1n el d\u00eda 12 de junio de 2022, en el <strong>Instiuto Leone XIII<\/strong>, sede de Fe y Alegria Milano.[\/vc_column_text][vc_single_image image=\u00bb6612&#8243; img_size=\u00bblarge\u00bb alignment=\u00bbcenter\u00bb][\/vc_column][\/vc_row][vc_row][vc_column][vc_column_text]<strong>Fe y Alegr\u00eda<\/strong> es la red educativa m\u00e1s grande del mundo, fundada en Venezuela en 1955 por el P. Jos\u00e9 Mar\u00eda V\u00e9laz SJ, actualmente presente en 22 pa\u00edses. La Red Fe y Alegr\u00eda Italia forma parte de la Fundaci\u00f3n <strong>Gesuiti Educazione<\/strong>.<\/p>\n<p>La misi\u00f3n de Fe y Alegr\u00eda es garantizar una educaci\u00f3n integral, inclusiva y de calidad para j\u00f3venes y adultos en situaci\u00f3n de vulnerabilidad, que les permita convertirse en actores de la construcci\u00f3n de sistemas sociales m\u00e1s justos para todos.<\/p>\n<p>Desde hace 20 a\u00f1os en colaboraci\u00f3n con el Instituto Radiof\u00f3nico Fe y Alegr\u00eda Ecuador (IRFEYAL Ecuador) ofrece un programa escolar para j\u00f3venes y adultos de toda Am\u00e9rica Latina y el Caribe con estudios inconcluidos de primaria y secundaria, que ha permitido a m\u00e1s de 1000 personas obtener un t\u00edtulo equivalente al diploma italiano, el \u201cBachiller T\u00e9cnico en Servicios Inform\u00e1tica\u201d.<\/p>\n<p>[\/vc_column_text][\/vc_column][\/vc_row][vc_row][vc_column width=\u00bb2\/3&#8243;][vc_column_text]En este importante evento participaron dos de las fundadoras, <em>Pilar Soria<\/em> y <em>Narcisa Soria<\/em>, junto a alumnos, ex alumnos, colaboradores y benefactores, el C\u00f3nsul General del Per\u00fa en Mil\u00e1n, <em>Embajador Don Augusto Salamanca<\/em>, Delegado para las Funciones Consulares del Consulado del Ecuador en Mil\u00e1n, <em>abogado Valentina L\u00f3pez<\/em> y el subsecretario de la Regi\u00f3n de Lombard\u00eda responsable de Relaciones con las delegaciones internacionales, <em>Dr. Alan Christian Rizzi<\/em>. Tambi\u00e9n estuvieron presentes asociaciones vinculadas a la comunidad latinoamericana en Italia.<\/p>\n<p>Con estas palabras P. <em>Florin Silaghi SJ<\/em>, director de Fe y Alegria Italia, salud\u00f3 a los amigos y colaboradores presentes: \u201cTenemos mucho que festejar: 20 a\u00f1os acompa\u00f1ando a cada persona en el proceso de crecimiento personal y profesional llegando a m\u00e1s de 1000 egresados. Hoy no s\u00f3lo miramos al pasado para agradecer el camino recorrido pero tambi\u00e9n con entusiasmo a un futuro junto a vosotros. Ver hoy aqu\u00ed Autoridades, asociaciones, familias, medios de comunicaci\u00f3n, antiguos alumnos, alumnos, personal docente y no docente , es decir amigos reunidos entorno a un proyecto tan singular de formaci\u00f3n y educaci\u00f3n inclusiva nos da la esperanza para pensar que, si colaboramos, podemos construir un futuro mejor para todos y en especial para aquellos que a\u00fan buscan un futuro m\u00e1s digno y mundo m\u00e1s justo. \u00ab[\/vc_column_text][\/vc_column][vc_column width=\u00bb1\/3&#8243;][vc_gallery interval=\u00bb3&#8243; images=\u00bb6621\u00bb][\/vc_column][\/vc_row][vc_row][vc_column][vc_column_text]<\/p>\n<h2>Testimonios<\/h2>\n<p>[\/vc_column_text][\/vc_column][\/vc_row][vc_row][vc_column]<div class=\"mpc-carousel__wrapper mpc-waypoint\"><div id=\"mpc_carousel_anything-9569f27a5b4bbcd\" class=\"mpc-carousel-anything mpc-init \"  data-mpcslick='{\"infinite\":false,\"autoplay\":false,\"slidesToShow\":2,\"slidesToScroll\":2,\"centerMode\":false,\"initialSlide\":0}' data-slick-cols=\"2\">[vc_video link=\u00bbhttps:\/\/www.youtube.com\/watch?v=IqM5NnrPJt4&#8243;][vc_video link=\u00bbhttps:\/\/youtu.be\/KlUlITwEyHI\u00bb][vc_video link=\u00bbhttps:\/\/youtu.be\/RhrEseSqBzo\u00bb]<\/div><div class=\"mpc-navigation mpc-init mpc-align--left mpc-navigation--style_1  mpc-nav-preset--\" data-mpcslider=\"mpc_carousel_anything-9569f27a5b4bbcd\"><div class=\"mpc-nav__arrow mpcslick-prev\"><div class=\"mpc-nav__icon mpc-transition\"><i class=\"\"><div class=\"mpc-nav__background mpc-transition mpc-effect-type--fade mpc-effect-side--in\"><\/div><\/i><\/div><\/div><div class=\"mpc-nav__arrow mpcslick-next\"><div class=\"mpc-nav__icon mpc-transition\"><i class=\"\"><div class=\"mpc-nav__background mpc-transition mpc-effect-type--fade mpc-effect-side--in\"><\/div><\/i><\/div><\/div><\/div><\/div>[\/vc_column][\/vc_row]<\/p>\n<\/div>","protected":false},"excerpt":{"rendered":"<div style=\"height: 146px\">\n<p align=\"justify\">Aniversario 20 a\u00f1os de educaci\u00f3n para j\u00f3venes y migrantes latinoamericanos presentes en Italia a trav\u00e9s del programa Irfeyal- Fe y Alegria Italia<\/div>\n","protected":false},"author":9,"featured_media":6612,"comment_status":"closed","ping_status":"closed","sticky":false,"template":"","format":"standard","meta":{"_acf_changed":false,"footnotes":""},"categories":[1],"tags":[],"post_folder":[],"class_list":["post-6611","post","type-post","status-publish","format-standard","has-post-thumbnail","hentry","category-sin-categoria"],"acf":[],"yoast_head":"<!-- This site is optimized with the Yoast SEO plugin v27.5 - https:\/\/yoast.com\/product\/yoast-seo-wordpress\/ -->\n<title>Fiesta por los 20 a\u00f1os del Instituto IRFEYAL-Fe y Alegr\u00eda en G\u00e9nova, Mil\u00e1n y Roma - #SomosFeyAlegria en Italia<\/title>\n<meta name=\"description\" content=\"Encuentros del mes de noviembre al interno del Proyecto de Orientaci\u00f3n al trabajo destinados a j\u00f3venes y adultos latinoamericanos en Liguria.\" \/>\n<meta name=\"robots\" content=\"index, follow, max-snippet:-1, max-image-preview:large, max-video-preview:-1\" \/>\n<link rel=\"canonical\" href=\"https:\/\/www.feyalegria.org\/italia\/fiesta-20-anos-instituto-irfeyal-fe-y-alegria-genova-milan-roma\/\" \/>\n<meta property=\"og:locale\" content=\"es_ES\" \/>\n<meta property=\"og:type\" content=\"article\" \/>\n<meta property=\"og:title\" content=\"Fiesta por los 20 a\u00f1os del Instituto IRFEYAL-Fe y Alegr\u00eda en G\u00e9nova, Mil\u00e1n y Roma - #SomosFeyAlegria en Italia\" \/>\n<meta property=\"og:description\" content=\"Encuentros del mes de noviembre al interno del Proyecto de Orientaci\u00f3n al trabajo destinados a j\u00f3venes y adultos latinoamericanos en Liguria.\" \/>\n<meta property=\"og:url\" content=\"https:\/\/www.feyalegria.org\/italia\/fiesta-20-anos-instituto-irfeyal-fe-y-alegria-genova-milan-roma\/\" \/>\n<meta property=\"og:site_name\" content=\"#SomosFeyAlegria en Italia\" \/>\n<meta property=\"article:published_time\" content=\"2022-06-13T01:00:57+00:00\" \/>\n<meta property=\"article:modified_time\" content=\"2022-07-31T23:47:30+00:00\" \/>\n<meta property=\"og:image\" content=\"https:\/\/d3pugrm67vf9n7.cloudfront.net\/wp-content\/uploads\/sites\/6\/2022\/06\/21085117\/Nuestras-exalumnas-Universitarias-5.png\" \/>\n\t<meta property=\"og:image:width\" content=\"1640\" \/>\n\t<meta property=\"og:image:height\" content=\"924\" \/>\n\t<meta property=\"og:image:type\" content=\"image\/png\" \/>\n<meta name=\"author\" content=\"editorit\" \/>\n<meta name=\"twitter:card\" content=\"summary_large_image\" \/>\n<meta name=\"twitter:label1\" content=\"Escrito por\" \/>\n\t<meta name=\"twitter:data1\" content=\"editorit\" \/>\n\t<meta name=\"twitter:label2\" content=\"Tiempo de lectura\" \/>\n\t<meta name=\"twitter:data2\" content=\"3 minutos\" \/>\n<script type=\"application\/ld+json\" class=\"yoast-schema-graph\">{\"@context\":\"https:\\\/\\\/schema.org\",\"@graph\":[{\"@type\":\"Article\",\"@id\":\"https:\\\/\\\/www.feyalegria.org\\\/italia\\\/fiesta-20-anos-instituto-irfeyal-fe-y-alegria-genova-milan-roma\\\/#article\",\"isPartOf\":{\"@id\":\"https:\\\/\\\/www.feyalegria.org\\\/italia\\\/fiesta-20-anos-instituto-irfeyal-fe-y-alegria-genova-milan-roma\\\/\"},\"author\":{\"name\":\"editorit\",\"@id\":\"https:\\\/\\\/www.feyalegria.org\\\/italia\\\/#\\\/schema\\\/person\\\/41c999d0ecac125419b37a6941f22606\"},\"headline\":\"Fiesta por los 20 a\u00f1os del Instituto IRFEYAL-Fe y Alegr\u00eda en G\u00e9nova, Mil\u00e1n y Roma\",\"datePublished\":\"2022-06-13T01:00:57+00:00\",\"dateModified\":\"2022-07-31T23:47:30+00:00\",\"mainEntityOfPage\":{\"@id\":\"https:\\\/\\\/www.feyalegria.org\\\/italia\\\/fiesta-20-anos-instituto-irfeyal-fe-y-alegria-genova-milan-roma\\\/\"},\"wordCount\":624,\"image\":{\"@id\":\"https:\\\/\\\/www.feyalegria.org\\\/italia\\\/fiesta-20-anos-instituto-irfeyal-fe-y-alegria-genova-milan-roma\\\/#primaryimage\"},\"thumbnailUrl\":\"https:\\\/\\\/d3pugrm67vf9n7.cloudfront.net\\\/wp-content\\\/uploads\\\/sites\\\/6\\\/2022\\\/06\\\/21085117\\\/Nuestras-exalumnas-Universitarias-5.png\",\"inLanguage\":\"es\"},{\"@type\":\"WebPage\",\"@id\":\"https:\\\/\\\/www.feyalegria.org\\\/italia\\\/fiesta-20-anos-instituto-irfeyal-fe-y-alegria-genova-milan-roma\\\/\",\"url\":\"https:\\\/\\\/www.feyalegria.org\\\/italia\\\/fiesta-20-anos-instituto-irfeyal-fe-y-alegria-genova-milan-roma\\\/\",\"name\":\"Fiesta por los 20 a\u00f1os del Instituto IRFEYAL-Fe y Alegr\u00eda en G\u00e9nova, Mil\u00e1n y Roma - #SomosFeyAlegria en Italia\",\"isPartOf\":{\"@id\":\"https:\\\/\\\/www.feyalegria.org\\\/italia\\\/#website\"},\"primaryImageOfPage\":{\"@id\":\"https:\\\/\\\/www.feyalegria.org\\\/italia\\\/fiesta-20-anos-instituto-irfeyal-fe-y-alegria-genova-milan-roma\\\/#primaryimage\"},\"image\":{\"@id\":\"https:\\\/\\\/www.feyalegria.org\\\/italia\\\/fiesta-20-anos-instituto-irfeyal-fe-y-alegria-genova-milan-roma\\\/#primaryimage\"},\"thumbnailUrl\":\"https:\\\/\\\/d3pugrm67vf9n7.cloudfront.net\\\/wp-content\\\/uploads\\\/sites\\\/6\\\/2022\\\/06\\\/21085117\\\/Nuestras-exalumnas-Universitarias-5.png\",\"datePublished\":\"2022-06-13T01:00:57+00:00\",\"dateModified\":\"2022-07-31T23:47:30+00:00\",\"author\":{\"@id\":\"https:\\\/\\\/www.feyalegria.org\\\/italia\\\/#\\\/schema\\\/person\\\/41c999d0ecac125419b37a6941f22606\"},\"description\":\"Encuentros del mes de noviembre al interno del Proyecto de Orientaci\u00f3n al trabajo destinados a j\u00f3venes y adultos latinoamericanos en Liguria.\",\"inLanguage\":\"es\",\"potentialAction\":[{\"@type\":\"ReadAction\",\"target\":[\"https:\\\/\\\/www.feyalegria.org\\\/italia\\\/fiesta-20-anos-instituto-irfeyal-fe-y-alegria-genova-milan-roma\\\/\"]}]},{\"@type\":\"ImageObject\",\"inLanguage\":\"es\",\"@id\":\"https:\\\/\\\/www.feyalegria.org\\\/italia\\\/fiesta-20-anos-instituto-irfeyal-fe-y-alegria-genova-milan-roma\\\/#primaryimage\",\"url\":\"https:\\\/\\\/d3pugrm67vf9n7.cloudfront.net\\\/wp-content\\\/uploads\\\/sites\\\/6\\\/2022\\\/06\\\/21085117\\\/Nuestras-exalumnas-Universitarias-5.png\",\"contentUrl\":\"https:\\\/\\\/d3pugrm67vf9n7.cloudfront.net\\\/wp-content\\\/uploads\\\/sites\\\/6\\\/2022\\\/06\\\/21085117\\\/Nuestras-exalumnas-Universitarias-5.png\",\"width\":1640,\"height\":924},{\"@type\":\"WebSite\",\"@id\":\"https:\\\/\\\/www.feyalegria.org\\\/italia\\\/#website\",\"url\":\"https:\\\/\\\/www.feyalegria.org\\\/italia\\\/\",\"name\":\"#SomosFeyAlegria en Italia\",\"description\":\"Movimiento de Educaci\u00f3n Popular y Promoci\u00f3n Social\",\"potentialAction\":[{\"@type\":\"SearchAction\",\"target\":{\"@type\":\"EntryPoint\",\"urlTemplate\":\"https:\\\/\\\/www.feyalegria.org\\\/italia\\\/?s={search_term_string}\"},\"query-input\":{\"@type\":\"PropertyValueSpecification\",\"valueRequired\":true,\"valueName\":\"search_term_string\"}}],\"inLanguage\":\"es\"},{\"@type\":\"Person\",\"@id\":\"https:\\\/\\\/www.feyalegria.org\\\/italia\\\/#\\\/schema\\\/person\\\/41c999d0ecac125419b37a6941f22606\",\"name\":\"editorit\",\"sameAs\":[\"https:\\\/\\\/www.feyalegria.it\"],\"url\":\"https:\\\/\\\/www.feyalegria.org\\\/italia\\\/author\\\/editorit\\\/\"}]}<\/script>\n<!-- \/ Yoast SEO plugin. -->","yoast_head_json":{"title":"Fiesta por los 20 a\u00f1os del Instituto IRFEYAL-Fe y Alegr\u00eda en G\u00e9nova, Mil\u00e1n y Roma - #SomosFeyAlegria en Italia","description":"Encuentros del mes de noviembre al interno del Proyecto de Orientaci\u00f3n al trabajo destinados a j\u00f3venes y adultos latinoamericanos en Liguria.","robots":{"index":"index","follow":"follow","max-snippet":"max-snippet:-1","max-image-preview":"max-image-preview:large","max-video-preview":"max-video-preview:-1"},"canonical":"https:\/\/www.feyalegria.org\/italia\/fiesta-20-anos-instituto-irfeyal-fe-y-alegria-genova-milan-roma\/","og_locale":"es_ES","og_type":"article","og_title":"Fiesta por los 20 a\u00f1os del Instituto IRFEYAL-Fe y Alegr\u00eda en G\u00e9nova, Mil\u00e1n y Roma - #SomosFeyAlegria en Italia","og_description":"Encuentros del mes de noviembre al interno del Proyecto de Orientaci\u00f3n al trabajo destinados a j\u00f3venes y adultos latinoamericanos en Liguria.","og_url":"https:\/\/www.feyalegria.org\/italia\/fiesta-20-anos-instituto-irfeyal-fe-y-alegria-genova-milan-roma\/","og_site_name":"#SomosFeyAlegria en Italia","article_published_time":"2022-06-13T01:00:57+00:00","article_modified_time":"2022-07-31T23:47:30+00:00","og_image":[{"width":1640,"height":924,"url":"https:\/\/d3pugrm67vf9n7.cloudfront.net\/wp-content\/uploads\/sites\/6\/2022\/06\/21085117\/Nuestras-exalumnas-Universitarias-5.png","type":"image\/png"}],"author":"editorit","twitter_card":"summary_large_image","twitter_misc":{"Escrito por":"editorit","Tiempo de lectura":"3 minutos"},"schema":{"@context":"https:\/\/schema.org","@graph":[{"@type":"Article","@id":"https:\/\/www.feyalegria.org\/italia\/fiesta-20-anos-instituto-irfeyal-fe-y-alegria-genova-milan-roma\/#article","isPartOf":{"@id":"https:\/\/www.feyalegria.org\/italia\/fiesta-20-anos-instituto-irfeyal-fe-y-alegria-genova-milan-roma\/"},"author":{"name":"editorit","@id":"https:\/\/www.feyalegria.org\/italia\/#\/schema\/person\/41c999d0ecac125419b37a6941f22606"},"headline":"Fiesta por los 20 a\u00f1os del Instituto IRFEYAL-Fe y Alegr\u00eda en G\u00e9nova, Mil\u00e1n y Roma","datePublished":"2022-06-13T01:00:57+00:00","dateModified":"2022-07-31T23:47:30+00:00","mainEntityOfPage":{"@id":"https:\/\/www.feyalegria.org\/italia\/fiesta-20-anos-instituto-irfeyal-fe-y-alegria-genova-milan-roma\/"},"wordCount":624,"image":{"@id":"https:\/\/www.feyalegria.org\/italia\/fiesta-20-anos-instituto-irfeyal-fe-y-alegria-genova-milan-roma\/#primaryimage"},"thumbnailUrl":"https:\/\/d3pugrm67vf9n7.cloudfront.net\/wp-content\/uploads\/sites\/6\/2022\/06\/21085117\/Nuestras-exalumnas-Universitarias-5.png","inLanguage":"es"},{"@type":"WebPage","@id":"https:\/\/www.feyalegria.org\/italia\/fiesta-20-anos-instituto-irfeyal-fe-y-alegria-genova-milan-roma\/","url":"https:\/\/www.feyalegria.org\/italia\/fiesta-20-anos-instituto-irfeyal-fe-y-alegria-genova-milan-roma\/","name":"Fiesta por los 20 a\u00f1os del Instituto IRFEYAL-Fe y Alegr\u00eda en G\u00e9nova, Mil\u00e1n y Roma - #SomosFeyAlegria en Italia","isPartOf":{"@id":"https:\/\/www.feyalegria.org\/italia\/#website"},"primaryImageOfPage":{"@id":"https:\/\/www.feyalegria.org\/italia\/fiesta-20-anos-instituto-irfeyal-fe-y-alegria-genova-milan-roma\/#primaryimage"},"image":{"@id":"https:\/\/www.feyalegria.org\/italia\/fiesta-20-anos-instituto-irfeyal-fe-y-alegria-genova-milan-roma\/#primaryimage"},"thumbnailUrl":"https:\/\/d3pugrm67vf9n7.cloudfront.net\/wp-content\/uploads\/sites\/6\/2022\/06\/21085117\/Nuestras-exalumnas-Universitarias-5.png","datePublished":"2022-06-13T01:00:57+00:00","dateModified":"2022-07-31T23:47:30+00:00","author":{"@id":"https:\/\/www.feyalegria.org\/italia\/#\/schema\/person\/41c999d0ecac125419b37a6941f22606"},"description":"Encuentros del mes de noviembre al interno del Proyecto de Orientaci\u00f3n al trabajo destinados a j\u00f3venes y adultos latinoamericanos en Liguria.","inLanguage":"es","potentialAction":[{"@type":"ReadAction","target":["https:\/\/www.feyalegria.org\/italia\/fiesta-20-anos-instituto-irfeyal-fe-y-alegria-genova-milan-roma\/"]}]},{"@type":"ImageObject","inLanguage":"es","@id":"https:\/\/www.feyalegria.org\/italia\/fiesta-20-anos-instituto-irfeyal-fe-y-alegria-genova-milan-roma\/#primaryimage","url":"https:\/\/d3pugrm67vf9n7.cloudfront.net\/wp-content\/uploads\/sites\/6\/2022\/06\/21085117\/Nuestras-exalumnas-Universitarias-5.png","contentUrl":"https:\/\/d3pugrm67vf9n7.cloudfront.net\/wp-content\/uploads\/sites\/6\/2022\/06\/21085117\/Nuestras-exalumnas-Universitarias-5.png","width":1640,"height":924},{"@type":"WebSite","@id":"https:\/\/www.feyalegria.org\/italia\/#website","url":"https:\/\/www.feyalegria.org\/italia\/","name":"#SomosFeyAlegria en Italia","description":"Movimiento de Educaci\u00f3n Popular y Promoci\u00f3n Social","potentialAction":[{"@type":"SearchAction","target":{"@type":"EntryPoint","urlTemplate":"https:\/\/www.feyalegria.org\/italia\/?s={search_term_string}"},"query-input":{"@type":"PropertyValueSpecification","valueRequired":true,"valueName":"search_term_string"}}],"inLanguage":"es"},{"@type":"Person","@id":"https:\/\/www.feyalegria.org\/italia\/#\/schema\/person\/41c999d0ecac125419b37a6941f22606","name":"editorit","sameAs":["https:\/\/www.feyalegria.it"],"url":"https:\/\/www.feyalegria.org\/italia\/author\/editorit\/"}]}},"_links":{"self":[{"href":"https:\/\/www.feyalegria.org\/italia\/wp-json\/wp\/v2\/posts\/6611","targetHints":{"allow":["GET"]}}],"collection":[{"href":"https:\/\/www.feyalegria.org\/italia\/wp-json\/wp\/v2\/posts"}],"about":[{"href":"https:\/\/www.feyalegria.org\/italia\/wp-json\/wp\/v2\/types\/post"}],"author":[{"embeddable":true,"href":"https:\/\/www.feyalegria.org\/italia\/wp-json\/wp\/v2\/users\/9"}],"replies":[{"embeddable":true,"href":"https:\/\/www.feyalegria.org\/italia\/wp-json\/wp\/v2\/comments?post=6611"}],"version-history":[{"count":0,"href":"https:\/\/www.feyalegria.org\/italia\/wp-json\/wp\/v2\/posts\/6611\/revisions"}],"wp:featuredmedia":[{"embeddable":true,"href":"https:\/\/www.feyalegria.org\/italia\/wp-json\/wp\/v2\/media\/6612"}],"wp:attachment":[{"href":"https:\/\/www.feyalegria.org\/italia\/wp-json\/wp\/v2\/media?parent=6611"}],"wp:term":[{"taxonomy":"category","embeddable":true,"href":"https:\/\/www.feyalegria.org\/italia\/wp-json\/wp\/v2\/categories?post=6611"},{"taxonomy":"post_tag","embeddable":true,"href":"https:\/\/www.feyalegria.org\/italia\/wp-json\/wp\/v2\/tags?post=6611"},{"taxonomy":"post_folder","embeddable":true,"href":"https:\/\/www.feyalegria.org\/italia\/wp-json\/wp\/v2\/post_folder?post=6611"}],"curies":[{"name":"wp","href":"https:\/\/api.w.org\/{rel}","templated":true}]}}