 {"id":6780,"date":"2022-11-03T17:30:04","date_gmt":"2022-11-03T22:30:04","guid":{"rendered":"https:\/\/www.feyalegria.org\/italia\/?p=6780"},"modified":"2023-06-27T08:10:28","modified_gmt":"2023-06-27T13:10:28","slug":"diploma-giovani-adulti-latinoamericani-fe-y-alegria-roma-irfeyal","status":"publish","type":"post","link":"https:\/\/www.feyalegria.org\/italia\/diploma-giovani-adulti-latinoamericani-fe-y-alegria-roma-irfeyal\/","title":{"rendered":"Diploma per 27 giovani e adulti latinoamericani a Fe y Alegria Roma"},"content":{"rendered":"<div class=\"wpb-content-wrapper\"><p>[vc_row][vc_column]<div style=\"background-color:;height: 30px\" class=\"nicdark_section  \"><\/div>[\/vc_column][\/vc_row][vc_row][vc_column][\/vc_column][\/vc_row][vc_row][vc_column width=\u00bb2\/3&#8243;][vc_column_text]Domenica 30 ottobre, a Roma, 27 giovani e adulti latinoamericani si sono diplomati presso l&#8217;Istituto IRFEYAL di Fe y Alegria Roma, raggiungendo cos\u00ec un traguardo importante, il diploma di scuola superiore che aprir\u00e0 loro le porte alla formazione e al mondo del lavoro in Italia .[\/vc_column_text][vc_column_text]Da oltre 21 anni <strong>Fe y Alegria Roma<\/strong>, in collaborazione con<strong> Irfeyal Ecuador,<\/strong> con la <strong>Pontificia Universit\u00e0 Gregoriana<\/strong> e con volontari per lo pi\u00f9 di vari ordini religiosi, offre un programma di studio semi-presenziale con lezioni il gioved\u00ec pomeriggio e la domenica.[\/vc_column_text][\/vc_column][vc_column width=\u00bb1\/3&#8243;][vc_single_image image=\u00bb6792&#8243; img_size=\u00bblarge\u00bb][\/vc_column][\/vc_row][vc_row][vc_column]<div style=\"background-color:;height: 30px\" class=\"nicdark_section  \"><\/div>[\/vc_column][\/vc_row][vc_row][vc_column width=\u00bb1\/2&#8243;][vc_column_text]<\/p>\n<h3>Gli studenti<\/h3>\n<p>[\/vc_column_text][vc_column_text]\u201cGli studenti che si sono laureati provengono da Per\u00f9, Ecuador, Colombia e Honduras, sono per oltre il 75% donne; l&#8217;et\u00e0 va dai 19 ai 66 anni. \u00c8 una grande gioia essere in grado di essere ponte perch\u00e9 possano continuare con la loro formazione personale e professionale e avere una vita migliore\u201d. Dott.ssa Magali Alfaro, direttore di Fe y Alegria Roma.[\/vc_column_text][vc_single_image image=\u00bb6791&#8243; img_size=\u00bbmedium\u00bb][\/vc_column][vc_column width=\u00bb1\/2&#8243;][vc_column_text]<\/p>\n<h3>Le autorit\u00e0<\/h3>\n<p>[\/vc_column_text][vc_column_text]All&#8217; evento hanno partecipato la <strong>Vice Console Generale dell&#8217;Ecuador a Roma<\/strong>, la dott.ssa Sara Luc\u00eda O\u00f1a, il<strong> Console Generale Addetto del Per\u00f9 a Roma,<\/strong> il dott. \u00c1lvaro Gonzalo Mart\u00ednez Boluarte, la <strong>delegata ufficiale del Consolato Generale della Colombia a Roma<\/strong>, la dott.ssa Manuela G\u00f3mez, la \u201cmoltiplicatrice\u201d del <strong>Programma Colombia Nos Une<\/strong> in Italia e presidente dell&#8217;<strong>Ass. DIDI Divertimento Intrattenimento Didattica Innovazione<\/strong>, la dott.ssa Diana Orteg\u00f3n.[\/vc_column_text][vc_single_image image=\u00bb6815&#8243; img_size=\u00bbmedium\u00bb][\/vc_column][\/vc_row][vc_row][vc_column width=\u00bb2\/3&#8243;]<div style=\"background-color:;height: 30px\" class=\"nicdark_section  \"><\/div>[vc_column_text]Yensi Dallani Mart\u00ednez Hern\u00e1ndez, la migliore studentessa, una giovane honduregna, ha ringraziato l&#8217;Istituto e il corpo docente per averle dato l&#8217;opportunit\u00e0 di continuare i suoi studi in Italia e riuscire a compiere il suo sogno. \u00abE&#8217; stato emozionante vedere prendere il diploma una giovane mamma con la sua beb\u00e8\u201d commenta la Vice Console del Consolato Generale dell&#8217;Ecuador a Roma, la dott.ssa Sara Luc\u00eda O\u00f1a. \u201cIl progetto educativo dei Fe y Alegria Italia offre a giovani e adulti l\u2019opportunit\u00e0 di avere una vita migliore e raggiungere lo scopo che li aveva motivati a migrare in Italia. Per lo scorso anno scolastico abbiamo contribuito con nove borse di studio parziali.\u201d ci afferma la moltiplicatrice del programma Colombia nos Une e presidente dell&#8217;Ass. DIDI Divertimento Intrattenimento Didattica Innovazione, la dott.ssa Diana Orteg\u00f3n.<\/p>\n<p>La celebrazione si \u00e8 svolta con la collaborazione di S.A.L. onlus nell&#8217;ambito del progetto formativo \u00abOrganizzazione di Eventi\u00bb.[\/vc_column_text][\/vc_column][vc_column width=\u00bb1\/3&#8243;][vc_gallery type=\u00bbflexslider_slide\u00bb interval=\u00bb3&#8243; images=\u00bb6781,6782,6783,6784,6785,6786,6789,6788,6787&#8243;][\/vc_column][\/vc_row][vc_row][vc_column][vc_column_text]<\/p>\n<h2>Fe y Alegria<\/h2>\n<p>[\/vc_column_text][vc_column_text]Fe y Alegr\u00eda \u00e8 un Movimento Globale senza scopo di lucro della Compagnia di Ges\u00f9 di Educazione Popolare e Promozione Sociale. La pi\u00f9 grande rete educativa del mondo, fondata in Venezuela nel 1955 da P. Jos\u00e9 Mar\u00eda V\u00e9laz SJ, attualmente presente in 22 paesi. Fe y Alegria Genova, Roma e Milano formano la Rete Fe y Alegria Italia e fanno parte della Federazione Internazionale Fe y Alegr\u00eda e della Fondazione Gesuiti Educazione.<\/p>\n<p>[\/vc_column_text][vc_column_text]<\/p>\n<h3>Informazione Fe y Alegria a Roma<\/h3>\n<p>[\/vc_column_text][vc_column_text]+39 327 118 8523 dalle ore 18.30 alle ore 20.30 <a href=\"mailto:coordinazione.amministrativa.roma@feyalegria.it\">coordinatore.amministrativo.roma@feyalegria.it<\/a>[\/vc_column_text][\/vc_column][\/vc_row]<\/p>\n<\/div>","protected":false},"excerpt":{"rendered":"<div style=\"height: 146px\">\n<p align=\"justify\">Fe y Alegria Roma, ponte per continuare con la formazione personale e professionale<\/div>\n","protected":false},"author":9,"featured_media":6816,"comment_status":"closed","ping_status":"closed","sticky":false,"template":"","format":"standard","meta":{"_acf_changed":false,"footnotes":""},"categories":[63],"tags":[],"post_folder":[],"class_list":["post-6780","post","type-post","status-publish","format-standard","has-post-thumbnail","hentry","category-attualita"],"acf":[],"yoast_head":"<!-- This site is optimized with the Yoast SEO plugin v27.5 - https:\/\/yoast.com\/product\/yoast-seo-wordpress\/ -->\n<title>Diploma per 27 giovani e adulti latinoamericani a Fe y Alegria Roma - #SomosFeyAlegria en Italia<\/title>\n<meta name=\"description\" content=\"Elecciones al Consejo Estudiantil del Instituto Irfeyal de Fe y Alegria Milano. Conozcamos las candidatas y programa de cada lista.\" \/>\n<meta name=\"robots\" content=\"index, follow, max-snippet:-1, max-image-preview:large, max-video-preview:-1\" \/>\n<link rel=\"canonical\" href=\"https:\/\/www.feyalegria.org\/italia\/diploma-giovani-adulti-latinoamericani-fe-y-alegria-roma-irfeyal\/\" \/>\n<meta property=\"og:locale\" content=\"es_ES\" \/>\n<meta property=\"og:type\" content=\"article\" \/>\n<meta property=\"og:title\" content=\"Diploma per 27 giovani e adulti latinoamericani a Fe y Alegria Roma - #SomosFeyAlegria en Italia\" \/>\n<meta property=\"og:description\" content=\"Elecciones al Consejo Estudiantil del Instituto Irfeyal de Fe y Alegria Milano. Conozcamos las candidatas y programa de cada lista.\" \/>\n<meta property=\"og:url\" content=\"https:\/\/www.feyalegria.org\/italia\/diploma-giovani-adulti-latinoamericani-fe-y-alegria-roma-irfeyal\/\" \/>\n<meta property=\"og:site_name\" content=\"#SomosFeyAlegria en Italia\" \/>\n<meta property=\"article:published_time\" content=\"2022-11-03T22:30:04+00:00\" \/>\n<meta property=\"article:modified_time\" content=\"2023-06-27T13:10:28+00:00\" \/>\n<meta property=\"og:image\" content=\"https:\/\/d3pugrm67vf9n7.cloudfront.net\/wp-content\/uploads\/sites\/6\/2022\/11\/07091114\/Mejor-egresada-con-la-delegada-funcionaria-del-Consulado-General-de-Colombia-en-Roma2.jpeg\" \/>\n\t<meta property=\"og:image:width\" content=\"443\" \/>\n\t<meta property=\"og:image:height\" content=\"591\" \/>\n\t<meta property=\"og:image:type\" content=\"image\/jpeg\" \/>\n<meta name=\"author\" content=\"editorit\" \/>\n<meta name=\"twitter:card\" content=\"summary_large_image\" \/>\n<meta name=\"twitter:label1\" content=\"Escrito por\" \/>\n\t<meta name=\"twitter:data1\" content=\"editorit\" \/>\n\t<meta name=\"twitter:label2\" content=\"Tiempo de lectura\" \/>\n\t<meta name=\"twitter:data2\" content=\"3 minutos\" \/>\n<script type=\"application\/ld+json\" class=\"yoast-schema-graph\">{\"@context\":\"https:\\\/\\\/schema.org\",\"@graph\":[{\"@type\":\"Article\",\"@id\":\"https:\\\/\\\/www.feyalegria.org\\\/italia\\\/diploma-giovani-adulti-latinoamericani-fe-y-alegria-roma-irfeyal\\\/#article\",\"isPartOf\":{\"@id\":\"https:\\\/\\\/www.feyalegria.org\\\/italia\\\/diploma-giovani-adulti-latinoamericani-fe-y-alegria-roma-irfeyal\\\/\"},\"author\":{\"name\":\"editorit\",\"@id\":\"https:\\\/\\\/www.feyalegria.org\\\/italia\\\/#\\\/schema\\\/person\\\/41c999d0ecac125419b37a6941f22606\"},\"headline\":\"Diploma per 27 giovani e adulti latinoamericani a Fe y Alegria Roma\",\"datePublished\":\"2022-11-03T22:30:04+00:00\",\"dateModified\":\"2023-06-27T13:10:28+00:00\",\"mainEntityOfPage\":{\"@id\":\"https:\\\/\\\/www.feyalegria.org\\\/italia\\\/diploma-giovani-adulti-latinoamericani-fe-y-alegria-roma-irfeyal\\\/\"},\"wordCount\":671,\"image\":{\"@id\":\"https:\\\/\\\/www.feyalegria.org\\\/italia\\\/diploma-giovani-adulti-latinoamericani-fe-y-alegria-roma-irfeyal\\\/#primaryimage\"},\"thumbnailUrl\":\"https:\\\/\\\/d3pugrm67vf9n7.cloudfront.net\\\/wp-content\\\/uploads\\\/sites\\\/6\\\/2022\\\/11\\\/07091114\\\/Mejor-egresada-con-la-delegada-funcionaria-del-Consulado-General-de-Colombia-en-Roma2.jpeg\",\"articleSection\":[\"Attualit\u00e0\"],\"inLanguage\":\"es\"},{\"@type\":\"WebPage\",\"@id\":\"https:\\\/\\\/www.feyalegria.org\\\/italia\\\/diploma-giovani-adulti-latinoamericani-fe-y-alegria-roma-irfeyal\\\/\",\"url\":\"https:\\\/\\\/www.feyalegria.org\\\/italia\\\/diploma-giovani-adulti-latinoamericani-fe-y-alegria-roma-irfeyal\\\/\",\"name\":\"Diploma per 27 giovani e adulti latinoamericani a Fe y Alegria Roma - #SomosFeyAlegria en Italia\",\"isPartOf\":{\"@id\":\"https:\\\/\\\/www.feyalegria.org\\\/italia\\\/#website\"},\"primaryImageOfPage\":{\"@id\":\"https:\\\/\\\/www.feyalegria.org\\\/italia\\\/diploma-giovani-adulti-latinoamericani-fe-y-alegria-roma-irfeyal\\\/#primaryimage\"},\"image\":{\"@id\":\"https:\\\/\\\/www.feyalegria.org\\\/italia\\\/diploma-giovani-adulti-latinoamericani-fe-y-alegria-roma-irfeyal\\\/#primaryimage\"},\"thumbnailUrl\":\"https:\\\/\\\/d3pugrm67vf9n7.cloudfront.net\\\/wp-content\\\/uploads\\\/sites\\\/6\\\/2022\\\/11\\\/07091114\\\/Mejor-egresada-con-la-delegada-funcionaria-del-Consulado-General-de-Colombia-en-Roma2.jpeg\",\"datePublished\":\"2022-11-03T22:30:04+00:00\",\"dateModified\":\"2023-06-27T13:10:28+00:00\",\"author\":{\"@id\":\"https:\\\/\\\/www.feyalegria.org\\\/italia\\\/#\\\/schema\\\/person\\\/41c999d0ecac125419b37a6941f22606\"},\"description\":\"Elecciones al Consejo Estudiantil del Instituto Irfeyal de Fe y Alegria Milano. Conozcamos las candidatas y programa de cada lista.\",\"inLanguage\":\"es\",\"potentialAction\":[{\"@type\":\"ReadAction\",\"target\":[\"https:\\\/\\\/www.feyalegria.org\\\/italia\\\/diploma-giovani-adulti-latinoamericani-fe-y-alegria-roma-irfeyal\\\/\"]}]},{\"@type\":\"ImageObject\",\"inLanguage\":\"es\",\"@id\":\"https:\\\/\\\/www.feyalegria.org\\\/italia\\\/diploma-giovani-adulti-latinoamericani-fe-y-alegria-roma-irfeyal\\\/#primaryimage\",\"url\":\"https:\\\/\\\/d3pugrm67vf9n7.cloudfront.net\\\/wp-content\\\/uploads\\\/sites\\\/6\\\/2022\\\/11\\\/07091114\\\/Mejor-egresada-con-la-delegada-funcionaria-del-Consulado-General-de-Colombia-en-Roma2.jpeg\",\"contentUrl\":\"https:\\\/\\\/d3pugrm67vf9n7.cloudfront.net\\\/wp-content\\\/uploads\\\/sites\\\/6\\\/2022\\\/11\\\/07091114\\\/Mejor-egresada-con-la-delegada-funcionaria-del-Consulado-General-de-Colombia-en-Roma2.jpeg\",\"width\":443,\"height\":591},{\"@type\":\"WebSite\",\"@id\":\"https:\\\/\\\/www.feyalegria.org\\\/italia\\\/#website\",\"url\":\"https:\\\/\\\/www.feyalegria.org\\\/italia\\\/\",\"name\":\"#SomosFeyAlegria en Italia\",\"description\":\"Movimiento de Educaci\u00f3n Popular y Promoci\u00f3n Social\",\"potentialAction\":[{\"@type\":\"SearchAction\",\"target\":{\"@type\":\"EntryPoint\",\"urlTemplate\":\"https:\\\/\\\/www.feyalegria.org\\\/italia\\\/?s={search_term_string}\"},\"query-input\":{\"@type\":\"PropertyValueSpecification\",\"valueRequired\":true,\"valueName\":\"search_term_string\"}}],\"inLanguage\":\"es\"},{\"@type\":\"Person\",\"@id\":\"https:\\\/\\\/www.feyalegria.org\\\/italia\\\/#\\\/schema\\\/person\\\/41c999d0ecac125419b37a6941f22606\",\"name\":\"editorit\",\"sameAs\":[\"https:\\\/\\\/www.feyalegria.it\"],\"url\":\"https:\\\/\\\/www.feyalegria.org\\\/italia\\\/author\\\/editorit\\\/\"}]}<\/script>\n<!-- \/ Yoast SEO plugin. -->","yoast_head_json":{"title":"Diploma per 27 giovani e adulti latinoamericani a Fe y Alegria Roma - #SomosFeyAlegria en Italia","description":"Elecciones al Consejo Estudiantil del Instituto Irfeyal de Fe y Alegria Milano. Conozcamos las candidatas y programa de cada lista.","robots":{"index":"index","follow":"follow","max-snippet":"max-snippet:-1","max-image-preview":"max-image-preview:large","max-video-preview":"max-video-preview:-1"},"canonical":"https:\/\/www.feyalegria.org\/italia\/diploma-giovani-adulti-latinoamericani-fe-y-alegria-roma-irfeyal\/","og_locale":"es_ES","og_type":"article","og_title":"Diploma per 27 giovani e adulti latinoamericani a Fe y Alegria Roma - #SomosFeyAlegria en Italia","og_description":"Elecciones al Consejo Estudiantil del Instituto Irfeyal de Fe y Alegria Milano. Conozcamos las candidatas y programa de cada lista.","og_url":"https:\/\/www.feyalegria.org\/italia\/diploma-giovani-adulti-latinoamericani-fe-y-alegria-roma-irfeyal\/","og_site_name":"#SomosFeyAlegria en Italia","article_published_time":"2022-11-03T22:30:04+00:00","article_modified_time":"2023-06-27T13:10:28+00:00","og_image":[{"width":443,"height":591,"url":"https:\/\/d3pugrm67vf9n7.cloudfront.net\/wp-content\/uploads\/sites\/6\/2022\/11\/07091114\/Mejor-egresada-con-la-delegada-funcionaria-del-Consulado-General-de-Colombia-en-Roma2.jpeg","type":"image\/jpeg"}],"author":"editorit","twitter_card":"summary_large_image","twitter_misc":{"Escrito por":"editorit","Tiempo de lectura":"3 minutos"},"schema":{"@context":"https:\/\/schema.org","@graph":[{"@type":"Article","@id":"https:\/\/www.feyalegria.org\/italia\/diploma-giovani-adulti-latinoamericani-fe-y-alegria-roma-irfeyal\/#article","isPartOf":{"@id":"https:\/\/www.feyalegria.org\/italia\/diploma-giovani-adulti-latinoamericani-fe-y-alegria-roma-irfeyal\/"},"author":{"name":"editorit","@id":"https:\/\/www.feyalegria.org\/italia\/#\/schema\/person\/41c999d0ecac125419b37a6941f22606"},"headline":"Diploma per 27 giovani e adulti latinoamericani a Fe y Alegria Roma","datePublished":"2022-11-03T22:30:04+00:00","dateModified":"2023-06-27T13:10:28+00:00","mainEntityOfPage":{"@id":"https:\/\/www.feyalegria.org\/italia\/diploma-giovani-adulti-latinoamericani-fe-y-alegria-roma-irfeyal\/"},"wordCount":671,"image":{"@id":"https:\/\/www.feyalegria.org\/italia\/diploma-giovani-adulti-latinoamericani-fe-y-alegria-roma-irfeyal\/#primaryimage"},"thumbnailUrl":"https:\/\/d3pugrm67vf9n7.cloudfront.net\/wp-content\/uploads\/sites\/6\/2022\/11\/07091114\/Mejor-egresada-con-la-delegada-funcionaria-del-Consulado-General-de-Colombia-en-Roma2.jpeg","articleSection":["Attualit\u00e0"],"inLanguage":"es"},{"@type":"WebPage","@id":"https:\/\/www.feyalegria.org\/italia\/diploma-giovani-adulti-latinoamericani-fe-y-alegria-roma-irfeyal\/","url":"https:\/\/www.feyalegria.org\/italia\/diploma-giovani-adulti-latinoamericani-fe-y-alegria-roma-irfeyal\/","name":"Diploma per 27 giovani e adulti latinoamericani a Fe y Alegria Roma - #SomosFeyAlegria en Italia","isPartOf":{"@id":"https:\/\/www.feyalegria.org\/italia\/#website"},"primaryImageOfPage":{"@id":"https:\/\/www.feyalegria.org\/italia\/diploma-giovani-adulti-latinoamericani-fe-y-alegria-roma-irfeyal\/#primaryimage"},"image":{"@id":"https:\/\/www.feyalegria.org\/italia\/diploma-giovani-adulti-latinoamericani-fe-y-alegria-roma-irfeyal\/#primaryimage"},"thumbnailUrl":"https:\/\/d3pugrm67vf9n7.cloudfront.net\/wp-content\/uploads\/sites\/6\/2022\/11\/07091114\/Mejor-egresada-con-la-delegada-funcionaria-del-Consulado-General-de-Colombia-en-Roma2.jpeg","datePublished":"2022-11-03T22:30:04+00:00","dateModified":"2023-06-27T13:10:28+00:00","author":{"@id":"https:\/\/www.feyalegria.org\/italia\/#\/schema\/person\/41c999d0ecac125419b37a6941f22606"},"description":"Elecciones al Consejo Estudiantil del Instituto Irfeyal de Fe y Alegria Milano. Conozcamos las candidatas y programa de cada lista.","inLanguage":"es","potentialAction":[{"@type":"ReadAction","target":["https:\/\/www.feyalegria.org\/italia\/diploma-giovani-adulti-latinoamericani-fe-y-alegria-roma-irfeyal\/"]}]},{"@type":"ImageObject","inLanguage":"es","@id":"https:\/\/www.feyalegria.org\/italia\/diploma-giovani-adulti-latinoamericani-fe-y-alegria-roma-irfeyal\/#primaryimage","url":"https:\/\/d3pugrm67vf9n7.cloudfront.net\/wp-content\/uploads\/sites\/6\/2022\/11\/07091114\/Mejor-egresada-con-la-delegada-funcionaria-del-Consulado-General-de-Colombia-en-Roma2.jpeg","contentUrl":"https:\/\/d3pugrm67vf9n7.cloudfront.net\/wp-content\/uploads\/sites\/6\/2022\/11\/07091114\/Mejor-egresada-con-la-delegada-funcionaria-del-Consulado-General-de-Colombia-en-Roma2.jpeg","width":443,"height":591},{"@type":"WebSite","@id":"https:\/\/www.feyalegria.org\/italia\/#website","url":"https:\/\/www.feyalegria.org\/italia\/","name":"#SomosFeyAlegria en Italia","description":"Movimiento de Educaci\u00f3n Popular y Promoci\u00f3n Social","potentialAction":[{"@type":"SearchAction","target":{"@type":"EntryPoint","urlTemplate":"https:\/\/www.feyalegria.org\/italia\/?s={search_term_string}"},"query-input":{"@type":"PropertyValueSpecification","valueRequired":true,"valueName":"search_term_string"}}],"inLanguage":"es"},{"@type":"Person","@id":"https:\/\/www.feyalegria.org\/italia\/#\/schema\/person\/41c999d0ecac125419b37a6941f22606","name":"editorit","sameAs":["https:\/\/www.feyalegria.it"],"url":"https:\/\/www.feyalegria.org\/italia\/author\/editorit\/"}]}},"_links":{"self":[{"href":"https:\/\/www.feyalegria.org\/italia\/wp-json\/wp\/v2\/posts\/6780","targetHints":{"allow":["GET"]}}],"collection":[{"href":"https:\/\/www.feyalegria.org\/italia\/wp-json\/wp\/v2\/posts"}],"about":[{"href":"https:\/\/www.feyalegria.org\/italia\/wp-json\/wp\/v2\/types\/post"}],"author":[{"embeddable":true,"href":"https:\/\/www.feyalegria.org\/italia\/wp-json\/wp\/v2\/users\/9"}],"replies":[{"embeddable":true,"href":"https:\/\/www.feyalegria.org\/italia\/wp-json\/wp\/v2\/comments?post=6780"}],"version-history":[{"count":0,"href":"https:\/\/www.feyalegria.org\/italia\/wp-json\/wp\/v2\/posts\/6780\/revisions"}],"wp:featuredmedia":[{"embeddable":true,"href":"https:\/\/www.feyalegria.org\/italia\/wp-json\/wp\/v2\/media\/6816"}],"wp:attachment":[{"href":"https:\/\/www.feyalegria.org\/italia\/wp-json\/wp\/v2\/media?parent=6780"}],"wp:term":[{"taxonomy":"category","embeddable":true,"href":"https:\/\/www.feyalegria.org\/italia\/wp-json\/wp\/v2\/categories?post=6780"},{"taxonomy":"post_tag","embeddable":true,"href":"https:\/\/www.feyalegria.org\/italia\/wp-json\/wp\/v2\/tags?post=6780"},{"taxonomy":"post_folder","embeddable":true,"href":"https:\/\/www.feyalegria.org\/italia\/wp-json\/wp\/v2\/post_folder?post=6780"}],"curies":[{"name":"wp","href":"https:\/\/api.w.org\/{rel}","templated":true}]}}