 {"id":6857,"date":"2022-12-15T18:55:22","date_gmt":"2022-12-15T23:55:22","guid":{"rendered":"https:\/\/www.feyalegria.org\/italia\/?p=6857"},"modified":"2022-12-15T19:00:17","modified_gmt":"2022-12-16T00:00:17","slug":"los-colegios-jesuitas-en-audiencia-con-el-papa-francisco","status":"publish","type":"post","link":"https:\/\/www.feyalegria.org\/italia\/los-colegios-jesuitas-en-audiencia-con-el-papa-francisco\/","title":{"rendered":"Los colegios jesuitas en audiencia con el Papa Francisco"},"content":{"rendered":"<div class=\"wpb-content-wrapper\"><p>[vc_row][vc_column][vc_column_text]El s\u00e1bado 10 de junio de 2023, a las 12.00 horas, en el Aula Pablo VI del Vaticano, el Papa Francisco se reunir\u00e1 con los colegios jesuitas de Italia, Malta y Albania.<\/p>\n<p>El esperado evento contar\u00e1 con la participaci\u00f3n de todas las comunidades de los colegios de la red <strong>Gesuiti Educazione<\/strong> de la Provincia Euromediterr\u00e1nea: alumnos, familias, jesuitas, profesores, personal no docente, antiguos alumnos y colaboradores. El motivo y la importancia de esta reuni\u00f3n son dobles. La audiencia se celebrar\u00e1 exactamente diez a\u00f1os desde la reuni\u00f3n anterior. En efecto, fue el 7 de junio de 2013 cuando, de nuevo en el espl\u00e9ndido marco del Aula Nervi, el Papa Francisco se reuni\u00f3 con toda la comunidad de las escuelas de la red en uno de sus primeros encuentros p\u00fablicos, apenas unos meses despu\u00e9s de su elecci\u00f3n como pont\u00edfice.<\/p>\n<p>Hoy en d\u00eda, la red de colegios de Gesuiti Educazione ha crecido, se ha expandido y se ha estructurado formalmente en una Fundaci\u00f3n que incluye no s\u00f3lo colegios en Italia y Albania, sino tambi\u00e9n el Colegio Sant Aloysius en Malta y otros centros educativos.<\/p>\n<p>\u00abLa noticia nos llena de alegr\u00eda y estamos impacientes por volver a encontrarnos con el Papa Francisco\u00bb, afirma el padre Alessandro Viano SJ, responsable de las actividades pastorales de toda la red y del Colegio Leone XIII de Mil\u00e1n,\u00a0 \u00abtodos nos sentimos implicados en Su magisterio, dirigido a una sensibilizaci\u00f3n sobre los temas de la ecolog\u00eda integral, y por eso pretendemos adherirnos al pacto pacto educativo propuesto por \u00e9l con tanto entusiasmo. Esta reuni\u00f3n nos brindar\u00e1 la oportunidad de escuchar el mensaje que quiere transmitirnos y renovar nuestro compromiso con la educaci\u00f3n de hombres y mujeres por los dem\u00e1s, al servicio de un cambio en nuestra sociedad y de un compromiso renovado en el cuidado de nuestra casa com\u00fan\u00bb<\/p>\n<p>Ya antes de la pandemia hab\u00eda surgido el deseo de organizar un nuevo encuentro con Francisco con ocasi\u00f3n del centenario del <strong>Instituto Gonzaga de Palermo<\/strong>. Posteriormente, el pasado mes de agosto, la petici\u00f3n madur\u00f3 durante una conferencia de todos los responsables de la pastoral escolar, destinada a integrar la ense\u00f1anza de la religi\u00f3n con la educaci\u00f3n c\u00edvica y la ciudadan\u00eda global. Durante este encuentro titulado \u00abMaestros de la pr\u00f3xima generaci\u00f3n\u00bb, surgi\u00f3 claramente el fuerte deseo de un nuevo encuentro con el Papa, para retomar su invitaci\u00f3n y su misi\u00f3n en el campo de la educaci\u00f3n, viviendo y relanzando la pedagog\u00eda de su magisterio. Diez a\u00f1os despu\u00e9s iremos de nuevo a Roma a <strong>#ConFrancesco \u2013 Cittadini NEL mondo.<\/strong>[\/vc_column_text][vc_single_image image=\u00bb6854&#8243; img_size=\u00bbfull\u00bb alignment=\u00bbcenter\u00bb][\/vc_column][\/vc_row][vc_row][vc_column]<div style=\"background-color:;height: 20px\" class=\"nicdark_section  \"><\/div>[vc_column_text]<\/p>\n<h3>Red Gesuiti Educazione<\/h3>\n<p>[\/vc_column_text][vc_column_text]La Red Gesuiti Educazion es el instrumento apost\u00f3lico en el \u00e1mbito educativo de la Provincia Euro- Mediterr\u00e1nea de la Compa\u00f1\u00eda de Jes\u00fas. Es una Fundaci\u00f3n de participaci\u00f3n, integrada por colegios y otras obras educativas que se adhieren a ella compartiendo la pedagog\u00eda ignaciana, la espiritualidad y las l\u00edneas educativas de la Compa\u00f1\u00eda de Jes\u00fas. Es un instrumento creado para poner el carisma educativo secular de la Compa\u00f1\u00eda de Jes\u00fas al servicio de los desaf\u00edos del mundo actual, convencidos de que el enfoque ignaciano es sumamente pertinente y puede ayudar no s\u00f3lo a la Iglesia sino a toda la sociedad.<br \/>\nHasta la fecha, 8 escuelas de Italia, Malta y Albania forman parte de la red Gesuiti Educazione, as\u00ed como la red de entes educativos \u00ab<a href=\"https:\/\/www.feyalegria.it\/organizacion\/\"><strong>Fe y Alegr\u00eda Italia<\/strong><\/a>\u00ab, algunos centros deportivos y entes formativos, por un total de m\u00e1s de 7000 ni\u00f1os y j\u00f3venes, sin contar con los adultos de las escuelas de Fe y Alegr\u00eda Italia.[\/vc_column_text][\/vc_column][\/vc_row][vc_row][vc_column][\/vc_column][\/vc_row]<\/p>\n<\/div>","protected":false},"excerpt":{"rendered":"<div style=\"height: 146px\">\n<p align=\"justify\">Fe y Alegria Italia \u00e8 chiamata a condividere la sua esperienza come scuola ereditaria in Italia.<\/div>\n","protected":false},"author":62,"featured_media":6854,"comment_status":"closed","ping_status":"closed","sticky":false,"template":"","format":"standard","meta":{"_acf_changed":false,"footnotes":""},"categories":[1],"tags":[],"post_folder":[],"class_list":["post-6857","post","type-post","status-publish","format-standard","has-post-thumbnail","hentry","category-sin-categoria"],"acf":[],"yoast_head":"<!-- This site is optimized with the Yoast SEO plugin v27.5 - https:\/\/yoast.com\/product\/yoast-seo-wordpress\/ -->\n<title>Los colegios jesuitas en audiencia con el Papa Francisco - #SomosFeyAlegria en Italia<\/title>\n<meta name=\"description\" content=\"El s\u00e1bado 10 de junio de 2023, a las 12.00 horas, en el Aula Pablo VI del Vaticano, el Papa Francisco se reunir\u00e1 con los colegios jesuitas de Italia, Malta y Albania.\" \/>\n<meta name=\"robots\" content=\"index, follow, max-snippet:-1, max-image-preview:large, max-video-preview:-1\" \/>\n<link rel=\"canonical\" href=\"https:\/\/www.feyalegria.org\/italia\/los-colegios-jesuitas-en-audiencia-con-el-papa-francisco\/\" \/>\n<meta property=\"og:locale\" content=\"es_ES\" \/>\n<meta property=\"og:type\" content=\"article\" \/>\n<meta property=\"og:title\" content=\"Los colegios jesuitas en audiencia con el Papa Francisco - #SomosFeyAlegria en Italia\" \/>\n<meta property=\"og:description\" content=\"El s\u00e1bado 10 de junio de 2023, a las 12.00 horas, en el Aula Pablo VI del Vaticano, el Papa Francisco se reunir\u00e1 con los colegios jesuitas de Italia, Malta y Albania.\" \/>\n<meta property=\"og:url\" content=\"https:\/\/www.feyalegria.org\/italia\/los-colegios-jesuitas-en-audiencia-con-el-papa-francisco\/\" \/>\n<meta property=\"og:site_name\" content=\"#SomosFeyAlegria en Italia\" \/>\n<meta property=\"article:published_time\" content=\"2022-12-15T23:55:22+00:00\" \/>\n<meta property=\"article:modified_time\" content=\"2022-12-16T00:00:17+00:00\" \/>\n<meta property=\"og:image\" content=\"https:\/\/d3pugrm67vf9n7.cloudfront.net\/wp-content\/uploads\/sites\/6\/2022\/07\/15163129\/papa-scuole-2023-1.jpg\" \/>\n\t<meta property=\"og:image:width\" content=\"1098\" \/>\n\t<meta property=\"og:image:height\" content=\"732\" \/>\n\t<meta property=\"og:image:type\" content=\"image\/jpeg\" \/>\n<meta name=\"author\" content=\"editorit02\" \/>\n<meta name=\"twitter:card\" content=\"summary_large_image\" \/>\n<meta name=\"twitter:label1\" content=\"Escrito por\" \/>\n\t<meta name=\"twitter:data1\" content=\"editorit02\" \/>\n\t<meta name=\"twitter:label2\" content=\"Tiempo de lectura\" \/>\n\t<meta name=\"twitter:data2\" content=\"3 minutos\" \/>\n<script type=\"application\/ld+json\" class=\"yoast-schema-graph\">{\"@context\":\"https:\\\/\\\/schema.org\",\"@graph\":[{\"@type\":\"Article\",\"@id\":\"https:\\\/\\\/www.feyalegria.org\\\/italia\\\/los-colegios-jesuitas-en-audiencia-con-el-papa-francisco\\\/#article\",\"isPartOf\":{\"@id\":\"https:\\\/\\\/www.feyalegria.org\\\/italia\\\/los-colegios-jesuitas-en-audiencia-con-el-papa-francisco\\\/\"},\"author\":{\"name\":\"editorit02\",\"@id\":\"https:\\\/\\\/www.feyalegria.org\\\/italia\\\/#\\\/schema\\\/person\\\/b3d1d24d890247b479a75367ccb2c88e\"},\"headline\":\"Los colegios jesuitas en audiencia con el Papa Francisco\",\"datePublished\":\"2022-12-15T23:55:22+00:00\",\"dateModified\":\"2022-12-16T00:00:17+00:00\",\"mainEntityOfPage\":{\"@id\":\"https:\\\/\\\/www.feyalegria.org\\\/italia\\\/los-colegios-jesuitas-en-audiencia-con-el-papa-francisco\\\/\"},\"wordCount\":692,\"image\":{\"@id\":\"https:\\\/\\\/www.feyalegria.org\\\/italia\\\/los-colegios-jesuitas-en-audiencia-con-el-papa-francisco\\\/#primaryimage\"},\"thumbnailUrl\":\"https:\\\/\\\/d3pugrm67vf9n7.cloudfront.net\\\/wp-content\\\/uploads\\\/sites\\\/6\\\/2022\\\/07\\\/15163129\\\/papa-scuole-2023-1.jpg\",\"inLanguage\":\"es\"},{\"@type\":\"WebPage\",\"@id\":\"https:\\\/\\\/www.feyalegria.org\\\/italia\\\/los-colegios-jesuitas-en-audiencia-con-el-papa-francisco\\\/\",\"url\":\"https:\\\/\\\/www.feyalegria.org\\\/italia\\\/los-colegios-jesuitas-en-audiencia-con-el-papa-francisco\\\/\",\"name\":\"Los colegios jesuitas en audiencia con el Papa Francisco - #SomosFeyAlegria en Italia\",\"isPartOf\":{\"@id\":\"https:\\\/\\\/www.feyalegria.org\\\/italia\\\/#website\"},\"primaryImageOfPage\":{\"@id\":\"https:\\\/\\\/www.feyalegria.org\\\/italia\\\/los-colegios-jesuitas-en-audiencia-con-el-papa-francisco\\\/#primaryimage\"},\"image\":{\"@id\":\"https:\\\/\\\/www.feyalegria.org\\\/italia\\\/los-colegios-jesuitas-en-audiencia-con-el-papa-francisco\\\/#primaryimage\"},\"thumbnailUrl\":\"https:\\\/\\\/d3pugrm67vf9n7.cloudfront.net\\\/wp-content\\\/uploads\\\/sites\\\/6\\\/2022\\\/07\\\/15163129\\\/papa-scuole-2023-1.jpg\",\"datePublished\":\"2022-12-15T23:55:22+00:00\",\"dateModified\":\"2022-12-16T00:00:17+00:00\",\"author\":{\"@id\":\"https:\\\/\\\/www.feyalegria.org\\\/italia\\\/#\\\/schema\\\/person\\\/b3d1d24d890247b479a75367ccb2c88e\"},\"description\":\"El s\u00e1bado 10 de junio de 2023, a las 12.00 horas, en el Aula Pablo VI del Vaticano, el Papa Francisco se reunir\u00e1 con los colegios jesuitas de Italia, Malta y Albania.\",\"inLanguage\":\"es\",\"potentialAction\":[{\"@type\":\"ReadAction\",\"target\":[\"https:\\\/\\\/www.feyalegria.org\\\/italia\\\/los-colegios-jesuitas-en-audiencia-con-el-papa-francisco\\\/\"]}]},{\"@type\":\"ImageObject\",\"inLanguage\":\"es\",\"@id\":\"https:\\\/\\\/www.feyalegria.org\\\/italia\\\/los-colegios-jesuitas-en-audiencia-con-el-papa-francisco\\\/#primaryimage\",\"url\":\"https:\\\/\\\/d3pugrm67vf9n7.cloudfront.net\\\/wp-content\\\/uploads\\\/sites\\\/6\\\/2022\\\/07\\\/15163129\\\/papa-scuole-2023-1.jpg\",\"contentUrl\":\"https:\\\/\\\/d3pugrm67vf9n7.cloudfront.net\\\/wp-content\\\/uploads\\\/sites\\\/6\\\/2022\\\/07\\\/15163129\\\/papa-scuole-2023-1.jpg\",\"width\":1098,\"height\":732},{\"@type\":\"WebSite\",\"@id\":\"https:\\\/\\\/www.feyalegria.org\\\/italia\\\/#website\",\"url\":\"https:\\\/\\\/www.feyalegria.org\\\/italia\\\/\",\"name\":\"#SomosFeyAlegria en Italia\",\"description\":\"Movimiento de Educaci\u00f3n Popular y Promoci\u00f3n Social\",\"potentialAction\":[{\"@type\":\"SearchAction\",\"target\":{\"@type\":\"EntryPoint\",\"urlTemplate\":\"https:\\\/\\\/www.feyalegria.org\\\/italia\\\/?s={search_term_string}\"},\"query-input\":{\"@type\":\"PropertyValueSpecification\",\"valueRequired\":true,\"valueName\":\"search_term_string\"}}],\"inLanguage\":\"es\"},{\"@type\":\"Person\",\"@id\":\"https:\\\/\\\/www.feyalegria.org\\\/italia\\\/#\\\/schema\\\/person\\\/b3d1d24d890247b479a75367ccb2c88e\",\"name\":\"editorit02\",\"url\":\"https:\\\/\\\/www.feyalegria.org\\\/italia\\\/author\\\/editorit02\\\/\"}]}<\/script>\n<!-- \/ Yoast SEO plugin. -->","yoast_head_json":{"title":"Los colegios jesuitas en audiencia con el Papa Francisco - #SomosFeyAlegria en Italia","description":"El s\u00e1bado 10 de junio de 2023, a las 12.00 horas, en el Aula Pablo VI del Vaticano, el Papa Francisco se reunir\u00e1 con los colegios jesuitas de Italia, Malta y Albania.","robots":{"index":"index","follow":"follow","max-snippet":"max-snippet:-1","max-image-preview":"max-image-preview:large","max-video-preview":"max-video-preview:-1"},"canonical":"https:\/\/www.feyalegria.org\/italia\/los-colegios-jesuitas-en-audiencia-con-el-papa-francisco\/","og_locale":"es_ES","og_type":"article","og_title":"Los colegios jesuitas en audiencia con el Papa Francisco - #SomosFeyAlegria en Italia","og_description":"El s\u00e1bado 10 de junio de 2023, a las 12.00 horas, en el Aula Pablo VI del Vaticano, el Papa Francisco se reunir\u00e1 con los colegios jesuitas de Italia, Malta y Albania.","og_url":"https:\/\/www.feyalegria.org\/italia\/los-colegios-jesuitas-en-audiencia-con-el-papa-francisco\/","og_site_name":"#SomosFeyAlegria en Italia","article_published_time":"2022-12-15T23:55:22+00:00","article_modified_time":"2022-12-16T00:00:17+00:00","og_image":[{"width":1098,"height":732,"url":"https:\/\/d3pugrm67vf9n7.cloudfront.net\/wp-content\/uploads\/sites\/6\/2022\/07\/15163129\/papa-scuole-2023-1.jpg","type":"image\/jpeg"}],"author":"editorit02","twitter_card":"summary_large_image","twitter_misc":{"Escrito por":"editorit02","Tiempo de lectura":"3 minutos"},"schema":{"@context":"https:\/\/schema.org","@graph":[{"@type":"Article","@id":"https:\/\/www.feyalegria.org\/italia\/los-colegios-jesuitas-en-audiencia-con-el-papa-francisco\/#article","isPartOf":{"@id":"https:\/\/www.feyalegria.org\/italia\/los-colegios-jesuitas-en-audiencia-con-el-papa-francisco\/"},"author":{"name":"editorit02","@id":"https:\/\/www.feyalegria.org\/italia\/#\/schema\/person\/b3d1d24d890247b479a75367ccb2c88e"},"headline":"Los colegios jesuitas en audiencia con el Papa Francisco","datePublished":"2022-12-15T23:55:22+00:00","dateModified":"2022-12-16T00:00:17+00:00","mainEntityOfPage":{"@id":"https:\/\/www.feyalegria.org\/italia\/los-colegios-jesuitas-en-audiencia-con-el-papa-francisco\/"},"wordCount":692,"image":{"@id":"https:\/\/www.feyalegria.org\/italia\/los-colegios-jesuitas-en-audiencia-con-el-papa-francisco\/#primaryimage"},"thumbnailUrl":"https:\/\/d3pugrm67vf9n7.cloudfront.net\/wp-content\/uploads\/sites\/6\/2022\/07\/15163129\/papa-scuole-2023-1.jpg","inLanguage":"es"},{"@type":"WebPage","@id":"https:\/\/www.feyalegria.org\/italia\/los-colegios-jesuitas-en-audiencia-con-el-papa-francisco\/","url":"https:\/\/www.feyalegria.org\/italia\/los-colegios-jesuitas-en-audiencia-con-el-papa-francisco\/","name":"Los colegios jesuitas en audiencia con el Papa Francisco - #SomosFeyAlegria en Italia","isPartOf":{"@id":"https:\/\/www.feyalegria.org\/italia\/#website"},"primaryImageOfPage":{"@id":"https:\/\/www.feyalegria.org\/italia\/los-colegios-jesuitas-en-audiencia-con-el-papa-francisco\/#primaryimage"},"image":{"@id":"https:\/\/www.feyalegria.org\/italia\/los-colegios-jesuitas-en-audiencia-con-el-papa-francisco\/#primaryimage"},"thumbnailUrl":"https:\/\/d3pugrm67vf9n7.cloudfront.net\/wp-content\/uploads\/sites\/6\/2022\/07\/15163129\/papa-scuole-2023-1.jpg","datePublished":"2022-12-15T23:55:22+00:00","dateModified":"2022-12-16T00:00:17+00:00","author":{"@id":"https:\/\/www.feyalegria.org\/italia\/#\/schema\/person\/b3d1d24d890247b479a75367ccb2c88e"},"description":"El s\u00e1bado 10 de junio de 2023, a las 12.00 horas, en el Aula Pablo VI del Vaticano, el Papa Francisco se reunir\u00e1 con los colegios jesuitas de Italia, Malta y Albania.","inLanguage":"es","potentialAction":[{"@type":"ReadAction","target":["https:\/\/www.feyalegria.org\/italia\/los-colegios-jesuitas-en-audiencia-con-el-papa-francisco\/"]}]},{"@type":"ImageObject","inLanguage":"es","@id":"https:\/\/www.feyalegria.org\/italia\/los-colegios-jesuitas-en-audiencia-con-el-papa-francisco\/#primaryimage","url":"https:\/\/d3pugrm67vf9n7.cloudfront.net\/wp-content\/uploads\/sites\/6\/2022\/07\/15163129\/papa-scuole-2023-1.jpg","contentUrl":"https:\/\/d3pugrm67vf9n7.cloudfront.net\/wp-content\/uploads\/sites\/6\/2022\/07\/15163129\/papa-scuole-2023-1.jpg","width":1098,"height":732},{"@type":"WebSite","@id":"https:\/\/www.feyalegria.org\/italia\/#website","url":"https:\/\/www.feyalegria.org\/italia\/","name":"#SomosFeyAlegria en Italia","description":"Movimiento de Educaci\u00f3n Popular y Promoci\u00f3n Social","potentialAction":[{"@type":"SearchAction","target":{"@type":"EntryPoint","urlTemplate":"https:\/\/www.feyalegria.org\/italia\/?s={search_term_string}"},"query-input":{"@type":"PropertyValueSpecification","valueRequired":true,"valueName":"search_term_string"}}],"inLanguage":"es"},{"@type":"Person","@id":"https:\/\/www.feyalegria.org\/italia\/#\/schema\/person\/b3d1d24d890247b479a75367ccb2c88e","name":"editorit02","url":"https:\/\/www.feyalegria.org\/italia\/author\/editorit02\/"}]}},"_links":{"self":[{"href":"https:\/\/www.feyalegria.org\/italia\/wp-json\/wp\/v2\/posts\/6857","targetHints":{"allow":["GET"]}}],"collection":[{"href":"https:\/\/www.feyalegria.org\/italia\/wp-json\/wp\/v2\/posts"}],"about":[{"href":"https:\/\/www.feyalegria.org\/italia\/wp-json\/wp\/v2\/types\/post"}],"author":[{"embeddable":true,"href":"https:\/\/www.feyalegria.org\/italia\/wp-json\/wp\/v2\/users\/62"}],"replies":[{"embeddable":true,"href":"https:\/\/www.feyalegria.org\/italia\/wp-json\/wp\/v2\/comments?post=6857"}],"version-history":[{"count":0,"href":"https:\/\/www.feyalegria.org\/italia\/wp-json\/wp\/v2\/posts\/6857\/revisions"}],"wp:featuredmedia":[{"embeddable":true,"href":"https:\/\/www.feyalegria.org\/italia\/wp-json\/wp\/v2\/media\/6854"}],"wp:attachment":[{"href":"https:\/\/www.feyalegria.org\/italia\/wp-json\/wp\/v2\/media?parent=6857"}],"wp:term":[{"taxonomy":"category","embeddable":true,"href":"https:\/\/www.feyalegria.org\/italia\/wp-json\/wp\/v2\/categories?post=6857"},{"taxonomy":"post_tag","embeddable":true,"href":"https:\/\/www.feyalegria.org\/italia\/wp-json\/wp\/v2\/tags?post=6857"},{"taxonomy":"post_folder","embeddable":true,"href":"https:\/\/www.feyalegria.org\/italia\/wp-json\/wp\/v2\/post_folder?post=6857"}],"curies":[{"name":"wp","href":"https:\/\/api.w.org\/{rel}","templated":true}]}}