 {"id":6901,"date":"2023-02-10T10:00:24","date_gmt":"2023-02-10T15:00:24","guid":{"rendered":"https:\/\/www.feyalegria.org\/italia\/?p=6901"},"modified":"2023-02-09T12:08:44","modified_gmt":"2023-02-09T17:08:44","slug":"concurso-musical-diamo-un-tono-con-exhibicion-ante-el-papa-fracesco","status":"publish","type":"post","link":"https:\/\/www.feyalegria.org\/italia\/concurso-musical-diamo-un-tono-con-exhibicion-ante-el-papa-fracesco\/","title":{"rendered":"Concurso musical \u00abDiamoci un tono\u00bb 2023 con exhibici\u00f3n final ante el Papa"},"content":{"rendered":"<div class=\"wpb-content-wrapper\"><p>[vc_row][vc_column width=\u00bb1\/2&#8243;][vc_column_text]<\/p>\n<div class=\"\" data-block=\"true\" data-editor=\"4s5hq\" data-offset-key=\"2bni7-0-0\">\n<div class=\"_1mf _1mj\" data-offset-key=\"2bni7-0-0\"><span data-offset-key=\"2bni7-0-0\">\ud835\uddd6\ud835\uddfc\ud835\uddfb\ud835\uddf0\ud835\ude02\ud835\uddff\ud835\ude00\ud835\uddfc \ud835\uddfa\ud835\ude02\ud835\ude00\ud835\uddf6\ud835\uddf0\ud835\uddee\ud835\uddf9 \u00ab\ud835\uddd7\ud835\uddf6\ud835\uddee\ud835\uddfa\ud835\uddfc\ud835\uddf0\ud835\uddf6 \ud835\ude02\ud835\uddfb \ud835\ude01\ud835\uddfc\ud835\uddfb\ud835\uddfc\u00bb \ud835\udfee\ud835\udfec\ud835\udfee\ud835\udfef de la <\/span><span class=\"_247o\" data-offset-key=\"2bni7-1-0\"><span data-offset-key=\"2bni7-1-0\">Gesuiti Educazione &#8211; la rete di scuole ignaziane<\/span><\/span><span data-offset-key=\"2bni7-2-0\"> : una oportunidad para los alumnos de los colegios de la Provincia Euromediterr\u00e1nea de la Compa\u00f1\u00eda de Jes\u00fas de mostrar su talento y capacidad creativa. <\/span><\/div>\n<\/div>\n<div class=\"\" data-block=\"true\" data-editor=\"4s5hq\" data-offset-key=\"3dc1c-0-0\">\n<div class=\"_1mf _1mj\" data-offset-key=\"3dc1c-0-0\"><span data-offset-key=\"3dc1c-0-0\">\u00a0<\/span><\/div>\n<\/div>\n<div class=\"\" data-block=\"true\" data-editor=\"4s5hq\" data-offset-key=\"6mhsh-0-0\">\n<div class=\"_1mf _1mj\" data-offset-key=\"6mhsh-0-0\"><span data-offset-key=\"6mhsh-0-0\"> Los alumnos finalistas de los Institutos IRFEYAL de Roma, Mil\u00e1n y G\u00e9nova, se reunir\u00e1n junto con los finalistas de los otros colegios en la final en mayo en Tur\u00edn y los ganadores tendr\u00e1n la oportunidad de actuar ante el Papa Francisco, durante la audiencia papal con los colegios jesuitas el 10 de junio del 2023. <\/span><\/div>\n<\/div>\n<div class=\"\" data-block=\"true\" data-editor=\"4s5hq\" data-offset-key=\"77eg3-0-0\">\n<div class=\"_1mf _1mj\" data-offset-key=\"77eg3-0-0\"><span data-offset-key=\"77eg3-0-0\">\u00a0<\/span><\/div>\n<\/div>\n<div class=\"\" data-block=\"true\" data-editor=\"4s5hq\" data-offset-key=\"38ps9-0-0\">\n<div class=\"_1mf _1mj\" data-offset-key=\"38ps9-0-0\"><span data-offset-key=\"38ps9-0-0\">\u00abEsta duod\u00e9cima edici\u00f3n 2023 pretende valorizar la m\u00fasica y los textos que la acompa\u00f1an como medio para transmitir mensajes de esperanza y paz destinados a todos -mujeres y hombres de todos los lugares, pueblos y culturas- y promover el compromiso, reclamado por el Papa Francisco, de \u00abponer la Palabra en el centro, ensanchar nuestras fronteras, abrirnos a las personas, generar experiencias de encuentro\u00bb.\u00bb<\/span><\/div>\n<\/div>\n<div class=\"\" data-block=\"true\" data-editor=\"4s5hq\" data-offset-key=\"5h9bo-0-0\">\n<div class=\"_1mf _1mj\" data-offset-key=\"5h9bo-0-0\"><\/div>\n<\/div>\n<div class=\"\" data-block=\"true\" data-editor=\"4s5hq\" data-offset-key=\"1jd38-0-0\">\n<div class=\"_1mf _1mj\" data-offset-key=\"1jd38-0-0\"><span data-offset-key=\"1jd38-0-0\">via https:\/\/www.gesuitieducazione.it\/al-via-diamoci-un-tono-2023\/<\/span><\/div>\n<\/div>\n<div class=\"\" data-block=\"true\" data-editor=\"4s5hq\" data-offset-key=\"6a62g-0-0\"><\/div>\n<div class=\"\" data-block=\"true\" data-editor=\"4s5hq\" data-offset-key=\"av198-0-0\">\n<div class=\"_1mf _1mj\" data-offset-key=\"av198-0-0\"><\/div>\n<\/div>\n<p>[\/vc_column_text][\/vc_column][vc_column width=\u00bb1\/2&#8243;][vc_single_image image=\u00bb6902&#8243; img_size=\u00bbmedium\u00bb][\/vc_column][\/vc_row][vc_row][vc_column]<div style=\"background-color:;height: 20px\" class=\"nicdark_section  \"><\/div>[\/vc_column][\/vc_row][vc_row][vc_column][\/vc_column][\/vc_row]<\/p>\n<\/div>","protected":false},"excerpt":{"rendered":"<div style=\"height: 146px\">\n<p align=\"justify\">Fe y Alegria Italia \u00e8 chiamata a condividere la sua esperienza come scuola ereditaria in Italia.<\/div>\n","protected":false},"author":62,"featured_media":6902,"comment_status":"closed","ping_status":"closed","sticky":false,"template":"","format":"standard","meta":{"_acf_changed":false,"footnotes":""},"categories":[1],"tags":[],"post_folder":[],"class_list":["post-6901","post","type-post","status-publish","format-standard","has-post-thumbnail","hentry","category-sin-categoria"],"acf":[],"yoast_head":"<!-- This site is optimized with the Yoast SEO plugin v27.5 - https:\/\/yoast.com\/product\/yoast-seo-wordpress\/ -->\n<title>Concurso musical &quot;Diamoci un tono&quot; 2023 con exhibici\u00f3n final ante el Papa - #SomosFeyAlegria en Italia<\/title>\n<meta name=\"description\" content=\"Concurso musical de los alumnos de los colegios de la Provincia Euro-Mediterr\u00e1nea de la Compa\u00f1\u00eda de Jes\u00fas\" \/>\n<meta name=\"robots\" content=\"index, follow, max-snippet:-1, max-image-preview:large, max-video-preview:-1\" \/>\n<link rel=\"canonical\" href=\"https:\/\/www.feyalegria.org\/italia\/concurso-musical-diamo-un-tono-con-exhibicion-ante-el-papa-fracesco\/\" \/>\n<meta property=\"og:locale\" content=\"es_ES\" \/>\n<meta property=\"og:type\" content=\"article\" \/>\n<meta property=\"og:title\" content=\"Concurso musical &quot;Diamoci un tono&quot; 2023 con exhibici\u00f3n final ante el Papa - #SomosFeyAlegria en Italia\" \/>\n<meta property=\"og:description\" content=\"Concurso musical de los alumnos de los colegios de la Provincia Euro-Mediterr\u00e1nea de la Compa\u00f1\u00eda de Jes\u00fas\" \/>\n<meta property=\"og:url\" content=\"https:\/\/www.feyalegria.org\/italia\/concurso-musical-diamo-un-tono-con-exhibicion-ante-el-papa-fracesco\/\" \/>\n<meta property=\"og:site_name\" content=\"#SomosFeyAlegria en Italia\" \/>\n<meta property=\"article:published_time\" content=\"2023-02-10T15:00:24+00:00\" \/>\n<meta property=\"og:image\" content=\"https:\/\/d3pugrm67vf9n7.cloudfront.net\/wp-content\/uploads\/sites\/6\/2023\/02\/09113508\/Diamoci-un-tono-2023-orizzontale-1.png\" \/>\n\t<meta property=\"og:image:width\" content=\"1920\" \/>\n\t<meta property=\"og:image:height\" content=\"1080\" \/>\n\t<meta property=\"og:image:type\" content=\"image\/png\" \/>\n<meta name=\"author\" content=\"editorit02\" \/>\n<meta name=\"twitter:card\" content=\"summary_large_image\" \/>\n<meta name=\"twitter:label1\" content=\"Escrito por\" \/>\n\t<meta name=\"twitter:data1\" content=\"editorit02\" \/>\n\t<meta name=\"twitter:label2\" content=\"Tiempo de lectura\" \/>\n\t<meta name=\"twitter:data2\" content=\"1 minuto\" \/>\n<script type=\"application\/ld+json\" class=\"yoast-schema-graph\">{\"@context\":\"https:\\\/\\\/schema.org\",\"@graph\":[{\"@type\":\"Article\",\"@id\":\"https:\\\/\\\/www.feyalegria.org\\\/italia\\\/concurso-musical-diamo-un-tono-con-exhibicion-ante-el-papa-fracesco\\\/#article\",\"isPartOf\":{\"@id\":\"https:\\\/\\\/www.feyalegria.org\\\/italia\\\/concurso-musical-diamo-un-tono-con-exhibicion-ante-el-papa-fracesco\\\/\"},\"author\":{\"name\":\"editorit02\",\"@id\":\"https:\\\/\\\/www.feyalegria.org\\\/italia\\\/#\\\/schema\\\/person\\\/b3d1d24d890247b479a75367ccb2c88e\"},\"headline\":\"Concurso musical \u00abDiamoci un tono\u00bb 2023 con exhibici\u00f3n final ante el Papa\",\"datePublished\":\"2023-02-10T15:00:24+00:00\",\"mainEntityOfPage\":{\"@id\":\"https:\\\/\\\/www.feyalegria.org\\\/italia\\\/concurso-musical-diamo-un-tono-con-exhibicion-ante-el-papa-fracesco\\\/\"},\"wordCount\":228,\"image\":{\"@id\":\"https:\\\/\\\/www.feyalegria.org\\\/italia\\\/concurso-musical-diamo-un-tono-con-exhibicion-ante-el-papa-fracesco\\\/#primaryimage\"},\"thumbnailUrl\":\"https:\\\/\\\/d3pugrm67vf9n7.cloudfront.net\\\/wp-content\\\/uploads\\\/sites\\\/6\\\/2023\\\/02\\\/09113508\\\/Diamoci-un-tono-2023-orizzontale-1.png\",\"inLanguage\":\"es\"},{\"@type\":\"WebPage\",\"@id\":\"https:\\\/\\\/www.feyalegria.org\\\/italia\\\/concurso-musical-diamo-un-tono-con-exhibicion-ante-el-papa-fracesco\\\/\",\"url\":\"https:\\\/\\\/www.feyalegria.org\\\/italia\\\/concurso-musical-diamo-un-tono-con-exhibicion-ante-el-papa-fracesco\\\/\",\"name\":\"Concurso musical \\\"Diamoci un tono\\\" 2023 con exhibici\u00f3n final ante el Papa - #SomosFeyAlegria en Italia\",\"isPartOf\":{\"@id\":\"https:\\\/\\\/www.feyalegria.org\\\/italia\\\/#website\"},\"primaryImageOfPage\":{\"@id\":\"https:\\\/\\\/www.feyalegria.org\\\/italia\\\/concurso-musical-diamo-un-tono-con-exhibicion-ante-el-papa-fracesco\\\/#primaryimage\"},\"image\":{\"@id\":\"https:\\\/\\\/www.feyalegria.org\\\/italia\\\/concurso-musical-diamo-un-tono-con-exhibicion-ante-el-papa-fracesco\\\/#primaryimage\"},\"thumbnailUrl\":\"https:\\\/\\\/d3pugrm67vf9n7.cloudfront.net\\\/wp-content\\\/uploads\\\/sites\\\/6\\\/2023\\\/02\\\/09113508\\\/Diamoci-un-tono-2023-orizzontale-1.png\",\"datePublished\":\"2023-02-10T15:00:24+00:00\",\"author\":{\"@id\":\"https:\\\/\\\/www.feyalegria.org\\\/italia\\\/#\\\/schema\\\/person\\\/b3d1d24d890247b479a75367ccb2c88e\"},\"description\":\"Concurso musical de los alumnos de los colegios de la Provincia Euro-Mediterr\u00e1nea de la Compa\u00f1\u00eda de Jes\u00fas\",\"inLanguage\":\"es\",\"potentialAction\":[{\"@type\":\"ReadAction\",\"target\":[\"https:\\\/\\\/www.feyalegria.org\\\/italia\\\/concurso-musical-diamo-un-tono-con-exhibicion-ante-el-papa-fracesco\\\/\"]}]},{\"@type\":\"ImageObject\",\"inLanguage\":\"es\",\"@id\":\"https:\\\/\\\/www.feyalegria.org\\\/italia\\\/concurso-musical-diamo-un-tono-con-exhibicion-ante-el-papa-fracesco\\\/#primaryimage\",\"url\":\"https:\\\/\\\/d3pugrm67vf9n7.cloudfront.net\\\/wp-content\\\/uploads\\\/sites\\\/6\\\/2023\\\/02\\\/09113508\\\/Diamoci-un-tono-2023-orizzontale-1.png\",\"contentUrl\":\"https:\\\/\\\/d3pugrm67vf9n7.cloudfront.net\\\/wp-content\\\/uploads\\\/sites\\\/6\\\/2023\\\/02\\\/09113508\\\/Diamoci-un-tono-2023-orizzontale-1.png\",\"width\":1920,\"height\":1080},{\"@type\":\"WebSite\",\"@id\":\"https:\\\/\\\/www.feyalegria.org\\\/italia\\\/#website\",\"url\":\"https:\\\/\\\/www.feyalegria.org\\\/italia\\\/\",\"name\":\"#SomosFeyAlegria en Italia\",\"description\":\"Movimiento de Educaci\u00f3n Popular y Promoci\u00f3n Social\",\"potentialAction\":[{\"@type\":\"SearchAction\",\"target\":{\"@type\":\"EntryPoint\",\"urlTemplate\":\"https:\\\/\\\/www.feyalegria.org\\\/italia\\\/?s={search_term_string}\"},\"query-input\":{\"@type\":\"PropertyValueSpecification\",\"valueRequired\":true,\"valueName\":\"search_term_string\"}}],\"inLanguage\":\"es\"},{\"@type\":\"Person\",\"@id\":\"https:\\\/\\\/www.feyalegria.org\\\/italia\\\/#\\\/schema\\\/person\\\/b3d1d24d890247b479a75367ccb2c88e\",\"name\":\"editorit02\",\"url\":\"https:\\\/\\\/www.feyalegria.org\\\/italia\\\/author\\\/editorit02\\\/\"}]}<\/script>\n<!-- \/ Yoast SEO plugin. -->","yoast_head_json":{"title":"Concurso musical \"Diamoci un tono\" 2023 con exhibici\u00f3n final ante el Papa - #SomosFeyAlegria en Italia","description":"Concurso musical de los alumnos de los colegios de la Provincia Euro-Mediterr\u00e1nea de la Compa\u00f1\u00eda de Jes\u00fas","robots":{"index":"index","follow":"follow","max-snippet":"max-snippet:-1","max-image-preview":"max-image-preview:large","max-video-preview":"max-video-preview:-1"},"canonical":"https:\/\/www.feyalegria.org\/italia\/concurso-musical-diamo-un-tono-con-exhibicion-ante-el-papa-fracesco\/","og_locale":"es_ES","og_type":"article","og_title":"Concurso musical \"Diamoci un tono\" 2023 con exhibici\u00f3n final ante el Papa - #SomosFeyAlegria en Italia","og_description":"Concurso musical de los alumnos de los colegios de la Provincia Euro-Mediterr\u00e1nea de la Compa\u00f1\u00eda de Jes\u00fas","og_url":"https:\/\/www.feyalegria.org\/italia\/concurso-musical-diamo-un-tono-con-exhibicion-ante-el-papa-fracesco\/","og_site_name":"#SomosFeyAlegria en Italia","article_published_time":"2023-02-10T15:00:24+00:00","og_image":[{"width":1920,"height":1080,"url":"https:\/\/d3pugrm67vf9n7.cloudfront.net\/wp-content\/uploads\/sites\/6\/2023\/02\/09113508\/Diamoci-un-tono-2023-orizzontale-1.png","type":"image\/png"}],"author":"editorit02","twitter_card":"summary_large_image","twitter_misc":{"Escrito por":"editorit02","Tiempo de lectura":"1 minuto"},"schema":{"@context":"https:\/\/schema.org","@graph":[{"@type":"Article","@id":"https:\/\/www.feyalegria.org\/italia\/concurso-musical-diamo-un-tono-con-exhibicion-ante-el-papa-fracesco\/#article","isPartOf":{"@id":"https:\/\/www.feyalegria.org\/italia\/concurso-musical-diamo-un-tono-con-exhibicion-ante-el-papa-fracesco\/"},"author":{"name":"editorit02","@id":"https:\/\/www.feyalegria.org\/italia\/#\/schema\/person\/b3d1d24d890247b479a75367ccb2c88e"},"headline":"Concurso musical \u00abDiamoci un tono\u00bb 2023 con exhibici\u00f3n final ante el Papa","datePublished":"2023-02-10T15:00:24+00:00","mainEntityOfPage":{"@id":"https:\/\/www.feyalegria.org\/italia\/concurso-musical-diamo-un-tono-con-exhibicion-ante-el-papa-fracesco\/"},"wordCount":228,"image":{"@id":"https:\/\/www.feyalegria.org\/italia\/concurso-musical-diamo-un-tono-con-exhibicion-ante-el-papa-fracesco\/#primaryimage"},"thumbnailUrl":"https:\/\/d3pugrm67vf9n7.cloudfront.net\/wp-content\/uploads\/sites\/6\/2023\/02\/09113508\/Diamoci-un-tono-2023-orizzontale-1.png","inLanguage":"es"},{"@type":"WebPage","@id":"https:\/\/www.feyalegria.org\/italia\/concurso-musical-diamo-un-tono-con-exhibicion-ante-el-papa-fracesco\/","url":"https:\/\/www.feyalegria.org\/italia\/concurso-musical-diamo-un-tono-con-exhibicion-ante-el-papa-fracesco\/","name":"Concurso musical \"Diamoci un tono\" 2023 con exhibici\u00f3n final ante el Papa - #SomosFeyAlegria en Italia","isPartOf":{"@id":"https:\/\/www.feyalegria.org\/italia\/#website"},"primaryImageOfPage":{"@id":"https:\/\/www.feyalegria.org\/italia\/concurso-musical-diamo-un-tono-con-exhibicion-ante-el-papa-fracesco\/#primaryimage"},"image":{"@id":"https:\/\/www.feyalegria.org\/italia\/concurso-musical-diamo-un-tono-con-exhibicion-ante-el-papa-fracesco\/#primaryimage"},"thumbnailUrl":"https:\/\/d3pugrm67vf9n7.cloudfront.net\/wp-content\/uploads\/sites\/6\/2023\/02\/09113508\/Diamoci-un-tono-2023-orizzontale-1.png","datePublished":"2023-02-10T15:00:24+00:00","author":{"@id":"https:\/\/www.feyalegria.org\/italia\/#\/schema\/person\/b3d1d24d890247b479a75367ccb2c88e"},"description":"Concurso musical de los alumnos de los colegios de la Provincia Euro-Mediterr\u00e1nea de la Compa\u00f1\u00eda de Jes\u00fas","inLanguage":"es","potentialAction":[{"@type":"ReadAction","target":["https:\/\/www.feyalegria.org\/italia\/concurso-musical-diamo-un-tono-con-exhibicion-ante-el-papa-fracesco\/"]}]},{"@type":"ImageObject","inLanguage":"es","@id":"https:\/\/www.feyalegria.org\/italia\/concurso-musical-diamo-un-tono-con-exhibicion-ante-el-papa-fracesco\/#primaryimage","url":"https:\/\/d3pugrm67vf9n7.cloudfront.net\/wp-content\/uploads\/sites\/6\/2023\/02\/09113508\/Diamoci-un-tono-2023-orizzontale-1.png","contentUrl":"https:\/\/d3pugrm67vf9n7.cloudfront.net\/wp-content\/uploads\/sites\/6\/2023\/02\/09113508\/Diamoci-un-tono-2023-orizzontale-1.png","width":1920,"height":1080},{"@type":"WebSite","@id":"https:\/\/www.feyalegria.org\/italia\/#website","url":"https:\/\/www.feyalegria.org\/italia\/","name":"#SomosFeyAlegria en Italia","description":"Movimiento de Educaci\u00f3n Popular y Promoci\u00f3n Social","potentialAction":[{"@type":"SearchAction","target":{"@type":"EntryPoint","urlTemplate":"https:\/\/www.feyalegria.org\/italia\/?s={search_term_string}"},"query-input":{"@type":"PropertyValueSpecification","valueRequired":true,"valueName":"search_term_string"}}],"inLanguage":"es"},{"@type":"Person","@id":"https:\/\/www.feyalegria.org\/italia\/#\/schema\/person\/b3d1d24d890247b479a75367ccb2c88e","name":"editorit02","url":"https:\/\/www.feyalegria.org\/italia\/author\/editorit02\/"}]}},"_links":{"self":[{"href":"https:\/\/www.feyalegria.org\/italia\/wp-json\/wp\/v2\/posts\/6901","targetHints":{"allow":["GET"]}}],"collection":[{"href":"https:\/\/www.feyalegria.org\/italia\/wp-json\/wp\/v2\/posts"}],"about":[{"href":"https:\/\/www.feyalegria.org\/italia\/wp-json\/wp\/v2\/types\/post"}],"author":[{"embeddable":true,"href":"https:\/\/www.feyalegria.org\/italia\/wp-json\/wp\/v2\/users\/62"}],"replies":[{"embeddable":true,"href":"https:\/\/www.feyalegria.org\/italia\/wp-json\/wp\/v2\/comments?post=6901"}],"version-history":[{"count":0,"href":"https:\/\/www.feyalegria.org\/italia\/wp-json\/wp\/v2\/posts\/6901\/revisions"}],"wp:featuredmedia":[{"embeddable":true,"href":"https:\/\/www.feyalegria.org\/italia\/wp-json\/wp\/v2\/media\/6902"}],"wp:attachment":[{"href":"https:\/\/www.feyalegria.org\/italia\/wp-json\/wp\/v2\/media?parent=6901"}],"wp:term":[{"taxonomy":"category","embeddable":true,"href":"https:\/\/www.feyalegria.org\/italia\/wp-json\/wp\/v2\/categories?post=6901"},{"taxonomy":"post_tag","embeddable":true,"href":"https:\/\/www.feyalegria.org\/italia\/wp-json\/wp\/v2\/tags?post=6901"},{"taxonomy":"post_folder","embeddable":true,"href":"https:\/\/www.feyalegria.org\/italia\/wp-json\/wp\/v2\/post_folder?post=6901"}],"curies":[{"name":"wp","href":"https:\/\/api.w.org\/{rel}","templated":true}]}}