 {"id":7312,"date":"2025-01-24T12:00:30","date_gmt":"2025-01-24T17:00:30","guid":{"rendered":"https:\/\/www.feyalegria.org\/italia\/?p=7312"},"modified":"2025-01-23T16:34:20","modified_gmt":"2025-01-23T21:34:20","slug":"campana-derecho-aprendizaje","status":"publish","type":"post","link":"https:\/\/www.feyalegria.org\/italia\/campana-derecho-aprendizaje\/","title":{"rendered":"Campa\u00f1a por el derecho al aprendizaje: levantamos la mano por la aventura de aprender"},"content":{"rendered":"<div class=\"wpb-content-wrapper\"><p>[vc_row][vc_column][vc_empty_space height=\u00bb60px\u00bb][vc_column_text css=\u00bb\u00bb]Comunicado de prensa[\/vc_column_text][vc_column_text css=\u00bb\u00bb]<\/p>\n<h2 style=\"text-align: center;\">Levantamos la mano por la aventura de aprender<\/h2>\n<p>&nbsp;<\/p>\n<p>&nbsp;<\/p>\n<p><strong>Bogot\u00e1 D.C., enero 24 de 2025<\/strong>. En Fe y Alegr\u00eda, reafirmamos nuestra convicci\u00f3n<br \/>\nde que una educaci\u00f3n p\u00fablica de calidad es clave para construir un mundo m\u00e1s<br \/>\njusto y equitativo. En el marco del D\u00eda Internacional de la Educaci\u00f3n, hacemos un<br \/>\nllamado a Ministras, Ministros de Educaci\u00f3n y altas autoridades de los 22 pa\u00edses<br \/>\ndonde estamos presentes, a reconocer el <a href=\"https:\/\/www.derechoalaprendizaje.org\/\">papel esencial del aprendizaje<\/a> y a renovar<br \/>\nsu compromiso de trabajar en conjunto para garantizar este derecho fundamental.[\/vc_column_text][\/vc_column][\/vc_row][vc_row][vc_column][vc_video link=\u00bbhttps:\/\/www.youtube.com\/watch?v=SYmc1sG8KPg&amp;embeds_referring_euri=https%3A%2F%2Fwww.derechoalaprendizaje.org%2F&amp;source_ve_path=OTY3MTQ\u00bb css=\u00bb\u00bb title=\u00bbVideo de la campa\u00f1a por el Derecho al Aprendizaje\u00bb][vc_column_text css=\u00bb\u00bb]Fe y Alegr\u00eda hace hoy un llamado urgente a incrementar el acceso, permanencia y<br \/>\npromoci\u00f3n, as\u00ed como la calidad de la educaci\u00f3n para asegurar que nadie se quede<br \/>\natr\u00e1s, prestando especial atenci\u00f3n a las ni\u00f1as, las mujeres, las personas con<br \/>\ndiscapacidad y las personas migrantes. Los Gobiernos deben tomar medidas<br \/>\ninmediatas para cumplir sus compromisos, mejorando las condiciones educativas,<br \/>\ncomo la infraestructura, la conectividad y los entornos seguros, y cerrar las brechas<br \/>\nde aprendizaje.<\/p>\n<p>Es esencial defender y fortalecer la inversi\u00f3n en educaci\u00f3n p\u00fablica de calidad<br \/>\nporque esto estimula el crecimiento econ\u00f3mico: cada d\u00f3lar que un gobierno gasta<br \/>\nen educaci\u00f3n aumenta el <a href=\"http:\/\/Informe WDI del Banco Mundial 2022.\">PIB en una media de 20 d\u00f3lare<\/a>s . Si todos los ni\u00f1os, ni\u00f1as<br \/>\ny j\u00f3venes estuvieran escolarizados y aprendiendo, <a href=\"http:\/\/Informe WDI del Banco Mundial 2022.\">el PIB mundial aumentar\u00eda en 6,5<\/a><br \/>\nbillones de d\u00f3lares al a\u00f1o.<\/p>\n<p>\u201cLa 4\u00aa Conferencia Internacional sobre la Financiaci\u00f3n para el Desarrollo que<br \/>\nse celebra este a\u00f1o es la oportunidad de la d\u00e9cada para llegar a compromisos de<br \/>\njusticia fiscal que reviertan en una mayor justicia educativa. Desde Fe y Alegr\u00eda<br \/>\nestaremos siguiendo las negociaciones y llamando al bien com\u00fan y a la<br \/>\nredistribuci\u00f3n equitativa\u201d, coment\u00f3 Daniel Villanueva, coordinador general de Fe y<br \/>\nAlegr\u00eda Internacional.<\/p>\n<p>Exigimos que las pol\u00edticas p\u00fablicas garanticen de manera efectiva la educaci\u00f3n<br \/>\ndesde la primera infancia, comenzando progresivamente desde el primer a\u00f1o de<br \/>\nense\u00f1anza preescolar obligatoria y gratuita. Los logros en las edades tempranas<br \/>\nser\u00e1n fundamentales para que la educaci\u00f3n cumpla su potencial hasta la vida<br \/>\nadulta, desarrollando las capacidades que permitan una vida digna y contribuyan a<br \/>\nla transformaci\u00f3n de las condiciones para crear sociedades m\u00e1s inclusivas, justas y<br \/>\ndemocr\u00e1ticas.[\/vc_column_text][vc_column_text css=\u00bb\u00bb]Para responder al llamado de la UNESCO de reimaginar la Educaci\u00f3n, los<br \/>\nGobiernos deben permitir que los curr\u00edculos oficiales sean flexibles y fomenten la<br \/>\ninnovaci\u00f3n como principios de transformaci\u00f3n en los procesos educativos,<br \/>\nadoptando un nuevo paradigma de calidad. Centrando nuestra atenci\u00f3n en la<br \/>\npersona como titular de derechos, los aprendizajes integrales e inclusivos deben<br \/>\nenriquecerse desde los contextos con nuevos contenidos, recursos, tecnolog\u00eda,<br \/>\nmetodolog\u00edas y estrategias a la altura de los desaf\u00edos actuales; la innovaci\u00f3n ha de<br \/>\nestar al alcance de todo el estudiantado y profesorado, no puede ser una moneda<br \/>\nde cambio por la privatizaci\u00f3n de los sistemas educativos.<br \/>\nPor \u00faltimo, es imperativo reducir el d\u00e9ficit de docentes y garantizar su formaci\u00f3n<br \/>\ninicial y continua, basada en criterios de pertinencia y calidad, para no comprometer<br \/>\nla educaci\u00f3n, especialmente la de las poblaciones en condiciones de mayor<br \/>\nvulnerabilidad y exclusi\u00f3n. Es con docentes bien remunerados, que cuenten con<br \/>\ncondiciones adecuadas de trabajo, c\u00f3mo ser\u00e1 posible lograr una educaci\u00f3n de<br \/>\ncalidad. Tal y como destaca el m\u00e1s reciente Informe GEM de UNESCO, el liderazgo<br \/>\neducativo de docentes, formadores y dem\u00e1s personal educativo suelen ser el factor<br \/>\nm\u00e1s influyente en un sistema educativo, especialmente en lo que respecta a los<br \/>\nresultados de aprendizaje.[\/vc_column_text][\/vc_column][\/vc_row][vc_row][vc_column][vc_column_text css=\u00bb\u00bb]Fe y Alegr\u00eda reconoce la necesidad de abordar las brechas persistentes y se<br \/>\ncompromete a seguir trabajando incansablemente para superar los obst\u00e1culos que<br \/>\nimpiden que muchos colectivos puedan acceder al derecho a aprender.<br \/>\nEn este marco, la Federaci\u00f3n Internacional Fe y Alegr\u00eda est\u00e1 haciendo incidencia<br \/>\npol\u00edtica multinivel y dialogando con organizaciones internacionales, redes,<br \/>\nplataformas y aliadas para generar lazos en torno a la reci\u00e9n lanzada <a href=\"https:\/\/www.google.com\/url?sa=D&amp;q=https:\/\/www.derechoalaprendizaje.org\/&amp;ust=1737752400000000&amp;usg=AOvVaw1EVzYc8qipD3WFUhE3FQTW&amp;hl=es&amp;source=gmail\">Campa\u00f1a por<\/a><br \/>\nel Derecho al Aprendizaje. S\u00f3lo con aprendizajes de calidad, la educaci\u00f3n se<br \/>\nconvierte en una herramienta liberadora y poderosa para el cambio social, para que<br \/>\ncada persona pueda realizar su vocaci\u00f3n de ser agente de cambio, que tiende<br \/>\npuentes hacia un futuro m\u00e1s brillante y equitativo.[\/vc_column_text][\/vc_column][\/vc_row]<\/p>\n<\/div>","protected":false},"excerpt":{"rendered":"<div style=\"height: 146px\">\n<p align=\"justify\">En Fe y Alegr\u00eda, reafirmamos que una educaci\u00f3n p\u00fablica de calidad es clave para construir un mundo m\u00e1s justo y equitativo. Hoy, hacemos un llamado urgente a garantizar el acceso, la permanencia y la calidad educativa para no dejar a nadie atr\u00e1s.<\/p>\n","protected":false},"author":9,"featured_media":7313,"comment_status":"closed","ping_status":"closed","sticky":false,"template":"","format":"standard","meta":{"_acf_changed":false,"footnotes":""},"categories":[120],"tags":[],"post_folder":[],"class_list":["post-7312","post","type-post","status-publish","format-standard","has-post-thumbnail","hentry","category-sin-categoria-es"],"acf":[],"yoast_head":"<!-- This site is optimized with the Yoast SEO plugin v27.5 - https:\/\/yoast.com\/product\/yoast-seo-wordpress\/ -->\n<title>Campa\u00f1a por el derecho al aprendizaje: levantamos la mano por la aventura de aprender - #SomosFeyAlegria en Italia<\/title>\n<meta name=\"description\" content=\"Fe y Alegria con Cielo Adelly Choque finalista en el concurso Diamoci un tono de la Fondazione Gesuiti Educazione.\" \/>\n<meta name=\"robots\" content=\"index, follow, max-snippet:-1, max-image-preview:large, max-video-preview:-1\" \/>\n<link rel=\"canonical\" href=\"https:\/\/www.feyalegria.org\/italia\/campana-derecho-aprendizaje\/\" \/>\n<meta property=\"og:locale\" content=\"es_ES\" \/>\n<meta property=\"og:type\" content=\"article\" \/>\n<meta property=\"og:title\" content=\"Campa\u00f1a por el derecho al aprendizaje: levantamos la mano por la aventura de aprender - #SomosFeyAlegria en Italia\" \/>\n<meta property=\"og:description\" content=\"Fe y Alegria con Cielo Adelly Choque finalista en el concurso Diamoci un tono de la Fondazione Gesuiti Educazione.\" \/>\n<meta property=\"og:url\" content=\"https:\/\/www.feyalegria.org\/italia\/campana-derecho-aprendizaje\/\" \/>\n<meta property=\"og:site_name\" content=\"#SomosFeyAlegria en Italia\" \/>\n<meta property=\"article:published_time\" content=\"2025-01-24T17:00:30+00:00\" \/>\n<meta property=\"og:image\" content=\"https:\/\/d3pugrm67vf9n7.cloudfront.net\/wp-content\/uploads\/sites\/6\/2025\/01\/23161946\/MONTAJE-PIEZAS-DIA-EDU-1-ITALIANO.jpg\" \/>\n\t<meta property=\"og:image:width\" content=\"720\" \/>\n\t<meta property=\"og:image:height\" content=\"720\" \/>\n\t<meta property=\"og:image:type\" content=\"image\/jpeg\" \/>\n<meta name=\"author\" content=\"editorit\" \/>\n<meta name=\"twitter:card\" content=\"summary_large_image\" \/>\n<meta name=\"twitter:label1\" content=\"Escrito por\" \/>\n\t<meta name=\"twitter:data1\" content=\"editorit\" \/>\n\t<meta name=\"twitter:label2\" content=\"Tiempo de lectura\" \/>\n\t<meta name=\"twitter:data2\" content=\"4 minutos\" \/>\n<script type=\"application\/ld+json\" class=\"yoast-schema-graph\">{\"@context\":\"https:\\\/\\\/schema.org\",\"@graph\":[{\"@type\":\"Article\",\"@id\":\"https:\\\/\\\/www.feyalegria.org\\\/italia\\\/campana-derecho-aprendizaje\\\/#article\",\"isPartOf\":{\"@id\":\"https:\\\/\\\/www.feyalegria.org\\\/italia\\\/campana-derecho-aprendizaje\\\/\"},\"author\":{\"name\":\"editorit\",\"@id\":\"https:\\\/\\\/www.feyalegria.org\\\/italia\\\/#\\\/schema\\\/person\\\/41c999d0ecac125419b37a6941f22606\"},\"headline\":\"Campa\u00f1a por el derecho al aprendizaje: levantamos la mano por la aventura de aprender\",\"datePublished\":\"2025-01-24T17:00:30+00:00\",\"mainEntityOfPage\":{\"@id\":\"https:\\\/\\\/www.feyalegria.org\\\/italia\\\/campana-derecho-aprendizaje\\\/\"},\"wordCount\":860,\"image\":{\"@id\":\"https:\\\/\\\/www.feyalegria.org\\\/italia\\\/campana-derecho-aprendizaje\\\/#primaryimage\"},\"thumbnailUrl\":\"https:\\\/\\\/d3pugrm67vf9n7.cloudfront.net\\\/wp-content\\\/uploads\\\/sites\\\/6\\\/2025\\\/01\\\/23161946\\\/MONTAJE-PIEZAS-DIA-EDU-1-ITALIANO.jpg\",\"inLanguage\":\"es\"},{\"@type\":\"WebPage\",\"@id\":\"https:\\\/\\\/www.feyalegria.org\\\/italia\\\/campana-derecho-aprendizaje\\\/\",\"url\":\"https:\\\/\\\/www.feyalegria.org\\\/italia\\\/campana-derecho-aprendizaje\\\/\",\"name\":\"Campa\u00f1a por el derecho al aprendizaje: levantamos la mano por la aventura de aprender - #SomosFeyAlegria en Italia\",\"isPartOf\":{\"@id\":\"https:\\\/\\\/www.feyalegria.org\\\/italia\\\/#website\"},\"primaryImageOfPage\":{\"@id\":\"https:\\\/\\\/www.feyalegria.org\\\/italia\\\/campana-derecho-aprendizaje\\\/#primaryimage\"},\"image\":{\"@id\":\"https:\\\/\\\/www.feyalegria.org\\\/italia\\\/campana-derecho-aprendizaje\\\/#primaryimage\"},\"thumbnailUrl\":\"https:\\\/\\\/d3pugrm67vf9n7.cloudfront.net\\\/wp-content\\\/uploads\\\/sites\\\/6\\\/2025\\\/01\\\/23161946\\\/MONTAJE-PIEZAS-DIA-EDU-1-ITALIANO.jpg\",\"datePublished\":\"2025-01-24T17:00:30+00:00\",\"author\":{\"@id\":\"https:\\\/\\\/www.feyalegria.org\\\/italia\\\/#\\\/schema\\\/person\\\/41c999d0ecac125419b37a6941f22606\"},\"description\":\"Fe y Alegria con Cielo Adelly Choque finalista en el concurso Diamoci un tono de la Fondazione Gesuiti Educazione.\",\"inLanguage\":\"es\",\"potentialAction\":[{\"@type\":\"ReadAction\",\"target\":[\"https:\\\/\\\/www.feyalegria.org\\\/italia\\\/campana-derecho-aprendizaje\\\/\"]}]},{\"@type\":\"ImageObject\",\"inLanguage\":\"es\",\"@id\":\"https:\\\/\\\/www.feyalegria.org\\\/italia\\\/campana-derecho-aprendizaje\\\/#primaryimage\",\"url\":\"https:\\\/\\\/d3pugrm67vf9n7.cloudfront.net\\\/wp-content\\\/uploads\\\/sites\\\/6\\\/2025\\\/01\\\/23161946\\\/MONTAJE-PIEZAS-DIA-EDU-1-ITALIANO.jpg\",\"contentUrl\":\"https:\\\/\\\/d3pugrm67vf9n7.cloudfront.net\\\/wp-content\\\/uploads\\\/sites\\\/6\\\/2025\\\/01\\\/23161946\\\/MONTAJE-PIEZAS-DIA-EDU-1-ITALIANO.jpg\",\"width\":720,\"height\":720},{\"@type\":\"WebSite\",\"@id\":\"https:\\\/\\\/www.feyalegria.org\\\/italia\\\/#website\",\"url\":\"https:\\\/\\\/www.feyalegria.org\\\/italia\\\/\",\"name\":\"#SomosFeyAlegria en Italia\",\"description\":\"Movimiento de Educaci\u00f3n Popular y Promoci\u00f3n Social\",\"potentialAction\":[{\"@type\":\"SearchAction\",\"target\":{\"@type\":\"EntryPoint\",\"urlTemplate\":\"https:\\\/\\\/www.feyalegria.org\\\/italia\\\/?s={search_term_string}\"},\"query-input\":{\"@type\":\"PropertyValueSpecification\",\"valueRequired\":true,\"valueName\":\"search_term_string\"}}],\"inLanguage\":\"es\"},{\"@type\":\"Person\",\"@id\":\"https:\\\/\\\/www.feyalegria.org\\\/italia\\\/#\\\/schema\\\/person\\\/41c999d0ecac125419b37a6941f22606\",\"name\":\"editorit\",\"sameAs\":[\"https:\\\/\\\/www.feyalegria.it\"],\"url\":\"https:\\\/\\\/www.feyalegria.org\\\/italia\\\/author\\\/editorit\\\/\"}]}<\/script>\n<!-- \/ Yoast SEO plugin. -->","yoast_head_json":{"title":"Campa\u00f1a por el derecho al aprendizaje: levantamos la mano por la aventura de aprender - #SomosFeyAlegria en Italia","description":"Fe y Alegria con Cielo Adelly Choque finalista en el concurso Diamoci un tono de la Fondazione Gesuiti Educazione.","robots":{"index":"index","follow":"follow","max-snippet":"max-snippet:-1","max-image-preview":"max-image-preview:large","max-video-preview":"max-video-preview:-1"},"canonical":"https:\/\/www.feyalegria.org\/italia\/campana-derecho-aprendizaje\/","og_locale":"es_ES","og_type":"article","og_title":"Campa\u00f1a por el derecho al aprendizaje: levantamos la mano por la aventura de aprender - #SomosFeyAlegria en Italia","og_description":"Fe y Alegria con Cielo Adelly Choque finalista en el concurso Diamoci un tono de la Fondazione Gesuiti Educazione.","og_url":"https:\/\/www.feyalegria.org\/italia\/campana-derecho-aprendizaje\/","og_site_name":"#SomosFeyAlegria en Italia","article_published_time":"2025-01-24T17:00:30+00:00","og_image":[{"width":720,"height":720,"url":"https:\/\/d3pugrm67vf9n7.cloudfront.net\/wp-content\/uploads\/sites\/6\/2025\/01\/23161946\/MONTAJE-PIEZAS-DIA-EDU-1-ITALIANO.jpg","type":"image\/jpeg"}],"author":"editorit","twitter_card":"summary_large_image","twitter_misc":{"Escrito por":"editorit","Tiempo de lectura":"4 minutos"},"schema":{"@context":"https:\/\/schema.org","@graph":[{"@type":"Article","@id":"https:\/\/www.feyalegria.org\/italia\/campana-derecho-aprendizaje\/#article","isPartOf":{"@id":"https:\/\/www.feyalegria.org\/italia\/campana-derecho-aprendizaje\/"},"author":{"name":"editorit","@id":"https:\/\/www.feyalegria.org\/italia\/#\/schema\/person\/41c999d0ecac125419b37a6941f22606"},"headline":"Campa\u00f1a por el derecho al aprendizaje: levantamos la mano por la aventura de aprender","datePublished":"2025-01-24T17:00:30+00:00","mainEntityOfPage":{"@id":"https:\/\/www.feyalegria.org\/italia\/campana-derecho-aprendizaje\/"},"wordCount":860,"image":{"@id":"https:\/\/www.feyalegria.org\/italia\/campana-derecho-aprendizaje\/#primaryimage"},"thumbnailUrl":"https:\/\/d3pugrm67vf9n7.cloudfront.net\/wp-content\/uploads\/sites\/6\/2025\/01\/23161946\/MONTAJE-PIEZAS-DIA-EDU-1-ITALIANO.jpg","inLanguage":"es"},{"@type":"WebPage","@id":"https:\/\/www.feyalegria.org\/italia\/campana-derecho-aprendizaje\/","url":"https:\/\/www.feyalegria.org\/italia\/campana-derecho-aprendizaje\/","name":"Campa\u00f1a por el derecho al aprendizaje: levantamos la mano por la aventura de aprender - #SomosFeyAlegria en Italia","isPartOf":{"@id":"https:\/\/www.feyalegria.org\/italia\/#website"},"primaryImageOfPage":{"@id":"https:\/\/www.feyalegria.org\/italia\/campana-derecho-aprendizaje\/#primaryimage"},"image":{"@id":"https:\/\/www.feyalegria.org\/italia\/campana-derecho-aprendizaje\/#primaryimage"},"thumbnailUrl":"https:\/\/d3pugrm67vf9n7.cloudfront.net\/wp-content\/uploads\/sites\/6\/2025\/01\/23161946\/MONTAJE-PIEZAS-DIA-EDU-1-ITALIANO.jpg","datePublished":"2025-01-24T17:00:30+00:00","author":{"@id":"https:\/\/www.feyalegria.org\/italia\/#\/schema\/person\/41c999d0ecac125419b37a6941f22606"},"description":"Fe y Alegria con Cielo Adelly Choque finalista en el concurso Diamoci un tono de la Fondazione Gesuiti Educazione.","inLanguage":"es","potentialAction":[{"@type":"ReadAction","target":["https:\/\/www.feyalegria.org\/italia\/campana-derecho-aprendizaje\/"]}]},{"@type":"ImageObject","inLanguage":"es","@id":"https:\/\/www.feyalegria.org\/italia\/campana-derecho-aprendizaje\/#primaryimage","url":"https:\/\/d3pugrm67vf9n7.cloudfront.net\/wp-content\/uploads\/sites\/6\/2025\/01\/23161946\/MONTAJE-PIEZAS-DIA-EDU-1-ITALIANO.jpg","contentUrl":"https:\/\/d3pugrm67vf9n7.cloudfront.net\/wp-content\/uploads\/sites\/6\/2025\/01\/23161946\/MONTAJE-PIEZAS-DIA-EDU-1-ITALIANO.jpg","width":720,"height":720},{"@type":"WebSite","@id":"https:\/\/www.feyalegria.org\/italia\/#website","url":"https:\/\/www.feyalegria.org\/italia\/","name":"#SomosFeyAlegria en Italia","description":"Movimiento de Educaci\u00f3n Popular y Promoci\u00f3n Social","potentialAction":[{"@type":"SearchAction","target":{"@type":"EntryPoint","urlTemplate":"https:\/\/www.feyalegria.org\/italia\/?s={search_term_string}"},"query-input":{"@type":"PropertyValueSpecification","valueRequired":true,"valueName":"search_term_string"}}],"inLanguage":"es"},{"@type":"Person","@id":"https:\/\/www.feyalegria.org\/italia\/#\/schema\/person\/41c999d0ecac125419b37a6941f22606","name":"editorit","sameAs":["https:\/\/www.feyalegria.it"],"url":"https:\/\/www.feyalegria.org\/italia\/author\/editorit\/"}]}},"_links":{"self":[{"href":"https:\/\/www.feyalegria.org\/italia\/wp-json\/wp\/v2\/posts\/7312","targetHints":{"allow":["GET"]}}],"collection":[{"href":"https:\/\/www.feyalegria.org\/italia\/wp-json\/wp\/v2\/posts"}],"about":[{"href":"https:\/\/www.feyalegria.org\/italia\/wp-json\/wp\/v2\/types\/post"}],"author":[{"embeddable":true,"href":"https:\/\/www.feyalegria.org\/italia\/wp-json\/wp\/v2\/users\/9"}],"replies":[{"embeddable":true,"href":"https:\/\/www.feyalegria.org\/italia\/wp-json\/wp\/v2\/comments?post=7312"}],"version-history":[{"count":0,"href":"https:\/\/www.feyalegria.org\/italia\/wp-json\/wp\/v2\/posts\/7312\/revisions"}],"wp:featuredmedia":[{"embeddable":true,"href":"https:\/\/www.feyalegria.org\/italia\/wp-json\/wp\/v2\/media\/7313"}],"wp:attachment":[{"href":"https:\/\/www.feyalegria.org\/italia\/wp-json\/wp\/v2\/media?parent=7312"}],"wp:term":[{"taxonomy":"category","embeddable":true,"href":"https:\/\/www.feyalegria.org\/italia\/wp-json\/wp\/v2\/categories?post=7312"},{"taxonomy":"post_tag","embeddable":true,"href":"https:\/\/www.feyalegria.org\/italia\/wp-json\/wp\/v2\/tags?post=7312"},{"taxonomy":"post_folder","embeddable":true,"href":"https:\/\/www.feyalegria.org\/italia\/wp-json\/wp\/v2\/post_folder?post=7312"}],"curies":[{"name":"wp","href":"https:\/\/api.w.org\/{rel}","templated":true}]}}