 {"id":7361,"date":"2025-03-10T18:32:57","date_gmt":"2025-03-10T23:32:57","guid":{"rendered":"https:\/\/www.feyalegria.org\/italia\/?p=7361"},"modified":"2025-06-05T17:43:38","modified_gmt":"2025-06-05T22:43:38","slug":"fe-y-alegria-roma-futuro-junto-istituto-massimiliano-massimo-roma","status":"publish","type":"post","link":"https:\/\/www.feyalegria.org\/italia\/fe-y-alegria-roma-futuro-junto-istituto-massimiliano-massimo-roma\/","title":{"rendered":"Fe y Alegr\u00eda Roma: un nuevo cap\u00edtulo, un nuevo futuro junto al Istituto Massimiliano Massimo"},"content":{"rendered":"<div class=\"wpb-content-wrapper\"><p>[vc_row][vc_column][vc_empty_space height=\u00bb60px\u00bb][vc_column_text css=\u00bb\u00bb]<\/p>\n<h1>Fe y Alegr\u00eda Roma inicia un nuevo cap\u00edtulo en el Istituto Massimiliano Massimo<\/h1>\n<p>[\/vc_column_text][\/vc_column][\/vc_row][vc_row][vc_column width=\u00bb1\/2&#8243;][vc_column_text css=\u00bb\u00bb]<\/p>\n<p data-start=\"212\" data-end=\"489\">Fe y Alegr\u00eda Roma da un paso importante en su trayectoria educativa con su traslado al <strong data-start=\"299\" data-end=\"333\">Instituto Massimiliano Massimo<\/strong> de Roma. Este cambio marca el inicio de una nueva etapa, llena de oportunidades para fortalecer su misi\u00f3n de educaci\u00f3n inclusiva y transformaci\u00f3n social.<\/p>\n<p data-start=\"491\" data-end=\"850\">La iniciativa ha sido posible gracias al valioso apoyo del <strong data-start=\"550\" data-end=\"579\">Padre Claudio Barretta SJ<\/strong>, Presidente de la <strong data-start=\"598\" data-end=\"630\">Fundaci\u00f3n Jesuitas Educaci\u00f3n<\/strong>, del <strong data-start=\"636\" data-end=\"657\">Padre Lino Dan SJ<\/strong>, Representante Legal del <strong data-start=\"683\" data-end=\"717\">Instituto Massimiliano Massimo<\/strong>, y del <strong data-start=\"725\" data-end=\"753\">Padre Nicola Bordogna SJ<\/strong>, Director General del Instituto, quienes han acogido a Fe y Alegr\u00eda Roma con gran generosidad.<\/p>\n<p>[\/vc_column_text][\/vc_column][vc_column width=\u00bb1\/2&#8243;][vc_single_image image=\u00bb7362&#8243; img_size=\u00bbLARGE\u00bb css=\u00bb\u00bb][\/vc_column][\/vc_row][vc_row][vc_column][vc_column_text css=\u00bb\u00bb]<\/p>\n<h2 data-start=\"852\" data-end=\"903\"><\/h2>\n<h2 data-start=\"852\" data-end=\"903\"><strong data-start=\"855\" data-end=\"901\">Un paso adelante en la educaci\u00f3n inclusiva<\/strong><\/h2>\n<p>&nbsp;<\/p>\n<p data-start=\"904\" data-end=\"1145\">El traslado representa una oportunidad para ampliar el impacto de Fe y Alegr\u00eda Roma, reforzando las sinergias dentro de la red <strong data-start=\"1031\" data-end=\"1053\">Jesuitas Educaci\u00f3n<\/strong> y garantizando un espacio donde el aprendizaje y la inclusi\u00f3n sigan siendo protagonistas.<\/p>\n<p data-start=\"1147\" data-end=\"1502\"><em data-start=\"1147\" data-end=\"1407\">\u00abSe trata de promover las sinergias ya existentes dentro de la red Jesuitas Educaci\u00f3n en favor de una educaci\u00f3n cada vez m\u00e1s inclusiva, que beneficie a todos, especialmente en un contexto no exento de contradicciones como el sistema escolar de nuestro pa\u00eds\u00bb,<\/em> afirma el <strong data-start=\"1418\" data-end=\"1446\">Padre Nicola Bordogna SJ<\/strong>, Director General del Instituto Massimiliano Massimo.<\/p>\n<p data-start=\"1504\" data-end=\"1836\">Por su parte, <strong data-start=\"1518\" data-end=\"1545\">Padre Florin Silaghi SJ<\/strong>, Director de Fe y Alegr\u00eda Italia, y <strong data-start=\"1582\" data-end=\"1599\">Magali Alfaro<\/strong>, Directora de Fe y Alegr\u00eda Roma, destacan:<br data-start=\"1642\" data-end=\"1645\" \/><em data-start=\"1645\" data-end=\"1834\">\u00abEstamos entusiasmados de emprender este nuevo camino con el Instituto Massimiliano Massimo y estamos listos para seguir construyendo un futuro de oportunidades y crecimiento para todos\u00bb.<\/em><\/p>\n<p>[\/vc_column_text][\/vc_column][\/vc_row][vc_row][vc_column][vc_column_text css=\u00bb\u00bb]<\/p>\n<h2 data-start=\"1820\" data-end=\"1882\"><\/h2>\n<h2 data-start=\"1820\" data-end=\"1882\"><strong data-start=\"1823\" data-end=\"1880\">Voces de los estudiantes: la educaci\u00f3n como esperanza<\/strong><\/h2>\n<p>&nbsp;<\/p>\n<p data-start=\"1883\" data-end=\"2211\">El impacto de Fe y Alegr\u00eda Roma se refleja en testimonios como el de <strong data-start=\"1952\" data-end=\"1993\">D.J., de 24 a\u00f1os y originaria de Per\u00fa<\/strong>, quien comparte su experiencia:<br data-start=\"2025\" data-end=\"2028\" \/><em data-start=\"2028\" data-end=\"2209\">\u00abEstoy feliz de poder asistir a las clases de manera presencial. Las materias cient\u00edficas son mucho m\u00e1s f\u00e1ciles de comprender as\u00ed y, adem\u00e1s, puedo encontrarme con mis compa\u00f1eros.\u00bb<\/em><\/p>\n<p data-start=\"2213\" data-end=\"2514\">A\u00f1ade: <em data-start=\"2220\" data-end=\"2512\">\u00abVine sola a Italia, dejando mi hogar, mi familia, mis estudios y mi trabajo debido a la situaci\u00f3n de inseguridad en mi pa\u00eds. Me llena de alegr\u00eda poder continuar mis estudios. Para m\u00ed, Fe y Alegr\u00eda es esperanza: esperanza para todos, j\u00f3venes y adultos, que no quieren abandonar sus sue\u00f1os\u00bb.<\/em><\/p>\n<p>[\/vc_column_text][\/vc_column][\/vc_row][vc_row][vc_column][vc_column_text css=\u00bb\u00bb]<\/p>\n<h2 data-start=\"1838\" data-end=\"1919\"><\/h2>\n<h2 data-start=\"1838\" data-end=\"1919\"><strong data-start=\"1841\" data-end=\"1917\">Gratitud por 20 a\u00f1os de historia en la Pontificia Universidad Gregoriana<\/strong><\/h2>\n<p data-start=\"1920\" data-end=\"2174\">Al mismo tiempo, <strong data-start=\"1937\" data-end=\"2039\">Fe y Alegr\u00eda Roma mira con gratitud el tiempo transcurrido en la Pontificia Universidad Gregoriana<\/strong>, que alberg\u00f3 el proyecto durante <strong data-start=\"2073\" data-end=\"2084\">20 a\u00f1os<\/strong>, contribuyendo a la transformaci\u00f3n de <strong data-start=\"2123\" data-end=\"2146\">m\u00e1s de 600 personas<\/strong> a trav\u00e9s de la educaci\u00f3n.<\/p>\n<p data-start=\"2176\" data-end=\"2378\">Esta colaboraci\u00f3n ha tenido un <strong data-start=\"2207\" data-end=\"2262\">impacto significativo en las familias y comunidades<\/strong>, promoviendo un cambio positivo en la sociedad y reafirmando la educaci\u00f3n como un pilar de transformaci\u00f3n social.<\/p>\n<h2 data-start=\"3076\" data-end=\"3133\"><\/h2>\n<h2 data-start=\"3076\" data-end=\"3133\"><\/h2>\n<h2 data-start=\"3076\" data-end=\"3133\"><strong data-start=\"3079\" data-end=\"3131\">Un legado de 24 a\u00f1os al servicio de la educaci\u00f3n<\/strong><\/h2>\n<p>&nbsp;<\/p>\n<p data-start=\"3134\" data-end=\"3358\">Fe y Alegr\u00eda Roma forma parte del movimiento internacional <strong data-start=\"3193\" data-end=\"3209\">Fe y Alegr\u00eda<\/strong>, que trabaja en m\u00e1s de 20 pa\u00edses para garantizar una educaci\u00f3n inclusiva, integral y de calidad a quienes enfrentan situaciones de vulnerabilidad.<\/p>\n<p data-start=\"3360\" data-end=\"3640\">Desde hace m\u00e1s de <strong data-start=\"3378\" data-end=\"3397\">24 a\u00f1os en Roma<\/strong>, la organizaci\u00f3n ha acompa\u00f1ado la formaci\u00f3n e integraci\u00f3n de <strong data-start=\"3459\" data-end=\"3490\">j\u00f3venes y adultos migrantes<\/strong>, promoviendo su crecimiento personal y profesional a trav\u00e9s de programas educativos, cursos de alfabetizaci\u00f3n y apoyo en el proceso de integraci\u00f3n.<\/p>\n<p data-start=\"3642\" data-end=\"3831\">Con este nuevo inicio, <strong data-start=\"3665\" data-end=\"3804\">Fe y Alegr\u00eda Roma y el Instituto Massimiliano Massimo renuevan su compromiso con la educaci\u00f3n como herramienta de transformaci\u00f3n social<\/strong>, inclusi\u00f3n y desarrollo.<\/p>\n<p data-start=\"3833\" data-end=\"3955\"><strong data-start=\"3836\" data-end=\"3953\">Agradecemos a todas las personas y organizaciones que han hecho posible este importante paso en nuestra historia.<\/strong><\/p>\n<p>[\/vc_column_text][\/vc_column][\/vc_row][vc_row][vc_column][vc_column_text css=\u00bb\u00bb]Versi\u00f3n <a href=\"https:\/\/www.gesuitieducazione.it\/fe-y-alegria-roma-un-nuovo-capitolo-un-nuovo-futuro-insieme-allistituto-massimiliano-massimo\/?fbclid=IwY2xjawIz6PJleHRuA2FlbQIxMAABHd-gaO3yXlmBEf4AfLe2wHHsvqijQ23_xdd7uG52lyoZfdniJLs8JR62ZA_aem_z-VoONpOzszvhkTrQ9nrgg\">en italiano.<\/a>[\/vc_column_text][\/vc_column][\/vc_row]<\/p>\n<\/div>","protected":false},"excerpt":{"rendered":"<div style=\"height: 146px\">\n<p align=\"justify\"> Gracias a la colaboraci\u00f3n de la Fondazione Gesuiti Educazione, Fe y Alegria Roma inicia un nuevo futuro junto al Istituto Massimo<\/p>\n","protected":false},"author":9,"featured_media":7362,"comment_status":"closed","ping_status":"closed","sticky":false,"template":"","format":"standard","meta":{"_acf_changed":false,"footnotes":""},"categories":[120],"tags":[],"post_folder":[],"class_list":["post-7361","post","type-post","status-publish","format-standard","has-post-thumbnail","hentry","category-sin-categoria-es"],"acf":[],"yoast_head":"<!-- This site is optimized with the Yoast SEO plugin v27.5 - https:\/\/yoast.com\/product\/yoast-seo-wordpress\/ -->\n<title>Fe y Alegr\u00eda Roma: un nuevo cap\u00edtulo, un nuevo futuro junto al Istituto Massimiliano Massimo - #SomosFeyAlegria en Italia<\/title>\n<meta name=\"description\" content=\"Fe y Alegria con Cielo Adelly Choque finalista en el concurso Diamoci un tono de la Fondazione Gesuiti Educazione.\" \/>\n<meta name=\"robots\" content=\"index, follow, max-snippet:-1, max-image-preview:large, max-video-preview:-1\" \/>\n<link rel=\"canonical\" href=\"https:\/\/www.feyalegria.org\/italia\/fe-y-alegria-roma-futuro-junto-istituto-massimiliano-massimo-roma\/\" \/>\n<meta property=\"og:locale\" content=\"es_ES\" \/>\n<meta property=\"og:type\" content=\"article\" \/>\n<meta property=\"og:title\" content=\"Fe y Alegr\u00eda Roma: un nuevo cap\u00edtulo, un nuevo futuro junto al Istituto Massimiliano Massimo - #SomosFeyAlegria en Italia\" \/>\n<meta property=\"og:description\" content=\"Fe y Alegria con Cielo Adelly Choque finalista en el concurso Diamoci un tono de la Fondazione Gesuiti Educazione.\" \/>\n<meta property=\"og:url\" content=\"https:\/\/www.feyalegria.org\/italia\/fe-y-alegria-roma-futuro-junto-istituto-massimiliano-massimo-roma\/\" \/>\n<meta property=\"og:site_name\" content=\"#SomosFeyAlegria en Italia\" \/>\n<meta property=\"article:published_time\" content=\"2025-03-10T23:32:57+00:00\" \/>\n<meta property=\"article:modified_time\" content=\"2025-06-05T22:43:38+00:00\" \/>\n<meta property=\"og:image\" content=\"https:\/\/d3pugrm67vf9n7.cloudfront.net\/wp-content\/uploads\/sites\/6\/2025\/03\/10180337\/WhatsApp-Image-2025-02-18-at-08.10.39.jpeg\" \/>\n\t<meta property=\"og:image:width\" content=\"1600\" \/>\n\t<meta property=\"og:image:height\" content=\"1200\" \/>\n\t<meta property=\"og:image:type\" content=\"image\/jpeg\" \/>\n<meta name=\"author\" content=\"editorit\" \/>\n<meta name=\"twitter:card\" content=\"summary_large_image\" \/>\n<meta name=\"twitter:label1\" content=\"Escrito por\" \/>\n\t<meta name=\"twitter:data1\" content=\"editorit\" \/>\n\t<meta name=\"twitter:label2\" content=\"Tiempo de lectura\" \/>\n\t<meta name=\"twitter:data2\" content=\"4 minutos\" \/>\n<script type=\"application\/ld+json\" class=\"yoast-schema-graph\">{\"@context\":\"https:\\\/\\\/schema.org\",\"@graph\":[{\"@type\":\"Article\",\"@id\":\"https:\\\/\\\/www.feyalegria.org\\\/italia\\\/fe-y-alegria-roma-futuro-junto-istituto-massimiliano-massimo-roma\\\/#article\",\"isPartOf\":{\"@id\":\"https:\\\/\\\/www.feyalegria.org\\\/italia\\\/fe-y-alegria-roma-futuro-junto-istituto-massimiliano-massimo-roma\\\/\"},\"author\":{\"name\":\"editorit\",\"@id\":\"https:\\\/\\\/www.feyalegria.org\\\/italia\\\/#\\\/schema\\\/person\\\/41c999d0ecac125419b37a6941f22606\"},\"headline\":\"Fe y Alegr\u00eda Roma: un nuevo cap\u00edtulo, un nuevo futuro junto al Istituto Massimiliano Massimo\",\"datePublished\":\"2025-03-10T23:32:57+00:00\",\"dateModified\":\"2025-06-05T22:43:38+00:00\",\"mainEntityOfPage\":{\"@id\":\"https:\\\/\\\/www.feyalegria.org\\\/italia\\\/fe-y-alegria-roma-futuro-junto-istituto-massimiliano-massimo-roma\\\/\"},\"wordCount\":768,\"image\":{\"@id\":\"https:\\\/\\\/www.feyalegria.org\\\/italia\\\/fe-y-alegria-roma-futuro-junto-istituto-massimiliano-massimo-roma\\\/#primaryimage\"},\"thumbnailUrl\":\"https:\\\/\\\/d3pugrm67vf9n7.cloudfront.net\\\/wp-content\\\/uploads\\\/sites\\\/6\\\/2025\\\/03\\\/10180337\\\/WhatsApp-Image-2025-02-18-at-08.10.39.jpeg\",\"inLanguage\":\"es\"},{\"@type\":\"WebPage\",\"@id\":\"https:\\\/\\\/www.feyalegria.org\\\/italia\\\/fe-y-alegria-roma-futuro-junto-istituto-massimiliano-massimo-roma\\\/\",\"url\":\"https:\\\/\\\/www.feyalegria.org\\\/italia\\\/fe-y-alegria-roma-futuro-junto-istituto-massimiliano-massimo-roma\\\/\",\"name\":\"Fe y Alegr\u00eda Roma: un nuevo cap\u00edtulo, un nuevo futuro junto al Istituto Massimiliano Massimo - #SomosFeyAlegria en Italia\",\"isPartOf\":{\"@id\":\"https:\\\/\\\/www.feyalegria.org\\\/italia\\\/#website\"},\"primaryImageOfPage\":{\"@id\":\"https:\\\/\\\/www.feyalegria.org\\\/italia\\\/fe-y-alegria-roma-futuro-junto-istituto-massimiliano-massimo-roma\\\/#primaryimage\"},\"image\":{\"@id\":\"https:\\\/\\\/www.feyalegria.org\\\/italia\\\/fe-y-alegria-roma-futuro-junto-istituto-massimiliano-massimo-roma\\\/#primaryimage\"},\"thumbnailUrl\":\"https:\\\/\\\/d3pugrm67vf9n7.cloudfront.net\\\/wp-content\\\/uploads\\\/sites\\\/6\\\/2025\\\/03\\\/10180337\\\/WhatsApp-Image-2025-02-18-at-08.10.39.jpeg\",\"datePublished\":\"2025-03-10T23:32:57+00:00\",\"dateModified\":\"2025-06-05T22:43:38+00:00\",\"author\":{\"@id\":\"https:\\\/\\\/www.feyalegria.org\\\/italia\\\/#\\\/schema\\\/person\\\/41c999d0ecac125419b37a6941f22606\"},\"description\":\"Fe y Alegria con Cielo Adelly Choque finalista en el concurso Diamoci un tono de la Fondazione Gesuiti Educazione.\",\"inLanguage\":\"es\",\"potentialAction\":[{\"@type\":\"ReadAction\",\"target\":[\"https:\\\/\\\/www.feyalegria.org\\\/italia\\\/fe-y-alegria-roma-futuro-junto-istituto-massimiliano-massimo-roma\\\/\"]}]},{\"@type\":\"ImageObject\",\"inLanguage\":\"es\",\"@id\":\"https:\\\/\\\/www.feyalegria.org\\\/italia\\\/fe-y-alegria-roma-futuro-junto-istituto-massimiliano-massimo-roma\\\/#primaryimage\",\"url\":\"https:\\\/\\\/d3pugrm67vf9n7.cloudfront.net\\\/wp-content\\\/uploads\\\/sites\\\/6\\\/2025\\\/03\\\/10180337\\\/WhatsApp-Image-2025-02-18-at-08.10.39.jpeg\",\"contentUrl\":\"https:\\\/\\\/d3pugrm67vf9n7.cloudfront.net\\\/wp-content\\\/uploads\\\/sites\\\/6\\\/2025\\\/03\\\/10180337\\\/WhatsApp-Image-2025-02-18-at-08.10.39.jpeg\",\"width\":1600,\"height\":1200},{\"@type\":\"WebSite\",\"@id\":\"https:\\\/\\\/www.feyalegria.org\\\/italia\\\/#website\",\"url\":\"https:\\\/\\\/www.feyalegria.org\\\/italia\\\/\",\"name\":\"#SomosFeyAlegria en Italia\",\"description\":\"Movimiento de Educaci\u00f3n Popular y Promoci\u00f3n Social\",\"potentialAction\":[{\"@type\":\"SearchAction\",\"target\":{\"@type\":\"EntryPoint\",\"urlTemplate\":\"https:\\\/\\\/www.feyalegria.org\\\/italia\\\/?s={search_term_string}\"},\"query-input\":{\"@type\":\"PropertyValueSpecification\",\"valueRequired\":true,\"valueName\":\"search_term_string\"}}],\"inLanguage\":\"es\"},{\"@type\":\"Person\",\"@id\":\"https:\\\/\\\/www.feyalegria.org\\\/italia\\\/#\\\/schema\\\/person\\\/41c999d0ecac125419b37a6941f22606\",\"name\":\"editorit\",\"sameAs\":[\"https:\\\/\\\/www.feyalegria.it\"],\"url\":\"https:\\\/\\\/www.feyalegria.org\\\/italia\\\/author\\\/editorit\\\/\"}]}<\/script>\n<!-- \/ Yoast SEO plugin. -->","yoast_head_json":{"title":"Fe y Alegr\u00eda Roma: un nuevo cap\u00edtulo, un nuevo futuro junto al Istituto Massimiliano Massimo - #SomosFeyAlegria en Italia","description":"Fe y Alegria con Cielo Adelly Choque finalista en el concurso Diamoci un tono de la Fondazione Gesuiti Educazione.","robots":{"index":"index","follow":"follow","max-snippet":"max-snippet:-1","max-image-preview":"max-image-preview:large","max-video-preview":"max-video-preview:-1"},"canonical":"https:\/\/www.feyalegria.org\/italia\/fe-y-alegria-roma-futuro-junto-istituto-massimiliano-massimo-roma\/","og_locale":"es_ES","og_type":"article","og_title":"Fe y Alegr\u00eda Roma: un nuevo cap\u00edtulo, un nuevo futuro junto al Istituto Massimiliano Massimo - #SomosFeyAlegria en Italia","og_description":"Fe y Alegria con Cielo Adelly Choque finalista en el concurso Diamoci un tono de la Fondazione Gesuiti Educazione.","og_url":"https:\/\/www.feyalegria.org\/italia\/fe-y-alegria-roma-futuro-junto-istituto-massimiliano-massimo-roma\/","og_site_name":"#SomosFeyAlegria en Italia","article_published_time":"2025-03-10T23:32:57+00:00","article_modified_time":"2025-06-05T22:43:38+00:00","og_image":[{"width":1600,"height":1200,"url":"https:\/\/d3pugrm67vf9n7.cloudfront.net\/wp-content\/uploads\/sites\/6\/2025\/03\/10180337\/WhatsApp-Image-2025-02-18-at-08.10.39.jpeg","type":"image\/jpeg"}],"author":"editorit","twitter_card":"summary_large_image","twitter_misc":{"Escrito por":"editorit","Tiempo de lectura":"4 minutos"},"schema":{"@context":"https:\/\/schema.org","@graph":[{"@type":"Article","@id":"https:\/\/www.feyalegria.org\/italia\/fe-y-alegria-roma-futuro-junto-istituto-massimiliano-massimo-roma\/#article","isPartOf":{"@id":"https:\/\/www.feyalegria.org\/italia\/fe-y-alegria-roma-futuro-junto-istituto-massimiliano-massimo-roma\/"},"author":{"name":"editorit","@id":"https:\/\/www.feyalegria.org\/italia\/#\/schema\/person\/41c999d0ecac125419b37a6941f22606"},"headline":"Fe y Alegr\u00eda Roma: un nuevo cap\u00edtulo, un nuevo futuro junto al Istituto Massimiliano Massimo","datePublished":"2025-03-10T23:32:57+00:00","dateModified":"2025-06-05T22:43:38+00:00","mainEntityOfPage":{"@id":"https:\/\/www.feyalegria.org\/italia\/fe-y-alegria-roma-futuro-junto-istituto-massimiliano-massimo-roma\/"},"wordCount":768,"image":{"@id":"https:\/\/www.feyalegria.org\/italia\/fe-y-alegria-roma-futuro-junto-istituto-massimiliano-massimo-roma\/#primaryimage"},"thumbnailUrl":"https:\/\/d3pugrm67vf9n7.cloudfront.net\/wp-content\/uploads\/sites\/6\/2025\/03\/10180337\/WhatsApp-Image-2025-02-18-at-08.10.39.jpeg","inLanguage":"es"},{"@type":"WebPage","@id":"https:\/\/www.feyalegria.org\/italia\/fe-y-alegria-roma-futuro-junto-istituto-massimiliano-massimo-roma\/","url":"https:\/\/www.feyalegria.org\/italia\/fe-y-alegria-roma-futuro-junto-istituto-massimiliano-massimo-roma\/","name":"Fe y Alegr\u00eda Roma: un nuevo cap\u00edtulo, un nuevo futuro junto al Istituto Massimiliano Massimo - #SomosFeyAlegria en Italia","isPartOf":{"@id":"https:\/\/www.feyalegria.org\/italia\/#website"},"primaryImageOfPage":{"@id":"https:\/\/www.feyalegria.org\/italia\/fe-y-alegria-roma-futuro-junto-istituto-massimiliano-massimo-roma\/#primaryimage"},"image":{"@id":"https:\/\/www.feyalegria.org\/italia\/fe-y-alegria-roma-futuro-junto-istituto-massimiliano-massimo-roma\/#primaryimage"},"thumbnailUrl":"https:\/\/d3pugrm67vf9n7.cloudfront.net\/wp-content\/uploads\/sites\/6\/2025\/03\/10180337\/WhatsApp-Image-2025-02-18-at-08.10.39.jpeg","datePublished":"2025-03-10T23:32:57+00:00","dateModified":"2025-06-05T22:43:38+00:00","author":{"@id":"https:\/\/www.feyalegria.org\/italia\/#\/schema\/person\/41c999d0ecac125419b37a6941f22606"},"description":"Fe y Alegria con Cielo Adelly Choque finalista en el concurso Diamoci un tono de la Fondazione Gesuiti Educazione.","inLanguage":"es","potentialAction":[{"@type":"ReadAction","target":["https:\/\/www.feyalegria.org\/italia\/fe-y-alegria-roma-futuro-junto-istituto-massimiliano-massimo-roma\/"]}]},{"@type":"ImageObject","inLanguage":"es","@id":"https:\/\/www.feyalegria.org\/italia\/fe-y-alegria-roma-futuro-junto-istituto-massimiliano-massimo-roma\/#primaryimage","url":"https:\/\/d3pugrm67vf9n7.cloudfront.net\/wp-content\/uploads\/sites\/6\/2025\/03\/10180337\/WhatsApp-Image-2025-02-18-at-08.10.39.jpeg","contentUrl":"https:\/\/d3pugrm67vf9n7.cloudfront.net\/wp-content\/uploads\/sites\/6\/2025\/03\/10180337\/WhatsApp-Image-2025-02-18-at-08.10.39.jpeg","width":1600,"height":1200},{"@type":"WebSite","@id":"https:\/\/www.feyalegria.org\/italia\/#website","url":"https:\/\/www.feyalegria.org\/italia\/","name":"#SomosFeyAlegria en Italia","description":"Movimiento de Educaci\u00f3n Popular y Promoci\u00f3n Social","potentialAction":[{"@type":"SearchAction","target":{"@type":"EntryPoint","urlTemplate":"https:\/\/www.feyalegria.org\/italia\/?s={search_term_string}"},"query-input":{"@type":"PropertyValueSpecification","valueRequired":true,"valueName":"search_term_string"}}],"inLanguage":"es"},{"@type":"Person","@id":"https:\/\/www.feyalegria.org\/italia\/#\/schema\/person\/41c999d0ecac125419b37a6941f22606","name":"editorit","sameAs":["https:\/\/www.feyalegria.it"],"url":"https:\/\/www.feyalegria.org\/italia\/author\/editorit\/"}]}},"_links":{"self":[{"href":"https:\/\/www.feyalegria.org\/italia\/wp-json\/wp\/v2\/posts\/7361","targetHints":{"allow":["GET"]}}],"collection":[{"href":"https:\/\/www.feyalegria.org\/italia\/wp-json\/wp\/v2\/posts"}],"about":[{"href":"https:\/\/www.feyalegria.org\/italia\/wp-json\/wp\/v2\/types\/post"}],"author":[{"embeddable":true,"href":"https:\/\/www.feyalegria.org\/italia\/wp-json\/wp\/v2\/users\/9"}],"replies":[{"embeddable":true,"href":"https:\/\/www.feyalegria.org\/italia\/wp-json\/wp\/v2\/comments?post=7361"}],"version-history":[{"count":0,"href":"https:\/\/www.feyalegria.org\/italia\/wp-json\/wp\/v2\/posts\/7361\/revisions"}],"wp:featuredmedia":[{"embeddable":true,"href":"https:\/\/www.feyalegria.org\/italia\/wp-json\/wp\/v2\/media\/7362"}],"wp:attachment":[{"href":"https:\/\/www.feyalegria.org\/italia\/wp-json\/wp\/v2\/media?parent=7361"}],"wp:term":[{"taxonomy":"category","embeddable":true,"href":"https:\/\/www.feyalegria.org\/italia\/wp-json\/wp\/v2\/categories?post=7361"},{"taxonomy":"post_tag","embeddable":true,"href":"https:\/\/www.feyalegria.org\/italia\/wp-json\/wp\/v2\/tags?post=7361"},{"taxonomy":"post_folder","embeddable":true,"href":"https:\/\/www.feyalegria.org\/italia\/wp-json\/wp\/v2\/post_folder?post=7361"}],"curies":[{"name":"wp","href":"https:\/\/api.w.org\/{rel}","templated":true}]}}