{"id":7674,"date":"2025-09-15T09:00:19","date_gmt":"2025-09-15T14:00:19","guid":{"rendered":"https:\/\/www.feyalegria.org\/italia\/?p=7674"},"modified":"2025-09-26T03:38:05","modified_gmt":"2025-09-26T08:38:05","slug":"genova-irfeyal-fe-y-alegria-graduacion-estudiantes-latinoamericanos-2025","status":"publish","type":"post","link":"https:\/\/www.feyalegria.org\/italia\/genova-irfeyal-fe-y-alegria-graduacion-estudiantes-latinoamericanos-2025\/","title":{"rendered":"Graduaci\u00f3n en el Instituto IRFEYAL en G\u00e9nova: j\u00f3venes latinoamericanos alcanzan su diploma con Fe y Alegr\u00eda"},"content":{"rendered":"<div class=\"wpb-content-wrapper\" id=\"wpb-content-root\"><p>[vc_row][vc_column][vc_empty_space height=\u00bb60px\u00bb][vc_column_text css=\u00bb\u00bb]<\/p>\n<h2>38 estudiantes latinoamericanos se grad\u00faan en G\u00e9nova con Fe y Alegr\u00eda IRFEYAL<\/h2>\n<p>[\/vc_column_text][\/vc_column][\/vc_row][vc_row][vc_column width=\u00bb1\/2&#8243;][vc_column_text css=\u00bb\u00bb]<\/p>\n<p data-start=\"219\" data-end=\"517\"><strong data-start=\"219\" data-end=\"255\">G\u00e9nova, 15 de septiembre de 2025<\/strong> \u2013 Treinta y ocho <strong data-start=\"273\" data-end=\"315\">estudiantes latinoamericanos en G\u00e9nova<\/strong> recibieron el t\u00edtulo de <strong data-start=\"340\" data-end=\"381\">Bachiller de la Rep\u00fablica del Ecuador<\/strong> a trav\u00e9s de <strong data-start=\"394\" data-end=\"425\">Fe y Alegr\u00eda IRFEYAL G\u00e9nova<\/strong>, un diploma reconocido en Italia como equivalente a la <strong data-start=\"481\" data-end=\"514\">educaci\u00f3n secundaria superior<\/strong>.<\/p>\n<p data-start=\"519\" data-end=\"726\">Este importante logro educativo abre nuevas oportunidades para <strong data-start=\"582\" data-end=\"638\">estudios universitarios, empleo e integraci\u00f3n social<\/strong>, fortaleciendo el desarrollo acad\u00e9mico y personal de los j\u00f3venes y adultos graduados.<\/p>\n<p>[\/vc_column_text][vc_column_text css=\u00bb\u00bb]<\/p>\n<p data-start=\"231\" data-end=\"565\">La ceremonia de graduaci\u00f3n se celebr\u00f3 el <strong data-start=\"272\" data-end=\"352\">s\u00e1bado 13 de septiembre en el Centro C\u00edvico Buranello, Sampierdarena, G\u00e9nova<\/strong>, y represent\u00f3 un momento simb\u00f3lico para j\u00f3venes y adultos latinoamericanos que, despu\u00e9s de a\u00f1os de esfuerzo combinando <strong data-start=\"472\" data-end=\"494\">trabajo y estudios<\/strong>, lograron cumplir el sue\u00f1o de finalizar la <strong data-start=\"538\" data-end=\"562\">educaci\u00f3n secundaria<\/strong>.<\/p>\n<p data-start=\"567\" data-end=\"834\">La mayor\u00eda de los graduados tiene entre 23 y 24 a\u00f1os; el 66% son mujeres provenientes de <strong data-start=\"656\" data-end=\"695\">Per\u00fa, Ecuador, Colombia y Venezuela<\/strong>, quienes a trav\u00e9s de <strong data-start=\"717\" data-end=\"748\">Fe y Alegr\u00eda IRFEYAL G\u00e9nova<\/strong> acceden a oportunidades de <strong data-start=\"776\" data-end=\"831\">educaci\u00f3n, integraci\u00f3n social y desarrollo personal<\/strong>.<\/p>\n<p>[\/vc_column_text][\/vc_column][vc_column width=\u00bb1\/2&#8243;][vc_single_image image=\u00bb7677&#8243; img_size=\u00bbfull\u00bb css=\u00bb\u00bb][\/vc_column][\/vc_row][vc_row][vc_column][vc_column_text css=\u00bb\u00bb]<\/p>\n<h3 data-start=\"245\" data-end=\"335\"><strong data-start=\"249\" data-end=\"333\">Ariadna Vara: de Reggio Calabria a G\u00e9nova, ejemplo de superaci\u00f3n en Fe y Alegr\u00eda<\/strong><\/h3>\n<p data-start=\"337\" data-end=\"659\">Entre los testimonios m\u00e1s inspiradores de la <strong data-start=\"382\" data-end=\"438\">graduaci\u00f3n de estudiantes latinoamericanos en G\u00e9nova<\/strong> destac\u00f3 el de la joven peruana <strong data-start=\"470\" data-end=\"486\">Ariadna Vara<\/strong>, de 18 a\u00f1os, reconocida como <em data-start=\"516\" data-end=\"536\">\u201cMejor Estudiante\u201d<\/em>. Durante un a\u00f1o viaj\u00f3 cada mes desde <strong data-start=\"574\" data-end=\"606\">Reggio Calabria hasta G\u00e9nova<\/strong> para asistir a clases en <strong data-start=\"632\" data-end=\"656\">Fe y Alegr\u00eda IRFEYAL<\/strong>.<\/p>\n<p data-start=\"661\" data-end=\"1019\">Hoy, Ariadna est\u00e1 matriculada en la <strong data-start=\"697\" data-end=\"751\">Facultad de Matem\u00e1ticas de la Universidad de Mil\u00e1n<\/strong>, demostrando c\u00f3mo la educaci\u00f3n abre caminos de superaci\u00f3n e integraci\u00f3n. <em data-start=\"825\" data-end=\"997\">\u00abFe y Alegr\u00eda fue determinante para m\u00ed: en solo un a\u00f1o complet\u00e9 mis estudios y encontr\u00e9 la motivaci\u00f3n y la orientaci\u00f3n necesarias para transformar mis sue\u00f1os en realidad\u00bb<\/em>, afirm\u00f3 emocionada.<\/p>\n<p>[\/vc_column_text][\/vc_column][\/vc_row][vc_row][vc_column width=\u00bb2\/3&#8243;][vc_column_text css=\u00bb\u00bb]<\/p>\n<h3 data-start=\"288\" data-end=\"644\">Autoridades consulares e institucionales presentes<\/h3>\n<p>Durante la ceremonia de graduaci\u00f3n de Fe y Alegr\u00eda IRFEYAL en G\u00e9nova intervinieron la directora del Instituto, <strong data-start=\"399\" data-end=\"413\">Mercy Mera<\/strong>, y el director nacional de Fe y Alegr\u00eda Italia, <strong data-start=\"462\" data-end=\"488\">P. Florin Silaghi S.J.<\/strong>, quienes destacaron el esfuerzo de los estudiantes latinoamericanos y el apoyo fundamental de las familias y docentes en este importante logro educativo.<\/p>\n<p data-start=\"646\" data-end=\"978\">El evento cont\u00f3 con la participaci\u00f3n de destacadas <strong data-start=\"697\" data-end=\"733\">autoridades consulares en G\u00e9nova<\/strong>: el C\u00f3nsul General del Ecuador, <strong data-start=\"766\" data-end=\"785\">Oscar Izquierdo<\/strong>; el Vicec\u00f3nsul General de Per\u00fa, <strong data-start=\"818\" data-end=\"834\">Rub\u00e9n Blotte<\/strong>; el Vicec\u00f3nsul General de la Rep\u00fablica Dominicana, <strong data-start=\"886\" data-end=\"918\">Ermenegildo Hern\u00e1ndez Javier<\/strong>; y el Vicec\u00f3nsul General del Ecuador, <strong data-start=\"957\" data-end=\"975\">Edison Paredes<\/strong>.<\/p>\n<p data-start=\"980\" data-end=\"1236\">Tambi\u00e9n asistieron representantes del <strong data-start=\"1018\" data-end=\"1041\">Municipio de G\u00e9nova<\/strong>, como la vicepresidenta del Municipio Centro Oeste de Sampierdarena, <strong data-start=\"1111\" data-end=\"1136\">Stefania Mazzucchelli<\/strong>; la concejala de Cultura, <strong data-start=\"1163\" data-end=\"1185\">Margherita Pardine<\/strong>; y el consejero municipal <strong data-start=\"1212\" data-end=\"1233\">Simohamed Kaabour<\/strong>.<\/p>\n<p data-start=\"1238\" data-end=\"1601\">La ceremonia reuni\u00f3 adem\u00e1s a personalidades del \u00e1mbito social y cultural: la notaria <strong data-start=\"1323\" data-end=\"1344\">Barbara Pastorini<\/strong>; la Dra. <strong data-start=\"1354\" data-end=\"1373\">Marjorie Lindao<\/strong>, presidenta de la Asociaci\u00f3n FASMAGU; la Dra. <strong data-start=\"1420\" data-end=\"1439\">Liliana Marinos<\/strong>, vicepresidenta de ANOLF Liguria; la comunicadora social y promotora cultural <strong data-start=\"1518\" data-end=\"1535\">Jessica Retto<\/strong>; as\u00ed como <strong data-start=\"1546\" data-end=\"1564\">Alfonso Torres<\/strong> y <strong data-start=\"1567\" data-end=\"1584\">Magaly Torres<\/strong> de LatiNomada.<\/p>\n<p>[\/vc_column_text][\/vc_column][vc_column width=\u00bb1\/3&#8243;][vc_images_carousel images=\u00bb7682,7680,7681,7679&#8243; img_size=\u00bbmedium\u00bb css=\u00bb\u00bb][\/vc_column][\/vc_row][vc_row][vc_column][vc_column_text css=\u00bb\u00bb]<\/p>\n<h3 data-start=\"2499\" data-end=\"2678\">Un nuevo inicio para j\u00f3venes y adultos en Italia<\/h3>\n<p data-start=\"2499\" data-end=\"2678\"><em data-start=\"2499\" data-end=\"2619\">\u00abEste diploma no es un punto de llegada, sino el inicio de un camino de aprendizaje permanente y de ciudadan\u00eda activa\u00bb<\/em>, declar\u00f3 la coordinadora acad\u00e9mica<strong> Ketty Zamora Moreira.<\/strong><\/p>\n<p data-start=\"2680\" data-end=\"2878\">Desde hace 21 a\u00f1os, <strong>Fe y Alegr\u00eda IRFEYAL G\u00e9nova<\/strong> acompa\u00f1a a j\u00f3venes y adultos en su formaci\u00f3n secundaria, ofreciendo un t\u00edtulo v\u00e1lido en Italia y equivalente al diploma de educaci\u00f3n media superior.<\/p>\n<p>[\/vc_column_text][vc_column_text css=\u00bb\u00bb]<\/p>\n<h3><strong data-start=\"2880\" data-end=\"2926\">Fe y Alegr\u00eda: educaci\u00f3n y promoci\u00f3n social<\/strong><\/h3>\n<p><strong>Fe y Alegr\u00eda<\/strong> es un Movimiento de Educaci\u00f3n Popular y Promoci\u00f3n Social impulsado por la <strong>Compa\u00f1\u00eda de Jes\u00fas<\/strong>. Naci\u00f3 en Venezuela en 1955 y hoy est\u00e1 presente en 22 pa\u00edses de tres continentes. En Italia act\u00faa a trav\u00e9s de la red <strong>Fe y Alegr\u00eda Italia<\/strong> con sedes en G\u00e9nova, Mil\u00e1n y Roma, ofreciendo programas educativos y de integraci\u00f3n que ponen en el centro a la persona, sus sue\u00f1os y su futuro. Fe y Alegr\u00eda G\u00e9nova es miembro de la <strong><em data-start=\"3353\" data-end=\"3384\">Fondazione Gesuiti Educazione<\/em>,<\/strong> la red de escuelas e instituciones educativas de la Provincia Euromediterr\u00e1nea de la Compa\u00f1\u00eda de Jes\u00fas.[\/vc_column_text][\/vc_column][\/vc_row][vc_row][vc_column][vc_column_text css=\u00bb\u00bb]<\/p>\n<p data-start=\"154\" data-end=\"200\"><strong data-start=\"154\" data-end=\"198\">Contacto para prensa y mayor informaci\u00f3n<\/strong><\/p>\n<ul data-start=\"202\" data-end=\"501\">\n<li data-start=\"202\" data-end=\"321\">\n<p data-start=\"204\" data-end=\"321\"><strong data-start=\"204\" data-end=\"257\">Responsable de Comunicaci\u00f3n \u2013 Fe y Alegr\u00eda Italia<\/strong><br data-start=\"257\" data-end=\"260\" \/>\ud83d\udce7 <a class=\"decorated-link cursor-pointer\" href=\"mailto:comunicazione.italia@feyalegria.it\" rel=\"noopener\" data-start=\"263\" data-end=\"297\">comunicazione.italia@feyalegria.it<\/a><br data-start=\"297\" data-end=\"300\" \/>\ud83d\udcde +39 328 931 2437<\/p>\n<\/li>\n<li data-start=\"323\" data-end=\"501\">\n<p data-start=\"325\" data-end=\"501\"><strong data-start=\"325\" data-end=\"371\">Administraci\u00f3n Fe y Alegr\u00eda IRFEYAL G\u00e9nova<\/strong><br data-start=\"371\" data-end=\"374\" \/>\ud83d\udce7 <a class=\"decorated-link cursor-pointer\" href=\"mailto:coordinatore.amministrativo.genova@feyalegria.it\" rel=\"noopener\" data-start=\"377\" data-end=\"425\">coordinatore.amministrativo.genova@feyalegria.it<\/a><br data-start=\"425\" data-end=\"428\" \/>\ud83d\udccd Sede operativa: Corso Luigi Andrea Martinetti 100, 16149 G\u00e9nova (GE)<br \/>\n<a href=\"http:\/\/&lt;a href=&quot;tel:+393408094231&quot;&gt;\ud83d\udcde Chiama subito: +393408094231&lt;\/a&gt;\"><strong data-start=\"489\" data-end=\"502\">\ud83d\udcde<\/strong>+39 340 809 4231<\/a><\/p>\n<\/li>\n<\/ul>\n<p>[\/vc_column_text][\/vc_column][\/vc_row]<\/p>\n<\/div>","protected":false},"excerpt":{"rendered":"<div style=\"height: 146px\">\n<p align=\"justify\">38 estudiantes latinoamericanos se grad\u00faan en G\u00e9nova con Fe y Alegr\u00eda IRFEYAL, obteniendo un diploma reconocido en Italia que impulsa su educaci\u00f3n, empleo e integraci\u00f3n social.<\/p>\n<\/div>\n","protected":false},"author":9,"featured_media":7681,"comment_status":"closed","ping_status":"closed","sticky":false,"template":"","format":"standard","meta":{"_acf_changed":false,"rs_blank_template":"","rs_page_bg_color":"","slide_template_v7":"","footnotes":""},"categories":[120],"tags":[],"post_folder":[],"class_list":["post-7674","post","type-post","status-publish","format-standard","has-post-thumbnail","hentry","category-sin-categoria-es"],"acf":[],"yoast_head":"<!-- This site is optimized with the Yoast SEO plugin v28.3 - https:\/\/yoast.com\/product\/yoast-seo-wordpress\/ -->\n<title>Graduaci\u00f3n en el Instituto IRFEYAL en G\u00e9nova: j\u00f3venes latinoamericanos alcanzan su diploma con Fe y Alegr\u00eda - #SomosFeyAlegria en Italia<\/title>\n<meta name=\"description\" content=\"Fe y Alegria con Cielo Adelly Choque finalista en el concurso Diamoci un tono de la Fondazione Gesuiti Educazione.\" \/>\n<meta name=\"robots\" content=\"index, follow, max-snippet:-1, max-image-preview:large, max-video-preview:-1\" \/>\n<link rel=\"canonical\" href=\"https:\/\/www.feyalegria.org\/italia\/genova-irfeyal-fe-y-alegria-graduacion-estudiantes-latinoamericanos-2025\/\" \/>\n<meta property=\"og:locale\" content=\"es_ES\" \/>\n<meta property=\"og:type\" content=\"article\" \/>\n<meta property=\"og:title\" content=\"Graduaci\u00f3n en el Instituto IRFEYAL en G\u00e9nova: j\u00f3venes latinoamericanos alcanzan su diploma con Fe y Alegr\u00eda - #SomosFeyAlegria en Italia\" \/>\n<meta property=\"og:description\" content=\"Fe y Alegria con Cielo Adelly Choque finalista en el concurso Diamoci un tono de la Fondazione Gesuiti Educazione.\" \/>\n<meta property=\"og:url\" content=\"https:\/\/www.feyalegria.org\/italia\/genova-irfeyal-fe-y-alegria-graduacion-estudiantes-latinoamericanos-2025\/\" \/>\n<meta property=\"og:site_name\" content=\"#SomosFeyAlegria en Italia\" \/>\n<meta property=\"article:published_time\" content=\"2025-09-15T14:00:19+00:00\" \/>\n<meta property=\"article:modified_time\" content=\"2025-09-26T08:38:05+00:00\" \/>\n<meta property=\"og:image\" content=\"https:\/\/d3pugrm67vf9n7.cloudfront.net\/wp-content\/uploads\/sites\/6\/2025\/09\/25081015\/1-1-1.jpg\" \/>\n\t<meta property=\"og:image:width\" content=\"1280\" \/>\n\t<meta property=\"og:image:height\" content=\"675\" \/>\n\t<meta property=\"og:image:type\" content=\"image\/jpeg\" \/>\n<meta name=\"author\" content=\"editorit\" \/>\n<meta name=\"twitter:card\" content=\"summary_large_image\" \/>\n<meta name=\"twitter:label1\" content=\"Escrito por\" \/>\n\t<meta name=\"twitter:data1\" content=\"editorit\" \/>\n\t<meta name=\"twitter:label2\" content=\"Tiempo de lectura\" \/>\n\t<meta name=\"twitter:data2\" content=\"5 minutos\" \/>\n<script type=\"application\/ld+json\" class=\"yoast-schema-graph\">{\"@context\":\"https:\\\/\\\/schema.org\",\"@graph\":[{\"@type\":\"Article\",\"@id\":\"https:\\\/\\\/www.feyalegria.org\\\/italia\\\/genova-irfeyal-fe-y-alegria-graduacion-estudiantes-latinoamericanos-2025\\\/#article\",\"isPartOf\":{\"@id\":\"https:\\\/\\\/www.feyalegria.org\\\/italia\\\/genova-irfeyal-fe-y-alegria-graduacion-estudiantes-latinoamericanos-2025\\\/\"},\"author\":{\"name\":\"editorit\",\"@id\":\"https:\\\/\\\/www.feyalegria.org\\\/italia\\\/#\\\/schema\\\/person\\\/41c999d0ecac125419b37a6941f22606\"},\"headline\":\"Graduaci\u00f3n en el Instituto IRFEYAL en G\u00e9nova: j\u00f3venes latinoamericanos alcanzan su diploma con Fe y Alegr\u00eda\",\"datePublished\":\"2025-09-15T14:00:19+00:00\",\"dateModified\":\"2025-09-26T08:38:05+00:00\",\"mainEntityOfPage\":{\"@id\":\"https:\\\/\\\/www.feyalegria.org\\\/italia\\\/genova-irfeyal-fe-y-alegria-graduacion-estudiantes-latinoamericanos-2025\\\/\"},\"wordCount\":933,\"image\":{\"@id\":\"https:\\\/\\\/www.feyalegria.org\\\/italia\\\/genova-irfeyal-fe-y-alegria-graduacion-estudiantes-latinoamericanos-2025\\\/#primaryimage\"},\"thumbnailUrl\":\"https:\\\/\\\/d3pugrm67vf9n7.cloudfront.net\\\/wp-content\\\/uploads\\\/sites\\\/6\\\/2025\\\/09\\\/25081015\\\/1-1-1.jpg\",\"inLanguage\":\"es\"},{\"@type\":\"WebPage\",\"@id\":\"https:\\\/\\\/www.feyalegria.org\\\/italia\\\/genova-irfeyal-fe-y-alegria-graduacion-estudiantes-latinoamericanos-2025\\\/\",\"url\":\"https:\\\/\\\/www.feyalegria.org\\\/italia\\\/genova-irfeyal-fe-y-alegria-graduacion-estudiantes-latinoamericanos-2025\\\/\",\"name\":\"Graduaci\u00f3n en el Instituto IRFEYAL en G\u00e9nova: j\u00f3venes latinoamericanos alcanzan su diploma con Fe y Alegr\u00eda - #SomosFeyAlegria en Italia\",\"isPartOf\":{\"@id\":\"https:\\\/\\\/www.feyalegria.org\\\/italia\\\/#website\"},\"primaryImageOfPage\":{\"@id\":\"https:\\\/\\\/www.feyalegria.org\\\/italia\\\/genova-irfeyal-fe-y-alegria-graduacion-estudiantes-latinoamericanos-2025\\\/#primaryimage\"},\"image\":{\"@id\":\"https:\\\/\\\/www.feyalegria.org\\\/italia\\\/genova-irfeyal-fe-y-alegria-graduacion-estudiantes-latinoamericanos-2025\\\/#primaryimage\"},\"thumbnailUrl\":\"https:\\\/\\\/d3pugrm67vf9n7.cloudfront.net\\\/wp-content\\\/uploads\\\/sites\\\/6\\\/2025\\\/09\\\/25081015\\\/1-1-1.jpg\",\"datePublished\":\"2025-09-15T14:00:19+00:00\",\"dateModified\":\"2025-09-26T08:38:05+00:00\",\"author\":{\"@id\":\"https:\\\/\\\/www.feyalegria.org\\\/italia\\\/#\\\/schema\\\/person\\\/41c999d0ecac125419b37a6941f22606\"},\"description\":\"Fe y Alegria con Cielo Adelly Choque finalista en el concurso Diamoci un tono de la Fondazione Gesuiti Educazione.\",\"inLanguage\":\"es\",\"potentialAction\":[{\"@type\":\"ReadAction\",\"target\":[\"https:\\\/\\\/www.feyalegria.org\\\/italia\\\/genova-irfeyal-fe-y-alegria-graduacion-estudiantes-latinoamericanos-2025\\\/\"]}]},{\"@type\":\"ImageObject\",\"inLanguage\":\"es\",\"@id\":\"https:\\\/\\\/www.feyalegria.org\\\/italia\\\/genova-irfeyal-fe-y-alegria-graduacion-estudiantes-latinoamericanos-2025\\\/#primaryimage\",\"url\":\"https:\\\/\\\/d3pugrm67vf9n7.cloudfront.net\\\/wp-content\\\/uploads\\\/sites\\\/6\\\/2025\\\/09\\\/25081015\\\/1-1-1.jpg\",\"contentUrl\":\"https:\\\/\\\/d3pugrm67vf9n7.cloudfront.net\\\/wp-content\\\/uploads\\\/sites\\\/6\\\/2025\\\/09\\\/25081015\\\/1-1-1.jpg\",\"width\":1280,\"height\":675},{\"@type\":\"WebSite\",\"@id\":\"https:\\\/\\\/www.feyalegria.org\\\/italia\\\/#website\",\"url\":\"https:\\\/\\\/www.feyalegria.org\\\/italia\\\/\",\"name\":\"#SomosFeyAlegria en Italia\",\"description\":\"Movimiento de Educaci\u00f3n Popular y Promoci\u00f3n Social\",\"potentialAction\":[{\"@type\":\"SearchAction\",\"target\":{\"@type\":\"EntryPoint\",\"urlTemplate\":\"https:\\\/\\\/www.feyalegria.org\\\/italia\\\/?s={search_term_string}\"},\"query-input\":{\"@type\":\"PropertyValueSpecification\",\"valueRequired\":true,\"valueName\":\"search_term_string\"}}],\"inLanguage\":\"es\"},{\"@type\":\"Person\",\"@id\":\"https:\\\/\\\/www.feyalegria.org\\\/italia\\\/#\\\/schema\\\/person\\\/41c999d0ecac125419b37a6941f22606\",\"name\":\"editorit\",\"sameAs\":[\"https:\\\/\\\/www.feyalegria.it\"],\"url\":\"https:\\\/\\\/www.feyalegria.org\\\/italia\\\/author\\\/editorit\\\/\"}]}<\/script>\n<!-- \/ Yoast SEO plugin. -->","yoast_head_json":{"title":"Graduaci\u00f3n en el Instituto IRFEYAL en G\u00e9nova: j\u00f3venes latinoamericanos alcanzan su diploma con Fe y Alegr\u00eda - #SomosFeyAlegria en Italia","description":"Fe y Alegria con Cielo Adelly Choque finalista en el concurso Diamoci un tono de la Fondazione Gesuiti Educazione.","robots":{"index":"index","follow":"follow","max-snippet":"max-snippet:-1","max-image-preview":"max-image-preview:large","max-video-preview":"max-video-preview:-1"},"canonical":"https:\/\/www.feyalegria.org\/italia\/genova-irfeyal-fe-y-alegria-graduacion-estudiantes-latinoamericanos-2025\/","og_locale":"es_ES","og_type":"article","og_title":"Graduaci\u00f3n en el Instituto IRFEYAL en G\u00e9nova: j\u00f3venes latinoamericanos alcanzan su diploma con Fe y Alegr\u00eda - #SomosFeyAlegria en Italia","og_description":"Fe y Alegria con Cielo Adelly Choque finalista en el concurso Diamoci un tono de la Fondazione Gesuiti Educazione.","og_url":"https:\/\/www.feyalegria.org\/italia\/genova-irfeyal-fe-y-alegria-graduacion-estudiantes-latinoamericanos-2025\/","og_site_name":"#SomosFeyAlegria en Italia","article_published_time":"2025-09-15T14:00:19+00:00","article_modified_time":"2025-09-26T08:38:05+00:00","og_image":[{"width":1280,"height":675,"url":"https:\/\/d3pugrm67vf9n7.cloudfront.net\/wp-content\/uploads\/sites\/6\/2025\/09\/25081015\/1-1-1.jpg","type":"image\/jpeg"}],"author":"editorit","twitter_card":"summary_large_image","twitter_misc":{"Escrito por":"editorit","Tiempo de lectura":"5 minutos"},"schema":{"@context":"https:\/\/schema.org","@graph":[{"@type":"Article","@id":"https:\/\/www.feyalegria.org\/italia\/genova-irfeyal-fe-y-alegria-graduacion-estudiantes-latinoamericanos-2025\/#article","isPartOf":{"@id":"https:\/\/www.feyalegria.org\/italia\/genova-irfeyal-fe-y-alegria-graduacion-estudiantes-latinoamericanos-2025\/"},"author":{"name":"editorit","@id":"https:\/\/www.feyalegria.org\/italia\/#\/schema\/person\/41c999d0ecac125419b37a6941f22606"},"headline":"Graduaci\u00f3n en el Instituto IRFEYAL en G\u00e9nova: j\u00f3venes latinoamericanos alcanzan su diploma con Fe y Alegr\u00eda","datePublished":"2025-09-15T14:00:19+00:00","dateModified":"2025-09-26T08:38:05+00:00","mainEntityOfPage":{"@id":"https:\/\/www.feyalegria.org\/italia\/genova-irfeyal-fe-y-alegria-graduacion-estudiantes-latinoamericanos-2025\/"},"wordCount":933,"image":{"@id":"https:\/\/www.feyalegria.org\/italia\/genova-irfeyal-fe-y-alegria-graduacion-estudiantes-latinoamericanos-2025\/#primaryimage"},"thumbnailUrl":"https:\/\/d3pugrm67vf9n7.cloudfront.net\/wp-content\/uploads\/sites\/6\/2025\/09\/25081015\/1-1-1.jpg","inLanguage":"es"},{"@type":"WebPage","@id":"https:\/\/www.feyalegria.org\/italia\/genova-irfeyal-fe-y-alegria-graduacion-estudiantes-latinoamericanos-2025\/","url":"https:\/\/www.feyalegria.org\/italia\/genova-irfeyal-fe-y-alegria-graduacion-estudiantes-latinoamericanos-2025\/","name":"Graduaci\u00f3n en el Instituto IRFEYAL en G\u00e9nova: j\u00f3venes latinoamericanos alcanzan su diploma con Fe y Alegr\u00eda - #SomosFeyAlegria en Italia","isPartOf":{"@id":"https:\/\/www.feyalegria.org\/italia\/#website"},"primaryImageOfPage":{"@id":"https:\/\/www.feyalegria.org\/italia\/genova-irfeyal-fe-y-alegria-graduacion-estudiantes-latinoamericanos-2025\/#primaryimage"},"image":{"@id":"https:\/\/www.feyalegria.org\/italia\/genova-irfeyal-fe-y-alegria-graduacion-estudiantes-latinoamericanos-2025\/#primaryimage"},"thumbnailUrl":"https:\/\/d3pugrm67vf9n7.cloudfront.net\/wp-content\/uploads\/sites\/6\/2025\/09\/25081015\/1-1-1.jpg","datePublished":"2025-09-15T14:00:19+00:00","dateModified":"2025-09-26T08:38:05+00:00","author":{"@id":"https:\/\/www.feyalegria.org\/italia\/#\/schema\/person\/41c999d0ecac125419b37a6941f22606"},"description":"Fe y Alegria con Cielo Adelly Choque finalista en el concurso Diamoci un tono de la Fondazione Gesuiti Educazione.","inLanguage":"es","potentialAction":[{"@type":"ReadAction","target":["https:\/\/www.feyalegria.org\/italia\/genova-irfeyal-fe-y-alegria-graduacion-estudiantes-latinoamericanos-2025\/"]}]},{"@type":"ImageObject","inLanguage":"es","@id":"https:\/\/www.feyalegria.org\/italia\/genova-irfeyal-fe-y-alegria-graduacion-estudiantes-latinoamericanos-2025\/#primaryimage","url":"https:\/\/d3pugrm67vf9n7.cloudfront.net\/wp-content\/uploads\/sites\/6\/2025\/09\/25081015\/1-1-1.jpg","contentUrl":"https:\/\/d3pugrm67vf9n7.cloudfront.net\/wp-content\/uploads\/sites\/6\/2025\/09\/25081015\/1-1-1.jpg","width":1280,"height":675},{"@type":"WebSite","@id":"https:\/\/www.feyalegria.org\/italia\/#website","url":"https:\/\/www.feyalegria.org\/italia\/","name":"#SomosFeyAlegria en Italia","description":"Movimiento de Educaci\u00f3n Popular y Promoci\u00f3n Social","potentialAction":[{"@type":"SearchAction","target":{"@type":"EntryPoint","urlTemplate":"https:\/\/www.feyalegria.org\/italia\/?s={search_term_string}"},"query-input":{"@type":"PropertyValueSpecification","valueRequired":true,"valueName":"search_term_string"}}],"inLanguage":"es"},{"@type":"Person","@id":"https:\/\/www.feyalegria.org\/italia\/#\/schema\/person\/41c999d0ecac125419b37a6941f22606","name":"editorit","sameAs":["https:\/\/www.feyalegria.it"],"url":"https:\/\/www.feyalegria.org\/italia\/author\/editorit\/"}]}},"_links":{"self":[{"href":"https:\/\/www.feyalegria.org\/italia\/wp-json\/wp\/v2\/posts\/7674","targetHints":{"allow":["GET"]}}],"collection":[{"href":"https:\/\/www.feyalegria.org\/italia\/wp-json\/wp\/v2\/posts"}],"about":[{"href":"https:\/\/www.feyalegria.org\/italia\/wp-json\/wp\/v2\/types\/post"}],"author":[{"embeddable":true,"href":"https:\/\/www.feyalegria.org\/italia\/wp-json\/wp\/v2\/users\/9"}],"replies":[{"embeddable":true,"href":"https:\/\/www.feyalegria.org\/italia\/wp-json\/wp\/v2\/comments?post=7674"}],"version-history":[{"count":0,"href":"https:\/\/www.feyalegria.org\/italia\/wp-json\/wp\/v2\/posts\/7674\/revisions"}],"wp:featuredmedia":[{"embeddable":true,"href":"https:\/\/www.feyalegria.org\/italia\/wp-json\/wp\/v2\/media\/7681"}],"wp:attachment":[{"href":"https:\/\/www.feyalegria.org\/italia\/wp-json\/wp\/v2\/media?parent=7674"}],"wp:term":[{"taxonomy":"category","embeddable":true,"href":"https:\/\/www.feyalegria.org\/italia\/wp-json\/wp\/v2\/categories?post=7674"},{"taxonomy":"post_tag","embeddable":true,"href":"https:\/\/www.feyalegria.org\/italia\/wp-json\/wp\/v2\/tags?post=7674"},{"taxonomy":"post_folder","embeddable":true,"href":"https:\/\/www.feyalegria.org\/italia\/wp-json\/wp\/v2\/post_folder?post=7674"}],"curies":[{"name":"wp","href":"https:\/\/api.w.org\/{rel}","templated":true}]}}