 {"id":3078,"date":"2024-07-02T11:04:06","date_gmt":"2024-07-02T16:04:06","guid":{"rendered":"https:\/\/www.feyalegria.org\/nicaragua\/?p=3078"},"modified":"2025-04-03T15:20:10","modified_gmt":"2025-04-03T20:20:10","slug":"en-fe-y-alegria-la-educacion-de-calidad-no-se-detiene","status":"publish","type":"post","link":"https:\/\/www.feyalegria.org\/nicaragua\/en-fe-y-alegria-la-educacion-de-calidad-no-se-detiene\/","title":{"rendered":"En Fe y Alegr\u00eda la educaci\u00f3n de calidad no se detiene"},"content":{"rendered":"<div class=\"wpb-content-wrapper\"><p>[vc_row enable_first_overlay=\u00bbtrue\u00bb first_overlay_opacity=\u00bb1&#8243; first_background_color=\u00bb#df5461&#8243;][vc_column width=\u00bb2\/3&#8243;][vc_single_image image=\u00bb4325&#8243; img_size=\u00bbfull\u00bb add_caption=\u00bbyes\u00bb alignment=\u00bbcenter\u00bb css=\u00bb\u00bb][vc_row_inner][vc_column_inner css=\u00bb.vc_custom_1598372130448{margin-top: -35px !important;}\u00bb][vc_empty_space][vc_column_text]<\/p>\n<p align=\"justify\">Por Fernando Ch\u00e1vez<\/p>\n<p align=\"justify\">Responsable de Acci\u00f3n P\u00fablica<\/p>\n<p align=\"justify\">Los efectos de la COVID-19 en la educaci\u00f3n no tiene precedentes, de acuerdo con el Banco Mundial 2020, al 28 de marzo m\u00e1s de 1500 millones de ni\u00f1os\/as y j\u00f3venes en edad escolar no asist\u00edan a la escuela a nivel mundial, y una baja calidad educativa continuaba y sigue siendo a\u00fan una realidad latente.<\/p>\n<p align=\"justify\">En Nicaragua, el escenario antes descrito no fue la excepci\u00f3n, pues tambi\u00e9n los ni\u00f1os, ni\u00f1as, ni\u00f1as y j\u00f3venes tuvieron que abandonar la escuela para salvaguardar sus vidas, indiscutiblemente el derecho humano a la educaci\u00f3n tambi\u00e9n se ha visto amenazado, y por otra parte las grandes brechas en los resultados educativos en t\u00e9rminos generales relacionados con: calidad educativa, desigualdad de oportunidades en cuanto al acceso a la educaci\u00f3n y la distribuci\u00f3n de la carga laboral de las\/los docentes se hicieron notar. \u00a0Los aprendizajes de calidad enfocados en las habilidades en lectura y matem\u00e1ticas no se lograron desarrollar de manera id\u00f3nea en el estudiantado, principalmente en los primeros grados de educaci\u00f3n primaria (1, 2 y 3er grado).<\/p>\n<p align=\"justify\">Para Fe y Alegr\u00eda, atender los desaf\u00edos en materia educativa a ra\u00edz de la COVID 19\u00a0 \u00a0ha supuesto trabajar en red y de manera estrat\u00e9gica con la comunidad educativa: equipos directivos, docentes, familias y equipos t\u00e9cnicos para dar respuesta de manera oportuna a los nuevos retos con un \u00fanico fin <strong><em><u>seguir apostando por garantizar el derecho a la educaci\u00f3n de calidad en tiempos de crisis<\/u><\/em><\/strong>, con la firme convicci\u00f3n de ir convirtiendo en oportunidades y superaci\u00f3n los desaf\u00edos actuales.<\/p>\n<p align=\"justify\">Para este a\u00f1o 2021, el pasado primero de febrero se ha iniciado el ciclo escolar con mucha FE y ALEGR\u00cdA a trav\u00e9s de la <strong><em>estrategia de atenci\u00f3n pedag\u00f3gica semipresencial <\/em><\/strong>en los 22 centros educativos que forman parte de la red a nivel nacional, esto significa que los ni\u00f1os y ni\u00f1as asistir\u00e1n dos veces por semana en peque\u00f1os grupos de 15 a 20, los otros d\u00edas seguir\u00e1n trabajando desde sus hogares con gu\u00edas de aprendizajes, y se destinar\u00e1 un d\u00eda para reforzamiento escolar con el fin de atender las debilidades presentadas por las\/los estudiantes que lo requieran. Potenciando desde el aula de clases el proceso de evaluaci\u00f3n formativa y autorreguladora con \u00e9nfasis en la retroalimentaci\u00f3n que asegure un aprendizaje relevante, aut\u00f3nomo y basado en competencias, y las TIC (Tecnolog\u00edas de la informaci\u00f3n y la comunicaci\u00f3n) como herramientas de aprendizajes.<\/p>\n<p align=\"justify\">Como movimiento de Educaci\u00f3n Popular se est\u00e1 apostando por un regreso a clases para siempre, es por ello que se han preparado las condiciones para seguir garantizando todas las medias de bioseguridad, atendiendo a la gu\u00eda de lineamientos para el retorno seguro a las escuelas que desde la instituci\u00f3n se ha elaborado para la comunidad educativa, pues el derecho a la salud y la vida tambi\u00e9n son derechos fundamentales.<\/p>\n<p>[\/vc_column_text][\/vc_column_inner][\/vc_row_inner][vc_gallery interval=\u00bb3&#8243; images=\u00bb3084,3083,3082,3094,3080,3079,3085,3086,3087,3088,3093,3092,3091,3090,3089&#8243; img_size=\u00bbfull\u00bb][\/vc_column][vc_column width=\u00bb1\/3&#8243; css=\u00bb.vc_custom_1598395418937{padding-top: 30px !important;padding-left: 20px !important;background-color: #f3f3f3 !important;border-radius: 10px !important;}\u00bb][vc_widget_sidebar sidebar_id=\u00bbnicdark_sidebar\u00bb][vc_btn title=\u00bbM\u00e1s noticias\u00bb style=\u00bbcustom\u00bb custom_background=\u00bb#aa0f16&#8243; custom_text=\u00bb#ffffff\u00bb align=\u00bbcenter\u00bb link=\u00bburl:https%3A%2F%2Fwww.feyalegria.org%2Fnicaragua%2Fnoticias%2F|title:Novedades\u00bb][\/vc_column][\/vc_row]<\/p>\n<\/div>","protected":false},"excerpt":{"rendered":"<div style=\"height: 264px\">Atender los desaf\u00edos en materia educativa a ra\u00edz de la COVID 19 ha supuesto para Fe y Alegr\u00eda trabajar en red y de manera estrat\u00e9gica con la comunidad educativa&#8230;<\/div>\n","protected":false},"author":6,"featured_media":4325,"comment_status":"closed","ping_status":"closed","sticky":false,"template":"","format":"standard","meta":{"_acf_changed":false,"footnotes":""},"categories":[83],"tags":[],"post_folder":[4],"class_list":["post-3078","post","type-post","status-publish","format-standard","has-post-thumbnail","hentry","category-noticias-es"],"acf":[],"yoast_head":"<!-- This site is optimized with the Yoast SEO plugin v27.4 - https:\/\/yoast.com\/product\/yoast-seo-wordpress\/ -->\n<title>En Fe y Alegr\u00eda la educaci\u00f3n de calidad no se detiene - #SomosFeyAlegr\u00eda en Nicaragua<\/title>\n<meta name=\"robots\" content=\"index, follow, max-snippet:-1, max-image-preview:large, max-video-preview:-1\" \/>\n<link rel=\"canonical\" href=\"https:\/\/www.feyalegria.org\/nicaragua\/en-fe-y-alegria-la-educacion-de-calidad-no-se-detiene\/\" \/>\n<meta property=\"og:locale\" content=\"es_ES\" \/>\n<meta property=\"og:type\" content=\"article\" \/>\n<meta property=\"og:title\" content=\"En Fe y Alegr\u00eda la educaci\u00f3n de calidad no se detiene - #SomosFeyAlegr\u00eda en Nicaragua\" \/>\n<meta property=\"og:description\" content=\"Atender los desaf\u00edos en materia educativa a ra\u00edz de la COVID 19 ha supuesto para Fe y Alegr\u00eda trabajar en red y de manera estrat\u00e9gica con la comunidad educativa...\" \/>\n<meta property=\"og:url\" content=\"https:\/\/www.feyalegria.org\/nicaragua\/en-fe-y-alegria-la-educacion-de-calidad-no-se-detiene\/\" \/>\n<meta property=\"og:site_name\" content=\"#SomosFeyAlegr\u00eda en Nicaragua\" \/>\n<meta property=\"article:published_time\" content=\"2024-07-02T16:04:06+00:00\" \/>\n<meta property=\"article:modified_time\" content=\"2025-04-03T20:20:10+00:00\" \/>\n<meta property=\"og:image\" content=\"https:\/\/d3pugrm67vf9n7.cloudfront.net\/wp-content\/uploads\/sites\/26\/2025\/04\/01110810\/3_Mesa-de-trabajo-1-scaled.jpg\" \/>\n\t<meta property=\"og:image:width\" content=\"2560\" \/>\n\t<meta property=\"og:image:height\" content=\"917\" \/>\n\t<meta property=\"og:image:type\" content=\"image\/jpeg\" \/>\n<meta name=\"author\" content=\"Erika Briceno\" \/>\n<meta name=\"twitter:card\" content=\"summary_large_image\" \/>\n<meta name=\"twitter:label1\" content=\"Escrito por\" \/>\n\t<meta name=\"twitter:data1\" content=\"Erika Briceno\" \/>\n\t<meta name=\"twitter:label2\" content=\"Tiempo de lectura\" \/>\n\t<meta name=\"twitter:data2\" content=\"3 minutos\" \/>\n<script type=\"application\/ld+json\" class=\"yoast-schema-graph\">{\"@context\":\"https:\\\/\\\/schema.org\",\"@graph\":[{\"@type\":\"Article\",\"@id\":\"https:\\\/\\\/www.feyalegria.org\\\/nicaragua\\\/en-fe-y-alegria-la-educacion-de-calidad-no-se-detiene\\\/#article\",\"isPartOf\":{\"@id\":\"https:\\\/\\\/www.feyalegria.org\\\/nicaragua\\\/en-fe-y-alegria-la-educacion-de-calidad-no-se-detiene\\\/\"},\"author\":{\"name\":\"Erika Briceno\",\"@id\":\"https:\\\/\\\/www.feyalegria.org\\\/nicaragua\\\/#\\\/schema\\\/person\\\/fcd504e06f93320841b99f79f3ab0180\"},\"headline\":\"En Fe y Alegr\u00eda la educaci\u00f3n de calidad no se detiene\",\"datePublished\":\"2024-07-02T16:04:06+00:00\",\"dateModified\":\"2025-04-03T20:20:10+00:00\",\"mainEntityOfPage\":{\"@id\":\"https:\\\/\\\/www.feyalegria.org\\\/nicaragua\\\/en-fe-y-alegria-la-educacion-de-calidad-no-se-detiene\\\/\"},\"wordCount\":650,\"publisher\":{\"@id\":\"https:\\\/\\\/www.feyalegria.org\\\/nicaragua\\\/#organization\"},\"image\":{\"@id\":\"https:\\\/\\\/www.feyalegria.org\\\/nicaragua\\\/en-fe-y-alegria-la-educacion-de-calidad-no-se-detiene\\\/#primaryimage\"},\"thumbnailUrl\":\"https:\\\/\\\/d3pugrm67vf9n7.cloudfront.net\\\/wp-content\\\/uploads\\\/sites\\\/26\\\/2025\\\/04\\\/01110810\\\/3_Mesa-de-trabajo-1-scaled.jpg\",\"articleSection\":[\"Noticias\"],\"inLanguage\":\"es\"},{\"@type\":\"WebPage\",\"@id\":\"https:\\\/\\\/www.feyalegria.org\\\/nicaragua\\\/en-fe-y-alegria-la-educacion-de-calidad-no-se-detiene\\\/\",\"url\":\"https:\\\/\\\/www.feyalegria.org\\\/nicaragua\\\/en-fe-y-alegria-la-educacion-de-calidad-no-se-detiene\\\/\",\"name\":\"En Fe y Alegr\u00eda la educaci\u00f3n de calidad no se detiene - #SomosFeyAlegr\u00eda en Nicaragua\",\"isPartOf\":{\"@id\":\"https:\\\/\\\/www.feyalegria.org\\\/nicaragua\\\/#website\"},\"primaryImageOfPage\":{\"@id\":\"https:\\\/\\\/www.feyalegria.org\\\/nicaragua\\\/en-fe-y-alegria-la-educacion-de-calidad-no-se-detiene\\\/#primaryimage\"},\"image\":{\"@id\":\"https:\\\/\\\/www.feyalegria.org\\\/nicaragua\\\/en-fe-y-alegria-la-educacion-de-calidad-no-se-detiene\\\/#primaryimage\"},\"thumbnailUrl\":\"https:\\\/\\\/d3pugrm67vf9n7.cloudfront.net\\\/wp-content\\\/uploads\\\/sites\\\/26\\\/2025\\\/04\\\/01110810\\\/3_Mesa-de-trabajo-1-scaled.jpg\",\"datePublished\":\"2024-07-02T16:04:06+00:00\",\"dateModified\":\"2025-04-03T20:20:10+00:00\",\"breadcrumb\":{\"@id\":\"https:\\\/\\\/www.feyalegria.org\\\/nicaragua\\\/en-fe-y-alegria-la-educacion-de-calidad-no-se-detiene\\\/#breadcrumb\"},\"inLanguage\":\"es\",\"potentialAction\":[{\"@type\":\"ReadAction\",\"target\":[\"https:\\\/\\\/www.feyalegria.org\\\/nicaragua\\\/en-fe-y-alegria-la-educacion-de-calidad-no-se-detiene\\\/\"]}]},{\"@type\":\"ImageObject\",\"inLanguage\":\"es\",\"@id\":\"https:\\\/\\\/www.feyalegria.org\\\/nicaragua\\\/en-fe-y-alegria-la-educacion-de-calidad-no-se-detiene\\\/#primaryimage\",\"url\":\"https:\\\/\\\/d3pugrm67vf9n7.cloudfront.net\\\/wp-content\\\/uploads\\\/sites\\\/26\\\/2025\\\/04\\\/01110810\\\/3_Mesa-de-trabajo-1-scaled.jpg\",\"contentUrl\":\"https:\\\/\\\/d3pugrm67vf9n7.cloudfront.net\\\/wp-content\\\/uploads\\\/sites\\\/26\\\/2025\\\/04\\\/01110810\\\/3_Mesa-de-trabajo-1-scaled.jpg\",\"width\":2560,\"height\":917},{\"@type\":\"BreadcrumbList\",\"@id\":\"https:\\\/\\\/www.feyalegria.org\\\/nicaragua\\\/en-fe-y-alegria-la-educacion-de-calidad-no-se-detiene\\\/#breadcrumb\",\"itemListElement\":[{\"@type\":\"ListItem\",\"position\":1,\"name\":\"Home\",\"item\":\"https:\\\/\\\/www.feyalegria.org\\\/nicaragua\\\/\"},{\"@type\":\"ListItem\",\"position\":2,\"name\":\"En Fe y Alegr\u00eda la educaci\u00f3n de calidad no se detiene\"}]},{\"@type\":\"WebSite\",\"@id\":\"https:\\\/\\\/www.feyalegria.org\\\/nicaragua\\\/#website\",\"url\":\"https:\\\/\\\/www.feyalegria.org\\\/nicaragua\\\/\",\"name\":\"#SomosFeyAlegr\u00eda en Nicaragua\",\"description\":\"Movimiento de Educaci\u00f3n Popular y Promoci\u00f3n Social\",\"publisher\":{\"@id\":\"https:\\\/\\\/www.feyalegria.org\\\/nicaragua\\\/#organization\"},\"potentialAction\":[{\"@type\":\"SearchAction\",\"target\":{\"@type\":\"EntryPoint\",\"urlTemplate\":\"https:\\\/\\\/www.feyalegria.org\\\/nicaragua\\\/?s={search_term_string}\"},\"query-input\":{\"@type\":\"PropertyValueSpecification\",\"valueRequired\":true,\"valueName\":\"search_term_string\"}}],\"inLanguage\":\"es\"},{\"@type\":\"Organization\",\"@id\":\"https:\\\/\\\/www.feyalegria.org\\\/nicaragua\\\/#organization\",\"name\":\"#SomosFeyAlegr\u00eda en Nicaragua\",\"url\":\"https:\\\/\\\/www.feyalegria.org\\\/nicaragua\\\/\",\"logo\":{\"@type\":\"ImageObject\",\"inLanguage\":\"es\",\"@id\":\"https:\\\/\\\/www.feyalegria.org\\\/nicaragua\\\/#\\\/schema\\\/logo\\\/image\\\/\",\"url\":\"https:\\\/\\\/d3pugrm67vf9n7.cloudfront.net\\\/wp-content\\\/uploads\\\/sites\\\/26\\\/2024\\\/04\\\/12160458\\\/cropped-logo_fya-.png\",\"contentUrl\":\"https:\\\/\\\/d3pugrm67vf9n7.cloudfront.net\\\/wp-content\\\/uploads\\\/sites\\\/26\\\/2024\\\/04\\\/12160458\\\/cropped-logo_fya-.png\",\"width\":512,\"height\":512,\"caption\":\"#SomosFeyAlegr\u00eda en Nicaragua\"},\"image\":{\"@id\":\"https:\\\/\\\/www.feyalegria.org\\\/nicaragua\\\/#\\\/schema\\\/logo\\\/image\\\/\"}},{\"@type\":\"Person\",\"@id\":\"https:\\\/\\\/www.feyalegria.org\\\/nicaragua\\\/#\\\/schema\\\/person\\\/fcd504e06f93320841b99f79f3ab0180\",\"name\":\"Erika Briceno\",\"url\":\"https:\\\/\\\/www.feyalegria.org\\\/nicaragua\\\/author\\\/comunfifya\\\/\"}]}<\/script>\n<!-- \/ Yoast SEO plugin. -->","yoast_head_json":{"title":"En Fe y Alegr\u00eda la educaci\u00f3n de calidad no se detiene - #SomosFeyAlegr\u00eda en Nicaragua","robots":{"index":"index","follow":"follow","max-snippet":"max-snippet:-1","max-image-preview":"max-image-preview:large","max-video-preview":"max-video-preview:-1"},"canonical":"https:\/\/www.feyalegria.org\/nicaragua\/en-fe-y-alegria-la-educacion-de-calidad-no-se-detiene\/","og_locale":"es_ES","og_type":"article","og_title":"En Fe y Alegr\u00eda la educaci\u00f3n de calidad no se detiene - #SomosFeyAlegr\u00eda en Nicaragua","og_description":"Atender los desaf\u00edos en materia educativa a ra\u00edz de la COVID 19 ha supuesto para Fe y Alegr\u00eda trabajar en red y de manera estrat\u00e9gica con la comunidad educativa...","og_url":"https:\/\/www.feyalegria.org\/nicaragua\/en-fe-y-alegria-la-educacion-de-calidad-no-se-detiene\/","og_site_name":"#SomosFeyAlegr\u00eda en Nicaragua","article_published_time":"2024-07-02T16:04:06+00:00","article_modified_time":"2025-04-03T20:20:10+00:00","og_image":[{"width":2560,"height":917,"url":"https:\/\/d3pugrm67vf9n7.cloudfront.net\/wp-content\/uploads\/sites\/26\/2025\/04\/01110810\/3_Mesa-de-trabajo-1-scaled.jpg","type":"image\/jpeg"}],"author":"Erika Briceno","twitter_card":"summary_large_image","twitter_misc":{"Escrito por":"Erika Briceno","Tiempo de lectura":"3 minutos"},"schema":{"@context":"https:\/\/schema.org","@graph":[{"@type":"Article","@id":"https:\/\/www.feyalegria.org\/nicaragua\/en-fe-y-alegria-la-educacion-de-calidad-no-se-detiene\/#article","isPartOf":{"@id":"https:\/\/www.feyalegria.org\/nicaragua\/en-fe-y-alegria-la-educacion-de-calidad-no-se-detiene\/"},"author":{"name":"Erika Briceno","@id":"https:\/\/www.feyalegria.org\/nicaragua\/#\/schema\/person\/fcd504e06f93320841b99f79f3ab0180"},"headline":"En Fe y Alegr\u00eda la educaci\u00f3n de calidad no se detiene","datePublished":"2024-07-02T16:04:06+00:00","dateModified":"2025-04-03T20:20:10+00:00","mainEntityOfPage":{"@id":"https:\/\/www.feyalegria.org\/nicaragua\/en-fe-y-alegria-la-educacion-de-calidad-no-se-detiene\/"},"wordCount":650,"publisher":{"@id":"https:\/\/www.feyalegria.org\/nicaragua\/#organization"},"image":{"@id":"https:\/\/www.feyalegria.org\/nicaragua\/en-fe-y-alegria-la-educacion-de-calidad-no-se-detiene\/#primaryimage"},"thumbnailUrl":"https:\/\/d3pugrm67vf9n7.cloudfront.net\/wp-content\/uploads\/sites\/26\/2025\/04\/01110810\/3_Mesa-de-trabajo-1-scaled.jpg","articleSection":["Noticias"],"inLanguage":"es"},{"@type":"WebPage","@id":"https:\/\/www.feyalegria.org\/nicaragua\/en-fe-y-alegria-la-educacion-de-calidad-no-se-detiene\/","url":"https:\/\/www.feyalegria.org\/nicaragua\/en-fe-y-alegria-la-educacion-de-calidad-no-se-detiene\/","name":"En Fe y Alegr\u00eda la educaci\u00f3n de calidad no se detiene - #SomosFeyAlegr\u00eda en Nicaragua","isPartOf":{"@id":"https:\/\/www.feyalegria.org\/nicaragua\/#website"},"primaryImageOfPage":{"@id":"https:\/\/www.feyalegria.org\/nicaragua\/en-fe-y-alegria-la-educacion-de-calidad-no-se-detiene\/#primaryimage"},"image":{"@id":"https:\/\/www.feyalegria.org\/nicaragua\/en-fe-y-alegria-la-educacion-de-calidad-no-se-detiene\/#primaryimage"},"thumbnailUrl":"https:\/\/d3pugrm67vf9n7.cloudfront.net\/wp-content\/uploads\/sites\/26\/2025\/04\/01110810\/3_Mesa-de-trabajo-1-scaled.jpg","datePublished":"2024-07-02T16:04:06+00:00","dateModified":"2025-04-03T20:20:10+00:00","breadcrumb":{"@id":"https:\/\/www.feyalegria.org\/nicaragua\/en-fe-y-alegria-la-educacion-de-calidad-no-se-detiene\/#breadcrumb"},"inLanguage":"es","potentialAction":[{"@type":"ReadAction","target":["https:\/\/www.feyalegria.org\/nicaragua\/en-fe-y-alegria-la-educacion-de-calidad-no-se-detiene\/"]}]},{"@type":"ImageObject","inLanguage":"es","@id":"https:\/\/www.feyalegria.org\/nicaragua\/en-fe-y-alegria-la-educacion-de-calidad-no-se-detiene\/#primaryimage","url":"https:\/\/d3pugrm67vf9n7.cloudfront.net\/wp-content\/uploads\/sites\/26\/2025\/04\/01110810\/3_Mesa-de-trabajo-1-scaled.jpg","contentUrl":"https:\/\/d3pugrm67vf9n7.cloudfront.net\/wp-content\/uploads\/sites\/26\/2025\/04\/01110810\/3_Mesa-de-trabajo-1-scaled.jpg","width":2560,"height":917},{"@type":"BreadcrumbList","@id":"https:\/\/www.feyalegria.org\/nicaragua\/en-fe-y-alegria-la-educacion-de-calidad-no-se-detiene\/#breadcrumb","itemListElement":[{"@type":"ListItem","position":1,"name":"Home","item":"https:\/\/www.feyalegria.org\/nicaragua\/"},{"@type":"ListItem","position":2,"name":"En Fe y Alegr\u00eda la educaci\u00f3n de calidad no se detiene"}]},{"@type":"WebSite","@id":"https:\/\/www.feyalegria.org\/nicaragua\/#website","url":"https:\/\/www.feyalegria.org\/nicaragua\/","name":"#SomosFeyAlegr\u00eda en Nicaragua","description":"Movimiento de Educaci\u00f3n Popular y Promoci\u00f3n Social","publisher":{"@id":"https:\/\/www.feyalegria.org\/nicaragua\/#organization"},"potentialAction":[{"@type":"SearchAction","target":{"@type":"EntryPoint","urlTemplate":"https:\/\/www.feyalegria.org\/nicaragua\/?s={search_term_string}"},"query-input":{"@type":"PropertyValueSpecification","valueRequired":true,"valueName":"search_term_string"}}],"inLanguage":"es"},{"@type":"Organization","@id":"https:\/\/www.feyalegria.org\/nicaragua\/#organization","name":"#SomosFeyAlegr\u00eda en Nicaragua","url":"https:\/\/www.feyalegria.org\/nicaragua\/","logo":{"@type":"ImageObject","inLanguage":"es","@id":"https:\/\/www.feyalegria.org\/nicaragua\/#\/schema\/logo\/image\/","url":"https:\/\/d3pugrm67vf9n7.cloudfront.net\/wp-content\/uploads\/sites\/26\/2024\/04\/12160458\/cropped-logo_fya-.png","contentUrl":"https:\/\/d3pugrm67vf9n7.cloudfront.net\/wp-content\/uploads\/sites\/26\/2024\/04\/12160458\/cropped-logo_fya-.png","width":512,"height":512,"caption":"#SomosFeyAlegr\u00eda en Nicaragua"},"image":{"@id":"https:\/\/www.feyalegria.org\/nicaragua\/#\/schema\/logo\/image\/"}},{"@type":"Person","@id":"https:\/\/www.feyalegria.org\/nicaragua\/#\/schema\/person\/fcd504e06f93320841b99f79f3ab0180","name":"Erika Briceno","url":"https:\/\/www.feyalegria.org\/nicaragua\/author\/comunfifya\/"}]}},"_links":{"self":[{"href":"https:\/\/www.feyalegria.org\/nicaragua\/wp-json\/wp\/v2\/posts\/3078","targetHints":{"allow":["GET"]}}],"collection":[{"href":"https:\/\/www.feyalegria.org\/nicaragua\/wp-json\/wp\/v2\/posts"}],"about":[{"href":"https:\/\/www.feyalegria.org\/nicaragua\/wp-json\/wp\/v2\/types\/post"}],"author":[{"embeddable":true,"href":"https:\/\/www.feyalegria.org\/nicaragua\/wp-json\/wp\/v2\/users\/6"}],"replies":[{"embeddable":true,"href":"https:\/\/www.feyalegria.org\/nicaragua\/wp-json\/wp\/v2\/comments?post=3078"}],"version-history":[{"count":0,"href":"https:\/\/www.feyalegria.org\/nicaragua\/wp-json\/wp\/v2\/posts\/3078\/revisions"}],"wp:featuredmedia":[{"embeddable":true,"href":"https:\/\/www.feyalegria.org\/nicaragua\/wp-json\/wp\/v2\/media\/4325"}],"wp:attachment":[{"href":"https:\/\/www.feyalegria.org\/nicaragua\/wp-json\/wp\/v2\/media?parent=3078"}],"wp:term":[{"taxonomy":"category","embeddable":true,"href":"https:\/\/www.feyalegria.org\/nicaragua\/wp-json\/wp\/v2\/categories?post=3078"},{"taxonomy":"post_tag","embeddable":true,"href":"https:\/\/www.feyalegria.org\/nicaragua\/wp-json\/wp\/v2\/tags?post=3078"},{"taxonomy":"post_folder","embeddable":true,"href":"https:\/\/www.feyalegria.org\/nicaragua\/wp-json\/wp\/v2\/post_folder?post=3078"}],"curies":[{"name":"wp","href":"https:\/\/api.w.org\/{rel}","templated":true}]}}