 {"id":3665,"date":"2024-07-02T11:04:06","date_gmt":"2024-07-02T16:04:06","guid":{"rendered":"https:\/\/www.feyalegria.org\/nicaragua\/?p=3665"},"modified":"2025-04-03T15:26:24","modified_gmt":"2025-04-03T20:26:24","slug":"nuestra-luz-brilla-a-traves-del-arte","status":"publish","type":"post","link":"https:\/\/www.feyalegria.org\/nicaragua\/nuestra-luz-brilla-a-traves-del-arte\/","title":{"rendered":"En Fe y Alegr\u00eda la educaci\u00f3n de calidad no se detiene"},"content":{"rendered":"<div class=\"wpb-content-wrapper\"><p>[vc_row][vc_column width=\u00bb2\/3&#8243;][vc_single_image image=\u00bb4354&#8243; img_size=\u00bbfull\u00bb css=\u00bb\u00bb][vc_column_text]<strong>Por Iniciativa de G\u00e9nero, FIFYA.<\/strong><\/p>\n<p>&nbsp;<\/p>\n<p style=\"text-align: justify;\">Crear, echar a volar su imaginaci\u00f3n y explorar los diferentes lenguajes de la expresi\u00f3n art\u00edstica para el empoderamiento frente a la violencias basadas en g\u00e9nero de las ni\u00f1as de Per\u00fa, El Salvador, Nicaragua y Honduras, es el objetivo principal de los Talleres de Expresi\u00f3n Art\u00edstica desarrollados a trav\u00e9s de la Campa\u00f1a global la Luz de las Ni\u00f1as liderada por Entreculturas y promovida por la Federaci\u00f3n Internacional Fe y Alegr\u00eda bajo el lema Nuestra luz brilla.<\/p>\n<p>&nbsp;<\/p>\n<p style=\"text-align: justify;\">Los talleres art\u00edsticos \u201cNuestra Luz Brilla\u201d son de estatuismo, pintura, dibujo, ilustraci\u00f3n, canto, danza, escritura creativa y teatro de t\u00edteres. A trav\u00e9s de estos talleres de expresi\u00f3n art\u00edstica las ni\u00f1as adquieren habilidades art\u00edsticas que les permitir\u00e1 expresar creativamente sus sentires frente a las diferentes realidades de violencia a las que est\u00e1n expuestas y lograr su empoderamiento para que brille su luz hacia la igualdad y la equidad de g\u00e9nero.<\/p>\n<p>&nbsp;<\/p>\n<p style=\"text-align: justify;\">Las ni\u00f1as son las protagonistas de los talleres. En Per\u00fa, las ni\u00f1as desarrollaron habilidades de escritura creativa, elaboraci\u00f3n de guion de teatro para t\u00edteres, creaci\u00f3n y dise\u00f1o de t\u00edteres, representaci\u00f3n teatral y danza. Por su parte las ni\u00f1as de Honduras aprendieron a dibujar, pintar y cantar. Las ni\u00f1as de Nicaragua desarrollaron habilidades art\u00edsticas de escritura creativa, creaci\u00f3n de cuentos e ilustraci\u00f3n. En El Salvador las ni\u00f1as aprendieron el arte del estatuismo. Los talleres art\u00edsticos son desarrollados de manera virtual y presencial tomando en cuenta los protocolos y medidas de bioseguridad a fin de garantizar la salud de las ni\u00f1as participantes.<\/p>\n<p>&nbsp;<\/p>\n<p style=\"text-align: justify;\">Los conocimientos adquiridos en estas diferentes disciplinas art\u00edsticas, les permitir\u00e1 a las ni\u00f1as expresar sus sentires frente a las situaciones de violencia que pueden enfrentar, adem\u00e1s de aprender nuevos conocimientos t\u00e9cnicos, desarrollan la creatividad, el pensamiento cr\u00edtico y la libertad de expresi\u00f3n que les brinda la oportunidad de compartir con otras ni\u00f1as la importancia del derecho humano al respeto de su dignidad e integridad, a ser protegidas de las violencias y defender sus derechos.<\/p>\n<p>&nbsp;<\/p>\n<p style=\"text-align: justify;\">\u201cMe ha parecido muy bonito y enriquecedor porque he tenido la oportunidad de expresar libremente lo que pienso, hoy he aprendido que todas tenemos la capacidad de crear un cuento para contar a trav\u00e9s de una historia lo que sentimos\u201d, mencion\u00f3 G\u00e9nesis Berm\u00fadez, estudiante del Colegio Nuestra Se\u00f1ora de Guadalupe de Nicaragua.<\/p>\n<p>[\/vc_column_text][vc_gallery type=\u00bbflexslider_slide\u00bb interval=\u00bb0&#8243; images=\u00bb3667&#8243; img_size=\u00bbfull\u00bb onclick=\u00bb\u00bb css_animation=\u00bbleft-to-right\u00bb][\/vc_column][vc_column width=\u00bb1\/3&#8243;][vc_widget_sidebar sidebar_id=\u00bbnicdark_sidebar\u00bb][vc_btn title=\u00bbM\u00e1s noticias\u00bb style=\u00bbcustom\u00bb custom_background=\u00bb#aa0f16&#8243; custom_text=\u00bb#dbdbdb\u00bb align=\u00bbcenter\u00bb link=\u00bburl:https%3A%2F%2Fwww.feyalegria.org%2Fnicaragua%2Fnoticias%2F|title:Novedades\u00bb][\/vc_column][\/vc_row]<\/p>\n<\/div>","protected":false},"excerpt":{"rendered":"<div style=\"height: 290px\">Explorar los diferentes lenguajes de la expresi\u00f3n art\u00edstica para el empoderamiento de las ni\u00f1as frente a las violencias basadas en g\u00e9nero, es el objetivo principal de los Talleres de Expresi\u00f3n Art\u00edstica desarrollados a trav\u00e9s de la Campa\u00f1a global la Luz de las Ni\u00f1as. <\/div>\n","protected":false},"author":39,"featured_media":4354,"comment_status":"closed","ping_status":"open","sticky":false,"template":"","format":"standard","meta":{"_acf_changed":false,"footnotes":""},"categories":[83],"tags":[],"post_folder":[4],"class_list":["post-3665","post","type-post","status-publish","format-standard","has-post-thumbnail","hentry","category-noticias-es"],"acf":[],"yoast_head":"<!-- This site is optimized with the Yoast SEO plugin v27.4 - https:\/\/yoast.com\/product\/yoast-seo-wordpress\/ -->\n<title>En Fe y Alegr\u00eda la educaci\u00f3n de calidad no se detiene - #SomosFeyAlegr\u00eda en Nicaragua<\/title>\n<meta name=\"robots\" content=\"index, follow, max-snippet:-1, max-image-preview:large, max-video-preview:-1\" \/>\n<link rel=\"canonical\" href=\"https:\/\/www.feyalegria.org\/nicaragua\/nuestra-luz-brilla-a-traves-del-arte\/\" \/>\n<meta property=\"og:locale\" content=\"es_ES\" \/>\n<meta property=\"og:type\" content=\"article\" \/>\n<meta property=\"og:title\" content=\"En Fe y Alegr\u00eda la educaci\u00f3n de calidad no se detiene - #SomosFeyAlegr\u00eda en Nicaragua\" \/>\n<meta property=\"og:description\" content=\"Explorar los diferentes lenguajes de la expresi\u00f3n art\u00edstica para el empoderamiento de las ni\u00f1as frente a las violencias basadas en g\u00e9nero, es el objetivo principal de los Talleres de Expresi\u00f3n Art\u00edstica desarrollados a trav\u00e9s de la Campa\u00f1a global la Luz de las Ni\u00f1as.\" \/>\n<meta property=\"og:url\" content=\"https:\/\/www.feyalegria.org\/nicaragua\/nuestra-luz-brilla-a-traves-del-arte\/\" \/>\n<meta property=\"og:site_name\" content=\"#SomosFeyAlegr\u00eda en Nicaragua\" \/>\n<meta property=\"article:published_time\" content=\"2024-07-02T16:04:06+00:00\" \/>\n<meta property=\"article:modified_time\" content=\"2025-04-03T20:26:24+00:00\" \/>\n<meta property=\"og:image\" content=\"https:\/\/d3pugrm67vf9n7.cloudfront.net\/wp-content\/uploads\/sites\/26\/2024\/07\/03152536\/1_Mesa-de-trabajo-1-scaled.jpg\" \/>\n\t<meta property=\"og:image:width\" content=\"2560\" \/>\n\t<meta property=\"og:image:height\" content=\"1701\" \/>\n\t<meta property=\"og:image:type\" content=\"image\/jpeg\" \/>\n<meta name=\"author\" content=\"adminni1\" \/>\n<meta name=\"twitter:card\" content=\"summary_large_image\" \/>\n<meta name=\"twitter:label1\" content=\"Escrito por\" \/>\n\t<meta name=\"twitter:data1\" content=\"adminni1\" \/>\n\t<meta name=\"twitter:label2\" content=\"Tiempo de lectura\" \/>\n\t<meta name=\"twitter:data2\" content=\"3 minutos\" \/>\n<script type=\"application\/ld+json\" class=\"yoast-schema-graph\">{\"@context\":\"https:\\\/\\\/schema.org\",\"@graph\":[{\"@type\":\"Article\",\"@id\":\"https:\\\/\\\/www.feyalegria.org\\\/nicaragua\\\/nuestra-luz-brilla-a-traves-del-arte\\\/#article\",\"isPartOf\":{\"@id\":\"https:\\\/\\\/www.feyalegria.org\\\/nicaragua\\\/nuestra-luz-brilla-a-traves-del-arte\\\/\"},\"author\":{\"name\":\"adminni1\",\"@id\":\"https:\\\/\\\/www.feyalegria.org\\\/nicaragua\\\/#\\\/schema\\\/person\\\/7e45eb883779006984eff21fcc5c6c18\"},\"headline\":\"En Fe y Alegr\u00eda la educaci\u00f3n de calidad no se detiene\",\"datePublished\":\"2024-07-02T16:04:06+00:00\",\"dateModified\":\"2025-04-03T20:26:24+00:00\",\"mainEntityOfPage\":{\"@id\":\"https:\\\/\\\/www.feyalegria.org\\\/nicaragua\\\/nuestra-luz-brilla-a-traves-del-arte\\\/\"},\"wordCount\":522,\"publisher\":{\"@id\":\"https:\\\/\\\/www.feyalegria.org\\\/nicaragua\\\/#organization\"},\"image\":{\"@id\":\"https:\\\/\\\/www.feyalegria.org\\\/nicaragua\\\/nuestra-luz-brilla-a-traves-del-arte\\\/#primaryimage\"},\"thumbnailUrl\":\"https:\\\/\\\/d3pugrm67vf9n7.cloudfront.net\\\/wp-content\\\/uploads\\\/sites\\\/26\\\/2024\\\/07\\\/03152536\\\/1_Mesa-de-trabajo-1-scaled.jpg\",\"articleSection\":[\"Noticias\"],\"inLanguage\":\"es\"},{\"@type\":\"WebPage\",\"@id\":\"https:\\\/\\\/www.feyalegria.org\\\/nicaragua\\\/nuestra-luz-brilla-a-traves-del-arte\\\/\",\"url\":\"https:\\\/\\\/www.feyalegria.org\\\/nicaragua\\\/nuestra-luz-brilla-a-traves-del-arte\\\/\",\"name\":\"En Fe y Alegr\u00eda la educaci\u00f3n de calidad no se detiene - #SomosFeyAlegr\u00eda en Nicaragua\",\"isPartOf\":{\"@id\":\"https:\\\/\\\/www.feyalegria.org\\\/nicaragua\\\/#website\"},\"primaryImageOfPage\":{\"@id\":\"https:\\\/\\\/www.feyalegria.org\\\/nicaragua\\\/nuestra-luz-brilla-a-traves-del-arte\\\/#primaryimage\"},\"image\":{\"@id\":\"https:\\\/\\\/www.feyalegria.org\\\/nicaragua\\\/nuestra-luz-brilla-a-traves-del-arte\\\/#primaryimage\"},\"thumbnailUrl\":\"https:\\\/\\\/d3pugrm67vf9n7.cloudfront.net\\\/wp-content\\\/uploads\\\/sites\\\/26\\\/2024\\\/07\\\/03152536\\\/1_Mesa-de-trabajo-1-scaled.jpg\",\"datePublished\":\"2024-07-02T16:04:06+00:00\",\"dateModified\":\"2025-04-03T20:26:24+00:00\",\"breadcrumb\":{\"@id\":\"https:\\\/\\\/www.feyalegria.org\\\/nicaragua\\\/nuestra-luz-brilla-a-traves-del-arte\\\/#breadcrumb\"},\"inLanguage\":\"es\",\"potentialAction\":[{\"@type\":\"ReadAction\",\"target\":[\"https:\\\/\\\/www.feyalegria.org\\\/nicaragua\\\/nuestra-luz-brilla-a-traves-del-arte\\\/\"]}]},{\"@type\":\"ImageObject\",\"inLanguage\":\"es\",\"@id\":\"https:\\\/\\\/www.feyalegria.org\\\/nicaragua\\\/nuestra-luz-brilla-a-traves-del-arte\\\/#primaryimage\",\"url\":\"https:\\\/\\\/d3pugrm67vf9n7.cloudfront.net\\\/wp-content\\\/uploads\\\/sites\\\/26\\\/2024\\\/07\\\/03152536\\\/1_Mesa-de-trabajo-1-scaled.jpg\",\"contentUrl\":\"https:\\\/\\\/d3pugrm67vf9n7.cloudfront.net\\\/wp-content\\\/uploads\\\/sites\\\/26\\\/2024\\\/07\\\/03152536\\\/1_Mesa-de-trabajo-1-scaled.jpg\",\"width\":2560,\"height\":1701},{\"@type\":\"BreadcrumbList\",\"@id\":\"https:\\\/\\\/www.feyalegria.org\\\/nicaragua\\\/nuestra-luz-brilla-a-traves-del-arte\\\/#breadcrumb\",\"itemListElement\":[{\"@type\":\"ListItem\",\"position\":1,\"name\":\"Home\",\"item\":\"https:\\\/\\\/www.feyalegria.org\\\/nicaragua\\\/\"},{\"@type\":\"ListItem\",\"position\":2,\"name\":\"En Fe y Alegr\u00eda la educaci\u00f3n de calidad no se detiene\"}]},{\"@type\":\"WebSite\",\"@id\":\"https:\\\/\\\/www.feyalegria.org\\\/nicaragua\\\/#website\",\"url\":\"https:\\\/\\\/www.feyalegria.org\\\/nicaragua\\\/\",\"name\":\"#SomosFeyAlegr\u00eda en Nicaragua\",\"description\":\"Movimiento de Educaci\u00f3n Popular y Promoci\u00f3n Social\",\"publisher\":{\"@id\":\"https:\\\/\\\/www.feyalegria.org\\\/nicaragua\\\/#organization\"},\"potentialAction\":[{\"@type\":\"SearchAction\",\"target\":{\"@type\":\"EntryPoint\",\"urlTemplate\":\"https:\\\/\\\/www.feyalegria.org\\\/nicaragua\\\/?s={search_term_string}\"},\"query-input\":{\"@type\":\"PropertyValueSpecification\",\"valueRequired\":true,\"valueName\":\"search_term_string\"}}],\"inLanguage\":\"es\"},{\"@type\":\"Organization\",\"@id\":\"https:\\\/\\\/www.feyalegria.org\\\/nicaragua\\\/#organization\",\"name\":\"#SomosFeyAlegr\u00eda en Nicaragua\",\"url\":\"https:\\\/\\\/www.feyalegria.org\\\/nicaragua\\\/\",\"logo\":{\"@type\":\"ImageObject\",\"inLanguage\":\"es\",\"@id\":\"https:\\\/\\\/www.feyalegria.org\\\/nicaragua\\\/#\\\/schema\\\/logo\\\/image\\\/\",\"url\":\"https:\\\/\\\/d3pugrm67vf9n7.cloudfront.net\\\/wp-content\\\/uploads\\\/sites\\\/26\\\/2024\\\/04\\\/12160458\\\/cropped-logo_fya-.png\",\"contentUrl\":\"https:\\\/\\\/d3pugrm67vf9n7.cloudfront.net\\\/wp-content\\\/uploads\\\/sites\\\/26\\\/2024\\\/04\\\/12160458\\\/cropped-logo_fya-.png\",\"width\":512,\"height\":512,\"caption\":\"#SomosFeyAlegr\u00eda en Nicaragua\"},\"image\":{\"@id\":\"https:\\\/\\\/www.feyalegria.org\\\/nicaragua\\\/#\\\/schema\\\/logo\\\/image\\\/\"}},{\"@type\":\"Person\",\"@id\":\"https:\\\/\\\/www.feyalegria.org\\\/nicaragua\\\/#\\\/schema\\\/person\\\/7e45eb883779006984eff21fcc5c6c18\",\"name\":\"adminni1\",\"url\":\"https:\\\/\\\/www.feyalegria.org\\\/nicaragua\\\/author\\\/adminni1\\\/\"}]}<\/script>\n<!-- \/ Yoast SEO plugin. -->","yoast_head_json":{"title":"En Fe y Alegr\u00eda la educaci\u00f3n de calidad no se detiene - #SomosFeyAlegr\u00eda en Nicaragua","robots":{"index":"index","follow":"follow","max-snippet":"max-snippet:-1","max-image-preview":"max-image-preview:large","max-video-preview":"max-video-preview:-1"},"canonical":"https:\/\/www.feyalegria.org\/nicaragua\/nuestra-luz-brilla-a-traves-del-arte\/","og_locale":"es_ES","og_type":"article","og_title":"En Fe y Alegr\u00eda la educaci\u00f3n de calidad no se detiene - #SomosFeyAlegr\u00eda en Nicaragua","og_description":"Explorar los diferentes lenguajes de la expresi\u00f3n art\u00edstica para el empoderamiento de las ni\u00f1as frente a las violencias basadas en g\u00e9nero, es el objetivo principal de los Talleres de Expresi\u00f3n Art\u00edstica desarrollados a trav\u00e9s de la Campa\u00f1a global la Luz de las Ni\u00f1as.","og_url":"https:\/\/www.feyalegria.org\/nicaragua\/nuestra-luz-brilla-a-traves-del-arte\/","og_site_name":"#SomosFeyAlegr\u00eda en Nicaragua","article_published_time":"2024-07-02T16:04:06+00:00","article_modified_time":"2025-04-03T20:26:24+00:00","og_image":[{"width":2560,"height":1701,"url":"https:\/\/d3pugrm67vf9n7.cloudfront.net\/wp-content\/uploads\/sites\/26\/2024\/07\/03152536\/1_Mesa-de-trabajo-1-scaled.jpg","type":"image\/jpeg"}],"author":"adminni1","twitter_card":"summary_large_image","twitter_misc":{"Escrito por":"adminni1","Tiempo de lectura":"3 minutos"},"schema":{"@context":"https:\/\/schema.org","@graph":[{"@type":"Article","@id":"https:\/\/www.feyalegria.org\/nicaragua\/nuestra-luz-brilla-a-traves-del-arte\/#article","isPartOf":{"@id":"https:\/\/www.feyalegria.org\/nicaragua\/nuestra-luz-brilla-a-traves-del-arte\/"},"author":{"name":"adminni1","@id":"https:\/\/www.feyalegria.org\/nicaragua\/#\/schema\/person\/7e45eb883779006984eff21fcc5c6c18"},"headline":"En Fe y Alegr\u00eda la educaci\u00f3n de calidad no se detiene","datePublished":"2024-07-02T16:04:06+00:00","dateModified":"2025-04-03T20:26:24+00:00","mainEntityOfPage":{"@id":"https:\/\/www.feyalegria.org\/nicaragua\/nuestra-luz-brilla-a-traves-del-arte\/"},"wordCount":522,"publisher":{"@id":"https:\/\/www.feyalegria.org\/nicaragua\/#organization"},"image":{"@id":"https:\/\/www.feyalegria.org\/nicaragua\/nuestra-luz-brilla-a-traves-del-arte\/#primaryimage"},"thumbnailUrl":"https:\/\/d3pugrm67vf9n7.cloudfront.net\/wp-content\/uploads\/sites\/26\/2024\/07\/03152536\/1_Mesa-de-trabajo-1-scaled.jpg","articleSection":["Noticias"],"inLanguage":"es"},{"@type":"WebPage","@id":"https:\/\/www.feyalegria.org\/nicaragua\/nuestra-luz-brilla-a-traves-del-arte\/","url":"https:\/\/www.feyalegria.org\/nicaragua\/nuestra-luz-brilla-a-traves-del-arte\/","name":"En Fe y Alegr\u00eda la educaci\u00f3n de calidad no se detiene - #SomosFeyAlegr\u00eda en Nicaragua","isPartOf":{"@id":"https:\/\/www.feyalegria.org\/nicaragua\/#website"},"primaryImageOfPage":{"@id":"https:\/\/www.feyalegria.org\/nicaragua\/nuestra-luz-brilla-a-traves-del-arte\/#primaryimage"},"image":{"@id":"https:\/\/www.feyalegria.org\/nicaragua\/nuestra-luz-brilla-a-traves-del-arte\/#primaryimage"},"thumbnailUrl":"https:\/\/d3pugrm67vf9n7.cloudfront.net\/wp-content\/uploads\/sites\/26\/2024\/07\/03152536\/1_Mesa-de-trabajo-1-scaled.jpg","datePublished":"2024-07-02T16:04:06+00:00","dateModified":"2025-04-03T20:26:24+00:00","breadcrumb":{"@id":"https:\/\/www.feyalegria.org\/nicaragua\/nuestra-luz-brilla-a-traves-del-arte\/#breadcrumb"},"inLanguage":"es","potentialAction":[{"@type":"ReadAction","target":["https:\/\/www.feyalegria.org\/nicaragua\/nuestra-luz-brilla-a-traves-del-arte\/"]}]},{"@type":"ImageObject","inLanguage":"es","@id":"https:\/\/www.feyalegria.org\/nicaragua\/nuestra-luz-brilla-a-traves-del-arte\/#primaryimage","url":"https:\/\/d3pugrm67vf9n7.cloudfront.net\/wp-content\/uploads\/sites\/26\/2024\/07\/03152536\/1_Mesa-de-trabajo-1-scaled.jpg","contentUrl":"https:\/\/d3pugrm67vf9n7.cloudfront.net\/wp-content\/uploads\/sites\/26\/2024\/07\/03152536\/1_Mesa-de-trabajo-1-scaled.jpg","width":2560,"height":1701},{"@type":"BreadcrumbList","@id":"https:\/\/www.feyalegria.org\/nicaragua\/nuestra-luz-brilla-a-traves-del-arte\/#breadcrumb","itemListElement":[{"@type":"ListItem","position":1,"name":"Home","item":"https:\/\/www.feyalegria.org\/nicaragua\/"},{"@type":"ListItem","position":2,"name":"En Fe y Alegr\u00eda la educaci\u00f3n de calidad no se detiene"}]},{"@type":"WebSite","@id":"https:\/\/www.feyalegria.org\/nicaragua\/#website","url":"https:\/\/www.feyalegria.org\/nicaragua\/","name":"#SomosFeyAlegr\u00eda en Nicaragua","description":"Movimiento de Educaci\u00f3n Popular y Promoci\u00f3n Social","publisher":{"@id":"https:\/\/www.feyalegria.org\/nicaragua\/#organization"},"potentialAction":[{"@type":"SearchAction","target":{"@type":"EntryPoint","urlTemplate":"https:\/\/www.feyalegria.org\/nicaragua\/?s={search_term_string}"},"query-input":{"@type":"PropertyValueSpecification","valueRequired":true,"valueName":"search_term_string"}}],"inLanguage":"es"},{"@type":"Organization","@id":"https:\/\/www.feyalegria.org\/nicaragua\/#organization","name":"#SomosFeyAlegr\u00eda en Nicaragua","url":"https:\/\/www.feyalegria.org\/nicaragua\/","logo":{"@type":"ImageObject","inLanguage":"es","@id":"https:\/\/www.feyalegria.org\/nicaragua\/#\/schema\/logo\/image\/","url":"https:\/\/d3pugrm67vf9n7.cloudfront.net\/wp-content\/uploads\/sites\/26\/2024\/04\/12160458\/cropped-logo_fya-.png","contentUrl":"https:\/\/d3pugrm67vf9n7.cloudfront.net\/wp-content\/uploads\/sites\/26\/2024\/04\/12160458\/cropped-logo_fya-.png","width":512,"height":512,"caption":"#SomosFeyAlegr\u00eda en Nicaragua"},"image":{"@id":"https:\/\/www.feyalegria.org\/nicaragua\/#\/schema\/logo\/image\/"}},{"@type":"Person","@id":"https:\/\/www.feyalegria.org\/nicaragua\/#\/schema\/person\/7e45eb883779006984eff21fcc5c6c18","name":"adminni1","url":"https:\/\/www.feyalegria.org\/nicaragua\/author\/adminni1\/"}]}},"_links":{"self":[{"href":"https:\/\/www.feyalegria.org\/nicaragua\/wp-json\/wp\/v2\/posts\/3665","targetHints":{"allow":["GET"]}}],"collection":[{"href":"https:\/\/www.feyalegria.org\/nicaragua\/wp-json\/wp\/v2\/posts"}],"about":[{"href":"https:\/\/www.feyalegria.org\/nicaragua\/wp-json\/wp\/v2\/types\/post"}],"author":[{"embeddable":true,"href":"https:\/\/www.feyalegria.org\/nicaragua\/wp-json\/wp\/v2\/users\/39"}],"replies":[{"embeddable":true,"href":"https:\/\/www.feyalegria.org\/nicaragua\/wp-json\/wp\/v2\/comments?post=3665"}],"version-history":[{"count":0,"href":"https:\/\/www.feyalegria.org\/nicaragua\/wp-json\/wp\/v2\/posts\/3665\/revisions"}],"wp:featuredmedia":[{"embeddable":true,"href":"https:\/\/www.feyalegria.org\/nicaragua\/wp-json\/wp\/v2\/media\/4354"}],"wp:attachment":[{"href":"https:\/\/www.feyalegria.org\/nicaragua\/wp-json\/wp\/v2\/media?parent=3665"}],"wp:term":[{"taxonomy":"category","embeddable":true,"href":"https:\/\/www.feyalegria.org\/nicaragua\/wp-json\/wp\/v2\/categories?post=3665"},{"taxonomy":"post_tag","embeddable":true,"href":"https:\/\/www.feyalegria.org\/nicaragua\/wp-json\/wp\/v2\/tags?post=3665"},{"taxonomy":"post_folder","embeddable":true,"href":"https:\/\/www.feyalegria.org\/nicaragua\/wp-json\/wp\/v2\/post_folder?post=3665"}],"curies":[{"name":"wp","href":"https:\/\/api.w.org\/{rel}","templated":true}]}}