{"id":3731,"date":"2026-08-26T21:18:50","date_gmt":"2026-08-26T21:18:50","guid":{"rendered":"https:\/\/www.feyalegria.org\/panama\/?p=3731"},"modified":"2026-08-26T22:19:57","modified_gmt":"2026-08-26T22:19:57","slug":"nuevo-vigia-despues-de-la-migracion-retos-y-oportunidades","status":"publish","type":"post","link":"https:\/\/www.feyalegria.org\/panama\/nuevo-vigia-despues-de-la-migracion-retos-y-oportunidades\/","title":{"rendered":"Nuevo Vig\u00eda despu\u00e9s de la Migraci\u00f3n: Retos y Oportunidades"},"content":{"rendered":"<div class=\"wpb-content-wrapper\" id=\"wpb-content-root\"><p>[vc_row][vc_column]<div style=\"background-color:;height: 30px\" class=\"nicdark_section  \"><\/div>[vc_column_text]<\/p>\n<h2><span style=\"font-size: 18px;\">Nuevo Vig\u00eda despu\u00e9s de la Migraci\u00f3n: Retos y Oportunidades<\/span><\/h2>\n<p>[\/vc_column_text]<div style=\"background-color:;height: 30px\" class=\"nicdark_section  \"><\/div>[\/vc_column][\/vc_row][vc_row gap=\u00bb0px\u00bb css_animation=\u00bbnone\u00bb][vc_column width=\u00bb2\/3&#8243;][vc_single_image onclick=\u00bbimg_link_large\u00bb image=\u00bb3737&#8243; img_size=\u00bb800X500&#8243; style=\u00bbvc_box_rounded\u00bb alignment=\u00bbcenter\u00bb][vc_column_text]<\/p>\n<p style=\"text-align: right;\"><strong>Por:<\/strong> Alberto Agrazal &#8211; <em>Promotor comunitario Fe y Alegr\u00eda<\/em><\/p>\n<p>&nbsp;<\/p>\n<p>El 25 de agosto, desarrollamos en la comunidad de Nuevo Vig\u00eda, Dari\u00e9n, el encuentro \u201cConocer para Incidir: Diagn\u00f3stico Comunitario y Derechos Humanos\u201d, un espacio de di\u00e1logo y escucha comunitaria para reflexionar sobre las transformaciones que ha vivido el territorio despu\u00e9s del per\u00edodo de mayor flujo migratorio entre 2020 y 2025.<\/p>\n<p>Contamos con la participaci\u00f3n de 11 l\u00edderes comunitarios, entre ellos Gamaniel Membache, vicepresidente del Congreso General Ember\u00e1, as\u00ed como representantes de los comit\u00e9s de deporte, infancia y desarrollo comunitario.<\/p>\n<p>Durante la jornada conversamos sobre los impactos que dej\u00f3 la din\u00e1mica migratoria en las comunidades, los cambios que se han producido con la disminuci\u00f3n del flujo y, especialmente, sobre las oportunidades de desarrollo local que pueden contribuir a fortalecer el arraigo, las capacidades comunitarias y las oportunidades para ni\u00f1os, ni\u00f1as, adolescentes y j\u00f3venes.<\/p>\n<p>Tambi\u00e9n contamos con el acompa\u00f1amiento de Luz Santos, de AID FOR AIDS; Eric Fern\u00e1ndez, misionero claretiano; y Albis Hidalgo, del Servicio Nacional de Fronteras, especialista en ni\u00f1ez y adolescencia, quienes aportaron desde sus distintas experiencias a la conversaci\u00f3n sobre territorio, movilidad humana, protecci\u00f3n y desarrollo comunitario.<\/p>\n<p>El encuentro nos permiti\u00f3 reafirmar la importancia de escuchar primero al territorio para poder construir propuestas pertinentes. La disminuci\u00f3n del flujo migratorio no significa que los desaf\u00edos hayan desaparecido; por el contrario, abre nuevas preguntas sobre educaci\u00f3n intercultural, oportunidades para la juventud, desarrollo local y fortalecimiento de las capacidades propias de las comunidades.<\/p>\n<p>Desde Fe y Alegr\u00eda Panam\u00e1, continuamos apostando por una educaci\u00f3n comunitaria e intercultural como herramienta para acompa\u00f1ar estos procesos, reconociendo los saberes, capacidades y aspiraciones de las comunidades de Dari\u00e9n y la Comarca Ember\u00e1 Wounaan.<\/p>\n<p>Conocer la realidad, escuchar al territorio y articular capacidades para transformar.[\/vc_column_text][vc_column_text]<strong>Cr\u00e9ditos Fotograf\u00edas<\/strong><\/p>\n<p><em>Mersha Valencia y Alberto Agrazal<\/em>[\/vc_column_text][\/vc_column][vc_column width=\u00bb1\/3&#8243; css=\u00bb.vc_custom_1787778194944{padding-left: 20px !important;background-color: #e4e4e4 !important;border-radius: 10px !important;}\u00bb offset=\u00bbvc_col-xl-inherit vc_col-lg-inherit vc_col-md-4 vc_col-sm-inherit\u00bb][vc_widget_sidebar sidebar_id=\u00bbnicdark_sidebar\u00bb][vc_btn title=\u00bbM\u00e1s noticias\u00bb align=\u00bbcenter\u00bb style=\u00bbcustom\u00bb custom_background=\u00bb#aa0f16&#8243; custom_text=\u00bb#ffffff\u00bb link=\u00bburl:https%3A%2F%2Fwww.feyalegria.org%2Fpanama%2Fnoticias%2F|title:Noticias\u00bb][vc_images_carousel images=\u00bb3747,3748,3746,3745,3744,3743,3742,3741,3740,3737,3732&#8243; img_size=\u00bbfull\u00bb speed=\u00bb5000ms\u00bb autoplay=\u00bbyes\u00bb hide_pagination_control=\u00bbyes\u00bb hide_prev_next_buttons=\u00bbyes\u00bb wrap=\u00bbyes\u00bb css_animation=\u00bbnone\u00bb][\/vc_column][\/vc_row]<\/p>\n<\/div>","protected":false},"excerpt":{"rendered":"<div style=\"height: 263px\">\n<p align=\"justify\">En Fe y Alegr\u00eda reafirmamos que conocer la realidad local es el primer paso para construir propuestas educativas y de promoci\u00f3n social pertinentes para la Comarca Ember\u00e1 Wounaan.<\/p>\n<\/div>\n","protected":false},"author":76,"featured_media":3743,"comment_status":"closed","ping_status":"closed","sticky":false,"template":"","format":"standard","meta":{"_acf_changed":false,"rs_blank_template":"","rs_page_bg_color":"","slide_template_v7":"","footnotes":""},"categories":[183],"tags":[551,438,549,553,414,547,536,420,492],"post_folder":[],"class_list":["post-3731","post","type-post","status-publish","format-standard","has-post-thumbnail","hentry","category-noticias","tag-comarca","tag-darien","tag-educacion-intercultural","tag-embera","tag-fe-y-alegria","tag-movilidad-humana","tag-ninas-y-adolescentes","tag-panama","tag-tejiendo-amaneceres"],"acf":[],"yoast_head":"<!-- This site is optimized with the Yoast SEO plugin v28.3 - https:\/\/yoast.com\/product\/yoast-seo-wordpress\/ -->\n<title>Nuevo Vig\u00eda despu\u00e9s de la Migraci\u00f3n: Retos y Oportunidades - #SomosFeyAlegria en Panam\u00e1 %<\/title>\n<meta name=\"description\" content=\"En Fe y Alegr\u00eda reafirmamos que conocer la realidad local es el primer paso para construir propuestas educativas y de promoci\u00f3n social pertinentes para la Comarca Ember\u00e1 Wounaan.\" \/>\n<meta name=\"robots\" content=\"index, follow, max-snippet:-1, max-image-preview:large, max-video-preview:-1\" \/>\n<link rel=\"canonical\" href=\"https:\/\/www.feyalegria.org\/panama\/nuevo-vigia-despues-de-la-migracion-retos-y-oportunidades\/\" \/>\n<meta property=\"og:locale\" content=\"es_ES\" \/>\n<meta property=\"og:type\" content=\"article\" \/>\n<meta property=\"og:title\" content=\"Nuevo Vig\u00eda despu\u00e9s de la Migraci\u00f3n: Retos y Oportunidades - #SomosFeyAlegria en Panam\u00e1 %\" \/>\n<meta property=\"og:description\" content=\"En Fe y Alegr\u00eda reafirmamos que conocer la realidad local es el primer paso para construir propuestas educativas y de promoci\u00f3n social pertinentes para la Comarca Ember\u00e1 Wounaan.\" \/>\n<meta property=\"og:url\" content=\"https:\/\/www.feyalegria.org\/panama\/nuevo-vigia-despues-de-la-migracion-retos-y-oportunidades\/\" \/>\n<meta property=\"og:site_name\" content=\"#SomosFeyAlegria en Panam\u00e1\" \/>\n<meta property=\"article:published_time\" content=\"2026-08-26T21:18:50+00:00\" \/>\n<meta property=\"article:modified_time\" content=\"2026-08-26T22:19:57+00:00\" \/>\n<meta property=\"og:image\" content=\"https:\/\/d3pugrm67vf9n7.cloudfront.net\/wp-content\/uploads\/sites\/24\/2026\/08\/26204811\/Visita-Nuevo-Vigia-despues-de-la-Migracion-12.jpeg\" \/>\n\t<meta property=\"og:image:width\" content=\"1280\" \/>\n\t<meta property=\"og:image:height\" content=\"960\" \/>\n\t<meta property=\"og:image:type\" content=\"image\/jpeg\" \/>\n<meta name=\"author\" content=\"adminpa01\" \/>\n<meta name=\"twitter:card\" content=\"summary_large_image\" \/>\n<meta name=\"twitter:label1\" content=\"Escrito por\" \/>\n\t<meta name=\"twitter:data1\" content=\"adminpa01\" \/>\n\t<meta name=\"twitter:label2\" content=\"Tiempo de lectura\" \/>\n\t<meta name=\"twitter:data2\" content=\"2 minutos\" \/>\n<script type=\"application\/ld+json\" class=\"yoast-schema-graph\">{\"@context\":\"https:\\\/\\\/schema.org\",\"@graph\":[{\"@type\":\"Article\",\"@id\":\"https:\\\/\\\/www.feyalegria.org\\\/panama\\\/nuevo-vigia-despues-de-la-migracion-retos-y-oportunidades\\\/#article\",\"isPartOf\":{\"@id\":\"https:\\\/\\\/www.feyalegria.org\\\/panama\\\/nuevo-vigia-despues-de-la-migracion-retos-y-oportunidades\\\/\"},\"author\":{\"name\":\"adminpa01\",\"@id\":\"https:\\\/\\\/www.feyalegria.org\\\/panama\\\/#\\\/schema\\\/person\\\/abe1815c6baf9b135c44ee466d134e9e\"},\"headline\":\"Nuevo Vig\u00eda despu\u00e9s de la Migraci\u00f3n: Retos y Oportunidades\",\"datePublished\":\"2026-08-26T21:18:50+00:00\",\"dateModified\":\"2026-08-26T22:19:57+00:00\",\"mainEntityOfPage\":{\"@id\":\"https:\\\/\\\/www.feyalegria.org\\\/panama\\\/nuevo-vigia-despues-de-la-migracion-retos-y-oportunidades\\\/\"},\"wordCount\":503,\"image\":{\"@id\":\"https:\\\/\\\/www.feyalegria.org\\\/panama\\\/nuevo-vigia-despues-de-la-migracion-retos-y-oportunidades\\\/#primaryimage\"},\"thumbnailUrl\":\"https:\\\/\\\/d3pugrm67vf9n7.cloudfront.net\\\/wp-content\\\/uploads\\\/sites\\\/24\\\/2026\\\/08\\\/26204811\\\/Visita-Nuevo-Vigia-despues-de-la-Migracion-12.jpeg\",\"keywords\":[\"comarca\",\"Dari\u00e9n\",\"Educaci\u00f3n intercultural\",\"ember\u00e1\",\"Fe y Alegr\u00eda\",\"Movilidad humana\",\"ni\u00f1as y adolescentes\",\"Panam\u00e1\",\"tejiendo amaneceres\"],\"articleSection\":[\"Noticias\"],\"inLanguage\":\"es\"},{\"@type\":\"WebPage\",\"@id\":\"https:\\\/\\\/www.feyalegria.org\\\/panama\\\/nuevo-vigia-despues-de-la-migracion-retos-y-oportunidades\\\/\",\"url\":\"https:\\\/\\\/www.feyalegria.org\\\/panama\\\/nuevo-vigia-despues-de-la-migracion-retos-y-oportunidades\\\/\",\"name\":\"Nuevo Vig\u00eda despu\u00e9s de la Migraci\u00f3n: Retos y Oportunidades - #SomosFeyAlegria en Panam\u00e1 %\",\"isPartOf\":{\"@id\":\"https:\\\/\\\/www.feyalegria.org\\\/panama\\\/#website\"},\"primaryImageOfPage\":{\"@id\":\"https:\\\/\\\/www.feyalegria.org\\\/panama\\\/nuevo-vigia-despues-de-la-migracion-retos-y-oportunidades\\\/#primaryimage\"},\"image\":{\"@id\":\"https:\\\/\\\/www.feyalegria.org\\\/panama\\\/nuevo-vigia-despues-de-la-migracion-retos-y-oportunidades\\\/#primaryimage\"},\"thumbnailUrl\":\"https:\\\/\\\/d3pugrm67vf9n7.cloudfront.net\\\/wp-content\\\/uploads\\\/sites\\\/24\\\/2026\\\/08\\\/26204811\\\/Visita-Nuevo-Vigia-despues-de-la-Migracion-12.jpeg\",\"datePublished\":\"2026-08-26T21:18:50+00:00\",\"dateModified\":\"2026-08-26T22:19:57+00:00\",\"author\":{\"@id\":\"https:\\\/\\\/www.feyalegria.org\\\/panama\\\/#\\\/schema\\\/person\\\/abe1815c6baf9b135c44ee466d134e9e\"},\"description\":\"En Fe y Alegr\u00eda reafirmamos que conocer la realidad local es el primer paso para construir propuestas educativas y de promoci\u00f3n social pertinentes para la Comarca Ember\u00e1 Wounaan.\",\"breadcrumb\":{\"@id\":\"https:\\\/\\\/www.feyalegria.org\\\/panama\\\/nuevo-vigia-despues-de-la-migracion-retos-y-oportunidades\\\/#breadcrumb\"},\"inLanguage\":\"es\",\"potentialAction\":[{\"@type\":\"ReadAction\",\"target\":[\"https:\\\/\\\/www.feyalegria.org\\\/panama\\\/nuevo-vigia-despues-de-la-migracion-retos-y-oportunidades\\\/\"]}]},{\"@type\":\"ImageObject\",\"inLanguage\":\"es\",\"@id\":\"https:\\\/\\\/www.feyalegria.org\\\/panama\\\/nuevo-vigia-despues-de-la-migracion-retos-y-oportunidades\\\/#primaryimage\",\"url\":\"https:\\\/\\\/d3pugrm67vf9n7.cloudfront.net\\\/wp-content\\\/uploads\\\/sites\\\/24\\\/2026\\\/08\\\/26204811\\\/Visita-Nuevo-Vigia-despues-de-la-Migracion-12.jpeg\",\"contentUrl\":\"https:\\\/\\\/d3pugrm67vf9n7.cloudfront.net\\\/wp-content\\\/uploads\\\/sites\\\/24\\\/2026\\\/08\\\/26204811\\\/Visita-Nuevo-Vigia-despues-de-la-Migracion-12.jpeg\",\"width\":1280,\"height\":960},{\"@type\":\"BreadcrumbList\",\"@id\":\"https:\\\/\\\/www.feyalegria.org\\\/panama\\\/nuevo-vigia-despues-de-la-migracion-retos-y-oportunidades\\\/#breadcrumb\",\"itemListElement\":[{\"@type\":\"ListItem\",\"position\":1,\"name\":\"Home\",\"item\":\"https:\\\/\\\/www.feyalegria.org\\\/panama\\\/\"},{\"@type\":\"ListItem\",\"position\":2,\"name\":\"Nuevo Vig\u00eda despu\u00e9s de la Migraci\u00f3n: Retos y Oportunidades\"}]},{\"@type\":\"WebSite\",\"@id\":\"https:\\\/\\\/www.feyalegria.org\\\/panama\\\/#website\",\"url\":\"https:\\\/\\\/www.feyalegria.org\\\/panama\\\/\",\"name\":\"#SomosFeyAlegria en Panam\u00e1\",\"description\":\"\",\"potentialAction\":[{\"@type\":\"SearchAction\",\"target\":{\"@type\":\"EntryPoint\",\"urlTemplate\":\"https:\\\/\\\/www.feyalegria.org\\\/panama\\\/?s={search_term_string}\"},\"query-input\":{\"@type\":\"PropertyValueSpecification\",\"valueRequired\":true,\"valueName\":\"search_term_string\"}}],\"inLanguage\":\"es\"},{\"@type\":\"Person\",\"@id\":\"https:\\\/\\\/www.feyalegria.org\\\/panama\\\/#\\\/schema\\\/person\\\/abe1815c6baf9b135c44ee466d134e9e\",\"name\":\"adminpa01\",\"url\":\"https:\\\/\\\/www.feyalegria.org\\\/panama\\\/author\\\/adminpa01\\\/\"}]}<\/script>\n<!-- \/ Yoast SEO plugin. -->","yoast_head_json":{"title":"Nuevo Vig\u00eda despu\u00e9s de la Migraci\u00f3n: Retos y Oportunidades - #SomosFeyAlegria en Panam\u00e1 %","description":"En Fe y Alegr\u00eda reafirmamos que conocer la realidad local es el primer paso para construir propuestas educativas y de promoci\u00f3n social pertinentes para la Comarca Ember\u00e1 Wounaan.","robots":{"index":"index","follow":"follow","max-snippet":"max-snippet:-1","max-image-preview":"max-image-preview:large","max-video-preview":"max-video-preview:-1"},"canonical":"https:\/\/www.feyalegria.org\/panama\/nuevo-vigia-despues-de-la-migracion-retos-y-oportunidades\/","og_locale":"es_ES","og_type":"article","og_title":"Nuevo Vig\u00eda despu\u00e9s de la Migraci\u00f3n: Retos y Oportunidades - #SomosFeyAlegria en Panam\u00e1 %","og_description":"En Fe y Alegr\u00eda reafirmamos que conocer la realidad local es el primer paso para construir propuestas educativas y de promoci\u00f3n social pertinentes para la Comarca Ember\u00e1 Wounaan.","og_url":"https:\/\/www.feyalegria.org\/panama\/nuevo-vigia-despues-de-la-migracion-retos-y-oportunidades\/","og_site_name":"#SomosFeyAlegria en Panam\u00e1","article_published_time":"2026-08-26T21:18:50+00:00","article_modified_time":"2026-08-26T22:19:57+00:00","og_image":[{"width":1280,"height":960,"url":"https:\/\/d3pugrm67vf9n7.cloudfront.net\/wp-content\/uploads\/sites\/24\/2026\/08\/26204811\/Visita-Nuevo-Vigia-despues-de-la-Migracion-12.jpeg","type":"image\/jpeg"}],"author":"adminpa01","twitter_card":"summary_large_image","twitter_misc":{"Escrito por":"adminpa01","Tiempo de lectura":"2 minutos"},"schema":{"@context":"https:\/\/schema.org","@graph":[{"@type":"Article","@id":"https:\/\/www.feyalegria.org\/panama\/nuevo-vigia-despues-de-la-migracion-retos-y-oportunidades\/#article","isPartOf":{"@id":"https:\/\/www.feyalegria.org\/panama\/nuevo-vigia-despues-de-la-migracion-retos-y-oportunidades\/"},"author":{"name":"adminpa01","@id":"https:\/\/www.feyalegria.org\/panama\/#\/schema\/person\/abe1815c6baf9b135c44ee466d134e9e"},"headline":"Nuevo Vig\u00eda despu\u00e9s de la Migraci\u00f3n: Retos y Oportunidades","datePublished":"2026-08-26T21:18:50+00:00","dateModified":"2026-08-26T22:19:57+00:00","mainEntityOfPage":{"@id":"https:\/\/www.feyalegria.org\/panama\/nuevo-vigia-despues-de-la-migracion-retos-y-oportunidades\/"},"wordCount":503,"image":{"@id":"https:\/\/www.feyalegria.org\/panama\/nuevo-vigia-despues-de-la-migracion-retos-y-oportunidades\/#primaryimage"},"thumbnailUrl":"https:\/\/d3pugrm67vf9n7.cloudfront.net\/wp-content\/uploads\/sites\/24\/2026\/08\/26204811\/Visita-Nuevo-Vigia-despues-de-la-Migracion-12.jpeg","keywords":["comarca","Dari\u00e9n","Educaci\u00f3n intercultural","ember\u00e1","Fe y Alegr\u00eda","Movilidad humana","ni\u00f1as y adolescentes","Panam\u00e1","tejiendo amaneceres"],"articleSection":["Noticias"],"inLanguage":"es"},{"@type":"WebPage","@id":"https:\/\/www.feyalegria.org\/panama\/nuevo-vigia-despues-de-la-migracion-retos-y-oportunidades\/","url":"https:\/\/www.feyalegria.org\/panama\/nuevo-vigia-despues-de-la-migracion-retos-y-oportunidades\/","name":"Nuevo Vig\u00eda despu\u00e9s de la Migraci\u00f3n: Retos y Oportunidades - #SomosFeyAlegria en Panam\u00e1 %","isPartOf":{"@id":"https:\/\/www.feyalegria.org\/panama\/#website"},"primaryImageOfPage":{"@id":"https:\/\/www.feyalegria.org\/panama\/nuevo-vigia-despues-de-la-migracion-retos-y-oportunidades\/#primaryimage"},"image":{"@id":"https:\/\/www.feyalegria.org\/panama\/nuevo-vigia-despues-de-la-migracion-retos-y-oportunidades\/#primaryimage"},"thumbnailUrl":"https:\/\/d3pugrm67vf9n7.cloudfront.net\/wp-content\/uploads\/sites\/24\/2026\/08\/26204811\/Visita-Nuevo-Vigia-despues-de-la-Migracion-12.jpeg","datePublished":"2026-08-26T21:18:50+00:00","dateModified":"2026-08-26T22:19:57+00:00","author":{"@id":"https:\/\/www.feyalegria.org\/panama\/#\/schema\/person\/abe1815c6baf9b135c44ee466d134e9e"},"description":"En Fe y Alegr\u00eda reafirmamos que conocer la realidad local es el primer paso para construir propuestas educativas y de promoci\u00f3n social pertinentes para la Comarca Ember\u00e1 Wounaan.","breadcrumb":{"@id":"https:\/\/www.feyalegria.org\/panama\/nuevo-vigia-despues-de-la-migracion-retos-y-oportunidades\/#breadcrumb"},"inLanguage":"es","potentialAction":[{"@type":"ReadAction","target":["https:\/\/www.feyalegria.org\/panama\/nuevo-vigia-despues-de-la-migracion-retos-y-oportunidades\/"]}]},{"@type":"ImageObject","inLanguage":"es","@id":"https:\/\/www.feyalegria.org\/panama\/nuevo-vigia-despues-de-la-migracion-retos-y-oportunidades\/#primaryimage","url":"https:\/\/d3pugrm67vf9n7.cloudfront.net\/wp-content\/uploads\/sites\/24\/2026\/08\/26204811\/Visita-Nuevo-Vigia-despues-de-la-Migracion-12.jpeg","contentUrl":"https:\/\/d3pugrm67vf9n7.cloudfront.net\/wp-content\/uploads\/sites\/24\/2026\/08\/26204811\/Visita-Nuevo-Vigia-despues-de-la-Migracion-12.jpeg","width":1280,"height":960},{"@type":"BreadcrumbList","@id":"https:\/\/www.feyalegria.org\/panama\/nuevo-vigia-despues-de-la-migracion-retos-y-oportunidades\/#breadcrumb","itemListElement":[{"@type":"ListItem","position":1,"name":"Home","item":"https:\/\/www.feyalegria.org\/panama\/"},{"@type":"ListItem","position":2,"name":"Nuevo Vig\u00eda despu\u00e9s de la Migraci\u00f3n: Retos y Oportunidades"}]},{"@type":"WebSite","@id":"https:\/\/www.feyalegria.org\/panama\/#website","url":"https:\/\/www.feyalegria.org\/panama\/","name":"#SomosFeyAlegria en Panam\u00e1","description":"","potentialAction":[{"@type":"SearchAction","target":{"@type":"EntryPoint","urlTemplate":"https:\/\/www.feyalegria.org\/panama\/?s={search_term_string}"},"query-input":{"@type":"PropertyValueSpecification","valueRequired":true,"valueName":"search_term_string"}}],"inLanguage":"es"},{"@type":"Person","@id":"https:\/\/www.feyalegria.org\/panama\/#\/schema\/person\/abe1815c6baf9b135c44ee466d134e9e","name":"adminpa01","url":"https:\/\/www.feyalegria.org\/panama\/author\/adminpa01\/"}]}},"_links":{"self":[{"href":"https:\/\/www.feyalegria.org\/panama\/wp-json\/wp\/v2\/posts\/3731","targetHints":{"allow":["GET"]}}],"collection":[{"href":"https:\/\/www.feyalegria.org\/panama\/wp-json\/wp\/v2\/posts"}],"about":[{"href":"https:\/\/www.feyalegria.org\/panama\/wp-json\/wp\/v2\/types\/post"}],"author":[{"embeddable":true,"href":"https:\/\/www.feyalegria.org\/panama\/wp-json\/wp\/v2\/users\/76"}],"replies":[{"embeddable":true,"href":"https:\/\/www.feyalegria.org\/panama\/wp-json\/wp\/v2\/comments?post=3731"}],"version-history":[{"count":25,"href":"https:\/\/www.feyalegria.org\/panama\/wp-json\/wp\/v2\/posts\/3731\/revisions"}],"predecessor-version":[{"id":3780,"href":"https:\/\/www.feyalegria.org\/panama\/wp-json\/wp\/v2\/posts\/3731\/revisions\/3780"}],"wp:featuredmedia":[{"embeddable":true,"href":"https:\/\/www.feyalegria.org\/panama\/wp-json\/wp\/v2\/media\/3743"}],"wp:attachment":[{"href":"https:\/\/www.feyalegria.org\/panama\/wp-json\/wp\/v2\/media?parent=3731"}],"wp:term":[{"taxonomy":"category","embeddable":true,"href":"https:\/\/www.feyalegria.org\/panama\/wp-json\/wp\/v2\/categories?post=3731"},{"taxonomy":"post_tag","embeddable":true,"href":"https:\/\/www.feyalegria.org\/panama\/wp-json\/wp\/v2\/tags?post=3731"},{"taxonomy":"post_folder","embeddable":true,"href":"https:\/\/www.feyalegria.org\/panama\/wp-json\/wp\/v2\/post_folder?post=3731"}],"curies":[{"name":"wp","href":"https:\/\/api.w.org\/{rel}","templated":true}]}}