{"id":3761,"date":"2026-07-23T21:23:33","date_gmt":"2026-07-23T21:23:33","guid":{"rendered":"https:\/\/www.feyalegria.org\/panama\/?p=3761"},"modified":"2026-08-26T22:14:38","modified_gmt":"2026-08-26T22:14:38","slug":"61-anos-sirviendo-en-las-fronteras-de-la-exclusion","status":"publish","type":"post","link":"https:\/\/www.feyalegria.org\/panama\/61-anos-sirviendo-en-las-fronteras-de-la-exclusion\/","title":{"rendered":"61 a\u00f1os sirviendo en las fronteras de la exclusi\u00f3n"},"content":{"rendered":"<div class=\"wpb-content-wrapper\" id=\"wpb-content-root\"><p>[vc_row][vc_column]<div style=\"background-color:;height: 30px\" class=\"nicdark_section  \"><\/div>[vc_column_text]<\/p>\n<h2>61 a\u00f1os sirviendo en las fronteras de la exclusi\u00f3n<\/h2>\n<p>[\/vc_column_text]<div style=\"background-color:;height: 30px\" class=\"nicdark_section  \"><\/div>[\/vc_column][\/vc_row][vc_row gap=\u00bb0px\u00bb css_animation=\u00bbnone\u00bb][vc_column width=\u00bb2\/3&#8243;][vc_column_text]<\/p>\n<p style=\"text-align: right;\"><strong>Por:<\/strong> El\u00edas Andr\u00e9s Cornejo R. &#8211; Oficina Nacional<\/p>\n<p>&nbsp;<\/p>\n<p>Cada 23 de julio se convierte en un d\u00eda de memoria y gratitud para Fe y Alegr\u00eda Panam\u00e1. Desde aquel lejano 1965 hasta este convulso 2026, celebramos la presencia viva de Dios en nuestra tierra.<\/p>\n<p>Son 61 a\u00f1os de caminar junto al pueblo paname\u00f1o, en silencio y sencillez, sembrando esperanza all\u00ed donde la exclusi\u00f3n levanta muros. El misterio de Fe y Alegr\u00eda No es un enigma intelectual ni una definici\u00f3n acad\u00e9mica. La pregunta \u201c\u00bfQu\u00e9 es Fe y Alegr\u00eda?\u201d no se responde con conceptos fr\u00edos: \u00bfun movimiento educativo?, \u00bfuna obra social?, \u00bfun proyecto ind\u00edgena?, \u00bfuna atenci\u00f3n a migrantes? Todo eso y m\u00e1s, pero nunca reducido a una f\u00f3rmula. Fe y Alegr\u00eda es misterio en clave ignaciana: la certeza de que Dios se hace presente, vivo y activo, oculto en la realidad de Panam\u00e1.<\/p>\n<p><strong>Dios en todo <\/strong><\/p>\n<p>M\u00e1s all\u00e1 de la formalidad escolar que se despliega en 23 pa\u00edses, en Panam\u00e1 la educaci\u00f3n de calidad se encarna en rostros, trabajos y naturaleza.<\/p>\n<ul>\n<li>En cada migrante acogido, protegido, promovido e integrado.<\/li>\n<li>En los procesos de interculturalidad en la comarca Ng\u00e4be-Bugl\u00e9.<\/li>\n<li>En los ni\u00f1os y adolescentes del programa Tejiendo Amaneceres.<\/li>\n<li>En las comunidades que aprenden a cuidar la casa com\u00fan.<\/li>\n<\/ul>\n<p>Dios se nos revela en todo, y todo se convierte en espacio educativo.<\/p>\n<p><strong>Tocar a Dios en cada persona <\/strong><\/p>\n<p>El misterio de Dios se descubre al mirar con dignidad al otro. Cada encuentro humano es un evangelio viviente: historias truncadas, alegr\u00edas compartidas, dolores acompa\u00f1ados. En ellos palpita la gracia que nos recuerda, como dijo el Papa Francisco, la alegr\u00eda del Evangelio. Fe y Alegr\u00eda Panam\u00e1 es la suma de esos encuentros que nos transforman y nos ense\u00f1an a reconocer la presencia divina en lo cotidiano.<\/p>\n<p><strong>En todo amar y educar<\/strong><\/p>\n<p>Contemplar a Dios en todo es asumir el servicio como memoria agradecida. Es ver las sonrisas de las madres cocinando, los abrazos de los ni\u00f1os al reencontrarse, la atenci\u00f3n silenciosa al maestro que explica. Es agradecer cada gesto, cada saludo, cada sonrisa como regalo profundo de Dios.<\/p>\n<p>Educar es todo, y todo es educar. Ese es el misterio de Fe y Alegr\u00eda: creer en la presencia de Dios en medio de nosotros, ser testigos de su palabra y constructores de puentes en las fronteras de la exclusi\u00f3n.<\/p>\n<p>Hoy celebramos 61 a\u00f1os de encender chispas de esperanza, avivar la fe y sostener la alegr\u00eda all\u00ed donde termina el asfalto.[\/vc_column_text][\/vc_column][vc_column width=\u00bb1\/3&#8243; css=\u00bb.vc_custom_1787778194944{padding-left: 20px !important;background-color: #e4e4e4 !important;border-radius: 10px !important;}\u00bb offset=\u00bbvc_col-xl-inherit vc_col-lg-inherit vc_col-md-4 vc_col-sm-inherit\u00bb][vc_single_image onclick=\u00bbimg_link_large\u00bb image=\u00bb3765&#8243; img_size=\u00bblarge\u00bb style=\u00bbvc_box_rounded\u00bb alignment=\u00bbcenter\u00bb][vc_widget_sidebar sidebar_id=\u00bbnicdark_sidebar\u00bb][vc_btn title=\u00bbM\u00e1s noticias\u00bb align=\u00bbcenter\u00bb style=\u00bbcustom\u00bb custom_background=\u00bb#aa0f16&#8243; custom_text=\u00bb#ffffff\u00bb link=\u00bburl:https%3A%2F%2Fwww.feyalegria.org%2Fpanama%2Fnoticias%2F|title:Noticias\u00bb][\/vc_column][\/vc_row]<\/p>\n<\/div>","protected":false},"excerpt":{"rendered":"<div style=\"height: 263px\">\n<p align=\"justify\">61 a\u00f1os de caminar junto al pueblo paname\u00f1o en las fronteras de la exclusi\u00f3n. M\u00e1s que una instituci\u00f3n, somos un movimiento vivo que busca encender chispas de esperanza, all\u00e1 donde termina el asfalto<\/p>\n<\/div>\n","protected":false},"author":76,"featured_media":3765,"comment_status":"closed","ping_status":"closed","sticky":false,"template":"","format":"standard","meta":{"_acf_changed":false,"rs_blank_template":"","rs_page_bg_color":"","slide_template_v7":"","footnotes":""},"categories":[183],"tags":[555,557,559,414,536,420,561,492],"post_folder":[],"class_list":["post-3761","post","type-post","status-publish","format-standard","has-post-thumbnail","hentry","category-noticias","tag-61-anos","tag-educacion-popular","tag-en-todo-amar-y-educar","tag-fe-y-alegria","tag-ninas-y-adolescentes","tag-panama","tag-promocion-social","tag-tejiendo-amaneceres"],"acf":[],"yoast_head":"<!-- This site is optimized with the Yoast SEO plugin v28.3 - https:\/\/yoast.com\/product\/yoast-seo-wordpress\/ -->\n<title>61 a\u00f1os sirviendo en las fronteras de la exclusi\u00f3n - #SomosFeyAlegria en Panam\u00e1 %<\/title>\n<meta name=\"description\" content=\"61 a\u00f1os de caminar junto al pueblo paname\u00f1o en las fronteras de la exclusi\u00f3n. M\u00e1s que una instituci\u00f3n, somos un movimiento vivo que busca encender chispas de esperanza, all\u00e1 donde termina el asfalto\" \/>\n<meta name=\"robots\" content=\"index, follow, max-snippet:-1, max-image-preview:large, max-video-preview:-1\" \/>\n<link rel=\"canonical\" href=\"https:\/\/www.feyalegria.org\/panama\/61-anos-sirviendo-en-las-fronteras-de-la-exclusion\/\" \/>\n<meta property=\"og:locale\" content=\"es_ES\" \/>\n<meta property=\"og:type\" content=\"article\" \/>\n<meta property=\"og:title\" content=\"61 a\u00f1os sirviendo en las fronteras de la exclusi\u00f3n - #SomosFeyAlegria en Panam\u00e1 %\" \/>\n<meta property=\"og:description\" content=\"61 a\u00f1os de caminar junto al pueblo paname\u00f1o en las fronteras de la exclusi\u00f3n. M\u00e1s que una instituci\u00f3n, somos un movimiento vivo que busca encender chispas de esperanza, all\u00e1 donde termina el asfalto\" \/>\n<meta property=\"og:url\" content=\"https:\/\/www.feyalegria.org\/panama\/61-anos-sirviendo-en-las-fronteras-de-la-exclusion\/\" \/>\n<meta property=\"og:site_name\" content=\"#SomosFeyAlegria en Panam\u00e1\" \/>\n<meta property=\"article:published_time\" content=\"2026-07-23T21:23:33+00:00\" \/>\n<meta property=\"article:modified_time\" content=\"2026-08-26T22:14:38+00:00\" \/>\n<meta property=\"og:image\" content=\"https:\/\/d3pugrm67vf9n7.cloudfront.net\/wp-content\/uploads\/sites\/24\/2026\/08\/26212917\/Flyer-61-anos-Fe-y-Alegria-Panama-682x1024.png\" \/>\n\t<meta property=\"og:image:width\" content=\"682\" \/>\n\t<meta property=\"og:image:height\" content=\"1024\" \/>\n\t<meta property=\"og:image:type\" content=\"image\/png\" \/>\n<meta name=\"author\" content=\"adminpa01\" \/>\n<meta name=\"twitter:card\" content=\"summary_large_image\" \/>\n<meta name=\"twitter:label1\" content=\"Escrito por\" \/>\n\t<meta name=\"twitter:data1\" content=\"adminpa01\" \/>\n\t<meta name=\"twitter:label2\" content=\"Tiempo de lectura\" \/>\n\t<meta name=\"twitter:data2\" content=\"3 minutos\" \/>\n<script type=\"application\/ld+json\" class=\"yoast-schema-graph\">{\"@context\":\"https:\\\/\\\/schema.org\",\"@graph\":[{\"@type\":\"Article\",\"@id\":\"https:\\\/\\\/www.feyalegria.org\\\/panama\\\/61-anos-sirviendo-en-las-fronteras-de-la-exclusion\\\/#article\",\"isPartOf\":{\"@id\":\"https:\\\/\\\/www.feyalegria.org\\\/panama\\\/61-anos-sirviendo-en-las-fronteras-de-la-exclusion\\\/\"},\"author\":{\"name\":\"adminpa01\",\"@id\":\"https:\\\/\\\/www.feyalegria.org\\\/panama\\\/#\\\/schema\\\/person\\\/abe1815c6baf9b135c44ee466d134e9e\"},\"headline\":\"61 a\u00f1os sirviendo en las fronteras de la exclusi\u00f3n\",\"datePublished\":\"2026-07-23T21:23:33+00:00\",\"dateModified\":\"2026-08-26T22:14:38+00:00\",\"mainEntityOfPage\":{\"@id\":\"https:\\\/\\\/www.feyalegria.org\\\/panama\\\/61-anos-sirviendo-en-las-fronteras-de-la-exclusion\\\/\"},\"wordCount\":579,\"image\":{\"@id\":\"https:\\\/\\\/www.feyalegria.org\\\/panama\\\/61-anos-sirviendo-en-las-fronteras-de-la-exclusion\\\/#primaryimage\"},\"thumbnailUrl\":\"https:\\\/\\\/d3pugrm67vf9n7.cloudfront.net\\\/wp-content\\\/uploads\\\/sites\\\/24\\\/2026\\\/08\\\/26212917\\\/Flyer-61-anos-Fe-y-Alegria-Panama.png\",\"keywords\":[\"61 a\u00f1os\",\"Educaci\u00f3n Popular\",\"En todo amar y educar\",\"Fe y Alegr\u00eda\",\"ni\u00f1as y adolescentes\",\"Panam\u00e1\",\"promoci\u00f3n social\",\"tejiendo amaneceres\"],\"articleSection\":[\"Noticias\"],\"inLanguage\":\"es\"},{\"@type\":\"WebPage\",\"@id\":\"https:\\\/\\\/www.feyalegria.org\\\/panama\\\/61-anos-sirviendo-en-las-fronteras-de-la-exclusion\\\/\",\"url\":\"https:\\\/\\\/www.feyalegria.org\\\/panama\\\/61-anos-sirviendo-en-las-fronteras-de-la-exclusion\\\/\",\"name\":\"61 a\u00f1os sirviendo en las fronteras de la exclusi\u00f3n - #SomosFeyAlegria en Panam\u00e1 %\",\"isPartOf\":{\"@id\":\"https:\\\/\\\/www.feyalegria.org\\\/panama\\\/#website\"},\"primaryImageOfPage\":{\"@id\":\"https:\\\/\\\/www.feyalegria.org\\\/panama\\\/61-anos-sirviendo-en-las-fronteras-de-la-exclusion\\\/#primaryimage\"},\"image\":{\"@id\":\"https:\\\/\\\/www.feyalegria.org\\\/panama\\\/61-anos-sirviendo-en-las-fronteras-de-la-exclusion\\\/#primaryimage\"},\"thumbnailUrl\":\"https:\\\/\\\/d3pugrm67vf9n7.cloudfront.net\\\/wp-content\\\/uploads\\\/sites\\\/24\\\/2026\\\/08\\\/26212917\\\/Flyer-61-anos-Fe-y-Alegria-Panama.png\",\"datePublished\":\"2026-07-23T21:23:33+00:00\",\"dateModified\":\"2026-08-26T22:14:38+00:00\",\"author\":{\"@id\":\"https:\\\/\\\/www.feyalegria.org\\\/panama\\\/#\\\/schema\\\/person\\\/abe1815c6baf9b135c44ee466d134e9e\"},\"description\":\"61 a\u00f1os de caminar junto al pueblo paname\u00f1o en las fronteras de la exclusi\u00f3n. M\u00e1s que una instituci\u00f3n, somos un movimiento vivo que busca encender chispas de esperanza, all\u00e1 donde termina el asfalto\",\"breadcrumb\":{\"@id\":\"https:\\\/\\\/www.feyalegria.org\\\/panama\\\/61-anos-sirviendo-en-las-fronteras-de-la-exclusion\\\/#breadcrumb\"},\"inLanguage\":\"es\",\"potentialAction\":[{\"@type\":\"ReadAction\",\"target\":[\"https:\\\/\\\/www.feyalegria.org\\\/panama\\\/61-anos-sirviendo-en-las-fronteras-de-la-exclusion\\\/\"]}]},{\"@type\":\"ImageObject\",\"inLanguage\":\"es\",\"@id\":\"https:\\\/\\\/www.feyalegria.org\\\/panama\\\/61-anos-sirviendo-en-las-fronteras-de-la-exclusion\\\/#primaryimage\",\"url\":\"https:\\\/\\\/d3pugrm67vf9n7.cloudfront.net\\\/wp-content\\\/uploads\\\/sites\\\/24\\\/2026\\\/08\\\/26212917\\\/Flyer-61-anos-Fe-y-Alegria-Panama.png\",\"contentUrl\":\"https:\\\/\\\/d3pugrm67vf9n7.cloudfront.net\\\/wp-content\\\/uploads\\\/sites\\\/24\\\/2026\\\/08\\\/26212917\\\/Flyer-61-anos-Fe-y-Alegria-Panama.png\",\"width\":842,\"height\":1264},{\"@type\":\"BreadcrumbList\",\"@id\":\"https:\\\/\\\/www.feyalegria.org\\\/panama\\\/61-anos-sirviendo-en-las-fronteras-de-la-exclusion\\\/#breadcrumb\",\"itemListElement\":[{\"@type\":\"ListItem\",\"position\":1,\"name\":\"Home\",\"item\":\"https:\\\/\\\/www.feyalegria.org\\\/panama\\\/\"},{\"@type\":\"ListItem\",\"position\":2,\"name\":\"61 a\u00f1os sirviendo en las fronteras de la exclusi\u00f3n\"}]},{\"@type\":\"WebSite\",\"@id\":\"https:\\\/\\\/www.feyalegria.org\\\/panama\\\/#website\",\"url\":\"https:\\\/\\\/www.feyalegria.org\\\/panama\\\/\",\"name\":\"#SomosFeyAlegria en Panam\u00e1\",\"description\":\"\",\"potentialAction\":[{\"@type\":\"SearchAction\",\"target\":{\"@type\":\"EntryPoint\",\"urlTemplate\":\"https:\\\/\\\/www.feyalegria.org\\\/panama\\\/?s={search_term_string}\"},\"query-input\":{\"@type\":\"PropertyValueSpecification\",\"valueRequired\":true,\"valueName\":\"search_term_string\"}}],\"inLanguage\":\"es\"},{\"@type\":\"Person\",\"@id\":\"https:\\\/\\\/www.feyalegria.org\\\/panama\\\/#\\\/schema\\\/person\\\/abe1815c6baf9b135c44ee466d134e9e\",\"name\":\"adminpa01\",\"url\":\"https:\\\/\\\/www.feyalegria.org\\\/panama\\\/author\\\/adminpa01\\\/\"}]}<\/script>\n<!-- \/ Yoast SEO plugin. -->","yoast_head_json":{"title":"61 a\u00f1os sirviendo en las fronteras de la exclusi\u00f3n - #SomosFeyAlegria en Panam\u00e1 %","description":"61 a\u00f1os de caminar junto al pueblo paname\u00f1o en las fronteras de la exclusi\u00f3n. M\u00e1s que una instituci\u00f3n, somos un movimiento vivo que busca encender chispas de esperanza, all\u00e1 donde termina el asfalto","robots":{"index":"index","follow":"follow","max-snippet":"max-snippet:-1","max-image-preview":"max-image-preview:large","max-video-preview":"max-video-preview:-1"},"canonical":"https:\/\/www.feyalegria.org\/panama\/61-anos-sirviendo-en-las-fronteras-de-la-exclusion\/","og_locale":"es_ES","og_type":"article","og_title":"61 a\u00f1os sirviendo en las fronteras de la exclusi\u00f3n - #SomosFeyAlegria en Panam\u00e1 %","og_description":"61 a\u00f1os de caminar junto al pueblo paname\u00f1o en las fronteras de la exclusi\u00f3n. M\u00e1s que una instituci\u00f3n, somos un movimiento vivo que busca encender chispas de esperanza, all\u00e1 donde termina el asfalto","og_url":"https:\/\/www.feyalegria.org\/panama\/61-anos-sirviendo-en-las-fronteras-de-la-exclusion\/","og_site_name":"#SomosFeyAlegria en Panam\u00e1","article_published_time":"2026-07-23T21:23:33+00:00","article_modified_time":"2026-08-26T22:14:38+00:00","og_image":[{"width":682,"height":1024,"url":"https:\/\/d3pugrm67vf9n7.cloudfront.net\/wp-content\/uploads\/sites\/24\/2026\/08\/26212917\/Flyer-61-anos-Fe-y-Alegria-Panama-682x1024.png","type":"image\/png"}],"author":"adminpa01","twitter_card":"summary_large_image","twitter_misc":{"Escrito por":"adminpa01","Tiempo de lectura":"3 minutos"},"schema":{"@context":"https:\/\/schema.org","@graph":[{"@type":"Article","@id":"https:\/\/www.feyalegria.org\/panama\/61-anos-sirviendo-en-las-fronteras-de-la-exclusion\/#article","isPartOf":{"@id":"https:\/\/www.feyalegria.org\/panama\/61-anos-sirviendo-en-las-fronteras-de-la-exclusion\/"},"author":{"name":"adminpa01","@id":"https:\/\/www.feyalegria.org\/panama\/#\/schema\/person\/abe1815c6baf9b135c44ee466d134e9e"},"headline":"61 a\u00f1os sirviendo en las fronteras de la exclusi\u00f3n","datePublished":"2026-07-23T21:23:33+00:00","dateModified":"2026-08-26T22:14:38+00:00","mainEntityOfPage":{"@id":"https:\/\/www.feyalegria.org\/panama\/61-anos-sirviendo-en-las-fronteras-de-la-exclusion\/"},"wordCount":579,"image":{"@id":"https:\/\/www.feyalegria.org\/panama\/61-anos-sirviendo-en-las-fronteras-de-la-exclusion\/#primaryimage"},"thumbnailUrl":"https:\/\/d3pugrm67vf9n7.cloudfront.net\/wp-content\/uploads\/sites\/24\/2026\/08\/26212917\/Flyer-61-anos-Fe-y-Alegria-Panama.png","keywords":["61 a\u00f1os","Educaci\u00f3n Popular","En todo amar y educar","Fe y Alegr\u00eda","ni\u00f1as y adolescentes","Panam\u00e1","promoci\u00f3n social","tejiendo amaneceres"],"articleSection":["Noticias"],"inLanguage":"es"},{"@type":"WebPage","@id":"https:\/\/www.feyalegria.org\/panama\/61-anos-sirviendo-en-las-fronteras-de-la-exclusion\/","url":"https:\/\/www.feyalegria.org\/panama\/61-anos-sirviendo-en-las-fronteras-de-la-exclusion\/","name":"61 a\u00f1os sirviendo en las fronteras de la exclusi\u00f3n - #SomosFeyAlegria en Panam\u00e1 %","isPartOf":{"@id":"https:\/\/www.feyalegria.org\/panama\/#website"},"primaryImageOfPage":{"@id":"https:\/\/www.feyalegria.org\/panama\/61-anos-sirviendo-en-las-fronteras-de-la-exclusion\/#primaryimage"},"image":{"@id":"https:\/\/www.feyalegria.org\/panama\/61-anos-sirviendo-en-las-fronteras-de-la-exclusion\/#primaryimage"},"thumbnailUrl":"https:\/\/d3pugrm67vf9n7.cloudfront.net\/wp-content\/uploads\/sites\/24\/2026\/08\/26212917\/Flyer-61-anos-Fe-y-Alegria-Panama.png","datePublished":"2026-07-23T21:23:33+00:00","dateModified":"2026-08-26T22:14:38+00:00","author":{"@id":"https:\/\/www.feyalegria.org\/panama\/#\/schema\/person\/abe1815c6baf9b135c44ee466d134e9e"},"description":"61 a\u00f1os de caminar junto al pueblo paname\u00f1o en las fronteras de la exclusi\u00f3n. M\u00e1s que una instituci\u00f3n, somos un movimiento vivo que busca encender chispas de esperanza, all\u00e1 donde termina el asfalto","breadcrumb":{"@id":"https:\/\/www.feyalegria.org\/panama\/61-anos-sirviendo-en-las-fronteras-de-la-exclusion\/#breadcrumb"},"inLanguage":"es","potentialAction":[{"@type":"ReadAction","target":["https:\/\/www.feyalegria.org\/panama\/61-anos-sirviendo-en-las-fronteras-de-la-exclusion\/"]}]},{"@type":"ImageObject","inLanguage":"es","@id":"https:\/\/www.feyalegria.org\/panama\/61-anos-sirviendo-en-las-fronteras-de-la-exclusion\/#primaryimage","url":"https:\/\/d3pugrm67vf9n7.cloudfront.net\/wp-content\/uploads\/sites\/24\/2026\/08\/26212917\/Flyer-61-anos-Fe-y-Alegria-Panama.png","contentUrl":"https:\/\/d3pugrm67vf9n7.cloudfront.net\/wp-content\/uploads\/sites\/24\/2026\/08\/26212917\/Flyer-61-anos-Fe-y-Alegria-Panama.png","width":842,"height":1264},{"@type":"BreadcrumbList","@id":"https:\/\/www.feyalegria.org\/panama\/61-anos-sirviendo-en-las-fronteras-de-la-exclusion\/#breadcrumb","itemListElement":[{"@type":"ListItem","position":1,"name":"Home","item":"https:\/\/www.feyalegria.org\/panama\/"},{"@type":"ListItem","position":2,"name":"61 a\u00f1os sirviendo en las fronteras de la exclusi\u00f3n"}]},{"@type":"WebSite","@id":"https:\/\/www.feyalegria.org\/panama\/#website","url":"https:\/\/www.feyalegria.org\/panama\/","name":"#SomosFeyAlegria en Panam\u00e1","description":"","potentialAction":[{"@type":"SearchAction","target":{"@type":"EntryPoint","urlTemplate":"https:\/\/www.feyalegria.org\/panama\/?s={search_term_string}"},"query-input":{"@type":"PropertyValueSpecification","valueRequired":true,"valueName":"search_term_string"}}],"inLanguage":"es"},{"@type":"Person","@id":"https:\/\/www.feyalegria.org\/panama\/#\/schema\/person\/abe1815c6baf9b135c44ee466d134e9e","name":"adminpa01","url":"https:\/\/www.feyalegria.org\/panama\/author\/adminpa01\/"}]}},"_links":{"self":[{"href":"https:\/\/www.feyalegria.org\/panama\/wp-json\/wp\/v2\/posts\/3761","targetHints":{"allow":["GET"]}}],"collection":[{"href":"https:\/\/www.feyalegria.org\/panama\/wp-json\/wp\/v2\/posts"}],"about":[{"href":"https:\/\/www.feyalegria.org\/panama\/wp-json\/wp\/v2\/types\/post"}],"author":[{"embeddable":true,"href":"https:\/\/www.feyalegria.org\/panama\/wp-json\/wp\/v2\/users\/76"}],"replies":[{"embeddable":true,"href":"https:\/\/www.feyalegria.org\/panama\/wp-json\/wp\/v2\/comments?post=3761"}],"version-history":[{"count":11,"href":"https:\/\/www.feyalegria.org\/panama\/wp-json\/wp\/v2\/posts\/3761\/revisions"}],"predecessor-version":[{"id":3779,"href":"https:\/\/www.feyalegria.org\/panama\/wp-json\/wp\/v2\/posts\/3761\/revisions\/3779"}],"wp:featuredmedia":[{"embeddable":true,"href":"https:\/\/www.feyalegria.org\/panama\/wp-json\/wp\/v2\/media\/3765"}],"wp:attachment":[{"href":"https:\/\/www.feyalegria.org\/panama\/wp-json\/wp\/v2\/media?parent=3761"}],"wp:term":[{"taxonomy":"category","embeddable":true,"href":"https:\/\/www.feyalegria.org\/panama\/wp-json\/wp\/v2\/categories?post=3761"},{"taxonomy":"post_tag","embeddable":true,"href":"https:\/\/www.feyalegria.org\/panama\/wp-json\/wp\/v2\/tags?post=3761"},{"taxonomy":"post_folder","embeddable":true,"href":"https:\/\/www.feyalegria.org\/panama\/wp-json\/wp\/v2\/post_folder?post=3761"}],"curies":[{"name":"wp","href":"https:\/\/api.w.org\/{rel}","templated":true}]}}